{"id":2395,"date":"2025-02-20T09:26:11","date_gmt":"2025-02-20T08:26:11","guid":{"rendered":"https:\/\/expoflamenco.com\/revistanew\/rocio-garrido-estrena-en-el-festival-de-jerez-su-nuevo-espectaculo-de-vidas\/"},"modified":"2025-02-20T09:26:11","modified_gmt":"2025-02-20T08:26:11","slug":"rocio-garrido-estrena-en-el-festival-de-jerez-su-nuevo-espectaculo-de-vidas","status":"publish","type":"post","link":"https:\/\/expoflamenco.com\/revista\/rocio-garrido-estrena-en-el-festival-de-jerez-su-nuevo-espectaculo-de-vidas\/","title":{"rendered":"Roc\u00edo Garrido estrena en el Festival de Jerez su nuevo espect\u00e1culo, \u2018De Vidas\u2019","gt_translate_keys":[{"key":"rendered","format":"text"}]},"content":{"rendered":"<p>El <a href=\"https:\/\/www.festivaldejerez.es\/\" target=\"_blank\" rel=\"noopener\">XXIX Festival de Jerez<\/a>, que este a\u00f1o centra su mirada en el relevo generacional y la transmisi\u00f3n del arte flamenco de maestros a disc\u00edpulos, acoge eldomingo 23 de febrero el estreno absoluto de<strong><em>De Vidas<\/em><\/strong>, el nuevo espect\u00e1culo de la bailaora <strong>Roc\u00edo Garrido<\/strong>. Bajo la direcci\u00f3n art\u00edstica y coreograf\u00eda de <strong>Eva Yerbabuena<\/strong>, la propuesta refleja a la perfecci\u00f3n la esencia de esta edici\u00f3n del festival, consolidando a Garrido como una de las grandes promesas del flamenco actual. Las entradas pueden adquirirse en la p\u00e1gina del propio <a href=\"https:\/\/www.festivaldejerez.es\/espectaculos\/rocio-garrido-jerez\/\">festival<\/a>.<\/p>\n<p>El <strong>Festival de Jerez<\/strong>, reconocido como una de las grandes citas internacionales del flamenco, destaca este a\u00f1o por su compromiso con la continuidad y la evoluci\u00f3n del arte jondo, poniendo el acento en la relaci\u00f3n entre maestros y disc\u00edpulos. En este contexto, el estreno absoluto de <em>De Vidas<\/em> se alinea con la premisa del festival, ejemplificando c\u00f3mo las nuevas generaciones recogen el legado de grandes figuras como Eva Yerbabuena, aportando su propia visi\u00f3n y personalidad al arte flamenco.<\/p>\n<p>\u201cEste proyecto me mueve profundamente y me ilusiona como pocos. Lo afronto desde la bailaora que soy hoy, con el bagaje de lo vivido, pero tambi\u00e9n con la humildad de seguir aprendiendo\u201d, explica Roc\u00edo Garrido. Para ella, <em>De Vidas<\/em> es un di\u00e1logo entre lo heredado y lo que queda por descubrir, una pieza que refleja la evoluci\u00f3n del flamenco a trav\u00e9s de las generaciones.<\/p>\n<p>&nbsp;<\/p>\n<blockquote><p><em>\u00abEl estreno de &#8216;De Vidas&#8217; el 23 de febrero en el Teatro Villamarta se suma a la programaci\u00f3n de una edici\u00f3n que busca reafirmar el valor del relevo generacional en el flamenco. El Festival de Jerez impulsa a las nuevas generaciones, promoviendo una conversaci\u00f3n art\u00edstica entre tradici\u00f3n y modernidad que garantiza la continuidad y la evoluci\u00f3n de este patrimonio universal\u00bb<\/em><\/p><\/blockquote>\n<p>&nbsp;<\/p>\n<h2><strong>La maestr\u00eda de Eva Yerbabuena y Rub\u00e9n Olmo<\/strong><\/h2>\n<p>El espect\u00e1culo cuenta con la direcci\u00f3n art\u00edstica y coreograf\u00eda de Eva Yerbabuena, una de las figuras m\u00e1s destacadas del flamenco contempor\u00e1neo, reconocida con el Premio Nacional de Danza y la Medalla de Oro al M\u00e9rito en las Bellas Artes. Asimismo, <strong>Rub\u00e9n Olmo<\/strong>, director del <strong>Ballet Nacional de Espa\u00f1a<\/strong>, colabora en la coreograf\u00eda de uno de los n\u00fameros (<em>Visionarias<\/em>), a\u00f1adiendo nuevas capas de riqueza y profundidad a esta propuesta.<\/p>\n<p>Yerbabuena define el alma de la obra como \u201cun viaje emocional que parte del dar sin esperar, del compartir para evolucionar y del vivir para transformarse. Es una reflexi\u00f3n sobre c\u00f3mo las <strong>experiencias<\/strong> nos moldean y nos permiten avanzar\u201d.<\/p>\n<p>El estreno absoluto de <em>De Vidas<\/em> re\u00fane a un elenco de destacados artistas que acompa\u00f1an a Roc\u00edo Garrido: <strong>David Caro<\/strong>, encargado de la direcci\u00f3n musical y la guitarra; los cantaores <strong>Pepe de Pura<\/strong> y <strong>Esperanza Garrido<\/strong>; el percusionista <strong>Manuel Mu\u00f1oz \u2018P\u00e1jaro\u2019<\/strong>; y el baile y las palmas de <strong>Jos\u00e9 Manuel Ramos \u2018Oruco\u2019<\/strong>. Este equipo, junto al respaldo de la Junta de Andaluc\u00eda en producci\u00f3n, da forma a una obra que marcar\u00e1 un hito en la carrera de la bailaora.<\/p>\n<p>&nbsp;<\/p>\n<h2><strong>Roc\u00edo Garrido, una carrera en ascenso<\/strong><\/h2>\n<p>Ganadora del Premio Desplante en el Festival Internacional del Cante de las Minas 2023, Roc\u00edo Garrido ha recorrido los escenarios m\u00e1s importantes del flamenco nacional e internacional, compartiendo cartel con figuras como <strong>Antonio Canales<\/strong>, <strong>Estrella Morente<\/strong> o <strong>Vicente Amigo<\/strong>. Adem\u00e1s, desde 2017 dirige la <strong>Escuela de Flamenco Roc\u00edo Garrido<\/strong> y es fundadora del <strong>Tablao La Joya<\/strong>.<\/p>\n<p>Con <em>De Vidas<\/em>, que se suma a espect\u00e1culos anteriores como <em>No es lo que soy, es lo que siento<\/em> y <em>De tus alas, mi ra\u00edz<\/em>, Garrido confirma su posici\u00f3n como una de las bailaoras m\u00e1s prometedoras de su generaci\u00f3n.<\/p>\n<p>El estreno de <em>De Vidas<\/em> el <strong>23 de febrero<\/strong> en el <strong>Teatro Villamarta<\/strong> se suma a la programaci\u00f3n de una edici\u00f3n que busca reafirmar el valor del relevo generacional en el flamenco. A\u00f1o tras a\u00f1o, el Festival de Jerez no solo celebra a las grandes figuras del arte jondo, sino que impulsa a las nuevas generaciones, promoviendo una conversaci\u00f3n art\u00edstica entre tradici\u00f3n y modernidad que garantiza la continuidad y la evoluci\u00f3n de este patrimonio universal.<\/p>\n<p>&nbsp;<\/p>\n","protected":false,"gt_translate_keys":[{"key":"rendered","format":"html"}]},"excerpt":{"rendered":"<p>La propuesta de la bailaora cuenta con la direcci\u00f3n art\u00edstica y coreograf\u00eda de Eva Yerbabuena. Su estreno absoluto es el domingo 23 de febrero. La obra refleja la evoluci\u00f3n del flamenco a trav\u00e9s de distintas generaciones.<\/p>\n","protected":false,"gt_translate_keys":[{"key":"rendered","format":"html"}]},"author":5,"featured_media":2396,"comment_status":"open","ping_status":"open","sticky":false,"template":"","format":"standard","meta":{"_acf_changed":false,"pmpro_default_level":"","jnews-multi-image_gallery":[],"jnews_single_post":{"format":"standard","override":[{"template":"2","parallax":"1","fullscreen":"1","layout":"right-sidebar","sidebar":"default-sidebar","second_sidebar":"default-sidebar","sticky_sidebar":"1","share_position":"bottom","share_float_style":"share-monocrhome","show_share_counter":"1","show_view_counter":"1","show_featured":"1","show_post_meta":"1","show_post_author":"1","show_post_author_image":"1","show_post_date":"1","post_date_format":"default","post_date_format_custom":"Y\/m\/d","show_post_reading_time":"1","post_reading_time_wpm":"250","post_calculate_word_method":"str_word_count","show_zoom_button":"1","zoom_button_out_step":"2","zoom_button_in_step":"3","show_post_tag":"1","show_popup_post":"1","number_popup_post":"1","show_author_box":"1","show_post_related":"1","show_inline_post_related":"1"}],"image_override":[{"single_post_thumbnail_size":"no-crop","single_post_gallery_size":"crop-500"}],"trending_post_position":"meta","trending_post_label":"Trending","sponsored_post_label":"Sponsored by","disable_ad":"0","subtitle":"La propuesta de la bailaora cuenta con la direcci\u00f3n art\u00edstica y coreograf\u00eda de Eva Yerbabuena. Su estreno absoluto es el domingo 23 de febrero. La obra refleja la evoluci\u00f3n del flamenco a trav\u00e9s de distintas generaciones."},"jnews_primary_category":{"id":"4226"},"jnews_override_bookmark_settings":{"override_bookmark_button":"0","override_show_bookmark_button":"0"},"jnews_social_meta":[],"jnews_review":[],"enable_review":"","type":"percentage","name":"","summary":"","brand":"","sku":"","good":[],"bad":[],"score_override":"","override_value":"","rating":[],"price":[],"jnews_override_counter":{"view_counter_number":"0","share_counter_number":"0","like_counter_number":"0","dislike_counter_number":"0"},"footnotes":""},"categories":[37,38,1888],"tags":[294,602,2131,1596,2132],"class_list":["post-2395","post","type-post","status-publish","format-standard","has-post-thumbnail","hentry","category-actualidad","category-en-portada","category-jerez-2025","tag-festival-de-jerez","tag-bailaora","tag-de-vidas","tag-eva-yerbabuena","tag-rocio-garrido","pmpro-has-access"],"acf":[],"aioseo_notices":[],"gt_translate_keys":[{"key":"link","format":"url"}],"_links":{"self":[{"href":"https:\/\/expoflamenco.com\/revista\/wp-json\/wp\/v2\/posts\/2395","targetHints":{"allow":["GET"]}}],"collection":[{"href":"https:\/\/expoflamenco.com\/revista\/wp-json\/wp\/v2\/posts"}],"about":[{"href":"https:\/\/expoflamenco.com\/revista\/wp-json\/wp\/v2\/types\/post"}],"author":[{"embeddable":true,"href":"https:\/\/expoflamenco.com\/revista\/wp-json\/wp\/v2\/users\/5"}],"replies":[{"embeddable":true,"href":"https:\/\/expoflamenco.com\/revista\/wp-json\/wp\/v2\/comments?post=2395"}],"version-history":[{"count":0,"href":"https:\/\/expoflamenco.com\/revista\/wp-json\/wp\/v2\/posts\/2395\/revisions"}],"wp:featuredmedia":[{"embeddable":true,"href":"https:\/\/expoflamenco.com\/revista\/wp-json\/wp\/v2\/media\/2396"}],"wp:attachment":[{"href":"https:\/\/expoflamenco.com\/revista\/wp-json\/wp\/v2\/media?parent=2395"}],"wp:term":[{"taxonomy":"category","embeddable":true,"href":"https:\/\/expoflamenco.com\/revista\/wp-json\/wp\/v2\/categories?post=2395"},{"taxonomy":"post_tag","embeddable":true,"href":"https:\/\/expoflamenco.com\/revista\/wp-json\/wp\/v2\/tags?post=2395"}],"curies":[{"name":"wp","href":"https:\/\/api.w.org\/{rel}","templated":true}]}}