{"id":2283,"date":"2025-01-27T12:27:24","date_gmt":"2025-01-27T11:27:24","guid":{"rendered":"https:\/\/expoflamenco.com\/revistanew\/homenaje-a-porrina-en-lisboa\/"},"modified":"2025-01-27T12:27:24","modified_gmt":"2025-01-27T11:27:24","slug":"homenaje-a-porrina-en-lisboa","status":"publish","type":"post","link":"https:\/\/expoflamenco.com\/revista\/homenaje-a-porrina-en-lisboa\/","title":{"rendered":"Homenaje a Porrina en Lisboa","gt_translate_keys":[{"key":"rendered","format":"text"}]},"content":{"rendered":"<p>El 13 de enero de 1924 naci\u00f3 en Zalamea de la Serena (Badajoz) <strong>Jos\u00e9 Salazar Molina<\/strong>, m\u00e1s conocido como <strong>Porrina<\/strong>. Un cantaor flamenco que dej\u00f3 una huella imborrable y que ahora recibe un homenaje en Lisboa para culminar la celebraci\u00f3n del centenario de su nacimiento.<\/p>\n<p>La capital portuguesa acoge un espect\u00e1culo titulado <strong><em>Duendear<\/em><\/strong> en la <strong>Sala de \u00c1mbito Cultural de El Corte Ingl\u00e9s<\/strong> que fusiona el fado con el flamenco en honor a Porrina de Bajadoz. La cita es el martes 28 de enero a partir de las 18:30 horas con entrada libre previa invitaci\u00f3n. Un acto al que acudir\u00e1 el embajador de Espa\u00f1a en Portugal Juan Fern\u00e1ndez.<\/p>\n<p>El concierto cuenta con el apoyo de la <strong>Diputaci\u00f3n de Badajoz<\/strong> y ha sido presentado por el diputado de Cultura, Deportes y Juventud, <strong>Ricardo Cabezas<\/strong>, acompa\u00f1ado por <strong>Juan y Miguel Vargas<\/strong>, familiares del cantaor. Seg\u00fan se ha explicado, este evento reflejar\u00e1 la vinculaci\u00f3n de Porrina con <strong>Am\u00e1lia Rodrigues<\/strong> y, a su vez, la riqueza conjunta del flamenco y los fados.<\/p>\n<p>Adem\u00e1s, contar\u00e1 con la participaci\u00f3n de fadistas de la <strong>Asociaci\u00f3n Cultural Plateia Eloquente<\/strong>, con la que trabaja la fundaci\u00f3n que lleva el nombre de la cantante y actriz portuguesa.<\/p>\n<p>\u201cY quienes mejor pod\u00edan representar el arte flamenco de nuestra provincia y la herencia que dej\u00f3 en su d\u00eda Porrina son los miembros de la familia Vargas, ya que ellos ser\u00e1n el grupo flamenco que pondr\u00e1 la guitarra espa\u00f1ola y el cante\u201d, a\u00f1adi\u00f3 el diputado.<\/p>\n<p>El debut de Porrina se produjo en septiembre 1935, con tan solo once a\u00f1os, en la Plaza de toros de Badajoz. Fue presentado como El soberano artista del fandanguillo. Su importancia para el flamenco extreme\u00f1o fue may\u00fascula, ya que fue \u00e9l el que dio a conocer los jaleos y tangos, cantes aut\u00f3ctonos. Fue el primero en grabarlos entre 1953 y 1956.<\/p>\n<p>Contempor\u00e1neo de <strong>Valderrama, Marchena, La Paquera, Fernando Terremoto o Fosforito<\/strong>, era uno de los artistas m\u00e1s admirados por <strong>Camar\u00f3n<\/strong>, que cuando conoci\u00f3 al extreme\u00f1o era muy joven.<\/p>\n<p>\u00abEs una primera figura por sus condiciones excepcionales. La primera la voz, muy musical, con tremenda velocidad, afinaci\u00f3n casi perfecta y mezcla de altos y bajos. Adem\u00e1s ten\u00eda melod\u00eda y musicalidad, algo que no tienen todos los gitanos y que lo hizo accesible a todo el mundo. Luego su inteligencia natural e intuici\u00f3n como artista lo situ\u00f3 en la vanguardia y fue un adelantado a su tiempo. Se puede decir que ten\u00eda voz, cabeza y coraz\u00f3n por su capacidad de transmitir. Era un heterodoxo cuando algunos aficionados lo que valoraban era la ortodoxia del mairenismo\u00bb, lo describ\u00eda as\u00ed el flamenc\u00f3logo <strong>Paco Zambrano<\/strong>, autor de <em>Vida y obra de Porrina de Badajoz<\/em> (ed. Diputaci\u00f3n de Badajoz).<\/p>\n<p>&nbsp;<\/p>\n","protected":false,"gt_translate_keys":[{"key":"rendered","format":"html"}]},"excerpt":{"rendered":"<p>El centenario del nacimiento del cantaor Porrina culmina con un homenaje de flamenco y fado en la capital de Portugal.<\/p>\n","protected":false,"gt_translate_keys":[{"key":"rendered","format":"html"}]},"author":5,"featured_media":2284,"comment_status":"open","ping_status":"open","sticky":false,"template":"","format":"standard","meta":{"_acf_changed":false,"pmpro_default_level":"","jnews-multi-image_gallery":[],"jnews_single_post":{"format":"standard","override":[{"template":"2","parallax":"1","fullscreen":"1","layout":"right-sidebar","sidebar":"default-sidebar","second_sidebar":"default-sidebar","sticky_sidebar":"1","share_position":"bottom","share_float_style":"share-monocrhome","show_share_counter":"1","show_view_counter":"1","show_featured":"1","show_post_meta":"1","show_post_author":"1","show_post_author_image":"1","show_post_date":"1","post_date_format":"default","post_date_format_custom":"Y\/m\/d","show_post_reading_time":"1","post_reading_time_wpm":"250","post_calculate_word_method":"str_word_count","show_zoom_button":"1","zoom_button_out_step":"2","zoom_button_in_step":"3","show_post_tag":"1","show_popup_post":"1","number_popup_post":"1","show_author_box":"1","show_post_related":"1","show_inline_post_related":"1"}],"image_override":[{"single_post_thumbnail_size":"no-crop","single_post_gallery_size":"crop-500"}],"trending_post_position":"meta","trending_post_label":"Trending","sponsored_post_label":"Sponsored by","disable_ad":"0","subtitle":"El centenario del nacimiento del cantaor Porrina culmina con un homenaje de flamenco y fado en la capital de Portugal."},"jnews_primary_category":{"id":"44"},"jnews_override_bookmark_settings":{"override_bookmark_button":"0","override_show_bookmark_button":"0"},"jnews_social_meta":[],"jnews_review":[],"enable_review":"","type":"percentage","name":"","summary":"","brand":"","sku":"","good":[],"bad":[],"score_override":"","override_value":"","rating":[],"price":[],"jnews_override_counter":{"view_counter_number":"0","share_counter_number":"0","like_counter_number":"0","dislike_counter_number":"0"},"footnotes":""},"categories":[47],"tags":[2035,261,2036],"class_list":["post-2283","post","type-post","status-publish","format-standard","has-post-thumbnail","hentry","category-internacional","tag-homenaje-lisboa","tag-jose-salazar-molina","tag-porrina","pmpro-has-access"],"acf":[],"aioseo_notices":[],"gt_translate_keys":[{"key":"link","format":"url"}],"_links":{"self":[{"href":"https:\/\/expoflamenco.com\/revista\/wp-json\/wp\/v2\/posts\/2283","targetHints":{"allow":["GET"]}}],"collection":[{"href":"https:\/\/expoflamenco.com\/revista\/wp-json\/wp\/v2\/posts"}],"about":[{"href":"https:\/\/expoflamenco.com\/revista\/wp-json\/wp\/v2\/types\/post"}],"author":[{"embeddable":true,"href":"https:\/\/expoflamenco.com\/revista\/wp-json\/wp\/v2\/users\/5"}],"replies":[{"embeddable":true,"href":"https:\/\/expoflamenco.com\/revista\/wp-json\/wp\/v2\/comments?post=2283"}],"version-history":[{"count":0,"href":"https:\/\/expoflamenco.com\/revista\/wp-json\/wp\/v2\/posts\/2283\/revisions"}],"wp:featuredmedia":[{"embeddable":true,"href":"https:\/\/expoflamenco.com\/revista\/wp-json\/wp\/v2\/media\/2284"}],"wp:attachment":[{"href":"https:\/\/expoflamenco.com\/revista\/wp-json\/wp\/v2\/media?parent=2283"}],"wp:term":[{"taxonomy":"category","embeddable":true,"href":"https:\/\/expoflamenco.com\/revista\/wp-json\/wp\/v2\/categories?post=2283"},{"taxonomy":"post_tag","embeddable":true,"href":"https:\/\/expoflamenco.com\/revista\/wp-json\/wp\/v2\/tags?post=2283"}],"curies":[{"name":"wp","href":"https:\/\/api.w.org\/{rel}","templated":true}]}}