{"id":2155,"date":"2024-11-11T10:33:15","date_gmt":"2024-11-11T09:33:15","guid":{"rendered":"https:\/\/expoflamenco.com\/revistanew\/requiem-por-el-maestro-pepe-justicia\/"},"modified":"2024-11-11T10:33:15","modified_gmt":"2024-11-11T09:33:15","slug":"requiem-por-el-maestro-pepe-justicia","status":"publish","type":"post","link":"https:\/\/expoflamenco.com\/revista\/requiem-por-el-maestro-pepe-justicia\/","title":{"rendered":"R\u00e9quiem por el maestro Pepe Justicia","gt_translate_keys":[{"key":"rendered","format":"text"}]},"content":{"rendered":"<p class=\"p1\">Naci\u00f3 el d\u00eda de su santo de 1960 y se nos fue el s\u00e1bado 9 de noviembre de repente, cuando contaba 64, esa preciosa edad de plata a la que cant\u00f3 <strong>McCartney<\/strong>.<\/p>\n<p class=\"p1\">Enamorado de la guitarra desde que su padre le puso los primeros acordes siendo muy ni\u00f1o, a ella se dedic\u00f3 en cuerpo y alma y, siendo andaluz, escogi\u00f3 la m\u00e1s exquisita de todas, la flamenca.<\/p>\n<p class=\"p1\">Creci\u00f3 escuchando a los grandes, de <strong>Montoya<\/strong> a <strong>Sabicas<\/strong>, de Paco a Manolo y nunca le hizo ascos a otros g\u00e9neros adyacentes, supo beber el agua bendita de todas las m\u00fasicas que le inquietaban y absorber para su arte los mil y un recursos est\u00e9ticos que proporcionan. Consciente del enriquecimiento que supone acercarse al jazz, a la m\u00fasica cl\u00e1sica, a las m\u00fasicas de todo el mundo. M\u00e1s all\u00e1 de confusiones opt\u00f3 por ser un guitarrista completo y lo logr\u00f3 empap\u00e1ndose de la m\u00fasica de su tiempo, aunque siempre desde el flamenco.<\/p>\n<p class=\"p1\">Pocos saben que <strong>Pepe Justicia<\/strong> form\u00f3 parte del selecto grupo de guitarristas que se reun\u00edan en los ochenta en un peque\u00f1o local de la calle Olivar esquina Olmo, en el m\u00e1s que castizo barrio madrile\u00f1o de Lavapi\u00e9s, el m\u00edtico <strong>Candela<\/strong> de <strong>Miguel Aguilera<\/strong>, del que formaba parte entre otros muchos <strong>Gerardo N\u00fa\u00f1ez<\/strong>. Cuentan que en aquellos primeros a\u00f1os del m\u00edtico local, templo de la movida flamenca de Madrid, las fundas de las guitarras se amontonaban en la larga barra que ocupaba el ala izquierda seg\u00fan entrabas.<\/p>\n<p class=\"p1\">Desde muy pronto se esforz\u00f3 en aprender a leer y escribir m\u00fasica, lo que abri\u00f3 sus posibilidades de afrontar otros g\u00e9neros consciente de que el conocimiento la pasi\u00f3n no quita, pudiendo codearse as\u00ed con la obra de <strong>Fernando Sor, Isaac Alb\u00e9niz, Francisco T\u00e1rrega, Dionisio Aguado<\/strong>, con lo que ello implica para la labor creativa e interpretativa de un guitarrista.<\/p>\n<p>&nbsp;<\/p>\n<blockquote><p><em>\u00abTrabaj\u00f3 con grandes como Chocolate, Manolo Sanl\u00facar, Gerardo N\u00fa\u00f1ez, Rancapino, Turronero, Enrique Morente, El Capullo de Jerez, Chano Lobato, Felipe Campuzano o Joaqu\u00edn Grilo, y entre sus muchos conciertos por todo el mundo destacamos el realizado junto a la Filarm\u00f3nica de Baden-Baden, con la interpretaci\u00f3n del Concierto de Aranjuez\u00bb<\/em><\/p><\/blockquote>\n<p>&nbsp;<\/p>\n<p class=\"p1\">Conoc\u00ed a Pepe en Friburgo en los noventa en unas jornadas de flamenco junto a un jovenc\u00edsimo <strong>Amir<\/strong>, que ya entonces apuntaba magistrales maneras. Ten\u00eda vocaci\u00f3n de concertista, aunque tambi\u00e9n acompa\u00f1\u00f3 el cante y el baile, bachillerato obligado de todo guitarrista flamenco que se precie de serlo. Pero a Pepe le tiraba la guitarra solista y nos ha legado una nada desde\u00f1able obra discogr\u00e1fica que inicia en 1987 con <strong><i>Xaueny<\/i><\/strong>, y que continu\u00f3 con <strong><i>Azules<\/i><\/strong> (1992),<span class=\"Apple-converted-space\">\u00a0<\/span><strong><i>Dunas<\/i><\/strong>\u00a0(1995), <strong><i>Poes\u00eda para seis cuerdas<\/i><\/strong> (2001), inspirado en la obra de su admirado <strong>Jos\u00e9 Luis Balao<\/strong>, <strong><i>Solo agua<\/i><\/strong> (2002), <strong><i>Y tiempo<\/i><\/strong> (2003), <strong><i>Trece noches<\/i><\/strong> (2006), <strong><i>Deshojando margaritas<\/i><\/strong> (2016) y, junto a <strong>Susana Trujillo<\/strong>, <strong><i>Ahora<\/i><\/strong> (2021). Punto y aparte ser\u00e1 el homenaje flamenco que Pepe Justicia rindi\u00f3 a gran <strong>Johann Sebasti\u00e1n Bach<\/strong> con <strong><i>Goldberg en flamenco<\/i><\/strong> (2016), versiones jondas de quince de las inefables variaciones Goldberg del maestro de Eisenach.<\/p>\n<p class=\"p1\">Pepe ha ostentado la titularidad de guitarra flamenca en el Conservatorio Superior de Danza de M\u00e1laga Pepa Flores desde 2016 y entre otros reconocimientos destacan sendos premios nacionales de Guitarra Flamenca de la jerezana pe\u00f1a Los Cern\u00edcalos, en 1987 y 1999.<\/p>\n<p class=\"p1\">Trabaj\u00f3 con grandes como <strong>Chocolate, Manolo Sanl\u00facar, Gerardo N\u00fa\u00f1ez, Rancapino, Turronero, Enrique Morente, El Capullo de Jerez, Chano Lobato, Felipe Campuzano<\/strong> o <strong>Joaqu\u00edn Grilo<\/strong>, y entre sus muchos conciertos por todo el mundo destacamos el realizado junto a la Filarm\u00f3nica de Baden-Baden, con la interpretaci\u00f3n del Concierto de Aranjuez.<\/p>\n<p class=\"p1\">Descansa en paz, Pepe Justicia, maestro, amigo. Ya est\u00e1s junto a todos a los que tanto admiraste. Ya puedes disfrutar en paz al lado de los grandes maestros que, como t\u00fa, entregaron su vida entera a su pasi\u00f3n, la guitarra y el flamenco.<\/p>\n<p>&nbsp;<\/p>\n<p><a href=\"https:\/\/expoflamenco.com\/prensa\/wp-content\/uploads\/sites\/17\/2024\/11\/pepe-justicia-cd-goldberg-en-flamenco.jpg\" rel=\"attachment wp-att-70448\"><img fetchpriority=\"high\" decoding=\"async\" class=\"aligncenter size-full wp-image-70448\" src=\"https:\/\/expoflamenco.com\/prensa\/wp-content\/uploads\/sites\/17\/2024\/11\/pepe-justicia-cd-goldberg-en-flamenco.jpg\" alt=\"\" width=\"640\" height=\"640\" \/><\/a><\/p>\n","protected":false,"gt_translate_keys":[{"key":"rendered","format":"html"}]},"excerpt":{"rendered":"<p>Descansa en paz, Pepe Justicia, maestro, amigo. Ya est\u00e1s junto a todos a los que tanto admiraste. Ya puedes disfrutar en paz al lado de los grandes maestros que, como t\u00fa, entregaron su vida entera a su pasi\u00f3n, la guitarra y el flamenco.<\/p>\n","protected":false,"gt_translate_keys":[{"key":"rendered","format":"html"}]},"author":21,"featured_media":2156,"comment_status":"open","ping_status":"open","sticky":false,"template":"","format":"standard","meta":{"_acf_changed":false,"pmpro_default_level":"","jnews-multi-image_gallery":[],"jnews_single_post":{"format":"standard","override":[{"template":"2","parallax":"1","fullscreen":"1","layout":"right-sidebar","sidebar":"default-sidebar","second_sidebar":"default-sidebar","sticky_sidebar":"1","share_position":"bottom","share_float_style":"share-monocrhome","show_share_counter":"1","show_view_counter":"1","show_featured":"1","show_post_meta":"1","show_post_author":"1","show_post_author_image":"1","show_post_date":"1","post_date_format":"default","post_date_format_custom":"Y\/m\/d","show_post_reading_time":"1","post_reading_time_wpm":"250","post_calculate_word_method":"str_word_count","show_zoom_button":"1","zoom_button_out_step":"2","zoom_button_in_step":"3","show_post_tag":"1","show_prev_next_post":"1","show_popup_post":"1","number_popup_post":"1","show_author_box":"1","show_post_related":"1","show_inline_post_related":"1"}],"image_override":[{"single_post_thumbnail_size":"crop-500","single_post_gallery_size":"crop-500"}],"trending_post_position":"meta","trending_post_label":"Tendencias","sponsored_post_label":"Patrocinado por","disable_ad":"0","subtitle":"Descansa en paz, Pepe Justicia, maestro, amigo. Ya est\u00e1s junto a todos a los que tanto admiraste. Ya puedes disfrutar en paz al lado de los grandes maestros que, como t\u00fa, entregaron su vida entera a su pasi\u00f3n, la guitarra y el flamenco."},"jnews_primary_category":{"id":"256"},"jnews_override_bookmark_settings":{"override_bookmark_button":"0","override_show_bookmark_button":"0"},"jnews_social_meta":[],"jnews_review":[],"enable_review":"","type":"percentage","name":"","summary":"","brand":"","sku":"","good":[],"bad":[],"score_override":"","override_value":"","rating":[],"price":[],"jnews_override_counter":{"view_counter_number":"0","share_counter_number":"0","like_counter_number":"0","dislike_counter_number":"0"},"footnotes":""},"categories":[98,94],"tags":[213,100,1917],"class_list":["post-2155","post","type-post","status-publish","format-standard","has-post-thumbnail","hentry","category-a-cuerda-pela","category-firmas","tag-guitarrista","tag-muerte","tag-pepe-justicia","pmpro-has-access"],"acf":[],"aioseo_notices":[],"gt_translate_keys":[{"key":"link","format":"url"}],"_links":{"self":[{"href":"https:\/\/expoflamenco.com\/revista\/wp-json\/wp\/v2\/posts\/2155","targetHints":{"allow":["GET"]}}],"collection":[{"href":"https:\/\/expoflamenco.com\/revista\/wp-json\/wp\/v2\/posts"}],"about":[{"href":"https:\/\/expoflamenco.com\/revista\/wp-json\/wp\/v2\/types\/post"}],"author":[{"embeddable":true,"href":"https:\/\/expoflamenco.com\/revista\/wp-json\/wp\/v2\/users\/21"}],"replies":[{"embeddable":true,"href":"https:\/\/expoflamenco.com\/revista\/wp-json\/wp\/v2\/comments?post=2155"}],"version-history":[{"count":0,"href":"https:\/\/expoflamenco.com\/revista\/wp-json\/wp\/v2\/posts\/2155\/revisions"}],"wp:featuredmedia":[{"embeddable":true,"href":"https:\/\/expoflamenco.com\/revista\/wp-json\/wp\/v2\/media\/2156"}],"wp:attachment":[{"href":"https:\/\/expoflamenco.com\/revista\/wp-json\/wp\/v2\/media?parent=2155"}],"wp:term":[{"taxonomy":"category","embeddable":true,"href":"https:\/\/expoflamenco.com\/revista\/wp-json\/wp\/v2\/categories?post=2155"},{"taxonomy":"post_tag","embeddable":true,"href":"https:\/\/expoflamenco.com\/revista\/wp-json\/wp\/v2\/tags?post=2155"}],"curies":[{"name":"wp","href":"https:\/\/api.w.org\/{rel}","templated":true}]}}