{"id":2145,"date":"2024-11-12T20:08:06","date_gmt":"2024-11-12T19:08:06","guid":{"rendered":"https:\/\/expoflamenco.com\/revistanew\/culmino-la-leyenda-del-tiempo-festival-flamenco-de-umbrete\/"},"modified":"2024-11-12T20:08:06","modified_gmt":"2024-11-12T19:08:06","slug":"culmino-la-leyenda-del-tiempo-festival-flamenco-de-umbrete","status":"publish","type":"post","link":"https:\/\/expoflamenco.com\/revista\/culmino-la-leyenda-del-tiempo-festival-flamenco-de-umbrete\/","title":{"rendered":"Culmin\u00f3 \u2018La leyenda del tiempo\u2019, festival flamenco de Umbrete","gt_translate_keys":[{"key":"rendered","format":"text"}]},"content":{"rendered":"<p>Enmarcado en la segunda edici\u00f3n de FICTUM, <strong>Feria de la Innovaci\u00f3n, Cultura Local y Talento de Umbrete<\/strong>, del 7 al 9 de noviembre ha tenido lugar en esta localidad del Aljarafe sevillano el <strong>Festival Flamenco &#8216;La leyenda del tiempo&#8217;<\/strong> ocupando durante tres jornadas el entarimao del Teatro de la Villa del municipio.<\/p>\n<p>&nbsp;<\/p>\n<h2><strong>Miguel de Tena <\/strong><\/h2>\n<p>Abri\u00f3 el 7 de noviembre con el recital del pacense <strong>Miguel de Tena<\/strong>, acompa\u00f1ado a la guitarra por <strong>Antonio de Patrocinio<\/strong> hijo. A pesar de que el p\u00fablico fue escaso, se entregaron como si el grader\u00edo estuviera a rebosar. Calent\u00f3 Miguel su nuez rizando melismas en la petenera para meterse luego en la sole\u00e1, paseando predominantemente por variantes trianeras y alcalare\u00f1as y rematando valiente en un tributo a <strong>Fernanda de Utrera<\/strong>.<\/p>\n<p>Jug\u00f3 con el reloj en el bamboleo de los tangos ofreciendo un buen ramillete de melod\u00edas. La querencia obliga y no se olvid\u00f3 de los aires extreme\u00f1os. Luego demostr\u00f3 su dominio absoluto de la grana\u00edna. \u00ab\u00a1Vamos all\u00e1 los pianos de cola!\u00bb Jalearon desde el p\u00fablico ante el preludio extraordinario de la guitarra de Antonio, que llev\u00f3 en volandas al cantaor durante toda la noche. Y nada m\u00e1s en la sal\u00eda Miguel endi\u00f1\u00f3 un chorre\u00f3n de caricias acord\u00e1ndose de <strong>Vallejo<\/strong>. Bord\u00f3 el palo modulando su garganta como le dio la gana, con maestr\u00eda. Aliger\u00f3 el comp\u00e1s la sonanta en la media grana\u00edna, que arranc\u00f3 con justicia los primeros oles de cuajo.<\/p>\n<p>El soniquete por buler\u00edas desvel\u00f3 que en lo festero tambi\u00e9n puede mandar, recordando aqu\u00ed en sus hechuras, como en el resto del repertorio, a cantaores de otras \u00e9pocas donde triunfaban las voces la\u00ednas y dulces como la suya. Salpic\u00f3 de cambios tonales la amalgama de los doce tiempos en la que la baja\u00f1\u00ed de Antonio volvi\u00f3 a lucirse y robar ovaciones. Altern\u00f3 a mayores y menores por el m\u00e1stil. Con un gui\u00f1o a <strong>Mairena<\/strong> \u2013<em>era trianera y se llamaba Carmen<\/em>\u2013 brill\u00f3 en el cierre trenzando las cuerdas de su ga\u00f1ote.<\/p>\n<p>Se meti\u00f3 en el bolsillo al respetable al rendir honores a <strong>Pepe Pinto<\/strong> ligando en esos fandangos magistrales los tercios mecidos con sensibilidad, recordando los recitados de la <em>Noche de Reyes<\/em>, jalonado por pasajes de tangos. \u00a1Lo que se quiere a una madre!<\/p>\n<p>Pretendi\u00f3 conmover \u2013y lo hizo\u2013 con una tanda de fandangos que subyugaron la emoci\u00f3n de los presentes estruj\u00e1ndola hasta quedar compungida encerra\u00edta en los velos del coraz\u00f3n. El primero de <strong>El Pichichi<\/strong>, luego otro de Vallejo fuera del micro y unos cuantos m\u00e1s que terminaron de embelesar a la afici\u00f3n.<\/p>\n<p>&nbsp;<\/p>\n\n<p><strong>\u00a0<\/strong><\/p>\n<h2><strong>\u00c1gueda Saavedra<\/strong><\/h2>\n<p>Arropada por las voces de bronce y sobr\u00e1s de comp\u00e1s de <strong>Manuel de la Nina<\/strong> y <strong>El Pechuguita<\/strong> y al arrullo de la guitarra absolutamente magistral de <strong>Juan Campallo<\/strong>, el 8 de noviembre asistimos al recital de baile de <strong>\u00c1gueda Saavedra<\/strong>, que bail\u00f3 por canti\u00f1as y luego por sole\u00e1 con su correspondiente remate por buler\u00edas, con interludio de buler\u00edas al golpe del elenco que rebos\u00f3 de gusto desempolvando de la memoria las joyitas de <strong>Lole y Manuel<\/strong>.<\/p>\n<p>\u00c1gueda movi\u00f3 con elegancia la bata de cola y se contone\u00f3 a la voluntad de la inspiraci\u00f3n, confiri\u00e9ndole como nadie la sensualidad que pide el flamenco en su justa medida. Zalamera y con gracia, se vali\u00f3 de las figuras de su cuerpo y la bata para dibujar las vereas que marcan las canti\u00f1as. Y rebos\u00f3 de solemnidad en la sole\u00e1, parando el tiempo cuando dol\u00eda y arremetiendo en las llamadas, escobillas y desplantes, jincando las u\u00f1as.<\/p>\n<p>&nbsp;<\/p>\n<h2><strong>Manuel de la Tamara<\/strong><\/h2>\n<p>Si les hablo de <strong>El Quincalla<\/strong> probablemente los m\u00e1s cabales conocer\u00e1n de qui\u00e9n se trata. Pero desgraciadamente no es \u00e9l quien estuvo aqu\u00ed. Nos leg\u00f3 su quej\u00edo y desde hace poco nos dej\u00f3 para siempre. Pero es el nexo de uni\u00f3n entre el tocaor y el cantaor que cerraron la cita. <strong>Jordi Flores<\/strong> y <strong>Manuel de la Tamara<\/strong>. Disc\u00edpulo de guitarra y nieto de El Quincalla, respectivamente. Jordi de Barcelona y criado en Sevilla, Manuel umbrete\u00f1o de 21 a\u00f1os que aprendi\u00f3 y trabaj\u00f3 cantando para bailar en las escuelas de los maestros <strong>Miguel P\u00e9rez <\/strong>y <strong>Manuel Betanzos<\/strong>. Debut\u00f3 en la <strong>Pe\u00f1a Flamenca de Pozoblanco<\/strong>, en C\u00f3rdoba, y desde entonces no ha parado de regalar sus condiciones por otros festivales y pe\u00f1as como las de <strong>Camar\u00f3n de la Isla<\/strong>, <strong>Torres Macarena<\/strong> o <strong>Lepanto<\/strong>, solo por citar algunas. Es un cantaor anclado en la ortodoxia pero con la frescura del siglo XXI. Al son de la caja de <strong>Miguel Fern\u00e1ndez<\/strong> y las palmas de <strong>Moreno<\/strong> y <strong>Amador<\/strong>, cant\u00f3 por alegr\u00edas, fandangos naturales y de Huelva, tientos tangos, sole\u00e1 por buler\u00edas y buler\u00edas, despidi\u00e9ndose con otro fandango dedicado al p\u00fablico para abrochar \u2018La leyenda del tiempo\u2019.<\/p>\n<p>Fue un festival que vio mermado su aforo quiz\u00e1s por falta de la conveniente publicidad con la antelaci\u00f3n necesaria, pero que no por ello estuvo exento de calidad art\u00edstica. Aunque la situaci\u00f3n geogr\u00e1fica estrat\u00e9gica y la buena predisposici\u00f3n del consistorio, si se uniera a una dotaci\u00f3n presupuestaria adecuada, dar\u00edan como resultado un certamen que bien podr\u00eda ser considerado entre la afici\u00f3n creando un nuevo referente en los pueblos lim\u00edtrofes.<\/p>\n<p>&nbsp;<\/p>\n<p><strong>Ficha art\u00edstica<\/strong><\/p>\n<p>II Festival Flamenco \u2018La leyenda del tiempo\u2019<br \/>\nTeatro de la Villa, Umbrete, Sevilla<br \/>\nDel 7 al 9 de noviembre de 2024<\/p>\n<p>Cante: Miguel de Tena<br \/>\nGuitarra: Antonio de Patrocinio hijo<\/p>\n<p>Baile: \u00c1gueda Saavedra<br \/>\nCante: Manuel de la Nina y El Pechuguita<br \/>\nGuitarra: Juan Campallo<\/p>\n<p>Cante: Manuel de la Tamara<br \/>\nGuitarra: Jordi Flores<br \/>\nPercusi\u00f3n: Miguel Fern\u00e1ndez<br \/>\nPalmas: Moreno y Amador<\/p>\n<p>&nbsp;<\/p>\n<figure id=\"attachment_70493\" aria-describedby=\"caption-attachment-70493\" style=\"width: 1200px\" class=\"wp-caption aligncenter\"><a href=\"https:\/\/expoflamenco.com\/prensa\/wp-content\/uploads\/sites\/17\/2024\/11\/festival-umbrete-4-miguel-de-tena-nov24-foto-ayto-umbrete.jpeg\" rel=\"attachment wp-att-70493\"><img fetchpriority=\"high\" decoding=\"async\" class=\"size-full wp-image-70493\" src=\"https:\/\/expoflamenco.com\/prensa\/wp-content\/uploads\/sites\/17\/2024\/11\/festival-umbrete-4-miguel-de-tena-nov24-foto-ayto-umbrete.jpeg\" alt=\"Miguel de Tena\" width=\"1200\" height=\"960\" \/><\/a><figcaption id=\"caption-attachment-70493\" class=\"wp-caption-text\">Miguel de Tena. Festival Flamenco La Leyenda del Tiempo, Umbrete. Foto: Ayuntamiento de Umbrete<\/figcaption><\/figure>\n<figure id=\"attachment_70491\" aria-describedby=\"caption-attachment-70491\" style=\"width: 1600px\" class=\"wp-caption aligncenter\"><a href=\"https:\/\/expoflamenco.com\/prensa\/wp-content\/uploads\/sites\/17\/2024\/11\/festival-umbrete-2-manuel-de-la-tamara-nov24-foto-ayto-umbrete.jpeg\" rel=\"attachment wp-att-70491\"><img decoding=\"async\" class=\"size-full wp-image-70491\" src=\"https:\/\/expoflamenco.com\/prensa\/wp-content\/uploads\/sites\/17\/2024\/11\/festival-umbrete-2-manuel-de-la-tamara-nov24-foto-ayto-umbrete.jpeg\" alt=\"Manuel de la Tamara\" width=\"1600\" height=\"1059\" \/><\/a><figcaption id=\"caption-attachment-70491\" class=\"wp-caption-text\">Manuel de la Tamara. Festival Flamenco La Leyenda del Tiempo, Umbrete. Foto: Ayuntamiento de Umbrete<\/figcaption><\/figure>\n<figure id=\"attachment_70492\" aria-describedby=\"caption-attachment-70492\" style=\"width: 1200px\" class=\"wp-caption aligncenter\"><a href=\"https:\/\/expoflamenco.com\/prensa\/wp-content\/uploads\/sites\/17\/2024\/11\/festival-umbrete-3-miguel-de-tena-y-antonio-de-patrocinio-hijo-nov24-foto-ayto-umbrete.jpeg\" rel=\"attachment wp-att-70492\"><img decoding=\"async\" class=\"size-full wp-image-70492\" src=\"https:\/\/expoflamenco.com\/prensa\/wp-content\/uploads\/sites\/17\/2024\/11\/festival-umbrete-3-miguel-de-tena-y-antonio-de-patrocinio-hijo-nov24-foto-ayto-umbrete.jpeg\" alt=\"Miguel de Tena\" width=\"1200\" height=\"960\" \/><\/a><figcaption id=\"caption-attachment-70492\" class=\"wp-caption-text\">Miguel de Tena y Antonio de Patrocinio Hijo. Festival Flamenco La Leyenda del Tiempo, Umbrete. Foto: Ayuntamiento de Umbrete<\/figcaption><\/figure>\n<figure id=\"attachment_70490\" aria-describedby=\"caption-attachment-70490\" style=\"width: 1242px\" class=\"wp-caption aligncenter\"><a href=\"https:\/\/expoflamenco.com\/prensa\/wp-content\/uploads\/sites\/17\/2024\/11\/festival-umbrete-1-amador-y-moreno-manuel-de-la-tamara-y-jordi-flores-nov24-foto-ayto-umbrete.jpeg\" rel=\"attachment wp-att-70490\"><img loading=\"lazy\" decoding=\"async\" class=\"size-full wp-image-70490\" src=\"https:\/\/expoflamenco.com\/prensa\/wp-content\/uploads\/sites\/17\/2024\/11\/festival-umbrete-1-amador-y-moreno-manuel-de-la-tamara-y-jordi-flores-nov24-foto-ayto-umbrete.jpeg\" alt=\"Manuel de la Tamara\" width=\"1242\" height=\"824\" \/><\/a><figcaption id=\"caption-attachment-70490\" class=\"wp-caption-text\">Moreno y Amador, Manuel de la Tamara y Jordi Flores. Festival Flamenco La Leyenda del Tiempo, Umbrete. Foto: Ayuntamiento de Umbrete<\/figcaption><\/figure>\n<figure id=\"attachment_70495\" aria-describedby=\"caption-attachment-70495\" style=\"width: 1200px\" class=\"wp-caption aligncenter\"><a href=\"https:\/\/expoflamenco.com\/prensa\/wp-content\/uploads\/sites\/17\/2024\/11\/festival-umbrete-6-miguel-de-tena-y-antonio-de-patrocinio-hijo-nov24-foto-ayto-umbrete.jpeg\" rel=\"attachment wp-att-70495\"><img loading=\"lazy\" decoding=\"async\" class=\"size-full wp-image-70495\" src=\"https:\/\/expoflamenco.com\/prensa\/wp-content\/uploads\/sites\/17\/2024\/11\/festival-umbrete-6-miguel-de-tena-y-antonio-de-patrocinio-hijo-nov24-foto-ayto-umbrete.jpeg\" alt=\"Miguel de Tena\" width=\"1200\" height=\"960\" \/><\/a><figcaption id=\"caption-attachment-70495\" class=\"wp-caption-text\">Miguel de Tena y Antonio de Patrocinio Hijo. Festival Flamenco La Leyenda del Tiempo, Umbrete. Foto: Ayuntamiento de Umbrete<\/figcaption><\/figure>\n<figure id=\"attachment_70494\" aria-describedby=\"caption-attachment-70494\" style=\"width: 1200px\" class=\"wp-caption aligncenter\"><a href=\"https:\/\/expoflamenco.com\/prensa\/wp-content\/uploads\/sites\/17\/2024\/11\/festival-umbrete-5-miguel-de-tena-nov24-foto-ayto-umbrete.jpeg\" rel=\"attachment wp-att-70494\"><img loading=\"lazy\" decoding=\"async\" class=\"size-full wp-image-70494\" src=\"https:\/\/expoflamenco.com\/prensa\/wp-content\/uploads\/sites\/17\/2024\/11\/festival-umbrete-5-miguel-de-tena-nov24-foto-ayto-umbrete.jpeg\" alt=\"Miguel de Tena\" width=\"1200\" height=\"960\" \/><\/a><figcaption id=\"caption-attachment-70494\" class=\"wp-caption-text\">Miguel de Tena. Festival Flamenco La Leyenda del Tiempo, Umbrete. Foto: Ayuntamiento de Umbrete<\/figcaption><\/figure>\n","protected":false,"gt_translate_keys":[{"key":"rendered","format":"html"}]},"excerpt":{"rendered":"<p>Enmarcado en la segunda edici\u00f3n de FICTUM, Feria de la Innovaci\u00f3n, Cultura Local y Talento de Umbrete, del 7 al 9 de noviembre ha tenido lugar en esta localidad del Aljarafe sevillano el Festival Flamenco &#8216;La leyenda del tiempo&#8217; ocupando durante tres jornadas el entarimao del Teatro de la Villa del municipio. <\/p>\n","protected":false,"gt_translate_keys":[{"key":"rendered","format":"html"}]},"author":63,"featured_media":2146,"comment_status":"open","ping_status":"open","sticky":false,"template":"","format":"standard","meta":{"_acf_changed":false,"pmpro_default_level":"","jnews-multi-image_gallery":[],"jnews_single_post":{"format":"standard","override":[{"template":"2","parallax":"1","fullscreen":"1","layout":"right-sidebar","sidebar":"default-sidebar","second_sidebar":"default-sidebar","sticky_sidebar":"1","share_position":"bottom","share_float_style":"share-monocrhome","show_share_counter":"1","show_view_counter":"1","show_featured":"1","show_post_meta":"1","show_post_author":"1","show_post_author_image":"1","show_post_date":"1","post_date_format":"default","post_date_format_custom":"Y\/m\/d","show_post_reading_time":"1","post_reading_time_wpm":"250","post_calculate_word_method":"str_word_count","show_zoom_button":"1","zoom_button_out_step":"2","zoom_button_in_step":"3","show_post_tag":"1","show_prev_next_post":"1","show_popup_post":"1","number_popup_post":"1","show_author_box":"1","show_post_related":"1","show_inline_post_related":"1"}],"image_override":[{"single_post_thumbnail_size":"crop-500","single_post_gallery_size":"crop-500"}],"trending_post_position":"meta","trending_post_label":"Tendencias","sponsored_post_label":"Patrocinado por","disable_ad":"0","subtitle":"Enmarcado en la segunda edici\u00f3n de FICTUM, Feria de la Innovaci\u00f3n, Cultura Local y Talento de Umbrete, del 7 al 9 de noviembre ha tenido lugar en esta localidad del Aljarafe sevillano el Festival Flamenco 'La leyenda del tiempo' ocupando durante tres jornadas el entarimao del Teatro de la Villa del municipio."},"jnews_primary_category":{"id":"248"},"jnews_override_bookmark_settings":{"override_bookmark_button":"0","override_show_bookmark_button":"0"},"jnews_social_meta":[],"jnews_review":[],"enable_review":"","type":"percentage","name":"","summary":"","brand":"","sku":"","good":[],"bad":[],"score_override":"","override_value":"","rating":[],"price":[],"jnews_override_counter":{"view_counter_number":"0","share_counter_number":"0","like_counter_number":"0","dislike_counter_number":"0"},"footnotes":""},"categories":[46],"tags":[1907,1908,1909],"class_list":["post-2145","post","type-post","status-publish","format-standard","has-post-thumbnail","hentry","category-cronicas","tag-feria-de-la-innovacion-cultura-local-y-talento-de-umbrete","tag-festival-flamenco-la-leyenda-del-tiempo","tag-fictum","pmpro-has-access"],"acf":[],"aioseo_notices":[],"gt_translate_keys":[{"key":"link","format":"url"}],"_links":{"self":[{"href":"https:\/\/expoflamenco.com\/revista\/wp-json\/wp\/v2\/posts\/2145","targetHints":{"allow":["GET"]}}],"collection":[{"href":"https:\/\/expoflamenco.com\/revista\/wp-json\/wp\/v2\/posts"}],"about":[{"href":"https:\/\/expoflamenco.com\/revista\/wp-json\/wp\/v2\/types\/post"}],"author":[{"embeddable":true,"href":"https:\/\/expoflamenco.com\/revista\/wp-json\/wp\/v2\/users\/63"}],"replies":[{"embeddable":true,"href":"https:\/\/expoflamenco.com\/revista\/wp-json\/wp\/v2\/comments?post=2145"}],"version-history":[{"count":0,"href":"https:\/\/expoflamenco.com\/revista\/wp-json\/wp\/v2\/posts\/2145\/revisions"}],"wp:featuredmedia":[{"embeddable":true,"href":"https:\/\/expoflamenco.com\/revista\/wp-json\/wp\/v2\/media\/2146"}],"wp:attachment":[{"href":"https:\/\/expoflamenco.com\/revista\/wp-json\/wp\/v2\/media?parent=2145"}],"wp:term":[{"taxonomy":"category","embeddable":true,"href":"https:\/\/expoflamenco.com\/revista\/wp-json\/wp\/v2\/categories?post=2145"},{"taxonomy":"post_tag","embeddable":true,"href":"https:\/\/expoflamenco.com\/revista\/wp-json\/wp\/v2\/tags?post=2145"}],"curies":[{"name":"wp","href":"https:\/\/api.w.org\/{rel}","templated":true}]}}