{"id":2127,"date":"2024-11-16T19:54:23","date_gmt":"2024-11-16T18:54:23","guid":{"rendered":"https:\/\/expoflamenco.com\/revistanew\/israel-galvan-y-marlene-monteiro-freitas-juegos-de-ninos\/"},"modified":"2024-11-16T19:54:23","modified_gmt":"2024-11-16T18:54:23","slug":"israel-galvan-y-marlene-monteiro-freitas-juegos-de-ninos","status":"publish","type":"post","link":"https:\/\/expoflamenco.com\/revista\/israel-galvan-y-marlene-monteiro-freitas-juegos-de-ninos\/","title":{"rendered":"Israel Galv\u00e1n y Marlene Monteiro Freitas, juegos de ni\u00f1os","gt_translate_keys":[{"key":"rendered","format":"text"}]},"content":{"rendered":"<p><strong>Israel Galv\u00e1n<\/strong> es un volc\u00e1n en plena efervescencia creativa. Hace poco m\u00e1s de un mes estrenaba en el marco de la <strong>Bienal de Sevilla<\/strong> su personal visi\u00f3n de la <em>Carmen<\/em>, acaba de culminar un espect\u00e1culo en Mil\u00e1n con m\u00fasica de <strong>Miles Davis<\/strong>, ha firmado una coreograf\u00eda para la \u00d3pera Nacional Griega\u2026 Y esta misma semana, el <strong>Teatro Central<\/strong> de la capital hispalense acoge nada menos que dos estrenos: <strong><em>Ri TE<\/em><\/strong>, con la artista caboverdiana <strong>Marlene Monteiro Freitas<\/strong>, y <strong><em>Sevillanas solteras<\/em><\/strong>, un singular exorcismo para enfrentarse a un palo que, seg\u00fan \u00e9l mismo asegura, no sabe bailar. Y todav\u00eda queda un mes y medio para que acabe el a\u00f1o\u2026<\/p>\n<p>En este 2025 en que se cumplen 30 a\u00f1os del Premio Vicente Escudero en el Concurso Nacional de Arte Flamenco de C\u00f3rdoba que conquistara Galv\u00e1n, tenemos la suficiente perspectiva para saber lo que fue, lo que es e incluso lo que puede llegar a ser. Y la primera conclusi\u00f3n es que, en su viaje en busca de s\u00ed mismo, el sevillano ha ido huyendo no solo de los cors\u00e9s formales de la danza flamenca, sino tambi\u00e9n de los par\u00e1metros del espect\u00e1culo jondo convencional. Eso explicar\u00eda, en buena medida, su prol\u00edfica inspiraci\u00f3n, ya que Galv\u00e1n no parece tan interesado en <em>vender <\/em>un montaje con el que poder irse de gira como hace el com\u00fan de sus compa\u00f1eros, sino que brinda un concepto, una forma de entender el baile, reproducible a trav\u00e9s de m\u00faltiples creaciones, y por supuesto altamente improvisable. Puedes comprarlo o rechazarlo, pero el producto es el que es.<\/p>\n<p>Muy atr\u00e1s queda, en este sentido, el Galv\u00e1n de <em>Los zapatos rojos <\/em>o <em>La edad de oro<\/em>, por m\u00e1s que sea reconocible su sello y sus gestos recurrentes, que incluyen el martilleo con la punta de la bota, la percusi\u00f3n sobre las suelas o el repiqueteo de las u\u00f1as sobre los dientes. En aquellos trabajos hab\u00eda un gran componente experimental para llegar a la idea, el mensaje. Ahora todo tiende a ser experimento, b\u00fasqueda, juego. El experimento lo ocupa todo, es un fin en s\u00ed mismo. Quien acuda al teatro en busca del bailaor, puede sentirse decepcionado con una probabilidad muy alta. Pero tal vez se lleve una sorpresa.<\/p>\n<p>&nbsp;<\/p>\n<blockquote><p><em>\u00ab\u00bfImplica esto una alejamiento, o incluso un divorcio, del flamenco? Este soy yo, parece decir, me tomas o me dejas. Quien sienta nostalgia de verlo bailar por seguiriya, m\u00e1s bien deber\u00eda buscar entre sus viejos v\u00eddeos de Youtube. O qui\u00e9n sabe si esperar a su pr\u00f3xima invenci\u00f3n\u00bb<\/em><\/p><\/blockquote>\n<p>&nbsp;<\/p>\n<p><em>RI TE<\/em>, como la gran mayor\u00eda de artefactos de vanguardia flamenca de los \u00faltimos a\u00f1os, naci\u00f3 en Francia, en concreto en el Festival d\u2019Automne de Par\u00eds. Una escenograf\u00eda sencilla, tres paredes de madera que constri\u00f1en la escena iluminadas por una l\u00e1mpara fluorescente bastan para que los artistas desarrollen un discurso en torno al hecho de bailar, que, como su t\u00edtulo (<em>re\u00edr<\/em> en portugu\u00e9s) insin\u00faa, tiene mucho que ver con el la alegr\u00eda y el buen humor.<\/p>\n<p>Para ello, se apoyan en todo tipo de t\u00e9cnicas actorales, de mimo y de payaso, con una serie de gestos reiterados que dotan de ritmo a la representaci\u00f3n. Pero, m\u00e1s que perseguir la hilaridad \u2013solo algunos espectadores aislados prorrumpe en carcajadas de vez en cuando\u2013, lo que subyace en <em>RI TE <\/em>es la ruptura con la norma y, sobre todo, el desaprendizaje. Los dos artistas nos parecen ni\u00f1os porque se comportan, se mueven y bailan como lo hace quien no ha sido a\u00fan moldeado por el m\u00e9todo, por la academia. Es una persecuci\u00f3n de la inocencia imposible, de la naturalidad perdida.<\/p>\n<p>Como dije antes, Israel Galv\u00e1n se aleja definitivamente del espect\u00e1culo al uso. \u00bfImplica esto una alejamiento, o incluso un divorcio, del flamenco? No parece que sea algo que le quite el sue\u00f1o, seguro como est\u00e1 de llevar el flamenco en el ADN, de no poder ser otra cosa. Este soy yo, parece decir, me tomas o me dejas. Es una actitud radical en la que, justo es decirlo, el bailaor tiende a desvanecerse y dejar paso al <em>performer<\/em>. Quien sienta nostalgia de verlo bailar por seguiriya, m\u00e1s bien deber\u00eda buscar entre sus viejos v\u00eddeos de Youtube. O qui\u00e9n sabe si esperar a su pr\u00f3xima invenci\u00f3n.<\/p>\n<p>&nbsp;<\/p>\n<p><strong>Ficha art\u00edstica<\/strong><\/p>\n<p><em>Ri TE<\/em>, de Israel Galv\u00e1n y Marlene Monteiro Freitas<br \/>\nTeatro Central, Sevilla<br \/>\n14 de noviembre de 2024<br \/>\nIsrael Galv\u00e1n, baile<br \/>\nMarlene Monteiro Freitas, baile<\/p>\n<p>&nbsp;<\/p>\n","protected":false,"gt_translate_keys":[{"key":"rendered","format":"html"}]},"excerpt":{"rendered":"<p>El creador sevillano, acompa\u00f1ado por la artista caboverdiana, present\u00f3 en el Teatro Central de la capital hispalense su montaje \u2018RI TE\u2019, una propuesta lib\u00e9rrima en la que el bailaor cede su espacio al \u2018performer\u2019.<\/p>\n","protected":false,"gt_translate_keys":[{"key":"rendered","format":"html"}]},"author":13,"featured_media":2128,"comment_status":"open","ping_status":"open","sticky":false,"template":"","format":"standard","meta":{"_acf_changed":false,"pmpro_default_level":"","jnews-multi-image_gallery":[],"jnews_single_post":{"format":"standard","override":[{"template":"2","parallax":"1","fullscreen":"1","layout":"right-sidebar","sidebar":"default-sidebar","second_sidebar":"default-sidebar","sticky_sidebar":"1","share_position":"bottom","share_float_style":"share-monocrhome","show_share_counter":"1","show_view_counter":"1","show_featured":"1","show_post_meta":"1","show_post_author":"1","show_post_author_image":"1","show_post_date":"1","post_date_format":"default","post_date_format_custom":"Y\/m\/d","show_post_reading_time":"1","post_reading_time_wpm":"250","post_calculate_word_method":"str_word_count","show_zoom_button":"1","zoom_button_out_step":"2","zoom_button_in_step":"3","show_post_tag":"1","show_prev_next_post":"1","show_popup_post":"1","number_popup_post":"1","show_author_box":"1","show_post_related":"1","show_inline_post_related":"1"}],"image_override":[{"single_post_thumbnail_size":"crop-500","single_post_gallery_size":"crop-500"}],"trending_post_position":"meta","trending_post_label":"Trending","sponsored_post_label":"Sponsored by","disable_ad":"0","subtitle":"El creador sevillano, acompa\u00f1ado por la artista caboverdiana, present\u00f3 en el Teatro Central de la capital hispalense su montaje \u2018RI TE\u2019, una propuesta lib\u00e9rrima en la que el bailaor cede su espacio al \u2018performer\u2019."},"jnews_primary_category":{"id":"248"},"jnews_override_bookmark_settings":{"override_bookmark_button":"0","override_show_bookmark_button":"0"},"jnews_social_meta":[],"jnews_review":[],"enable_review":"","type":"percentage","name":"","summary":"","brand":"","sku":"","good":[],"bad":[],"score_override":"","override_value":"","rating":[],"price":[],"jnews_override_counter":{"view_counter_number":"0","share_counter_number":"0","like_counter_number":"0","dislike_counter_number":"0"},"footnotes":""},"categories":[46],"tags":[1893,1894,1895],"class_list":["post-2127","post","type-post","status-publish","format-standard","has-post-thumbnail","hentry","category-cronicas","tag-israel-galvan","tag-marlene-monteiro-freitas","tag-ri-te","pmpro-has-access"],"acf":[],"aioseo_notices":[],"gt_translate_keys":[{"key":"link","format":"url"}],"_links":{"self":[{"href":"https:\/\/expoflamenco.com\/revista\/wp-json\/wp\/v2\/posts\/2127","targetHints":{"allow":["GET"]}}],"collection":[{"href":"https:\/\/expoflamenco.com\/revista\/wp-json\/wp\/v2\/posts"}],"about":[{"href":"https:\/\/expoflamenco.com\/revista\/wp-json\/wp\/v2\/types\/post"}],"author":[{"embeddable":true,"href":"https:\/\/expoflamenco.com\/revista\/wp-json\/wp\/v2\/users\/13"}],"replies":[{"embeddable":true,"href":"https:\/\/expoflamenco.com\/revista\/wp-json\/wp\/v2\/comments?post=2127"}],"version-history":[{"count":0,"href":"https:\/\/expoflamenco.com\/revista\/wp-json\/wp\/v2\/posts\/2127\/revisions"}],"wp:featuredmedia":[{"embeddable":true,"href":"https:\/\/expoflamenco.com\/revista\/wp-json\/wp\/v2\/media\/2128"}],"wp:attachment":[{"href":"https:\/\/expoflamenco.com\/revista\/wp-json\/wp\/v2\/media?parent=2127"}],"wp:term":[{"taxonomy":"category","embeddable":true,"href":"https:\/\/expoflamenco.com\/revista\/wp-json\/wp\/v2\/categories?post=2127"},{"taxonomy":"post_tag","embeddable":true,"href":"https:\/\/expoflamenco.com\/revista\/wp-json\/wp\/v2\/tags?post=2127"}],"curies":[{"name":"wp","href":"https:\/\/api.w.org\/{rel}","templated":true}]}}