{"id":2069,"date":"2024-10-18T09:54:11","date_gmt":"2024-10-18T07:54:11","guid":{"rendered":"https:\/\/expoflamenco.com\/revistanew\/alejandro-en-mis-manos-tercer-disco-de-la-pianista-laura-de-los-angeles\/"},"modified":"2024-10-18T09:54:11","modified_gmt":"2024-10-18T07:54:11","slug":"alejandro-en-mis-manos-tercer-disco-de-la-pianista-laura-de-los-angeles","status":"publish","type":"post","link":"https:\/\/expoflamenco.com\/revista\/alejandro-en-mis-manos-tercer-disco-de-la-pianista-laura-de-los-angeles\/","title":{"rendered":"&#8216;Alejandro en mis manos&#8217;, tercer disco de la pianista Laura de los \u00c1ngeles","gt_translate_keys":[{"key":"rendered","format":"text"}]},"content":{"rendered":"<p class=\"p1\"><span class=\"s1\"><b><i>Alejandro en mis manos<\/i><\/b> es el tercer disco de la pianista y percusionista sevillana\u00a0<b>Laura de los \u00c1ngeles<i>. <\/i><\/b><\/span><span class=\"s1\">Es un \u00e1lbum valiente, porque Laura, que conoce perfectamente sus registros, abandona su zona de confort y se sumerge en un disco conceptual. Nada m\u00e1s y nada menos que en una reinterpretaci\u00f3n de un pu\u00f1ado de canciones de oro de <strong>Alejandro Sanz<\/strong>, que a partir de ahora tendr\u00e1n una nueva vida, una nueva lectura desde \u201clo flamenco\u201d.<\/span><\/p>\n<p class=\"p1\"><span class=\"s1\">Una mirada nueva para obras maestras, popular\u00edsimas, que exceden el \u00e1mbito en el que fueron creadas, para vestirse de otros arreglos, de otra instrumentaci\u00f3n, de otra s\u00f3nica. Las grandes canciones pasan siempre a la historia y aguantan lecturas desde la m\u00fasica cl\u00e1sica, el jazz, las m\u00fasicas de ra\u00edz y la contempor\u00e1nea.<\/span><\/p>\n<p class=\"p1\"><span class=\"s1\">Estas canciones, obras de uno de los mejores compositores de pop de nuestro tiempo, se asomar\u00e1n a la radio, a la televisi\u00f3n y a los bares, traducidas a Andaluc\u00eda, a los palos flamencos, al comp\u00e1s, el duende y el melisma.<\/span><\/p>\n<p class=\"p1\"><span class=\"s1\"><i>\u00abAlejandro en mis manos<\/i>\u00a0es un proyecto que propuse a Laura de los \u00c1ngeles, recordando aquel magn\u00edfico \u00e1lbum que publicara <b>Jorge Pardo<i>,<\/i><\/b> donde recreaba desde su personalidad y su mundo diez temas de <b>Paco de Luc\u00eda<\/b> y que llevaba por t\u00edtulo <i>10 de Paco\u00bb<\/i>, afirma el productor <strong>Paco Ortega<\/strong><i>. \u00ab<\/i><\/span><span class=\"s1\">Un \u00e1lbum en el que la he \u201cobligado\u201d a crecer en otras armon\u00edas, otras l\u00edneas mel\u00f3dicas y otras formas de interpretar que no son exclusivamente las suyas, las que ella domina. <\/span><span class=\"s1\">Para eso he contado con la genialidad y la maestr\u00eda de <b>Diego Magallanes<\/b>, que es un inventor de mundos, un m\u00fasico que convoca al duende, al soniquete y al comp\u00e1s\u00bb.<\/span><\/p>\n<p class=\"p1\"><span class=\"s1\">\u00abGracias tambi\u00e9n a otro monstruo del flamenco, al sevillano <b>Emilio Caracaf\u00e9,<\/b> de Las Tres Mil viviendas<b><i>,<\/i><\/b> que ha hecho lo propio con <em>\u00bfY si fuera ella? <\/em><\/span><span class=\"s1\">A esta fiesta hemos invitado a amigos grandes y generosos para que dejaran su personalidad, su impronta y su maestr\u00eda. Gracias a <b>Jorge Pardo<\/b>, <b>Naike Ponce<\/b>, <b>Edu Barbero<\/b>\u00a0<b>Jos\u00e9 Losada<\/b>, Diego Villegas,\u00a0<b>Lin Cort\u00e9s<\/b>\u00a0y <b>Dr. Kely<\/b>, entre otros\u00bb.<\/span><\/p>\n<p class=\"p1\"><span class=\"s1\">El disco se ha grabado mezclado y masterizado en <b>Musigrama<\/b> (Madrid) y ha sido producido por el propio Paco Ortega y su hijo, <strong>Pablo Mart\u00ednez<\/strong><i>. <\/i><\/span><span class=\"s1\">El \u00e1lbum no pretende nada m\u00e1s que \u201cgustar\u201d y \u201csorprender\u201d y lo han hecho con la devoci\u00f3n y el respeto que profesan a Alejandro<i>.<\/i> \u00abHemos vestido de lunares algunos temas del maestro\u00bb, dicen. \u00ab<\/span><span class=\"s1\">Alejandro ya lo ha escuchado y lo ha disfrutado con el mismo amor y respeto con que nosotros lo hemos hecho\u00bb.\u00a0<\/span><\/p>\n<p>&nbsp;<\/p>\n<div class=\"jeg_video_container jeg_video_content\"><iframe title=\"Cuando Nadie Me Ve\" width=\"500\" height=\"375\" src=\"https:\/\/www.youtube.com\/embed\/Dd3ivDfcpb4?feature=oembed\" frameborder=\"0\" allow=\"accelerometer; autoplay; clipboard-write; encrypted-media; gyroscope; picture-in-picture; web-share\" referrerpolicy=\"strict-origin-when-cross-origin\" allowfullscreen><\/iframe><\/div>\n","protected":false,"gt_translate_keys":[{"key":"rendered","format":"html"}]},"excerpt":{"rendered":"<p>El primer single es &#8216;Cuando nadie me ve&#8217; y sale a la luz el 18 de octubre. Producido por Paco Ortega, uno de los mejores temas de Alejandro Sanz en el piano de la sevillana Laura de los \u00c1ngeles.<\/p>\n","protected":false,"gt_translate_keys":[{"key":"rendered","format":"html"}]},"author":5,"featured_media":2070,"comment_status":"open","ping_status":"open","sticky":false,"template":"","format":"standard","meta":{"_acf_changed":false,"pmpro_default_level":"","jnews-multi-image_gallery":[],"jnews_single_post":{"format":"standard","override":[{"template":"2","parallax":"1","fullscreen":"1","layout":"right-sidebar","sidebar":"default-sidebar","second_sidebar":"default-sidebar","sticky_sidebar":"1","share_position":"bottom","share_float_style":"share-monocrhome","show_share_counter":"1","show_view_counter":"1","show_featured":"1","show_post_meta":"1","show_post_author":"1","show_post_author_image":"1","show_post_date":"1","post_date_format":"default","post_date_format_custom":"Y\/m\/d","show_post_reading_time":"1","post_reading_time_wpm":"250","post_calculate_word_method":"str_word_count","show_zoom_button":"1","zoom_button_out_step":"2","zoom_button_in_step":"3","show_post_tag":"1","show_prev_next_post":"1","show_popup_post":"1","number_popup_post":"1","show_author_box":"1","show_post_related":"1","show_inline_post_related":"1"}],"image_override":[{"single_post_thumbnail_size":"crop-500","single_post_gallery_size":"crop-500"}],"trending_post_position":"meta","trending_post_label":"Tendencias","sponsored_post_label":"Patrocinado por","disable_ad":"0","subtitle":"El primer single es 'Cuando nadie me ve' y sale a la luz el 18 de octubre. Producido por Paco Ortega, uno de los mejores temas de Alejandro Sanz en el piano de la sevillana Laura de los \u00c1ngeles."},"jnews_primary_category":{"id":"4226"},"jnews_override_bookmark_settings":{"override_bookmark_button":"0","override_show_bookmark_button":"0"},"jnews_social_meta":[],"jnews_review":[],"enable_review":"","type":"percentage","name":"","summary":"","brand":"","sku":"","good":[],"bad":[],"score_override":"","override_value":"","rating":[],"price":[],"jnews_override_counter":{"view_counter_number":"0","share_counter_number":"0","like_counter_number":"0","dislike_counter_number":"0"},"footnotes":""},"categories":[37],"tags":[1835,1836,1837,44],"class_list":["post-2069","post","type-post","status-publish","format-standard","has-post-thumbnail","hentry","category-actualidad","tag-alejandro-en-tus-manos","tag-cuando-nadie-me-ve","tag-laura-de-los-angeles","tag-single","pmpro-has-access"],"acf":[],"aioseo_notices":[],"gt_translate_keys":[{"key":"link","format":"url"}],"_links":{"self":[{"href":"https:\/\/expoflamenco.com\/revista\/wp-json\/wp\/v2\/posts\/2069","targetHints":{"allow":["GET"]}}],"collection":[{"href":"https:\/\/expoflamenco.com\/revista\/wp-json\/wp\/v2\/posts"}],"about":[{"href":"https:\/\/expoflamenco.com\/revista\/wp-json\/wp\/v2\/types\/post"}],"author":[{"embeddable":true,"href":"https:\/\/expoflamenco.com\/revista\/wp-json\/wp\/v2\/users\/5"}],"replies":[{"embeddable":true,"href":"https:\/\/expoflamenco.com\/revista\/wp-json\/wp\/v2\/comments?post=2069"}],"version-history":[{"count":0,"href":"https:\/\/expoflamenco.com\/revista\/wp-json\/wp\/v2\/posts\/2069\/revisions"}],"wp:featuredmedia":[{"embeddable":true,"href":"https:\/\/expoflamenco.com\/revista\/wp-json\/wp\/v2\/media\/2070"}],"wp:attachment":[{"href":"https:\/\/expoflamenco.com\/revista\/wp-json\/wp\/v2\/media?parent=2069"}],"wp:term":[{"taxonomy":"category","embeddable":true,"href":"https:\/\/expoflamenco.com\/revista\/wp-json\/wp\/v2\/categories?post=2069"},{"taxonomy":"post_tag","embeddable":true,"href":"https:\/\/expoflamenco.com\/revista\/wp-json\/wp\/v2\/tags?post=2069"}],"curies":[{"name":"wp","href":"https:\/\/api.w.org\/{rel}","templated":true}]}}