{"id":1994,"date":"2024-11-03T14:50:57","date_gmt":"2024-11-03T13:50:57","guid":{"rendered":"https:\/\/expoflamenco.com\/revistanew\/el-crujio-de-el-mijita-en-torres-macarena\/"},"modified":"2024-11-03T14:50:57","modified_gmt":"2024-11-03T13:50:57","slug":"el-crujio-de-el-mijita-en-torres-macarena","status":"publish","type":"post","link":"https:\/\/expoflamenco.com\/revista\/el-crujio-de-el-mijita-en-torres-macarena\/","title":{"rendered":"El cruj\u00edo de El Mijita en Torres Macarena","gt_translate_keys":[{"key":"rendered","format":"text"}]},"content":{"rendered":"<p>Me gustan las guitarras sencillas. Las que no molestan ni se entrometen en el cante. Las que no pretenden destacar y, sin embargo, precisamente por eso, llaman la atenci\u00f3n. Lo hacen si son buenas, claro. Y es el caso de la de <strong>Domingo Rubichi<\/strong>. Flamenca, jonda, intensa y rancia. Una sonanta infalible, servil, contundente, con mucho gusto. Cuaj\u00e1 de bordones tajantes, sin alharacas, llena de arpegios y falsetas a\u00f1ejas. Es de las que entran solas, de las que calan y agradan por su aparente simplicidad, de las que te arrancan los oles sin remedio. Me gustan las guitarras gitanas. Me gusta la guitarra de Domingo. Y c\u00f3mo arrop\u00f3 el ga\u00f1ote de <strong>Jos\u00e9 El Mijita<\/strong>.<\/p>\n<p>Y los palmeros bien vest\u00edos, sin zapatillas de deporte, ni con ropajes estramb\u00f3ticos. Los que marcan el comp\u00e1s sin cruzarse, saben meter el pie justo en el sitio y jalear lo preciso, como <strong>Carlos Grilo<\/strong>, que acompa\u00f1\u00f3 de lujo.<\/p>\n<p>Jos\u00e9 Carpio Fern\u00e1ndez \u2018El Mijita\u2019 fundi\u00f3 en su nuez los metales de cinco dinast\u00edas cantaoras. Las de los <strong>Carpios<\/strong>, <strong>Rubichis<\/strong>, <strong>Agujetas<\/strong>, <strong>Moneos<\/strong> y <strong>Chalaos<\/strong>. Y sali\u00f3 a hombros de la <strong>Pe\u00f1a Flamenca Torres Macarena de Sevilla<\/strong> siendo sin duda alguna, junto a <strong>Dolores Agujetas<\/strong>, lo mejor que Jerez ha tra\u00eddo a los maderos de esta ensolerada casa.<\/p>\n<p>Templ\u00f3 su garganta de bronce por ton\u00e1s y se meti\u00f3 en el bolsillo a la afici\u00f3n, que empez\u00f3 a despojarse de oles. Raj\u00f3 el silencio con ecos de campanas gordas. Se acord\u00f3 de aquel que <em>ha dejao una seguiriya gitana y un taranto bien cantao<\/em>, mir\u00e1ndose en <strong>Manuel Torre<\/strong>, calentando el repertorio de clasicismo jerezano al preguntarse <em>d\u00f3nde andar\u00e1 mi muchacho<\/em>. Y despu\u00e9s con el mismo corte en la buler\u00eda pa escuch\u00e1 tributando a las variantes de su tierra. Se me hizo corta, me dej\u00f3 la miel en los labios. Mec\u00ed\u00f3 los tercios con aplome en los tientos. <em>El d\u00eda que yo me muera dejadme ser un suspiro cantando por La Plazuela<\/em>. As\u00ed reverenci\u00f3 a su cuna, cambiando luego a los tangos pidiendo doblones y entonando el <em>rintint\u00edn<\/em> para cerrar la primera parte.<\/p>\n<p>&nbsp;<\/p>\n<blockquote><p><em>\u00abJos\u00e9 Carpio Fern\u00e1ndez \u2018El Mijita\u2019 fundi\u00f3 en su nuez los metales de cinco dinast\u00edas cantaoras. Las de los Carpios, Rubichis, Agujetas, Moneos y Chalaos. Y sali\u00f3 a hombros de Torres Macarena siendo, junto a Dolores Agujetas, lo mejor que Jerez ha tra\u00eddo a los maderos de esta ensolerada casa\u00bb<\/em><\/p><\/blockquote>\n<p>&nbsp;<\/p>\n\n<p>&nbsp;<\/p>\n<p>Lejos de enfriarse en el descanso, la segunda fue m\u00e1s caliente y rotunda. Se faj\u00f3 los machos cerrando los pu\u00f1os y cruji\u00f3 los huesos por sole\u00e1. Sin aligerarse por vereas albarizas. Sole\u00e1 pura. Y apretando en los altos valientes sin estridencias con una voz potente que endi\u00f1\u00f3 pellizcos tiznaos de gitaner\u00eda. Incontestable por <strong>La Andonda<\/strong>, <strong>La Serneta<\/strong> o en aquella de <em>cien a\u00f1os despu\u00e9s de muerto y de gusanos com\u00edo<\/em>. El mejor palo de la noche. Aunque por seguiriya no se qued\u00f3 atr\u00e1s, quej\u00e1ndose en los abismos de la negrura de un lamento sin consuelo, echando las asa\u00faras en un remate doliente. Prosigui\u00f3 con una ristra de fandangos que sonaron agujetros y se le cayeron dos lagrimones de emoci\u00f3n al desear <em>que dure una mare lo que dura una palmera<\/em>. Abroch\u00f3 el recital por buler\u00edas paseando por los rincones de Jerez, evocando los mimbres de <strong>Juanito Villar<\/strong> y agradeciendo a Undib\u00e9 el haber nac\u00edo gitano. La pata\u00edta de gracia y qued\u00f3 el pestillo echao.<\/p>\n<p>Jos\u00e9 cant\u00f3 pa com\u00e9rselo. Se dej\u00f3 el pellejo en las tablas. Le brot\u00f3 el cante arroll\u00e1ndole las costillas. Lo dio todo. Se entreg\u00f3 hasta el \u00faltimo aliento. Como si le fuera la vida en ello, estruj\u00e1ndose hasta partirse, sin quebrar la voz pero rompi\u00e9ndose entero.<\/p>\n<p>&nbsp;<\/p>\n<p><strong>Ficha art\u00edstica<\/strong><\/p>\n<p>Recital de Jos\u00e9 El Mijita<br \/>\nPe\u00f1a Flamenca Torres Macarena, Sevilla<br \/>\n2 de noviembre de 2024<br \/>\nCante: Jos\u00e9 El Mijita<br \/>\nGuitarra: Domingo Rubichi<br \/>\nPalmas: Carlos Grilo<\/p>\n<p>&nbsp;<\/p>\n","protected":false,"gt_translate_keys":[{"key":"rendered","format":"html"}]},"excerpt":{"rendered":"<p>Jos\u00e9 El Mijita dio un recital de categor\u00eda en la Pe\u00f1a Flamenca Torres Macarena de Sevilla despellej\u00e1ndose en las tablas y entreg\u00e1ndose hasta el \u00faltimo aliento.<\/p>\n","protected":false,"gt_translate_keys":[{"key":"rendered","format":"html"}]},"author":63,"featured_media":1995,"comment_status":"open","ping_status":"open","sticky":false,"template":"","format":"standard","meta":{"_acf_changed":false,"pmpro_default_level":"","jnews-multi-image_gallery":[],"jnews_single_post":{"format":"standard","override":[{"template":"2","parallax":"1","fullscreen":"1","layout":"right-sidebar","sidebar":"default-sidebar","second_sidebar":"default-sidebar","sticky_sidebar":"1","share_position":"bottom","share_float_style":"share-monocrhome","show_share_counter":"1","show_view_counter":"1","show_featured":"1","show_post_meta":"1","show_post_author":"1","show_post_author_image":"1","show_post_date":"1","post_date_format":"default","post_date_format_custom":"Y\/m\/d","show_post_reading_time":"1","post_reading_time_wpm":"250","post_calculate_word_method":"str_word_count","show_zoom_button":"1","zoom_button_out_step":"2","zoom_button_in_step":"3","show_post_tag":"1","show_prev_next_post":"1","show_popup_post":"1","number_popup_post":"1","show_author_box":"1","show_post_related":"1","show_inline_post_related":"1"}],"image_override":[{"single_post_thumbnail_size":"crop-500","single_post_gallery_size":"crop-500"}],"trending_post_position":"meta","trending_post_label":"Tendencias","sponsored_post_label":"Patrocinado por","disable_ad":"0","subtitle":"Jos\u00e9 El Mijita dio un recital de categor\u00eda en la Pe\u00f1a Flamenca Torres Macarena de Sevilla despellej\u00e1ndose en las tablas y entreg\u00e1ndose hasta el \u00faltimo aliento."},"jnews_primary_category":{"id":"248"},"jnews_override_bookmark_settings":{"override_bookmark_button":"0","override_show_bookmark_button":"0"},"jnews_social_meta":[],"jnews_review":[],"enable_review":"","type":"percentage","name":"","summary":"","brand":"","sku":"","good":[],"bad":[],"score_override":"","override_value":"","rating":[],"price":[],"jnews_override_counter":{"view_counter_number":"0","share_counter_number":"0","like_counter_number":"0","dislike_counter_number":"0"},"footnotes":""},"categories":[46,38],"tags":[929,1765,828,524],"class_list":["post-1994","post","type-post","status-publish","format-standard","has-post-thumbnail","hentry","category-cronicas","category-en-portada","tag-domingo-rubichi","tag-jose-el-mijita","tag-pena-flamenca-torres-macarena","tag-sevilla","pmpro-has-access"],"acf":[],"aioseo_notices":[],"gt_translate_keys":[{"key":"link","format":"url"}],"_links":{"self":[{"href":"https:\/\/expoflamenco.com\/revista\/wp-json\/wp\/v2\/posts\/1994","targetHints":{"allow":["GET"]}}],"collection":[{"href":"https:\/\/expoflamenco.com\/revista\/wp-json\/wp\/v2\/posts"}],"about":[{"href":"https:\/\/expoflamenco.com\/revista\/wp-json\/wp\/v2\/types\/post"}],"author":[{"embeddable":true,"href":"https:\/\/expoflamenco.com\/revista\/wp-json\/wp\/v2\/users\/63"}],"replies":[{"embeddable":true,"href":"https:\/\/expoflamenco.com\/revista\/wp-json\/wp\/v2\/comments?post=1994"}],"version-history":[{"count":0,"href":"https:\/\/expoflamenco.com\/revista\/wp-json\/wp\/v2\/posts\/1994\/revisions"}],"wp:featuredmedia":[{"embeddable":true,"href":"https:\/\/expoflamenco.com\/revista\/wp-json\/wp\/v2\/media\/1995"}],"wp:attachment":[{"href":"https:\/\/expoflamenco.com\/revista\/wp-json\/wp\/v2\/media?parent=1994"}],"wp:term":[{"taxonomy":"category","embeddable":true,"href":"https:\/\/expoflamenco.com\/revista\/wp-json\/wp\/v2\/categories?post=1994"},{"taxonomy":"post_tag","embeddable":true,"href":"https:\/\/expoflamenco.com\/revista\/wp-json\/wp\/v2\/tags?post=1994"}],"curies":[{"name":"wp","href":"https:\/\/api.w.org\/{rel}","templated":true}]}}