{"id":1741,"date":"2024-09-12T08:56:25","date_gmt":"2024-09-12T06:56:25","guid":{"rendered":"https:\/\/expoflamenco.com\/revistanew\/la-bienal-arranca-con-el-pregon-soso-de-sara-baras-y-un-flashmob-bien-coreografiado\/"},"modified":"2024-09-12T08:56:25","modified_gmt":"2024-09-12T06:56:25","slug":"la-bienal-arranca-con-el-pregon-soso-de-sara-baras-y-un-flashmob-bien-coreografiado","status":"publish","type":"post","link":"https:\/\/expoflamenco.com\/revista\/la-bienal-arranca-con-el-pregon-soso-de-sara-baras-y-un-flashmob-bien-coreografiado\/","title":{"rendered":"La Bienal arranca con el preg\u00f3n soso de Sara Baras y un flashmob bien coreografiado","gt_translate_keys":[{"key":"rendered","format":"text"}]},"content":{"rendered":"<p>Se vislumbraron nobles intenciones en la bailaora gaditana y puede que la concepci\u00f3n estuviera acertada. Abord\u00f3 el preg\u00f3n con pretendida emoci\u00f3n hilando la historia de <strong>La Bienal<\/strong> con su propia trayectoria art\u00edstica y la hermosa relaci\u00f3n que tuvo con el genio de Algeciras. Se mostr\u00f3 \u00abdesnuda sin los tacones\u00bb para recordar a \u00abesa ni\u00f1a que vivi\u00f3 rodeada de este arte, lo nuestro, que no va de entender sino de sentir, porque la magia est\u00e1 a veces en no conocer los trucos\u00bb. Desempolv\u00f3 de la memoria esas bienales dedicadas al cante, al baile y al toque, los Giraldillos a <strong>Calixto S\u00e1nchez<\/strong>, a <strong>Mario Maya<\/strong> o al guitarrista <strong>Manolo Franco<\/strong> en aquel festival en el que toc\u00f3 por primera vez <strong>Paco de Luc\u00eda<\/strong> en esta casa&#8230; Y alab\u00f3 a esas mujeres del baile que ella admira: <strong>Angelita Vargas<\/strong>, <strong>Carmen Ledesma<\/strong>, <strong>Pepa Montes<\/strong>, <strong>Eva la Yerbabuena<\/strong>, <strong>Concha Vargas<\/strong> o <strong>Manuela Carrasco<\/strong>, entre otras. Trajo del pasado sus obras en La Bienal, a\u00f1orando espect\u00e1culos como <em>Juana la Loca<\/em>, <em>Mariana Pineda<\/em> o <em>La Pepa<\/em>.<\/p>\n<p>Cont\u00f3 an\u00e9cdotas. Esa de cuando se hizo pasar por sobrina de Paco para colarse en un concierto, lo consigui\u00f3 y desde entonces qued\u00f3 adoptada como tal. Revivi\u00f3 el momento en el que se unieron en la ceremonia del encendido de la antorcha ol\u00edmpica. Y se emocionaba al hablar del \u00abcari\u00f1o infinito en el trato, la humildad&#8230; de quien con sus cuerdas dibuj\u00f3 la banda sonora de los que amamos este arte y esta forma de sentir. No ten\u00eda manos, sino varitas m\u00e1gicas, a pesar de que se exig\u00eda m\u00e1s que nadie buscando esa perfecci\u00f3n que le obsesionaba\u00bb.<\/p>\n<p>&nbsp;<\/p>\n<blockquote><p><em>\u00abSara Baras se deshizo en halagos hacia Paco de Luc\u00eda y mil veces agradecida culmin\u00f3 su preg\u00f3n: \u00a1Te quiero mucho, maestro! \u00a1Viva el flamenco! \u00a1Gracias, Sevilla!\u00bb<\/em><\/p><\/blockquote>\n<p>&nbsp;<\/p>\n<figure id=\"attachment_67351\" aria-describedby=\"caption-attachment-67351\" style=\"width: 1140px\" class=\"wp-caption aligncenter\"><a href=\"https:\/\/expoflamenco.com\/prensa\/wp-content\/uploads\/sites\/17\/2024\/09\/expoflamenco-pregon-sara-baras-1-bienal-sevilla-sep24-foto-archivo-fotografico-bienal-flamenco-laura-leon.jpg\"><img fetchpriority=\"high\" decoding=\"async\" class=\"size-full wp-image-67351\" src=\"https:\/\/expoflamenco.com\/prensa\/wp-content\/uploads\/sites\/17\/2024\/09\/expoflamenco-pregon-sara-baras-1-bienal-sevilla-sep24-foto-archivo-fotografico-bienal-flamenco-laura-leon.jpg\" alt=\"\" width=\"1140\" height=\"570\" \/><\/a><figcaption id=\"caption-attachment-67351\" class=\"wp-caption-text\">Preg\u00f3n de Sara Baras. Inauguraci\u00f3n de la Bienal de Flamenco 2024 en Sevilla. Archivo fotogr\u00e1fico La Bienal. Foto @Laura Le\u00f3n<\/figcaption><\/figure>\n<p>&nbsp;<\/p>\n<p>Jalon\u00f3 su disertaci\u00f3n con algunos fragmentos de toques conocidos de Paco \u2013<em>Solo quiero caminar<\/em>, <em>Ziryab<\/em>&#8230;\u2013 en manos de la sonanta de <strong>Keko Baldomero<\/strong>. Se deshizo en halagos hacia el algecire\u00f1o y mil veces agradecida culmin\u00f3 su preg\u00f3n: \u00ab\u00a1Te quiero mucho, maestro! \u00a1Viva el flamenco! \u00a1Gracias, Sevilla!\u00bb.<\/p>\n<p>Seguro que a la bailaora gaditana le llen\u00f3 de orgullo la proposici\u00f3n de La Bienal de Flamenco de Sevilla para estrenar el magno certamen glosando la figura de su querid\u00edsimo amigo Paco de Luc\u00eda. De orgullo y de responsabilidad. Porque, gustitos aparte, pocos cuestionan la inestimable val\u00eda art\u00edstica de <strong>Sara Baras <\/strong>cuando apuntilla los maderos con su baile. Pero sus dotes con la oratoria se alejan de lo esperado para descorchar un acontecimiento de este calado. No estuvo a la altura. Ni en la calidad literaria del discurso ni en las formas. Porque su lectura fue excesivamente sosegada, carente de impulso y de pasi\u00f3n, resultando un preg\u00f3n soso y aburrido.<\/p>\n<p><strong>Patricia Guerrero<\/strong>\u00a0y el <strong>Ballet Flamenco de Andaluc\u00eda<\/strong> anunciaron en junio con La Bienal el flashmob para su apertura. Advertimos que se trataba de un baile aparentemente sencillo pero muy bien coreografiado, como todo lo que esta granadina idea. Con un buen pu\u00f1ao de participantes de todas las edades ha dado el pistoletazo de salida derramando el <strong><em>R\u00edo de la miel <\/em><\/strong>de Paco de Luc\u00eda por\u00a0 la Plaza de Am\u00e9rica, delante del Museo de Artes y Costumbres populares de la capital hispalense, prosiguiendo con la ola de tributos que Sevilla otorga al genial guitarrista.<\/p>\n<p>&nbsp;<\/p>\n<p><strong>Ficha art\u00edstica<\/strong><\/p>\n<p>Preg\u00f3n de La Bienal de Flamenco de Sevilla<br \/>\nPlaza de Am\u00e9rica, Parque de Mar\u00eda Luisa, Sevilla<br \/>\n11 de septiembre de 2024<\/p>\n<p>Pregonera: Sara Baras<br \/>\nGuitarra: Keko Baldomero<\/p>\n<p>Flashmob del Ballet Flamenco de Andaluc\u00eda, dirigido por Patricia Guerrero<\/p>\n<p>&nbsp;<\/p>\n<figure id=\"attachment_67350\" aria-describedby=\"caption-attachment-67350\" style=\"width: 1140px\" class=\"wp-caption aligncenter\"><a href=\"https:\/\/expoflamenco.com\/prensa\/wp-content\/uploads\/sites\/17\/2024\/09\/expoflamenco-pregon-sara-baras-2-bienal-sevilla-sep24-foto-archivo-fotografico-bienal-flamenco-laura-leon.jpg\"><img decoding=\"async\" class=\"size-full wp-image-67350\" src=\"https:\/\/expoflamenco.com\/prensa\/wp-content\/uploads\/sites\/17\/2024\/09\/expoflamenco-pregon-sara-baras-2-bienal-sevilla-sep24-foto-archivo-fotografico-bienal-flamenco-laura-leon.jpg\" alt=\"\" width=\"1140\" height=\"760\" \/><\/a><figcaption id=\"caption-attachment-67350\" class=\"wp-caption-text\">Preg\u00f3n de Sara Baras. Inauguraci\u00f3n de la Bienal de Flamenco 2024 en Sevilla. Archivo fotogr\u00e1fico La Bienal. Foto @Laura Le\u00f3n<\/figcaption><\/figure>\n<figure id=\"attachment_67353\" aria-describedby=\"caption-attachment-67353\" style=\"width: 1140px\" class=\"wp-caption aligncenter\"><a href=\"https:\/\/expoflamenco.com\/prensa\/wp-content\/uploads\/sites\/17\/2024\/09\/expoflamenco-flashmob-2-bienal-sevilla-sep24-foto-archivo-fotografico-bienal-flamenco-laura-leon.jpg\"><img decoding=\"async\" class=\"size-full wp-image-67353\" src=\"https:\/\/expoflamenco.com\/prensa\/wp-content\/uploads\/sites\/17\/2024\/09\/expoflamenco-flashmob-2-bienal-sevilla-sep24-foto-archivo-fotografico-bienal-flamenco-laura-leon.jpg\" alt=\"\" width=\"1140\" height=\"760\" \/><\/a><figcaption id=\"caption-attachment-67353\" class=\"wp-caption-text\">Flashmob de inauguraci\u00f3n de la Bienal de Flamenco 2024 en Sevilla. Foto: Archivo fotogr\u00e1fico La Bienal @Laura Le\u00f3n<\/figcaption><\/figure>\n<figure id=\"attachment_67352\" aria-describedby=\"caption-attachment-67352\" style=\"width: 1140px\" class=\"wp-caption aligncenter\"><a href=\"https:\/\/expoflamenco.com\/prensa\/wp-content\/uploads\/sites\/17\/2024\/09\/expoflamenco-inauguracion-1-bienal-sevilla-sep24-foto-archivo-fotografico-bienal-flamenco-laura-leon.jpg\"><img loading=\"lazy\" decoding=\"async\" class=\"size-full wp-image-67352\" src=\"https:\/\/expoflamenco.com\/prensa\/wp-content\/uploads\/sites\/17\/2024\/09\/expoflamenco-inauguracion-1-bienal-sevilla-sep24-foto-archivo-fotografico-bienal-flamenco-laura-leon.jpg\" alt=\"\" width=\"1140\" height=\"760\" \/><\/a><figcaption id=\"caption-attachment-67352\" class=\"wp-caption-text\">Inauguraci\u00f3n de la Bienal de Flamenco 2024 en Sevilla. Archivo fotogr\u00e1fico La Bienal. Foto @Laura Le\u00f3n<\/figcaption><\/figure>\n","protected":false,"gt_translate_keys":[{"key":"rendered","format":"html"}]},"excerpt":{"rendered":"<p>El festival flamenco m\u00e1s importante del mundo abre rindiendo honores a Paco de Luc\u00eda con el preg\u00f3n de la bailaora Sara Baras y un flashmob bien coreografiado por Patricia Guerrero.<\/p>\n","protected":false,"gt_translate_keys":[{"key":"rendered","format":"html"}]},"author":63,"featured_media":1742,"comment_status":"open","ping_status":"open","sticky":false,"template":"","format":"standard","meta":{"_acf_changed":false,"pmpro_default_level":"","jnews-multi-image_gallery":[],"jnews_single_post":{"format":"standard","override":[{"template":"2","parallax":"1","fullscreen":"1","layout":"right-sidebar","sidebar":"default-sidebar","second_sidebar":"default-sidebar","sticky_sidebar":"1","share_position":"bottom","share_float_style":"share-monocrhome","show_share_counter":"1","show_view_counter":"1","show_featured":"1","show_post_meta":"1","show_post_author":"1","show_post_author_image":"1","show_post_date":"1","post_date_format":"default","post_date_format_custom":"Y\/m\/d","show_post_reading_time":"1","post_reading_time_wpm":"250","post_calculate_word_method":"str_word_count","show_zoom_button":"1","zoom_button_out_step":"2","zoom_button_in_step":"3","show_post_tag":"1","show_prev_next_post":"1","show_popup_post":"1","number_popup_post":"1","show_author_box":"1","show_post_related":"1","show_inline_post_related":"1"}],"image_override":[{"single_post_thumbnail_size":"crop-500","single_post_gallery_size":"crop-500"}],"trending_post_position":"meta","trending_post_label":"Tendencias","sponsored_post_label":"Patrocinado por","disable_ad":"0","subtitle":"El festival flamenco m\u00e1s importante del mundo abre rindiendo honores a Paco de Luc\u00eda con el preg\u00f3n de la bailaora Sara Baras y un flashmob bien coreografiado por Patricia Guerrero."},"jnews_primary_category":{"id":"248"},"jnews_override_bookmark_settings":{"override_bookmark_button":"0","override_show_bookmark_button":"0"},"jnews_social_meta":[],"jnews_review":[],"enable_review":"","type":"percentage","name":"","summary":"","brand":"","sku":"","good":[],"bad":[],"score_override":"","override_value":"","rating":[],"price":[],"jnews_override_counter":{"view_counter_number":"0","share_counter_number":"0","like_counter_number":"0","dislike_counter_number":"0"},"footnotes":""},"categories":[1049,46,38],"tags":[1051,1525,1526],"class_list":["post-1741","post","type-post","status-publish","format-standard","has-post-thumbnail","hentry","category-bienal","category-cronicas","category-en-portada","tag-bienal-de-sevilla","tag-flashmob","tag-pregon-de-sara-baras","pmpro-has-access"],"acf":[],"aioseo_notices":[],"gt_translate_keys":[{"key":"link","format":"url"}],"_links":{"self":[{"href":"https:\/\/expoflamenco.com\/revista\/wp-json\/wp\/v2\/posts\/1741","targetHints":{"allow":["GET"]}}],"collection":[{"href":"https:\/\/expoflamenco.com\/revista\/wp-json\/wp\/v2\/posts"}],"about":[{"href":"https:\/\/expoflamenco.com\/revista\/wp-json\/wp\/v2\/types\/post"}],"author":[{"embeddable":true,"href":"https:\/\/expoflamenco.com\/revista\/wp-json\/wp\/v2\/users\/63"}],"replies":[{"embeddable":true,"href":"https:\/\/expoflamenco.com\/revista\/wp-json\/wp\/v2\/comments?post=1741"}],"version-history":[{"count":0,"href":"https:\/\/expoflamenco.com\/revista\/wp-json\/wp\/v2\/posts\/1741\/revisions"}],"wp:featuredmedia":[{"embeddable":true,"href":"https:\/\/expoflamenco.com\/revista\/wp-json\/wp\/v2\/media\/1742"}],"wp:attachment":[{"href":"https:\/\/expoflamenco.com\/revista\/wp-json\/wp\/v2\/media?parent=1741"}],"wp:term":[{"taxonomy":"category","embeddable":true,"href":"https:\/\/expoflamenco.com\/revista\/wp-json\/wp\/v2\/categories?post=1741"},{"taxonomy":"post_tag","embeddable":true,"href":"https:\/\/expoflamenco.com\/revista\/wp-json\/wp\/v2\/tags?post=1741"}],"curies":[{"name":"wp","href":"https:\/\/api.w.org\/{rel}","templated":true}]}}