{"id":1713,"date":"2024-09-14T19:02:05","date_gmt":"2024-09-14T17:02:05","guid":{"rendered":"https:\/\/expoflamenco.com\/revistanew\/ricardo-fernandez-del-moral-el-artista-total\/"},"modified":"2024-09-14T19:02:05","modified_gmt":"2024-09-14T17:02:05","slug":"ricardo-fernandez-del-moral-el-artista-total","status":"publish","type":"post","link":"https:\/\/expoflamenco.com\/revista\/ricardo-fernandez-del-moral-el-artista-total\/","title":{"rendered":"Ricardo Fern\u00e1ndez del Moral, el artista total","gt_translate_keys":[{"key":"rendered","format":"text"}]},"content":{"rendered":"<p><strong>Ricardo Fern\u00e1ndez del Moral <\/strong>comparec\u00eda en el II <strong>Pepe Romero<\/strong> Guitar Fest de M\u00e1laga y deslumbr\u00f3 por su dominio pleno del cante y el toque, que le vali\u00f3 en su d\u00eda la L\u00e1mpara Minera en La Uni\u00f3n. El artista total.<\/p>\n<p>En un escenario con encanto y poco habitual para estos menesteres, el <strong>Cementerio Ingl\u00e9s<\/strong>, el cantaor y tocaor manchego ofreci\u00f3 un recital ilustrado, labor pedag\u00f3gica que a buen seguro le agradecieron los presentes.<\/p>\n<p>\u00abQuiero hacer un recorrido por palos cl\u00e1sicos del flamenco tradicional, pero tambi\u00e9n algunas composiciones propias y versiones de temas populares\u00bb, avanza.<\/p>\n<p>Abre el fuego con una estimable adaptaci\u00f3n por buler\u00edas de <em>Vencidos<\/em>, poema de <strong>Le\u00f3n Felipe<\/strong> \u00aben torno a mi paisano <strong>Don Quijote<\/strong>. El poeta se siente derrotado, abatido, como El Quijote cuando perdi\u00f3 su \u00faltima batalla\u00bb. Es su carta de presentaci\u00f3n.<\/p>\n<p>Ricardo Fern\u00e1ndez atesora un vozarr\u00f3n que maneja a voluntad, quej\u00edo, comp\u00e1s y dominio de los cantes y de la guitarra. Sorprende gratamente que domine por igual el cante y la sonanta.<\/p>\n<p>\u00abAhora quiero cantarle a esta tierra\u00bb, se\u00f1ala justo antes de pellizcar en la malague\u00f1a de <strong>El Mellizo <\/strong>con letra de la poeta y letrista flamenca local <strong>Carmen Aguirre<\/strong>.<\/p>\n<p>Aborda, a continuaci\u00f3n, un cante en desuso, la farruca. \u00abSe cree que tiene su origen en el folclore gallego, pero eso no est\u00e1 documentado. Tambi\u00e9n se dice que est\u00e1 inspirada en el teatro musical del XIX y que los flamencos la llevaron a su terreno hasta consolidarla como un palo m\u00e1s\u00bb, explica.<\/p>\n<p>&nbsp;<\/p>\n<blockquote><p><em>\u00abEstamos ante un artista complet\u00edsimo, el artista total. Cante y toque, el c\u00edrculo flamenco se abre y se cierra con \u00e9l. Hace alarde porque sabe, puede y quiere\u00bb<\/em><\/p><\/blockquote>\n<p>&nbsp;<\/p>\n<div class=\"jeg_video_container jeg_video_content\"><iframe title=\"Ricardo Fern\u00e1ndez Del Moral - II Pepe Romero Guitar Fest\" width=\"500\" height=\"281\" src=\"https:\/\/www.youtube.com\/embed\/HSwhqEUziYc?feature=oembed\" frameborder=\"0\" allow=\"accelerometer; autoplay; clipboard-write; encrypted-media; gyroscope; picture-in-picture; web-share\" referrerpolicy=\"strict-origin-when-cross-origin\" allowfullscreen><\/iframe><\/div>\n<p>&nbsp;<\/p>\n<p>\u00abVuelvo a M\u00e1laga, a los inicios del flamenco \u2013prosigue\u2013 con el polo, que ya exist\u00eda cuando el flamenco no exist\u00eda como lo conocemos hoy en d\u00eda, desde mediados del siglo XIX con <strong>Silverio Franconetti.<\/strong> El polo ya exist\u00eda a principios del XIX y seguro que a finales del XVIII. El primer int\u00e9rprete fue <strong>Tobalo<\/strong> de Ronda y despu\u00e9s<strong> El Planeta,<\/strong> un afamado cantaor de polos y ca\u00f1as\u00bb. E ilustra su explicaci\u00f3n interpretando el polo, que abre con la sole\u00e1 de <strong>Juaniqu\u00ed<\/strong> de Lebrija y cierra por sole\u00e1 apol\u00e1 evocando a Silverio. Se lo dedica a <strong>Pepe Romero<\/strong>, maestro de la guitarra cl\u00e1sica que da nombre a este festival.<\/p>\n<p>Estamos ante un artista complet\u00edsimo, el artista total. Cante y toque, el c\u00edrculo flamenco se abre y se cierra con \u00e9l. Un aut\u00e9ntico hombre orquesta.<\/p>\n<p>En las alegr\u00edas incorpora letras y giros propios sin perder un \u00e1pice de autenticidad. \u00abEn los ojos lleva el mar la gitana que yo quiero y en ellos el puerto para naufragar yo\u2026\u00bb.<\/p>\n<p>\u00abEl viaje hacia Am\u00e9rica \u2013asegura\u2013 fue clave en el flamenco y en la conformaci\u00f3n de los estilos. Hay cantes de ida y vuelta, de la mezcla de los folclores espa\u00f1ol y de Am\u00e9rica\u00bb. Y lo ilustra con la milonga, en este caso con la archiconocida <em>Vino amargo<\/em>, del gran <strong>Rafael Farina<\/strong>. Una delicia.<\/p>\n<p>\u00abEl cante y toque festero por antonomasia es la buler\u00eda, que se invent\u00f3 a primeros del siglo XX. <strong>Pastora y Vallejo<\/strong> fueron los art\u00edfices que cristalizaron este estilo. Permite cantar casi cualquier cosa por buler\u00edas\u00bb, subraya.<\/p>\n<p>Aparte de los estilos propiamente dichos de la geograf\u00eda flamenca, Utrera, Lebrija o Jerez, tambi\u00e9n interpreta cupl\u00e9s (copla, bolero o ranchera) por buler\u00edas. Suenan <em>Limosna de amores<\/em>, <em>Coraz\u00f3n loco<\/em>, <em>Coraz\u00f3n, coraz\u00f3n<\/em>, <em>Toda una vida<\/em> y <em>Paloma sin nido<\/em>, Hace alarde de cante y de toque porque sabe, puede y quiere.<\/p>\n<p>Y tras un largo y caluroso aplauso, con el p\u00fablico puesto en pie, le concede a \u00e9ste un par de fandangos, el segundo sin amplificaci\u00f3n, en los que se acuerda de <strong>Camar\u00f3n y Morente<\/strong>.<\/p>\n<p>&nbsp;<\/p>\n<p><strong>Ficha art\u00edstica<\/strong><\/p>\n<p>Ricardo Fern\u00e1ndez del Moral en concierto<br \/>\nII Pepe Romero Guitar Fest<br \/>\nCementerio Ingl\u00e9s de M\u00e1laga<br \/>\n13 de septiembre de 2024<br \/>\n<span class=\"s5\">Aforo: <\/span><span class=\"s5\">Lleno<\/span><span class=\"s5\"><br \/>\n<\/span><span class=\"s5\">Cante<\/span><span class=\"s5\"> y guitarra<\/span><span class=\"s5\">: <\/span><span class=\"s5\">Ricardo Fern\u00e1ndez del Moral<\/span><\/p>\n<p>&nbsp;<\/p>\n<figure id=\"attachment_67552\" aria-describedby=\"caption-attachment-67552\" style=\"width: 1140px\" class=\"wp-caption aligncenter\"><a href=\"https:\/\/expoflamenco.com\/prensa\/wp-content\/uploads\/sites\/17\/2024\/09\/expoflamenco-ricardo-fernandez-del-moral-4-pepe-romero-guitar-fest-cementerio-ingles-malaga-sep24-foto-alvaro-cabrera.jpg\"><img fetchpriority=\"high\" decoding=\"async\" class=\"size-full wp-image-67552\" src=\"https:\/\/expoflamenco.com\/prensa\/wp-content\/uploads\/sites\/17\/2024\/09\/expoflamenco-ricardo-fernandez-del-moral-4-pepe-romero-guitar-fest-cementerio-ingles-malaga-sep24-foto-alvaro-cabrera.jpg\" alt=\"\" width=\"1140\" height=\"760\" \/><\/a><figcaption id=\"caption-attachment-67552\" class=\"wp-caption-text\">Ricardo Fern\u00e1ndez del Moral. Pepe Romero Guitar Fest. Cementerio Ingl\u00e9s de M\u00e1laga. 13 sep 2024. Foto: \u00c1lvaro Cabrera<\/figcaption><\/figure>\n<figure id=\"attachment_67551\" aria-describedby=\"caption-attachment-67551\" style=\"width: 1140px\" class=\"wp-caption aligncenter\"><a href=\"https:\/\/expoflamenco.com\/prensa\/wp-content\/uploads\/sites\/17\/2024\/09\/expoflamenco-ricardo-fernandez-del-moral-2-pepe-romero-guitar-fest-cementerio-ingles-malaga-sep24-foto-alvaro-cabrera.jpg\"><img decoding=\"async\" class=\"size-full wp-image-67551\" src=\"https:\/\/expoflamenco.com\/prensa\/wp-content\/uploads\/sites\/17\/2024\/09\/expoflamenco-ricardo-fernandez-del-moral-2-pepe-romero-guitar-fest-cementerio-ingles-malaga-sep24-foto-alvaro-cabrera.jpg\" alt=\"\" width=\"1140\" height=\"760\" \/><\/a><figcaption id=\"caption-attachment-67551\" class=\"wp-caption-text\">Ricardo Fern\u00e1ndez del Moral. Pepe Romero Guitar Fest. Cementerio Ingl\u00e9s de M\u00e1laga. 13 sep 2024. Foto: \u00c1lvaro Cabrera<\/figcaption><\/figure>\n<figure id=\"attachment_67554\" aria-describedby=\"caption-attachment-67554\" style=\"width: 1140px\" class=\"wp-caption aligncenter\"><a href=\"https:\/\/expoflamenco.com\/prensa\/wp-content\/uploads\/sites\/17\/2024\/09\/expoflamenco-ricardo-fernandez-del-moral-1-pepe-romero-guitar-fest-cementerio-ingles-malaga-sep24-foto-alvaro-cabrera.jpg\"><img decoding=\"async\" class=\"size-full wp-image-67554\" src=\"https:\/\/expoflamenco.com\/prensa\/wp-content\/uploads\/sites\/17\/2024\/09\/expoflamenco-ricardo-fernandez-del-moral-1-pepe-romero-guitar-fest-cementerio-ingles-malaga-sep24-foto-alvaro-cabrera.jpg\" alt=\"\" width=\"1140\" height=\"760\" \/><\/a><figcaption id=\"caption-attachment-67554\" class=\"wp-caption-text\">Ricardo Fern\u00e1ndez del Moral. Pepe Romero Guitar Fest. Cementerio Ingl\u00e9s de M\u00e1laga. 13 sep 2024. Foto: \u00c1lvaro Cabrera<\/figcaption><\/figure>\n<figure id=\"attachment_67553\" aria-describedby=\"caption-attachment-67553\" style=\"width: 760px\" class=\"wp-caption aligncenter\"><a href=\"https:\/\/expoflamenco.com\/prensa\/wp-content\/uploads\/sites\/17\/2024\/09\/expoflamenco-ricardo-fernandez-del-moral-5-pepe-romero-guitar-fest-cementerio-ingles-malaga-sep24-foto-alvaro-cabrera.jpg\"><img loading=\"lazy\" decoding=\"async\" class=\"size-full wp-image-67553\" src=\"https:\/\/expoflamenco.com\/prensa\/wp-content\/uploads\/sites\/17\/2024\/09\/expoflamenco-ricardo-fernandez-del-moral-5-pepe-romero-guitar-fest-cementerio-ingles-malaga-sep24-foto-alvaro-cabrera.jpg\" alt=\"\" width=\"760\" height=\"1140\" \/><\/a><figcaption id=\"caption-attachment-67553\" class=\"wp-caption-text\">Ricardo Fern\u00e1ndez del Moral. Pepe Romero Guitar Fest. Cementerio Ingl\u00e9s de M\u00e1laga. 13 sep 2024. Foto: \u00c1lvaro Cabrera<\/figcaption><\/figure>\n","protected":false,"gt_translate_keys":[{"key":"rendered","format":"html"}]},"excerpt":{"rendered":"<p>Ricardo Fern\u00e1ndez del Moral comparec\u00eda en el II Pepe Romero Guitar Fest de M\u00e1laga y deslumbr\u00f3 por su pleno dominio del cante y el toque, que le vali\u00f3 en su d\u00eda la L\u00e1mpara Minera en La Uni\u00f3n. El artista total. <\/p>\n","protected":false,"gt_translate_keys":[{"key":"rendered","format":"html"}]},"author":27,"featured_media":1714,"comment_status":"open","ping_status":"open","sticky":false,"template":"","format":"standard","meta":{"_acf_changed":false,"pmpro_default_level":"","jnews-multi-image_gallery":[],"jnews_single_post":{"format":"standard","override":[{"template":"2","parallax":"1","fullscreen":"1","layout":"right-sidebar","sidebar":"default-sidebar","second_sidebar":"default-sidebar","sticky_sidebar":"1","share_position":"bottom","share_float_style":"share-monocrhome","show_share_counter":"1","show_view_counter":"1","show_featured":"1","show_post_meta":"1","show_post_author":"1","show_post_author_image":"1","show_post_date":"1","post_date_format":"default","post_date_format_custom":"Y\/m\/d","show_post_reading_time":"1","post_reading_time_wpm":"250","post_calculate_word_method":"str_word_count","show_zoom_button":"1","zoom_button_out_step":"2","zoom_button_in_step":"3","show_post_tag":"1","show_prev_next_post":"1","show_popup_post":"1","number_popup_post":"1","show_author_box":"1","show_post_related":"1","show_inline_post_related":"1"}],"image_override":[{"single_post_thumbnail_size":"crop-500","single_post_gallery_size":"crop-500"}],"trending_post_position":"meta","trending_post_label":"Tendencias","sponsored_post_label":"Patrocinado por","disable_ad":"0","subtitle":"Ricardo Fern\u00e1ndez del Moral comparec\u00eda en el II Pepe Romero Guitar Fest de M\u00e1laga y deslumbr\u00f3 por su pleno dominio del cante y el toque, que le vali\u00f3 en su d\u00eda la L\u00e1mpara Minera en La Uni\u00f3n. El artista total."},"jnews_primary_category":{"id":"248"},"jnews_override_bookmark_settings":{"override_bookmark_button":"0","override_show_bookmark_button":"0"},"jnews_social_meta":[],"jnews_review":[],"enable_review":"","type":"percentage","name":"","summary":"","brand":"","sku":"","good":[],"bad":[],"score_override":"","override_value":"","rating":[],"price":[],"jnews_override_counter":{"view_counter_number":"0","share_counter_number":"0","like_counter_number":"0","dislike_counter_number":"0"},"footnotes":""},"categories":[46],"tags":[1499,1500,1501],"class_list":["post-1713","post","type-post","status-publish","format-standard","has-post-thumbnail","hentry","category-cronicas","tag-cementerio-ingles-de-malaga","tag-ii-pepe-romero-guitar-fest-de-malaga","tag-ricardo-fernandez-del-moral","pmpro-has-access"],"acf":[],"aioseo_notices":[],"gt_translate_keys":[{"key":"link","format":"url"}],"_links":{"self":[{"href":"https:\/\/expoflamenco.com\/revista\/wp-json\/wp\/v2\/posts\/1713","targetHints":{"allow":["GET"]}}],"collection":[{"href":"https:\/\/expoflamenco.com\/revista\/wp-json\/wp\/v2\/posts"}],"about":[{"href":"https:\/\/expoflamenco.com\/revista\/wp-json\/wp\/v2\/types\/post"}],"author":[{"embeddable":true,"href":"https:\/\/expoflamenco.com\/revista\/wp-json\/wp\/v2\/users\/27"}],"replies":[{"embeddable":true,"href":"https:\/\/expoflamenco.com\/revista\/wp-json\/wp\/v2\/comments?post=1713"}],"version-history":[{"count":0,"href":"https:\/\/expoflamenco.com\/revista\/wp-json\/wp\/v2\/posts\/1713\/revisions"}],"wp:featuredmedia":[{"embeddable":true,"href":"https:\/\/expoflamenco.com\/revista\/wp-json\/wp\/v2\/media\/1714"}],"wp:attachment":[{"href":"https:\/\/expoflamenco.com\/revista\/wp-json\/wp\/v2\/media?parent=1713"}],"wp:term":[{"taxonomy":"category","embeddable":true,"href":"https:\/\/expoflamenco.com\/revista\/wp-json\/wp\/v2\/categories?post=1713"},{"taxonomy":"post_tag","embeddable":true,"href":"https:\/\/expoflamenco.com\/revista\/wp-json\/wp\/v2\/tags?post=1713"}],"curies":[{"name":"wp","href":"https:\/\/api.w.org\/{rel}","templated":true}]}}