{"id":1701,"date":"2024-09-16T09:26:06","date_gmt":"2024-09-16T07:26:06","guid":{"rendered":"https:\/\/expoflamenco.com\/revistanew\/segundo-entre-dos-guitarras-de-primera\/"},"modified":"2024-09-16T09:26:06","modified_gmt":"2024-09-16T07:26:06","slug":"segundo-entre-dos-guitarras-de-primera","status":"publish","type":"post","link":"https:\/\/expoflamenco.com\/revista\/segundo-entre-dos-guitarras-de-primera\/","title":{"rendered":"Segundo entre dos guitarras de primera","gt_translate_keys":[{"key":"rendered","format":"text"}]},"content":{"rendered":"<p>En un concierto para voz y guitarra en el que el instrumento brind\u00f3 su doble faceta actual de concierto y acompa\u00f1amiento, <strong>Segundo Falc\u00f3n<\/strong> evidenci\u00f3 en la jornada de ayer una \u00e1gil y di\u00e1fana exposici\u00f3n de matices cantaores, de tiempos vivaces y audaces contrastes din\u00e1micos, mientras que los guitarristas patentizaron su acreditada calidad, tan contrastante, y acrisolado refinamiento discursivo.<\/p>\n<p><strong><em>Entre dos guitarras<\/em><\/strong> ha sido un concierto m\u00e1s sin programa que echarse a los ojos, falla que evidencia la <a href=\"https:\/\/www.labienal.com\/\" target=\"_blank\" rel=\"noopener\">Bienal de Sevilla<\/a> desde tiempos remotos, sobre todo en foros de esta edici\u00f3n como el Teatro Alameda o en el <strong>Espacio Turina<\/strong>, donde Falc\u00f3n present\u00f3 la est\u00e9tica de una puesta en escena \u00e1gil en el movimiento y sucesi\u00f3n de cuadros, bifurc\u00e1ndose la propuesta entre la guitarra en solitario y el ulterior cortejo al cante, traduci\u00e9ndose el recital con una grata musicalidad y precisi\u00f3n.<\/p>\n<p>El primer brillo de la jornada recay\u00f3 en la guitarra de <strong>Rafael Rodr\u00edguez<\/strong>, que demostr\u00f3 su hondo talento en <em>Tu luz<\/em>, concebida para crear atm\u00f3sferas, para delinear una seguiriya h\u00e1bilmente coloreada de jondura y a trav\u00e9s de una sonoridad de cuerdas de flamenca exquisitez, expandiendo la m\u00fasica lentamente hasta penetrar en el coraz\u00f3n de los asistentes, al tiempo que exhib\u00eda una t\u00e9cnica clara y sencilla pero \u00e1gil, precisa y transmisora, cargada de tensi\u00f3n, contrastes y vivacidad, rasgos que presidieron el esplendor del guitarrista sevillano.<\/p>\n<p><strong>Paco Jarana<\/strong>, por su parte, abord\u00f3 unos fandangos, <em>La Tuli<\/em>, plenos de barroca musicalidad, pues no le afecta caer en excesos. Fue sin duda una ejecuci\u00f3n de gran personalidad, matizad\u00edsima y de una armon\u00eda descollante, acompa\u00f1ada no s\u00f3lo con la l\u00f3gica conjunci\u00f3n, primor y equilibrio de los compases ternarios y la percusi\u00f3n, sino tambi\u00e9n con intensidad y tensi\u00f3n propias de la identidad del instrumentista nazareno, que destac\u00f3 por el sentido de la construcci\u00f3n de la pieza, los cl\u00edmax y la profundidad que atesora.<\/p>\n<p>&nbsp;<\/p>\n<blockquote><p><em>\u00abLa voz de Segundo Falc\u00f3n destac\u00f3 por su impoluto trazo mel\u00f3dico, por su riqueza tem\u00e1tica y de r\u00edtmica precisa y ajustada, pero en el que disfrutamos de muy buenos detalles instrumentales merced a dos guitarras de primera, las de Rafael Rodr\u00edguez y Paco Jarana, de alta capacidad de concentraci\u00f3n, gesto claro y conminativo, sentido del ritmo y de las proporciones\u00bb<\/em><\/p><\/blockquote>\n<p>&nbsp;<\/p>\n<figure id=\"attachment_67804\" aria-describedby=\"caption-attachment-67804\" style=\"width: 1140px\" class=\"wp-caption aligncenter\"><a href=\"https:\/\/expoflamenco.com\/prensa\/wp-content\/uploads\/sites\/17\/2024\/09\/expoflamenco-segundo-falcon-paco-jarana-y-rafael-rodriguez-2-entre-dos-guitarras-xxiii-bienal-sevilla-espacio-turina-sep24-foto-archivo-fotografico-bienal-laura-leon.jpg\"><img fetchpriority=\"high\" decoding=\"async\" class=\"size-full wp-image-67804\" src=\"https:\/\/expoflamenco.com\/prensa\/wp-content\/uploads\/sites\/17\/2024\/09\/expoflamenco-segundo-falcon-paco-jarana-y-rafael-rodriguez-2-entre-dos-guitarras-xxiii-bienal-sevilla-espacio-turina-sep24-foto-archivo-fotografico-bienal-laura-leon.jpg\" alt=\"\" width=\"1140\" height=\"760\" \/><\/a><figcaption id=\"caption-attachment-67804\" class=\"wp-caption-text\">&#8216;Entre dos guitarras&#8217;, de Segundo Falc\u00f3n, Paco Jarana y Rafael Rodr\u00edguez. XXIII Bienal de Flamenco de Sevilla. Espacio Turina. 15 sep 2024. Foto: Archivo fotogr\u00e1fico Bienal @Laura Le\u00f3n<\/figcaption><\/figure>\n<p>&nbsp;<\/p>\n<p>El segundo bloque qued\u00f3 a favor de Segundo Falc\u00f3n, lanzado desde el inicio a la b\u00fasqueda permanente y fructuosa de la grana\u00edna, con registros morentianos, y la media grana\u00edna, en la que aludi\u00f3 a su mujer, la admirada bailaora <strong>Fali<\/strong>, con lo que confirm\u00f3 una composici\u00f3n con un sonido perfumado y \u00e1ureo, con un fraseo generoso, de una cuidada realizaci\u00f3n, y con un flujo mel\u00f3dico siempre presente pero sin apelar a lejanas y expresivas explosiones.<\/p>\n<p>A partir de ah\u00ed la propuesta nos retrotra\u00eda a la que all\u00e1 por julio present\u00f3 en la <strong>Fiesta de la Guitarra, de Marchena<\/strong>, de ah\u00ed que exhibiera <em>La matriz<\/em>, combinando la liviana y serrana con el polo, ronde\u00f1a y fandango en parte \u201csemitonado\u201d de <strong>Frasquito Yerbabuena<\/strong>, cantes construidos desde esos muros donde el cantaor entiende que se fundamenta el \u00f3rgano genital del flamenco, paredes que parecen espejos pero que resultan totalmente permeables a la vista del rigor cient\u00edfico.<\/p>\n<p>Y a partir de ah\u00ed, Falc\u00f3n se introdujo en la sole\u00e1 apol\u00e1 <em>(De media capa)<\/em>, a la que incluy\u00f3 las variantes alfareras y el cierra de la sole\u00e1 petenera, a fin de subrayar sus diferencias y, sobre todo, las vivencias que m\u00e1s han marcado sus momentos vitales, con los influjos de los maestros de la tipolog\u00eda, contrastando con los jaleos extreme\u00f1os <em>(Son de la Feria Zafra)<\/em>, escoltados igualmente por dos voces femeninas, y anunci\u00e1ndose para la conclusi\u00f3n los fandangos <em>(Aires de la Alameda)<\/em>, con lo que el cantaor visue\u00f1o indag\u00f3 con acierto en los contrastes de luces y sombras de la expresi\u00f3n cantaora, de ah\u00ed que estuvieran presente en su propuesta la angustia y el amor, aunque tambi\u00e9n de manera luminosa la esperanza y la alegr\u00eda.<\/p>\n<p>En ese conjunto hay que se\u00f1alar que la voz de Falc\u00f3n se antoja, para quien firma, algo clara para determinados estilos que en momentos puntuales demandan tonalidades m\u00e1s sombr\u00edas, aunque dotada de una emisi\u00f3n aterciopelada en el centro con un control diafragm\u00e1tico excelente para el cante a media voz, que por a\u00f1adidura se torna algo \u00e1cida en el extremo agudo y elevado de su registro, como lo patentiz\u00f3 en la sole\u00e1, al igual que una exploraci\u00f3n en los graves que no es opaca ni desguarnecida, con lo que la actuaci\u00f3n adquiere su entidad y raz\u00f3n de ser.<\/p>\n<p>Es la conclusi\u00f3n t\u00e9cnica de este concierto con una voz, la de Segundo Falc\u00f3n, que destac\u00f3 por su impoluto trazo mel\u00f3dico, por su riqueza tem\u00e1tica y de r\u00edtmica precisa y ajustada, pero en el que disfrutamos de muy buenos detalles instrumentales merced a dos guitarras de primera, las de Rafael Rodr\u00edguez y Paco Jarana, de alta capacidad de concentraci\u00f3n, gesto claro y conminativo, sentido del ritmo y de las proporciones, sensibilidad para el control de din\u00e1micas, sin obviar el vigor que disponen para levantar el \u00edmpetu de poderosas estructuras y su voluntad clarificadora.<\/p>\n<p>&nbsp;<\/p>\n<p><strong>Ficha art\u00edstica<\/strong><\/p>\n<p><em>Entre dos guitarras<\/em>, de Segundo Falc\u00f3n, Paco Jarana y Rafael Rodr\u00edguez<br \/>\nXXIII Bienal de Flamenco de Sevilla<br \/>\nEspacio Turina<br \/>\n15 de septiembre de 2024<br \/>\nCante: Segundo Falc\u00f3n<br \/>\nGuitarras: Paco Jarana y Rafael Rodr\u00edguez<br \/>\nPercusi\u00f3n: Daniel Su\u00e1rez<br \/>\nDirecci\u00f3n: Segundo Falc\u00f3n<\/p>\n<p>&nbsp;<\/p>\n<figure id=\"attachment_67805\" aria-describedby=\"caption-attachment-67805\" style=\"width: 812px\" class=\"wp-caption aligncenter\"><a href=\"https:\/\/expoflamenco.com\/prensa\/wp-content\/uploads\/sites\/17\/2024\/09\/expoflamenco-segundo-falcon-paco-jarana-y-rafael-rodriguez-3-entre-dos-guitarras-xxiii-bienal-sevilla-espacio-turina-sep24-foto-archivo-fotografico-bienal-laura-leon.jpg\"><img decoding=\"async\" class=\"size-full wp-image-67805\" src=\"https:\/\/expoflamenco.com\/prensa\/wp-content\/uploads\/sites\/17\/2024\/09\/expoflamenco-segundo-falcon-paco-jarana-y-rafael-rodriguez-3-entre-dos-guitarras-xxiii-bienal-sevilla-espacio-turina-sep24-foto-archivo-fotografico-bienal-laura-leon.jpg\" alt=\"\" width=\"812\" height=\"1140\" \/><\/a><figcaption id=\"caption-attachment-67805\" class=\"wp-caption-text\">&#8216;Entre dos guitarras&#8217;, de Segundo Falc\u00f3n, Paco Jarana y Rafael Rodr\u00edguez. XXIII Bienal de Flamenco de Sevilla. Espacio Turina. 15 sep 2024. Foto: Archivo fotogr\u00e1fico Bienal @Laura Le\u00f3n<\/figcaption><\/figure>\n","protected":false,"gt_translate_keys":[{"key":"rendered","format":"html"}]},"excerpt":{"rendered":"<p>Segundo Falc\u00f3n evidenci\u00f3 en La Bienal una \u00e1gil y di\u00e1fana exposici\u00f3n de matices cantaores, de tiempos vivaces y audaces contrastes din\u00e1micos, mientras que los guitarristas Paco Jarana y Rafael Rodr\u00edguez patentizaron su acreditada calidad, tan contrastante, y acrisolado refinamiento discursivo.<\/p>\n","protected":false,"gt_translate_keys":[{"key":"rendered","format":"html"}]},"author":44,"featured_media":1702,"comment_status":"open","ping_status":"open","sticky":false,"template":"","format":"standard","meta":{"_acf_changed":false,"pmpro_default_level":"","jnews-multi-image_gallery":[],"jnews_single_post":{"format":"standard","override":[{"template":"2","parallax":"1","fullscreen":"1","layout":"right-sidebar","sidebar":"default-sidebar","second_sidebar":"default-sidebar","sticky_sidebar":"1","share_position":"bottom","share_float_style":"share-monocrhome","show_share_counter":"1","show_view_counter":"1","show_featured":"1","show_post_meta":"1","show_post_author":"1","show_post_author_image":"1","show_post_date":"1","post_date_format":"default","post_date_format_custom":"Y\/m\/d","show_post_reading_time":"1","post_reading_time_wpm":"250","post_calculate_word_method":"str_word_count","show_zoom_button":"1","zoom_button_out_step":"2","zoom_button_in_step":"3","show_post_tag":"1","show_prev_next_post":"1","show_popup_post":"1","number_popup_post":"1","show_author_box":"1","show_post_related":"1","show_inline_post_related":"1"}],"image_override":[{"single_post_thumbnail_size":"crop-500","single_post_gallery_size":"crop-500"}],"trending_post_position":"meta","trending_post_label":"Tendencias","sponsored_post_label":"Patrocinado por","disable_ad":"0","subtitle":"Segundo Falc\u00f3n evidenci\u00f3 en La Bienal una \u00e1gil y di\u00e1fana exposici\u00f3n de matices cantaores, de tiempos vivaces y audaces contrastes din\u00e1micos, mientras que los guitarristas Paco Jarana y Rafael Rodr\u00edguez patentizaron su acreditada calidad, tan contrastante, y acrisolado refinamiento discursivo."},"jnews_primary_category":{"id":"248"},"jnews_override_bookmark_settings":{"override_bookmark_button":"0","override_show_bookmark_button":"0"},"jnews_social_meta":[],"jnews_review":[],"enable_review":"","type":"percentage","name":"","summary":"","brand":"","sku":"","good":[],"bad":[],"score_override":"","override_value":"","rating":[],"price":[],"jnews_override_counter":{"view_counter_number":"0","share_counter_number":"0","like_counter_number":"0","dislike_counter_number":"0"},"footnotes":""},"categories":[1049,46,38],"tags":[1483,1437,1484,1485,1486,259],"class_list":["post-1701","post","type-post","status-publish","format-standard","has-post-thumbnail","hentry","category-bienal","category-cronicas","category-en-portada","tag-entre-dos-guitarras","tag-espacio-turina","tag-paco-jarana","tag-rafael-rodriguez","tag-segundo-falcon","tag-xxiii-bienal-de-flamenco-de-sevilla","pmpro-has-access"],"acf":[],"aioseo_notices":[],"gt_translate_keys":[{"key":"link","format":"url"}],"_links":{"self":[{"href":"https:\/\/expoflamenco.com\/revista\/wp-json\/wp\/v2\/posts\/1701","targetHints":{"allow":["GET"]}}],"collection":[{"href":"https:\/\/expoflamenco.com\/revista\/wp-json\/wp\/v2\/posts"}],"about":[{"href":"https:\/\/expoflamenco.com\/revista\/wp-json\/wp\/v2\/types\/post"}],"author":[{"embeddable":true,"href":"https:\/\/expoflamenco.com\/revista\/wp-json\/wp\/v2\/users\/44"}],"replies":[{"embeddable":true,"href":"https:\/\/expoflamenco.com\/revista\/wp-json\/wp\/v2\/comments?post=1701"}],"version-history":[{"count":0,"href":"https:\/\/expoflamenco.com\/revista\/wp-json\/wp\/v2\/posts\/1701\/revisions"}],"wp:featuredmedia":[{"embeddable":true,"href":"https:\/\/expoflamenco.com\/revista\/wp-json\/wp\/v2\/media\/1702"}],"wp:attachment":[{"href":"https:\/\/expoflamenco.com\/revista\/wp-json\/wp\/v2\/media?parent=1701"}],"wp:term":[{"taxonomy":"category","embeddable":true,"href":"https:\/\/expoflamenco.com\/revista\/wp-json\/wp\/v2\/categories?post=1701"},{"taxonomy":"post_tag","embeddable":true,"href":"https:\/\/expoflamenco.com\/revista\/wp-json\/wp\/v2\/tags?post=1701"}],"curies":[{"name":"wp","href":"https:\/\/api.w.org\/{rel}","templated":true}]}}