{"id":1625,"date":"2024-08-29T07:29:33","date_gmt":"2024-08-29T05:29:33","guid":{"rendered":"https:\/\/expoflamenco.com\/revistanew\/pamplona-enciende-el-fuego-en-la-calle-con-el-on-fire\/"},"modified":"2024-08-29T07:29:33","modified_gmt":"2024-08-29T05:29:33","slug":"pamplona-enciende-el-fuego-en-la-calle-con-el-on-fire","status":"publish","type":"post","link":"https:\/\/expoflamenco.com\/revista\/pamplona-enciende-el-fuego-en-la-calle-con-el-on-fire\/","title":{"rendered":"Pamplona enciende el fuego en la calle con el On Fire","gt_translate_keys":[{"key":"rendered","format":"text"}]},"content":{"rendered":"<p>He vuelto a\u00a0<a href=\"https:\/\/www.flamencoonfire.org\/\" target=\"_blank\" rel=\"noopener\">Flamenco On Fire<\/a>, el festival al que promet\u00ed regresar alg\u00fan d\u00eda desde que lo conoc\u00ed presencialmente en el a\u00f1o 2022 y qued\u00e9 prendado por el ambiente que se respira en las calles de\u00a0<strong>Pamplona<\/strong>\u00a0durante los d\u00edas de celebraci\u00f3n. Este a\u00f1o, el 23 y 24 de agosto ya se ofreci\u00f3\u00a0<a href=\"https:\/\/www.expoflamenco.com\/prensa\/jesus-mendez-chupinazo-del-festival-flamenco-on-fire\/\" target=\"_blank\" rel=\"noopener\">un importante aperitivo<\/a>\u00a0en dos ciudades cercanas, Viana y Tudela, respectivamente, con jornadas en las que destacaron\u00a0<strong>Jes\u00fas M\u00e9ndez<\/strong>\u00a0y\u00a0<strong>El Choro<\/strong>, as\u00ed como\u00a0<strong>Jos\u00e9 Maya<\/strong>\u00a0en la segunda ciudad.<\/p>\n<p>La programaci\u00f3n es variada: desde los perfiles m\u00e1s tradicionales, cl\u00e1sicos y nombres de siempre hasta formaciones que basan sus influencias en las melod\u00edas\u00a0<em>jondas<\/em>, aunque no se les puede definir como tal. Este hecho implica la transversalidad de la oferta y eso hace que el respetable conozca o se interese por todas las actividades.<\/p>\n<p>Algo especial este a\u00f1o es la entrega del\u00a0<strong>\u2018pa\u00f1uelo Sabicas\u2019<\/strong>\u00a0a los artistas o al protagonista de la misma al finalizar cada actuaci\u00f3n, un acto simb\u00f3lico que aparenta quedarse para siempre como si fuera un icono del festival, una se\u00f1a de identidad del territorio. Los artistas siempre se muestran generosos, sonrientes, agradecidos y entregados, saben que est\u00e1n en Pamplona y en un festival con una capacidad medi\u00e1tica importante y que el p\u00fablico responde.<\/p>\n<p>En\u00a0<strong>Pamplona<\/strong>, la primera actuaci\u00f3n la ofreci\u00f3 el maestro jerezano\u00a0<strong>Gerardo N\u00fa\u00f1ez<\/strong>, desde el balc\u00f3n del Palacio de Navarra con cientos de personas levantando su cuello para apreciar la presencia de un creador nato, un luchador al que nadie le ha regalado nada en su vida y quien ha conseguido, hace ya bastante, tener un sello especial y eso que no es f\u00e1cil habiendo bebido tanto del cante y toque de su tierra. Pues con ronde\u00f1as, farrucas o buler\u00edas, demostr\u00f3 estar en facultades plenas y as\u00ed repiti\u00f3 \u00e9xito al d\u00eda siguiente en el estrenado\u00a0<strong>Espacio Sabicas<\/strong>, esta vez con el esperanzador toque del\u00a0<em>grana\u00edno<\/em>\u00a0<strong>\u00c1lvaro Martinete<\/strong>. Gerardo siempre piensa en los nuevos valores y apuesta por el que considera tener las bases s\u00f3lidas para ayudarlo a evolucionar.<\/p>\n<p>&nbsp;<\/p>\n<blockquote><p><em>\u00abHe vuelto a\u00a0<a href=\"https:\/\/www.flamencoonfire.org\/\" target=\"_blank\" rel=\"noopener\">Flamenco On Fire<\/a>, el festival al que promet\u00ed regresar alg\u00fan d\u00eda desde que lo conoc\u00ed presencialmente en el a\u00f1o 2022 y qued\u00e9 prendado por el ambiente que se respira en las calles de Pamplona durante los d\u00edas de celebraci\u00f3n\u00bb<\/em><\/p><\/blockquote>\n<p>&nbsp;<\/p>\n<div id=\"attachment_53597\" class=\"wp-caption aligncenter\"><a href=\"https:\/\/www.expoflamenco.com\/wp-content\/uploads\/2024\/08\/festival-flamenco-on-fire-1-capullo-de-jerez-en-tablao-on-fire-foto-on-fire.jpg\"><img fetchpriority=\"high\" decoding=\"async\" class=\"size-full wp-image-53597\" src=\"https:\/\/www.expoflamenco.com\/wp-content\/uploads\/2024\/08\/festival-flamenco-on-fire-1-capullo-de-jerez-en-tablao-on-fire-foto-on-fire.jpg\" srcset=\"https:\/\/www.expoflamenco.com\/wp-content\/uploads\/2024\/08\/festival-flamenco-on-fire-1-capullo-de-jerez-en-tablao-on-fire-foto-on-fire.jpg 1300w, https:\/\/www.expoflamenco.com\/wp-content\/uploads\/2024\/08\/festival-flamenco-on-fire-1-capullo-de-jerez-en-tablao-on-fire-foto-on-fire-300x200.jpg 300w, https:\/\/www.expoflamenco.com\/wp-content\/uploads\/2024\/08\/festival-flamenco-on-fire-1-capullo-de-jerez-en-tablao-on-fire-foto-on-fire-1024x684.jpg 1024w, https:\/\/www.expoflamenco.com\/wp-content\/uploads\/2024\/08\/festival-flamenco-on-fire-1-capullo-de-jerez-en-tablao-on-fire-foto-on-fire-768x513.jpg 768w, https:\/\/www.expoflamenco.com\/wp-content\/uploads\/2024\/08\/festival-flamenco-on-fire-1-capullo-de-jerez-en-tablao-on-fire-foto-on-fire-128x86.jpg 128w\" alt=\"\" width=\"1300\" height=\"868\" aria-describedby=\"caption-attachment-53597\" \/><\/a><\/p>\n<p id=\"caption-attachment-53597\" class=\"wp-caption-text\">Capullo de Jerez. Festival Flamenco On Fire. Tablao On Fire, Hotel Tres Reyes, Pamplona. Foto: FOF<\/p>\n<\/div>\n<p>&nbsp;<\/p>\n<p>Por la ma\u00f1ana,\u00a0<strong>Pepe Habichuela<\/strong>, uno de los rostros habituales de este festival, actu\u00f3 en la Plaza del Ayuntamiento, junto a\u00a0<strong>Josemi Carmona<\/strong>, con cientos de personas alrededor y expectantes por ver la uni\u00f3n de estos m\u00fasicos flamencos con la Compa\u00f1\u00eda de danza, m\u00fasica y canci\u00f3n folkl\u00f3rica de\u00a0<strong>Euskal Herria,\u00a0Duguna<\/strong>, que se encuentra este a\u00f1o celebrando el 75\u00ba aniversario de su fundaci\u00f3n. Fue una gran suerte respirar algo tan tradicional para los pamploneses con el sonido de las cuerdas de los Carmona.<\/p>\n<p>Seguidamente, se entregaron los galardones de la\u00a0<strong>Fundaci\u00f3n Flamenco On Fire<\/strong>, acto que tuve el gusto de conducir en el Nuevo Casino Principal. Los premiados fueron el especialista en patrimonio sonoro\u00a0<strong>Carlos Mart\u00edn Ballester<\/strong>, la doctora en Antropolog\u00eda\u00a0<strong>Cristina Cruces<\/strong>\u00a0y la\u00a0<strong>Fundaci\u00f3n Alal\u00e1<\/strong>. Emocionados se mostraron tantos los dos primeros como los representantes de la fundaci\u00f3n, cuyo espacio de acci\u00f3n se encuentra en el Pol\u00edgono Sur de Sevilla y en la Estancia Barrera de Jerez.\u00a0<strong>Jer\u00f3nimo Maya<\/strong>\u00a0puso la nota musical, con una guitarra punzante y doliente, dedic\u00e1ndole su sole\u00e1 a\u00a0<strong>Emilio Caracaf\u00e9<\/strong>, representando a la Fundaci\u00f3n Alal\u00e1 junto a Blanca Parejo.<\/p>\n<p>Tras las cervezas y los pintxos, en los que se coincide con grandes de la comunicaci\u00f3n, artistas que andan por aqu\u00ed o aficionados de otros lugares de Espa\u00f1a, y una vez que concluy\u00f3 el exitoso recital de Gerardo, la encargada de abrir plaza en el Palacio Ezpeleta fue\u00a0<strong>Salom\u00e9 Pav\u00f3n<\/strong>\u00a0con la guitarra de\u00a0<strong>Jer\u00f3nimo Maya<\/strong>. La hija de Arturo Pav\u00f3n y Luisa Ortega realiz\u00f3 un recital que camin\u00f3 por la buler\u00eda por sole\u00e1, la seguiriya, alegr\u00edas, buler\u00edas, tangos, fandangos\u2026 Se dej\u00f3 la piel y as\u00ed lo agradeci\u00f3 el p\u00fablico, en pie y pidiendo otra. Tambi\u00e9n la acompa\u00f1\u00f3 \u201cel maestro\u201d Jer\u00f3nimo Maya.<\/p>\n<p>A la misma hora, casi, en la Sala Zentral, actuaban\u00a0<strong>Derby Motoreta\u2019s Burrito Kachimba<\/strong>, pero no llegamos a tiempo. Nos cuentan que estaba lleno. Despu\u00e9s de la cena, en tiempo r\u00e9cord, volvimos al\u00a0<strong>Hotel Tres Reyes<\/strong>, donde se hospeda la prensa, artistas y organizaci\u00f3n, pero no lo hicimos para descansar. A las diez y media de la noche se inaugur\u00f3 el\u00a0<strong>Tablao On Fire<\/strong>, en un sal\u00f3n del propio hotel, con todo el papel vendido para recibir al gran\u00a0<strong>Capullo de Jerez<\/strong>, que gust\u00f3 por buler\u00eda por sole\u00e1, fandangos, tarantos, y por supuesto, una buena dosis de comp\u00e1s por buler\u00edas. Capullo es la fiesta, el ritmo, la transmisi\u00f3n de una \u00e9poca dorada y vibrante. As\u00ed lo agradeci\u00f3 el p\u00fablico, casi no dej\u00e1ndolo ir. A la guitarra estuvo\u00a0<strong>Ram\u00f3n Trujillo<\/strong>, que abri\u00f3 plaza por buler\u00edas, con las palmas de\u00a0<strong>Jes\u00fas Flores, Manuel Soto<\/strong>\u00a0y\u00a0<strong>Jos\u00e9 Rubichi<\/strong>.<\/p>\n<p>&nbsp;<\/p>\n<div id=\"attachment_53585\" class=\"wp-caption aligncenter\"><a href=\"https:\/\/www.expoflamenco.com\/wp-content\/uploads\/2024\/08\/festival-flamenco-on-fire-2-duguna-pepe-habichuela-y-josemi-carmona-en-plaza-ayuntamiento-foto-on-fire.jpg\"><img decoding=\"async\" class=\"size-full wp-image-53585\" src=\"https:\/\/www.expoflamenco.com\/wp-content\/uploads\/2024\/08\/festival-flamenco-on-fire-2-duguna-pepe-habichuela-y-josemi-carmona-en-plaza-ayuntamiento-foto-on-fire.jpg\" srcset=\"https:\/\/www.expoflamenco.com\/wp-content\/uploads\/2024\/08\/festival-flamenco-on-fire-2-duguna-pepe-habichuela-y-josemi-carmona-en-plaza-ayuntamiento-foto-on-fire.jpg 1300w, https:\/\/www.expoflamenco.com\/wp-content\/uploads\/2024\/08\/festival-flamenco-on-fire-2-duguna-pepe-habichuela-y-josemi-carmona-en-plaza-ayuntamiento-foto-on-fire-300x200.jpg 300w, https:\/\/www.expoflamenco.com\/wp-content\/uploads\/2024\/08\/festival-flamenco-on-fire-2-duguna-pepe-habichuela-y-josemi-carmona-en-plaza-ayuntamiento-foto-on-fire-1024x682.jpg 1024w, https:\/\/www.expoflamenco.com\/wp-content\/uploads\/2024\/08\/festival-flamenco-on-fire-2-duguna-pepe-habichuela-y-josemi-carmona-en-plaza-ayuntamiento-foto-on-fire-768x512.jpg 768w, https:\/\/www.expoflamenco.com\/wp-content\/uploads\/2024\/08\/festival-flamenco-on-fire-2-duguna-pepe-habichuela-y-josemi-carmona-en-plaza-ayuntamiento-foto-on-fire-128x86.jpg 128w\" alt=\"\" width=\"1300\" height=\"866\" aria-describedby=\"caption-attachment-53585\" \/><\/a><\/p>\n<p id=\"caption-attachment-53585\" class=\"wp-caption-text\">Duguna, Pepe Habichuela y Josemi Carmona. Festival Flamenco On Fire. Plaza del Ayuntamiento de Pamplona. Foto: FOF<\/p>\n<\/div>\n<div id=\"attachment_53593\" class=\"wp-caption aligncenter\"><a href=\"https:\/\/www.expoflamenco.com\/wp-content\/uploads\/2024\/08\/festival-flamenco-on-fire-5-gerardo-nunez-y-alvaro-martinete-en-espacio-sabicas-foto-juan-garrido.jpg\"><img decoding=\"async\" class=\"size-full wp-image-53593\" src=\"https:\/\/www.expoflamenco.com\/wp-content\/uploads\/2024\/08\/festival-flamenco-on-fire-5-gerardo-nunez-y-alvaro-martinete-en-espacio-sabicas-foto-juan-garrido.jpg\" srcset=\"https:\/\/www.expoflamenco.com\/wp-content\/uploads\/2024\/08\/festival-flamenco-on-fire-5-gerardo-nunez-y-alvaro-martinete-en-espacio-sabicas-foto-juan-garrido.jpg 1300w, https:\/\/www.expoflamenco.com\/wp-content\/uploads\/2024\/08\/festival-flamenco-on-fire-5-gerardo-nunez-y-alvaro-martinete-en-espacio-sabicas-foto-juan-garrido-300x185.jpg 300w, https:\/\/www.expoflamenco.com\/wp-content\/uploads\/2024\/08\/festival-flamenco-on-fire-5-gerardo-nunez-y-alvaro-martinete-en-espacio-sabicas-foto-juan-garrido-1024x630.jpg 1024w, https:\/\/www.expoflamenco.com\/wp-content\/uploads\/2024\/08\/festival-flamenco-on-fire-5-gerardo-nunez-y-alvaro-martinete-en-espacio-sabicas-foto-juan-garrido-768x473.jpg 768w\" alt=\"\" width=\"1300\" height=\"800\" aria-describedby=\"caption-attachment-53593\" \/><\/a><\/p>\n<p id=\"caption-attachment-53593\" class=\"wp-caption-text\">Gerardo N\u00fa\u00f1ez y \u00c1lvaro Martinete en Espacio Sabicas. Festival Flamenco On Fire. Foto: Juan Garrido<\/p>\n<\/div>\n<div id=\"attachment_53591\" class=\"wp-caption aligncenter\"><a href=\"https:\/\/www.expoflamenco.com\/wp-content\/uploads\/2024\/08\/festival-flamenco-on-fire-4-salome-pavon-y-su-grupo-recogen-el-aplauso-del-publico-foto-juan-garrido.jpg\"><img loading=\"lazy\" decoding=\"async\" class=\"size-full wp-image-53591\" src=\"https:\/\/www.expoflamenco.com\/wp-content\/uploads\/2024\/08\/festival-flamenco-on-fire-4-salome-pavon-y-su-grupo-recogen-el-aplauso-del-publico-foto-juan-garrido.jpg\" srcset=\"https:\/\/www.expoflamenco.com\/wp-content\/uploads\/2024\/08\/festival-flamenco-on-fire-4-salome-pavon-y-su-grupo-recogen-el-aplauso-del-publico-foto-juan-garrido.jpg 1300w, https:\/\/www.expoflamenco.com\/wp-content\/uploads\/2024\/08\/festival-flamenco-on-fire-4-salome-pavon-y-su-grupo-recogen-el-aplauso-del-publico-foto-juan-garrido-300x185.jpg 300w, https:\/\/www.expoflamenco.com\/wp-content\/uploads\/2024\/08\/festival-flamenco-on-fire-4-salome-pavon-y-su-grupo-recogen-el-aplauso-del-publico-foto-juan-garrido-1024x630.jpg 1024w, https:\/\/www.expoflamenco.com\/wp-content\/uploads\/2024\/08\/festival-flamenco-on-fire-4-salome-pavon-y-su-grupo-recogen-el-aplauso-del-publico-foto-juan-garrido-768x473.jpg 768w\" alt=\"\" width=\"1300\" height=\"800\" aria-describedby=\"caption-attachment-53591\" \/><\/a><\/p>\n<p id=\"caption-attachment-53591\" class=\"wp-caption-text\">Salom\u00e9 Pav\u00f3n y su grupo recogen el aplauso del p\u00fablico. Festival Flamenco On Fire. Foto: Juan Garrido<\/p>\n<\/div>\n<div id=\"attachment_53595\" class=\"wp-caption aligncenter\"><a href=\"https:\/\/www.expoflamenco.com\/wp-content\/uploads\/2024\/08\/festival-flamenco-on-fire-6-gerardo-nunez-en-plaza-ayuntamiento-foto-juan-garrido.jpg\"><img loading=\"lazy\" decoding=\"async\" class=\"size-full wp-image-53595\" src=\"https:\/\/www.expoflamenco.com\/wp-content\/uploads\/2024\/08\/festival-flamenco-on-fire-6-gerardo-nunez-en-plaza-ayuntamiento-foto-juan-garrido.jpg\" srcset=\"https:\/\/www.expoflamenco.com\/wp-content\/uploads\/2024\/08\/festival-flamenco-on-fire-6-gerardo-nunez-en-plaza-ayuntamiento-foto-juan-garrido.jpg 1300w, https:\/\/www.expoflamenco.com\/wp-content\/uploads\/2024\/08\/festival-flamenco-on-fire-6-gerardo-nunez-en-plaza-ayuntamiento-foto-juan-garrido-300x225.jpg 300w, https:\/\/www.expoflamenco.com\/wp-content\/uploads\/2024\/08\/festival-flamenco-on-fire-6-gerardo-nunez-en-plaza-ayuntamiento-foto-juan-garrido-1024x768.jpg 1024w, https:\/\/www.expoflamenco.com\/wp-content\/uploads\/2024\/08\/festival-flamenco-on-fire-6-gerardo-nunez-en-plaza-ayuntamiento-foto-juan-garrido-768x576.jpg 768w\" alt=\"\" width=\"1300\" height=\"975\" aria-describedby=\"caption-attachment-53595\" \/><\/a><\/p>\n<p id=\"caption-attachment-53595\" class=\"wp-caption-text\">Gerardo N\u00fa\u00f1ez, en la Plaza del Ayuntamiento. Festival Flamenco On Fire. Foto: Juan Garrido<\/p>\n<\/div>\n<div id=\"attachment_53589\" class=\"wp-caption aligncenter\"><a href=\"https:\/\/www.expoflamenco.com\/wp-content\/uploads\/2024\/08\/festival-flamenco-on-fire-7-pepe-habichuela-y-marote-en-plaza-ayuntamiento-foto-juan-garrido.jpg\"><img loading=\"lazy\" decoding=\"async\" class=\"size-full wp-image-53589\" src=\"https:\/\/www.expoflamenco.com\/wp-content\/uploads\/2024\/08\/festival-flamenco-on-fire-7-pepe-habichuela-y-marote-en-plaza-ayuntamiento-foto-juan-garrido.jpg\" srcset=\"https:\/\/www.expoflamenco.com\/wp-content\/uploads\/2024\/08\/festival-flamenco-on-fire-7-pepe-habichuela-y-marote-en-plaza-ayuntamiento-foto-juan-garrido.jpg 1300w, https:\/\/www.expoflamenco.com\/wp-content\/uploads\/2024\/08\/festival-flamenco-on-fire-7-pepe-habichuela-y-marote-en-plaza-ayuntamiento-foto-juan-garrido-300x225.jpg 300w, https:\/\/www.expoflamenco.com\/wp-content\/uploads\/2024\/08\/festival-flamenco-on-fire-7-pepe-habichuela-y-marote-en-plaza-ayuntamiento-foto-juan-garrido-1024x768.jpg 1024w, https:\/\/www.expoflamenco.com\/wp-content\/uploads\/2024\/08\/festival-flamenco-on-fire-7-pepe-habichuela-y-marote-en-plaza-ayuntamiento-foto-juan-garrido-768x576.jpg 768w\" alt=\"\" width=\"1300\" height=\"975\" aria-describedby=\"caption-attachment-53589\" \/><\/a><\/p>\n<p id=\"caption-attachment-53589\" class=\"wp-caption-text\">Pepe Habichuela y Marote, en la Plaza del Ayuntamiento. Festival Flamenco On Fire. Foto: Juan Garrido<\/p>\n<\/div>\n","protected":false,"gt_translate_keys":[{"key":"rendered","format":"html"}]},"excerpt":{"rendered":"<p>Ha comenzado una nueva edici\u00f3n del Festival Flamenco On Fire y con las primeras actuaciones vuelvo a sentir emociones especiales gracias a la participaci\u00f3n popular y la entrega de los artistas.<\/p>\n","protected":false,"gt_translate_keys":[{"key":"rendered","format":"html"}]},"author":34,"featured_media":1626,"comment_status":"open","ping_status":"open","sticky":false,"template":"","format":"standard","meta":{"_acf_changed":false,"pmpro_default_level":"","jnews-multi-image_gallery":[],"jnews_single_post":null,"jnews_primary_category":{"id":"248"},"jnews_override_bookmark_settings":{"override_bookmark_button":"0","override_show_bookmark_button":"0"},"jnews_social_meta":[],"jnews_review":[],"enable_review":"","type":"percentage","name":"","summary":"","brand":"","sku":"","good":[],"bad":[],"score_override":"","override_value":"","rating":[],"price":[],"jnews_override_counter":{"view_counter_number":"0","share_counter_number":"0","like_counter_number":"0","dislike_counter_number":"0"},"footnotes":""},"categories":[46],"tags":[1366,488,1417,271,1418],"class_list":["post-1625","post","type-post","status-publish","format-standard","has-post-thumbnail","hentry","category-cronicas","tag-festival-flamenco-on-fire","tag-jesus-mendez","tag-el-choro","tag-jose-maya","tag-pamplona","pmpro-has-access"],"acf":[],"aioseo_notices":[],"gt_translate_keys":[{"key":"link","format":"url"}],"_links":{"self":[{"href":"https:\/\/expoflamenco.com\/revista\/wp-json\/wp\/v2\/posts\/1625","targetHints":{"allow":["GET"]}}],"collection":[{"href":"https:\/\/expoflamenco.com\/revista\/wp-json\/wp\/v2\/posts"}],"about":[{"href":"https:\/\/expoflamenco.com\/revista\/wp-json\/wp\/v2\/types\/post"}],"author":[{"embeddable":true,"href":"https:\/\/expoflamenco.com\/revista\/wp-json\/wp\/v2\/users\/34"}],"replies":[{"embeddable":true,"href":"https:\/\/expoflamenco.com\/revista\/wp-json\/wp\/v2\/comments?post=1625"}],"version-history":[{"count":0,"href":"https:\/\/expoflamenco.com\/revista\/wp-json\/wp\/v2\/posts\/1625\/revisions"}],"wp:featuredmedia":[{"embeddable":true,"href":"https:\/\/expoflamenco.com\/revista\/wp-json\/wp\/v2\/media\/1626"}],"wp:attachment":[{"href":"https:\/\/expoflamenco.com\/revista\/wp-json\/wp\/v2\/media?parent=1625"}],"wp:term":[{"taxonomy":"category","embeddable":true,"href":"https:\/\/expoflamenco.com\/revista\/wp-json\/wp\/v2\/categories?post=1625"},{"taxonomy":"post_tag","embeddable":true,"href":"https:\/\/expoflamenco.com\/revista\/wp-json\/wp\/v2\/tags?post=1625"}],"curies":[{"name":"wp","href":"https:\/\/api.w.org\/{rel}","templated":true}]}}