{"id":1623,"date":"2024-08-30T07:33:05","date_gmt":"2024-08-30T05:33:05","guid":{"rendered":"https:\/\/expoflamenco.com\/revistanew\/luis-moneo-caracafe-y-el-ballet-andaluz-se-ganan-al-publico-del-flamenco-on-fire\/"},"modified":"2024-08-30T07:33:05","modified_gmt":"2024-08-30T05:33:05","slug":"luis-moneo-caracafe-y-el-ballet-andaluz-se-ganan-al-publico-del-flamenco-on-fire","status":"publish","type":"post","link":"https:\/\/expoflamenco.com\/revista\/luis-moneo-caracafe-y-el-ballet-andaluz-se-ganan-al-publico-del-flamenco-on-fire\/","title":{"rendered":"Luis Moneo, Caracaf\u00e9 y el Ballet Andaluz se ganan al p\u00fablico del Flamenco On Fire","gt_translate_keys":[{"key":"rendered","format":"text"}]},"content":{"rendered":"<p>La jornada del jueves 29 comenz\u00f3 casi como termin\u00f3 la anterior: lloviendo y con el\u00a0<strong>Capullo de Jerez<\/strong>\u00a0haciendo vibrar al respetable. Fue en el balc\u00f3n del\u00a0<a href=\"https:\/\/www.pamplona.es\/\" target=\"_blank\" rel=\"noopener\">Ayuntamiento de Pamplona<\/a>, con un toldo que evitaba la mojada del cantaor jerezano, que sali\u00f3 a las doce del mediod\u00eda para nuevamente formarla. No he visto cosa igual y eso que el respetable del\u00a0<a href=\"https:\/\/www.flamencoonfire.org\/\" target=\"_blank\" rel=\"noopener\">Flamenco On Fire<\/a>\u00a0suele ser bastante participativo y generoso. Pero lo de Capullo es otro cantar si se trata de explosionar y hacer temblar, y as\u00ed puso la plaza, con todos bailando por rumbas y moviendo el cuerpo.\u00a0<strong>Ram\u00f3n Trujillo<\/strong>\u00a0recibi\u00f3 el \u2018pa\u00f1uelo Sabicas\u2019 del propio cantaor, y hasta volvieron al balc\u00f3n a cantar un fandango m\u00e1s.<\/p>\n<p>Caminamos hasta el Hotel La Perla, de cuyo balc\u00f3n y ya con algo de sol, volvi\u00f3 a acordarse de su sangre la cantaora\u00a0<strong>Salom\u00e9 Pav\u00f3n<\/strong>\u00a0junto a\u00a0<strong>Jer\u00f3nimo Maya<\/strong>. Plaza llena y medios de comunicaci\u00f3n de distintas partes del pa\u00eds, sobre todo a nivel nacional, que es algo de lo que no gozan otros festivales flamencos. En la misma plaza, la del Castillo, se encuentra el\u00a0<strong>Nuevo Casino<\/strong>. All\u00ed fuimos para volver a deleitarnos con la actividad\u00a0<em>Del vino de Jerez y sus cantes II<\/em>, que imparte nuestro compa\u00f1ero\u00a0<strong>Jos\u00e9 Mar\u00eda Casta\u00f1o<\/strong>, un se\u00f1or en la palabra y en las formas, y que cont\u00f3 con el cante de\u00a0<strong>Luis Moneo\u00a0<\/strong>y la guitarra de<strong>\u00a0Juan Manuel Moneo<\/strong>. Luis nos traslad\u00f3 a La Plazuela jerezana, con un eco brillante y llenito de solera, con un conocimiento que lo hace caminar por los estilos con una maestr\u00eda que se valora como matr\u00edcula de honor. Es un ilustre, es un excelent\u00edsimo cantaor que gusta sobre todo a los m\u00e1s exigentes, a los que de verdad saben de esto. Juan Manuel lo conoce como hijo que es, y como amante de su cante, y por eso su guitarra es el veh\u00edculo perfecto para llegar al pellizco que nos produce. Dos almas en una que inundan el alma del paladar.<\/p>\n<p>Por la tarde volvimos a escucharlo en el\u00a0<strong>Espacio Condestable<\/strong>, porque al estar\u00a0<em>brijindando\u00a0<\/em>tuvo que trasladarse la actividad hasta aqu\u00ed, estando convocado en principio en Palacio Ezpeleta. Nuevamente consiguieron fascinar al p\u00fablico, que parec\u00eda colgarse de las paredes. El espacio se qued\u00f3 peque\u00f1o ante la expectaci\u00f3n creada por Moneo. \u00c9l sonre\u00eda y agradec\u00eda tanto cari\u00f1o, mientras que profundizaba en el \u00e1rbol de los cantes que domina como lo que es, un grande del flamenco. Las canti\u00f1as, los tientos y tangos, la sole\u00e1\u2026 en su voz suenan mejor.<\/p>\n<p>&nbsp;<\/p>\n<blockquote><p><em>\u00abNo he visto cosa igual y eso que el respetable del\u00a0<a href=\"https:\/\/www.flamencoonfire.org\/\" target=\"_blank\" rel=\"noopener\">Flamenco On Fire<\/a> suele ser bastante participativo y generoso. Pero lo de Capullo de Jerez es otro cantar si se trata de explosionar y hacer temblar, y as\u00ed puso la plaza, con todos bailando por rumbas y moviendo el cuerpo\u00bb<\/em><\/p><\/blockquote>\n<p>&nbsp;<\/p>\n<div id=\"attachment_53605\" class=\"wp-caption aligncenter\"><a href=\"https:\/\/www.expoflamenco.com\/wp-content\/uploads\/2024\/08\/festival-flamenco-on-fire-3-capullo-de-jerez-y-ramon-trujillo-en-balcon-ayuntamiento-pamplona-foto-on-fire.jpg\"><img fetchpriority=\"high\" decoding=\"async\" class=\"size-full wp-image-53605\" src=\"https:\/\/www.expoflamenco.com\/wp-content\/uploads\/2024\/08\/festival-flamenco-on-fire-3-capullo-de-jerez-y-ramon-trujillo-en-balcon-ayuntamiento-pamplona-foto-on-fire.jpg\" srcset=\"https:\/\/www.expoflamenco.com\/wp-content\/uploads\/2024\/08\/festival-flamenco-on-fire-3-capullo-de-jerez-y-ramon-trujillo-en-balcon-ayuntamiento-pamplona-foto-on-fire.jpg 1300w, https:\/\/www.expoflamenco.com\/wp-content\/uploads\/2024\/08\/festival-flamenco-on-fire-3-capullo-de-jerez-y-ramon-trujillo-en-balcon-ayuntamiento-pamplona-foto-on-fire-300x185.jpg 300w, https:\/\/www.expoflamenco.com\/wp-content\/uploads\/2024\/08\/festival-flamenco-on-fire-3-capullo-de-jerez-y-ramon-trujillo-en-balcon-ayuntamiento-pamplona-foto-on-fire-1024x630.jpg 1024w, https:\/\/www.expoflamenco.com\/wp-content\/uploads\/2024\/08\/festival-flamenco-on-fire-3-capullo-de-jerez-y-ramon-trujillo-en-balcon-ayuntamiento-pamplona-foto-on-fire-768x473.jpg 768w\" alt=\"\" width=\"1300\" height=\"800\" aria-describedby=\"caption-attachment-53605\" \/><\/a><\/p>\n<p id=\"caption-attachment-53605\" class=\"wp-caption-text\">Capullo de Jerez y Ram\u00f3n Trujillo durante su actuaci\u00f3n en el balcon del Ayuntamiento de Pamplona. Festival Flamenco on Fire. 2024.<\/p>\n<\/div>\n<p>&nbsp;<\/p>\n<p>Antes, justamente una hora antes,\u00a0<strong>Emilio Caracaf\u00e9<\/strong>\u00a0disfrut\u00f3 tocando la guitarra de concierto, algo poco habitual en \u00e9l ya que su actividad pasa por otras facetas. Y decimos que disfrut\u00f3 porque as\u00ed lo demostr\u00f3, y as\u00ed lo contagi\u00f3 al p\u00fablico. Le dedic\u00f3 a\u00a0<strong>Pepe Habichuela<\/strong>\u00a0su concierto y se acord\u00f3 del \u201cT\u00edo Sabas, que le son\u00f3 la guitarra mejor que a nadie\u201d. Se apoy\u00f3 en la percusi\u00f3n de un cl\u00e1sico, el\u00a0<strong>Doctor Kelli<\/strong>, ambos comparten d\u00eda a d\u00eda ejercicios en la\u00a0<strong>Fundaci\u00f3n Alal\u00e1<\/strong>, para educar musicalmente y culturalmente a los m\u00e1s peque\u00f1os de las Tres Mil Viviendas. Esa bondad suena en sus cuerdas, con Canci\u00f3n Espa\u00f1ola o por sole\u00e1. Inolvidable concierto del sevillano, divertido, cercano, entra\u00f1able y, sobre todo, con gusto.<\/p>\n<p>El Baluarte acog\u00eda la nueva propuesta del\u00a0<strong>Ballet Flamenco de Andaluc\u00eda<\/strong>. Dos horas de espect\u00e1culo montado y dirigido por\u00a0<strong>Patricia Guerrero<\/strong>, garant\u00eda de \u00e9xito, en el que se ensalza la figura y los valores de libertad de\u00a0<strong>Mar\u00eda Pineda<\/strong>, obra de\u00a0<strong>Federico Garc\u00eda Lorca<\/strong>. Patricia cuenta para este montaje, adem\u00e1s de con un magn\u00edfico elenco como cuerpo de baile y musical, con el acompa\u00f1amiento de\u00a0<strong>Alfonso Losa<\/strong>. En esta obra comprobamos el gran trabajo realizado por el nuevo Ballet, por su directora, aconsejando desde aqu\u00ed a que no se pierda una puesta en escena que llega a profundizar en la tragedia represiva de tiempos de opresi\u00f3n, en un relato que busca la libertad a partir del compromiso con los valores ideol\u00f3gicos de una condenada a muerte y a trav\u00e9s de paisajes de exorbitante belleza pl\u00e1stica, con elegancia a valorar y una conjunci\u00f3n de elementos de gran resultado.<\/p>\n<p>Para terminar,\u00a0<strong>Claudia La Debla<\/strong>, que ven\u00eda de formar parte del Ballet, y\u00a0<strong>Mat\u00edas Campos<\/strong>, pusieron el cierre a la noche en el\u00a0<strong>Hotel Los Tres Reyes<\/strong>, en el\u00a0<strong>Tablao On Fire<\/strong>, espacio \u00edntimo y para la bohemia de Pamplona que acogi\u00f3 a dos bailaores del presente, a pesar de gozar a una juventud envidiable. Ambos demostraron las tablas y un interesante camino por recorrer. Se apoyaron en el cante de\u00a0<strong>El Bola<\/strong>\u00a0y\u00a0<strong>Mara Rey<\/strong>, dos importantes columnas en el atr\u00e1s, as\u00ed como en la guitarra de\u00a0<strong>Juan Jim\u00e9nez<\/strong>\u00a0y de\u00a0<strong>Lucky Losada<\/strong>\u00a0a la percusi\u00f3n.<\/p>\n<p>\u00a1Sigamos disfrutando!<\/p>\n<p>&nbsp;<\/p>\n<div id=\"attachment_53603\" class=\"wp-caption aligncenter\"><a href=\"https:\/\/www.expoflamenco.com\/wp-content\/uploads\/2024\/08\/festival-flamenco-on-fire-2-ballet-flamenco-andalucia-foto-on-fire.jpg\"><img decoding=\"async\" class=\"size-full wp-image-53603\" src=\"https:\/\/www.expoflamenco.com\/wp-content\/uploads\/2024\/08\/festival-flamenco-on-fire-2-ballet-flamenco-andalucia-foto-on-fire.jpg\" srcset=\"https:\/\/www.expoflamenco.com\/wp-content\/uploads\/2024\/08\/festival-flamenco-on-fire-2-ballet-flamenco-andalucia-foto-on-fire.jpg 1300w, https:\/\/www.expoflamenco.com\/wp-content\/uploads\/2024\/08\/festival-flamenco-on-fire-2-ballet-flamenco-andalucia-foto-on-fire-300x185.jpg 300w, https:\/\/www.expoflamenco.com\/wp-content\/uploads\/2024\/08\/festival-flamenco-on-fire-2-ballet-flamenco-andalucia-foto-on-fire-1024x630.jpg 1024w, https:\/\/www.expoflamenco.com\/wp-content\/uploads\/2024\/08\/festival-flamenco-on-fire-2-ballet-flamenco-andalucia-foto-on-fire-768x473.jpg 768w\" alt=\"\" width=\"1300\" height=\"800\" aria-describedby=\"caption-attachment-53603\" \/><\/a><\/p>\n<p id=\"caption-attachment-53603\" class=\"wp-caption-text\">Ballet Flamenco de Andalucia, durante su actuaci\u00f3n en el Baluarte de Pamplona. Festival Flamenco On Fire 2024.<\/p>\n<\/div>\n<div id=\"attachment_53607\" class=\"wp-caption aligncenter\"><a href=\"https:\/\/www.expoflamenco.com\/wp-content\/uploads\/2024\/08\/festival-flamenco-on-fire-4-emilio-caracafe-y-doctor-kelli-foto-on-fire.jpg\"><img decoding=\"async\" class=\"size-full wp-image-53607\" src=\"https:\/\/www.expoflamenco.com\/wp-content\/uploads\/2024\/08\/festival-flamenco-on-fire-4-emilio-caracafe-y-doctor-kelli-foto-on-fire.jpg\" srcset=\"https:\/\/www.expoflamenco.com\/wp-content\/uploads\/2024\/08\/festival-flamenco-on-fire-4-emilio-caracafe-y-doctor-kelli-foto-on-fire.jpg 1300w, https:\/\/www.expoflamenco.com\/wp-content\/uploads\/2024\/08\/festival-flamenco-on-fire-4-emilio-caracafe-y-doctor-kelli-foto-on-fire-300x200.jpg 300w, https:\/\/www.expoflamenco.com\/wp-content\/uploads\/2024\/08\/festival-flamenco-on-fire-4-emilio-caracafe-y-doctor-kelli-foto-on-fire-1024x683.jpg 1024w, https:\/\/www.expoflamenco.com\/wp-content\/uploads\/2024\/08\/festival-flamenco-on-fire-4-emilio-caracafe-y-doctor-kelli-foto-on-fire-768x512.jpg 768w, https:\/\/www.expoflamenco.com\/wp-content\/uploads\/2024\/08\/festival-flamenco-on-fire-4-emilio-caracafe-y-doctor-kelli-foto-on-fire-128x86.jpg 128w\" alt=\"\" width=\"1300\" height=\"867\" aria-describedby=\"caption-attachment-53607\" \/><\/a><\/p>\n<p id=\"caption-attachment-53607\" class=\"wp-caption-text\">Emilio Caracaf\u00e9 y Doctor Kelli, en su actuaci\u00f3n en el Palacio de Condestable, Pamplona. Flamenco On Fire 2024.<\/p>\n<\/div>\n<div id=\"attachment_53609\" class=\"wp-caption aligncenter\"><a href=\"https:\/\/www.expoflamenco.com\/wp-content\/uploads\/2024\/08\/festival-flamenco-on-fire-5-salome-pavon-foto-on-fire.jpg\"><img loading=\"lazy\" decoding=\"async\" class=\"size-full wp-image-53609\" src=\"https:\/\/www.expoflamenco.com\/wp-content\/uploads\/2024\/08\/festival-flamenco-on-fire-5-salome-pavon-foto-on-fire.jpg\" srcset=\"https:\/\/www.expoflamenco.com\/wp-content\/uploads\/2024\/08\/festival-flamenco-on-fire-5-salome-pavon-foto-on-fire.jpg 1300w, https:\/\/www.expoflamenco.com\/wp-content\/uploads\/2024\/08\/festival-flamenco-on-fire-5-salome-pavon-foto-on-fire-300x185.jpg 300w, https:\/\/www.expoflamenco.com\/wp-content\/uploads\/2024\/08\/festival-flamenco-on-fire-5-salome-pavon-foto-on-fire-1024x630.jpg 1024w, https:\/\/www.expoflamenco.com\/wp-content\/uploads\/2024\/08\/festival-flamenco-on-fire-5-salome-pavon-foto-on-fire-768x473.jpg 768w\" alt=\"\" width=\"1300\" height=\"800\" aria-describedby=\"caption-attachment-53609\" \/><\/a><\/p>\n<p id=\"caption-attachment-53609\" class=\"wp-caption-text\">Salom\u00e9 Pav\u00f3n, en el balc\u00f3n la Perla, Pamplona. Flamenco on Fire 2024.<\/p>\n<\/div>\n<div id=\"attachment_53611\" class=\"wp-caption aligncenter\"><a href=\"https:\/\/www.expoflamenco.com\/wp-content\/uploads\/2024\/08\/festival-flamenco-on-fire-5-luis-moneo-y-juan-manuel-moneo-en-nuevo-casino-foto-on-fire.jpg\"><img loading=\"lazy\" decoding=\"async\" class=\"size-full wp-image-53611\" src=\"https:\/\/www.expoflamenco.com\/wp-content\/uploads\/2024\/08\/festival-flamenco-on-fire-5-luis-moneo-y-juan-manuel-moneo-en-nuevo-casino-foto-on-fire.jpg\" srcset=\"https:\/\/www.expoflamenco.com\/wp-content\/uploads\/2024\/08\/festival-flamenco-on-fire-5-luis-moneo-y-juan-manuel-moneo-en-nuevo-casino-foto-on-fire.jpg 1300w, https:\/\/www.expoflamenco.com\/wp-content\/uploads\/2024\/08\/festival-flamenco-on-fire-5-luis-moneo-y-juan-manuel-moneo-en-nuevo-casino-foto-on-fire-300x215.jpg 300w, https:\/\/www.expoflamenco.com\/wp-content\/uploads\/2024\/08\/festival-flamenco-on-fire-5-luis-moneo-y-juan-manuel-moneo-en-nuevo-casino-foto-on-fire-1024x733.jpg 1024w, https:\/\/www.expoflamenco.com\/wp-content\/uploads\/2024\/08\/festival-flamenco-on-fire-5-luis-moneo-y-juan-manuel-moneo-en-nuevo-casino-foto-on-fire-768x550.jpg 768w\" alt=\"\" width=\"1300\" height=\"931\" aria-describedby=\"caption-attachment-53611\" \/><\/a><\/p>\n<p id=\"caption-attachment-53611\" class=\"wp-caption-text\">Luis Moneo y Juan Manuel Moneo, durante su actuaci\u00f3n en el Palacio de Condestable, Pamplona. Flamenco On Fire 2024.<\/p>\n<\/div>\n<div id=\"attachment_53613\" class=\"wp-caption aligncenter\"><a href=\"https:\/\/www.expoflamenco.com\/wp-content\/uploads\/2024\/08\/festival-flamenco-on-fire-7-claudia-la-debla-y-matias-campos-con-su-grupo-foto-on-fire.jpg\"><img loading=\"lazy\" decoding=\"async\" class=\"size-full wp-image-53613\" src=\"https:\/\/www.expoflamenco.com\/wp-content\/uploads\/2024\/08\/festival-flamenco-on-fire-7-claudia-la-debla-y-matias-campos-con-su-grupo-foto-on-fire.jpg\" srcset=\"https:\/\/www.expoflamenco.com\/wp-content\/uploads\/2024\/08\/festival-flamenco-on-fire-7-claudia-la-debla-y-matias-campos-con-su-grupo-foto-on-fire.jpg 1300w, https:\/\/www.expoflamenco.com\/wp-content\/uploads\/2024\/08\/festival-flamenco-on-fire-7-claudia-la-debla-y-matias-campos-con-su-grupo-foto-on-fire-300x200.jpg 300w, https:\/\/www.expoflamenco.com\/wp-content\/uploads\/2024\/08\/festival-flamenco-on-fire-7-claudia-la-debla-y-matias-campos-con-su-grupo-foto-on-fire-1024x684.jpg 1024w, https:\/\/www.expoflamenco.com\/wp-content\/uploads\/2024\/08\/festival-flamenco-on-fire-7-claudia-la-debla-y-matias-campos-con-su-grupo-foto-on-fire-768x513.jpg 768w, https:\/\/www.expoflamenco.com\/wp-content\/uploads\/2024\/08\/festival-flamenco-on-fire-7-claudia-la-debla-y-matias-campos-con-su-grupo-foto-on-fire-128x86.jpg 128w\" alt=\"\" width=\"1300\" height=\"868\" aria-describedby=\"caption-attachment-53613\" \/><\/a><\/p>\n<p id=\"caption-attachment-53613\" class=\"wp-caption-text\">Claudia La Debla y Mat\u00edas Campos, con su grupo. Hotel Los Tres Reyes, Pamplona. Flamenco On Fire 2024.<\/p>\n<\/div>\n<div id=\"attachment_53615\" class=\"wp-caption aligncenter\"><a href=\"https:\/\/www.expoflamenco.com\/wp-content\/uploads\/2024\/08\/festival-flamenco-on-fire-8-jose-maria-castano-del-vino-de-jerez-y-sus-cantes-foto-on-fire.jpg\"><img loading=\"lazy\" decoding=\"async\" class=\"size-full wp-image-53615\" src=\"https:\/\/www.expoflamenco.com\/wp-content\/uploads\/2024\/08\/festival-flamenco-on-fire-8-jose-maria-castano-del-vino-de-jerez-y-sus-cantes-foto-on-fire.jpg\" srcset=\"https:\/\/www.expoflamenco.com\/wp-content\/uploads\/2024\/08\/festival-flamenco-on-fire-8-jose-maria-castano-del-vino-de-jerez-y-sus-cantes-foto-on-fire.jpg 1300w, https:\/\/www.expoflamenco.com\/wp-content\/uploads\/2024\/08\/festival-flamenco-on-fire-8-jose-maria-castano-del-vino-de-jerez-y-sus-cantes-foto-on-fire-300x185.jpg 300w, https:\/\/www.expoflamenco.com\/wp-content\/uploads\/2024\/08\/festival-flamenco-on-fire-8-jose-maria-castano-del-vino-de-jerez-y-sus-cantes-foto-on-fire-1024x630.jpg 1024w, https:\/\/www.expoflamenco.com\/wp-content\/uploads\/2024\/08\/festival-flamenco-on-fire-8-jose-maria-castano-del-vino-de-jerez-y-sus-cantes-foto-on-fire-768x473.jpg 768w\" alt=\"\" width=\"1300\" height=\"800\" aria-describedby=\"caption-attachment-53615\" \/><\/a><\/p>\n<p id=\"caption-attachment-53615\" class=\"wp-caption-text\">Jos\u00e9 Mar\u00eda Casta\u00f1o dirigi\u00f3 la actividad \u2018Del vino de Jerez y sus cantes\u2019. Nuevo Casino, Pamplona. Festival Flamenco On Fire 2024.<\/p>\n<\/div>\n<div id=\"attachment_53617\" class=\"wp-caption aligncenter\"><a href=\"https:\/\/www.expoflamenco.com\/wp-content\/uploads\/2024\/08\/festival-flamenco-on-fire-9-caracafe-y-pepe-habichuela-foto-juan-garrido.jpg\"><img loading=\"lazy\" decoding=\"async\" class=\"size-full wp-image-53617\" src=\"https:\/\/www.expoflamenco.com\/wp-content\/uploads\/2024\/08\/festival-flamenco-on-fire-9-caracafe-y-pepe-habichuela-foto-juan-garrido.jpg\" srcset=\"https:\/\/www.expoflamenco.com\/wp-content\/uploads\/2024\/08\/festival-flamenco-on-fire-9-caracafe-y-pepe-habichuela-foto-juan-garrido.jpg 1300w, https:\/\/www.expoflamenco.com\/wp-content\/uploads\/2024\/08\/festival-flamenco-on-fire-9-caracafe-y-pepe-habichuela-foto-juan-garrido-300x185.jpg 300w, https:\/\/www.expoflamenco.com\/wp-content\/uploads\/2024\/08\/festival-flamenco-on-fire-9-caracafe-y-pepe-habichuela-foto-juan-garrido-1024x630.jpg 1024w, https:\/\/www.expoflamenco.com\/wp-content\/uploads\/2024\/08\/festival-flamenco-on-fire-9-caracafe-y-pepe-habichuela-foto-juan-garrido-768x473.jpg 768w\" alt=\"\" width=\"1300\" height=\"800\" aria-describedby=\"caption-attachment-53617\" \/><\/a><\/p>\n<p id=\"caption-attachment-53617\" class=\"wp-caption-text\">Emilio Caracaf\u00e9 y Pepe Habichuela. Palacio de Condestable, Pamplona. Flamenco On Fire 2024. Foto: Juan Garrido<\/p>\n<\/div>\n<div id=\"attachment_53619\" class=\"wp-caption aligncenter\"><a href=\"https:\/\/www.expoflamenco.com\/wp-content\/uploads\/2024\/08\/festival-flamenco-on-fire-10-publico-pamplona-escucha-capullo-jerez-foto-juan-garrido.jpg\"><img loading=\"lazy\" decoding=\"async\" class=\"size-full wp-image-53619\" src=\"https:\/\/www.expoflamenco.com\/wp-content\/uploads\/2024\/08\/festival-flamenco-on-fire-10-publico-pamplona-escucha-capullo-jerez-foto-juan-garrido.jpg\" srcset=\"https:\/\/www.expoflamenco.com\/wp-content\/uploads\/2024\/08\/festival-flamenco-on-fire-10-publico-pamplona-escucha-capullo-jerez-foto-juan-garrido.jpg 1300w, https:\/\/www.expoflamenco.com\/wp-content\/uploads\/2024\/08\/festival-flamenco-on-fire-10-publico-pamplona-escucha-capullo-jerez-foto-juan-garrido-300x225.jpg 300w, https:\/\/www.expoflamenco.com\/wp-content\/uploads\/2024\/08\/festival-flamenco-on-fire-10-publico-pamplona-escucha-capullo-jerez-foto-juan-garrido-1024x768.jpg 1024w, https:\/\/www.expoflamenco.com\/wp-content\/uploads\/2024\/08\/festival-flamenco-on-fire-10-publico-pamplona-escucha-capullo-jerez-foto-juan-garrido-768x576.jpg 768w\" alt=\"\" width=\"1300\" height=\"975\" aria-describedby=\"caption-attachment-53619\" \/><\/a><\/p>\n<p id=\"caption-attachment-53619\" class=\"wp-caption-text\">El p\u00fablico de Pamplona escucha a Capullo de Jerez. Flamenco On Fire 2024. Foto: Juan Garrido<\/p>\n<\/div>\n<div id=\"attachment_53621\" class=\"wp-caption aligncenter\"><a href=\"https:\/\/www.expoflamenco.com\/wp-content\/uploads\/2024\/08\/festival-flamenco-on-fire-11-luis-moneo-foto-juan-garrido.jpg\"><img loading=\"lazy\" decoding=\"async\" class=\"size-full wp-image-53621\" src=\"https:\/\/www.expoflamenco.com\/wp-content\/uploads\/2024\/08\/festival-flamenco-on-fire-11-luis-moneo-foto-juan-garrido.jpg\" srcset=\"https:\/\/www.expoflamenco.com\/wp-content\/uploads\/2024\/08\/festival-flamenco-on-fire-11-luis-moneo-foto-juan-garrido.jpg 1300w, https:\/\/www.expoflamenco.com\/wp-content\/uploads\/2024\/08\/festival-flamenco-on-fire-11-luis-moneo-foto-juan-garrido-300x225.jpg 300w, https:\/\/www.expoflamenco.com\/wp-content\/uploads\/2024\/08\/festival-flamenco-on-fire-11-luis-moneo-foto-juan-garrido-1024x768.jpg 1024w, https:\/\/www.expoflamenco.com\/wp-content\/uploads\/2024\/08\/festival-flamenco-on-fire-11-luis-moneo-foto-juan-garrido-768x576.jpg 768w\" alt=\"\" width=\"1300\" height=\"975\" aria-describedby=\"caption-attachment-53621\" \/><\/a><\/p>\n<p id=\"caption-attachment-53621\" class=\"wp-caption-text\">Luis Moneo y Juan Manuel Moneo, durante su actuaci\u00f3n en el Palacio de Condestable, Pamplona. Flamenco On Fire 2024. Foto: Juan Garrido<\/p>\n<\/div>\n","protected":false,"gt_translate_keys":[{"key":"rendered","format":"html"}]},"excerpt":{"rendered":"<p>A pesar de ser un d\u00eda lluvioso, la jornada del jueves 29 en el Festival Flamenco On Fire tuvo momentos de m\u00e1xima calidad, como el cante del jerezano Luis Moneo.<\/p>\n","protected":false,"gt_translate_keys":[{"key":"rendered","format":"html"}]},"author":34,"featured_media":1624,"comment_status":"open","ping_status":"open","sticky":false,"template":"","format":"standard","meta":{"_acf_changed":false,"pmpro_default_level":"","jnews-multi-image_gallery":[],"jnews_single_post":null,"jnews_primary_category":{"id":"248"},"jnews_override_bookmark_settings":{"override_bookmark_button":"0","override_show_bookmark_button":"0"},"jnews_social_meta":[],"jnews_review":[],"enable_review":"","type":"percentage","name":"","summary":"","brand":"","sku":"","good":[],"bad":[],"score_override":"","override_value":"","rating":[],"price":[],"jnews_override_counter":{"view_counter_number":"0","share_counter_number":"0","like_counter_number":"0","dislike_counter_number":"0"},"footnotes":""},"categories":[46,38],"tags":[1366,1367,1415,1416,589],"class_list":["post-1623","post","type-post","status-publish","format-standard","has-post-thumbnail","hentry","category-cronicas","category-en-portada","tag-festival-flamenco-on-fire","tag-capullo-de-jerez","tag-emilio-caracafe","tag-juan-manuel-moneo","tag-luis-moneo","pmpro-has-access"],"acf":[],"aioseo_notices":[],"gt_translate_keys":[{"key":"link","format":"url"}],"_links":{"self":[{"href":"https:\/\/expoflamenco.com\/revista\/wp-json\/wp\/v2\/posts\/1623","targetHints":{"allow":["GET"]}}],"collection":[{"href":"https:\/\/expoflamenco.com\/revista\/wp-json\/wp\/v2\/posts"}],"about":[{"href":"https:\/\/expoflamenco.com\/revista\/wp-json\/wp\/v2\/types\/post"}],"author":[{"embeddable":true,"href":"https:\/\/expoflamenco.com\/revista\/wp-json\/wp\/v2\/users\/34"}],"replies":[{"embeddable":true,"href":"https:\/\/expoflamenco.com\/revista\/wp-json\/wp\/v2\/comments?post=1623"}],"version-history":[{"count":0,"href":"https:\/\/expoflamenco.com\/revista\/wp-json\/wp\/v2\/posts\/1623\/revisions"}],"wp:featuredmedia":[{"embeddable":true,"href":"https:\/\/expoflamenco.com\/revista\/wp-json\/wp\/v2\/media\/1624"}],"wp:attachment":[{"href":"https:\/\/expoflamenco.com\/revista\/wp-json\/wp\/v2\/media?parent=1623"}],"wp:term":[{"taxonomy":"category","embeddable":true,"href":"https:\/\/expoflamenco.com\/revista\/wp-json\/wp\/v2\/categories?post=1623"},{"taxonomy":"post_tag","embeddable":true,"href":"https:\/\/expoflamenco.com\/revista\/wp-json\/wp\/v2\/tags?post=1623"}],"curies":[{"name":"wp","href":"https:\/\/api.w.org\/{rel}","templated":true}]}}