{"id":1603,"date":"2024-09-02T19:57:55","date_gmt":"2024-09-02T17:57:55","guid":{"rendered":"https:\/\/expoflamenco.com\/revistanew\/el-on-fire-se-cierra-con-la-grandeza-de-manuela-carrasco-y-el-compas-de-remache\/"},"modified":"2024-09-02T19:57:55","modified_gmt":"2024-09-02T17:57:55","slug":"el-on-fire-se-cierra-con-la-grandeza-de-manuela-carrasco-y-el-compas-de-remache","status":"publish","type":"post","link":"https:\/\/expoflamenco.com\/revista\/el-on-fire-se-cierra-con-la-grandeza-de-manuela-carrasco-y-el-compas-de-remache\/","title":{"rendered":"El On Fire se cierra con la grandeza de Manuela Carrasco y el comp\u00e1s de Remache","gt_translate_keys":[{"key":"rendered","format":"text"}]},"content":{"rendered":"<p>El Festival\u00a0<a href=\"https:\/\/www.flamencoonfire.org\/\" target=\"_blank\" rel=\"noopener\">Flamenco On Fire<\/a>\u00a0lleg\u00f3 a su final casi entrada la madrugada del lunes, con un encuentro con artistas malague\u00f1os que hizo disfrutar al numeroso p\u00fablico que se congreg\u00f3 en el sal\u00f3n del\u00a0<strong>Hotel Tres Reyes<\/strong>. Noche con encanto, mucho, porque cada artista llev\u00f3 al escenario su personalidad marcada, como es el caso de\u00a0<strong>Paqui R\u00edos<\/strong>, cantaora que tiene momentos de locura y que nos hace temblar, ponernos la piel fr\u00eda y el coraz\u00f3n caliente, sobre todo en la seguiriya. Es singular como ella sola, no conoce m\u00e1s norma que la de cantar por derecho y entreg\u00e1ndose, siempre con un gusto y una introversi\u00f3n que va desde lo tenue al drama de la seguiriya.\u00a0<strong>Remache de M\u00e1laga<\/strong>\u00a0es el festero que admiramos porque con muy poquito hace mucho, con un tono muy bajo y una sonrisa perenne, y con unas maneras llenas de sal y vida.\u00a0<strong>Delia Mebrive<\/strong>\u00a0volvi\u00f3 a derrochar un manantial de pureza, oleaje puro del Mediterr\u00e1neo y dej\u00e1ndose inspirar por la brillante guitarra de\u00a0<strong>Rub\u00e9n Lara<\/strong>, uno de los elegidos del momento. Remedios Amaya no paraba de jalearla desde el p\u00fablico.<\/p>\n<p>Antes hab\u00edamos visto a\u00a0<strong>Manuela Carrasco<\/strong>\u00a0despedirse art\u00edsticamente de Pamplona, contando para tal ocasi\u00f3n con la presencia de\u00a0<strong>Remedios Amaya<\/strong>, entregada y emocionada por conectar con la ilustre bailaora que con una sola estampa nos deja saciados. Las dos sobre el escenario y dialogando, \u00bfhemos dicho algo? Lo mejor de una \u00e9poca que aport\u00f3 una gitaner\u00eda sevillana que a\u00fan perdura. Manuela es toda elegancia, su silueta encandila y su mirada hasta pone nervioso. Manuela es leyenda pero palpita como cuando empez\u00f3, asentando el movimiento por donde pisa, con la seguridad y la responsabilidad, a la par, que dan las tablas. Los jaleos son para grabarlos en la retina. Le deja el testigo a su hija\u00a0<strong>Manuela<\/strong>, \u201cbuena bailaora\u201d, como la presenta para que \u00e9sta se introduzca en las alegr\u00edas. Cierto es que queda mucho por recorrer, pero la hija de la reina cada vez lo hace mejor y dignamente, potencial que sabr\u00e1 aprovechar para estar donde desee. Su\u00a0<strong>Zamara Carrasco, El Extreme\u00f1o<\/strong>, que le cant\u00f3 la sole\u00e1,\u00a0<strong>Manuel Ta\u00f1\u00e9, Pedro Sierra<\/strong>\u00a0(a la guitarra),\u00a0<strong>Jos\u00e9 Carrasco<\/strong>\u00a0a la percusi\u00f3n llevan el peso en el atr\u00e1s, y\u00a0<strong>Anabel Valencia<\/strong>\u00a0tampoco se pierde esta gran fiesta, destacando en solitario por tangos.<\/p>\n<p>&nbsp;<\/p>\n<blockquote><p><em>\u00abManuela Carrasco y Remedios Amaya. Las dos sobre el escenario y dialogando. \u00bfHemos dicho algo? Lo mejor de una \u00e9poca que aport\u00f3 una gitaner\u00eda sevillana que a\u00fan perdura. Manuela es toda elegancia, su silueta encandila y su mirada hasta pone nervioso\u00bb<\/em><\/p><\/blockquote>\n<p>&nbsp;<\/p>\n<div id=\"attachment_53734\" class=\"wp-caption aligncenter\">\n<p><a href=\"https:\/\/www.expoflamenco.com\/wp-content\/uploads\/2024\/09\/festival-flamenco-on-fire-27-jose-y-perico-panero-con-dani-de-moron-foto-on-fire.jpg\"><img fetchpriority=\"high\" decoding=\"async\" class=\"size-full wp-image-53734\" src=\"https:\/\/www.expoflamenco.com\/wp-content\/uploads\/2024\/09\/festival-flamenco-on-fire-27-jose-y-perico-panero-con-dani-de-moron-foto-on-fire.jpg\" srcset=\"https:\/\/www.expoflamenco.com\/wp-content\/uploads\/2024\/09\/festival-flamenco-on-fire-27-jose-y-perico-panero-con-dani-de-moron-foto-on-fire.jpg 1300w, https:\/\/www.expoflamenco.com\/wp-content\/uploads\/2024\/09\/festival-flamenco-on-fire-27-jose-y-perico-panero-con-dani-de-moron-foto-on-fire-300x200.jpg 300w, https:\/\/www.expoflamenco.com\/wp-content\/uploads\/2024\/09\/festival-flamenco-on-fire-27-jose-y-perico-panero-con-dani-de-moron-foto-on-fire-1024x683.jpg 1024w, https:\/\/www.expoflamenco.com\/wp-content\/uploads\/2024\/09\/festival-flamenco-on-fire-27-jose-y-perico-panero-con-dani-de-moron-foto-on-fire-768x512.jpg 768w, https:\/\/www.expoflamenco.com\/wp-content\/uploads\/2024\/09\/festival-flamenco-on-fire-27-jose-y-perico-panero-con-dani-de-moron-foto-on-fire-128x86.jpg 128w\" alt=\"\" width=\"1300\" height=\"867\" aria-describedby=\"caption-attachment-53734\" \/><\/a><\/p>\n<p id=\"caption-attachment-53734\" class=\"wp-caption-text\">Jos\u00e9 y Perico el Pa\u00f1ero con Diego del Morao. Palacio de Condestable, Pamplona. Festival Flamenco On Fire 2024. Foto: FOF<\/p>\n<\/div>\n<p>&nbsp;<\/p>\n<p>La ma\u00f1ana estuvo m\u00e1s que animada, con\u00a0<strong>Remedios Amaya<\/strong>\u00a0poniendo el alma desde el balc\u00f3n del Ayuntamiento por buler\u00edas, junto a\u00a0<strong>Diego del Morao<\/strong>. \u00a1Cu\u00e1nta verdad en su cante, en su sencillez, en su manera de remover sentimientos! A pocos pasos y desde el balc\u00f3n de La Perla,\u00a0<strong>Celia Flores<\/strong>\u00a0y\u00a0<strong>Rycardo Moreno<\/strong>\u00a0hicieron lo propio, llev\u00e1ndose un saco de palmas a comp\u00e1s de lo que gustaron. Otra de las actividades de la ma\u00f1ana se centr\u00f3 en el p\u00fablico infantil, con\u00a0<em>Del colegio al tablao<\/em>, de\u00a0<strong>Silvia Mar\u00edn<\/strong>, y fuimos nosotros, el que escribe esto y Jos\u00e9 El Pa\u00f1ero, quienes desde la Casa Sabicas hablamos de la buler\u00eda festera.<\/p>\n<p><strong>Califato \u00be\u00a0<\/strong>actu\u00f3 en el Zentral, pero no pude estar porque coincid\u00eda con\u00a0<strong>Jos\u00e9 y Perico El Pa\u00f1ero,\u00a0<\/strong>que protagonizaron uno de los momentos de la edici\u00f3n, sobre todo un Perico profund\u00edsimo por seguiriyas y un\u00a0<strong>Diego del Morao<\/strong>\u00a0que desprend\u00eda magia a cada instante. Y es que lo de este hombre ya no se puede describir. Por sole\u00e1, igual, con letras suyas y con un dominio de los tiempos y estilos propio de los maestros. Jos\u00e9 se gust\u00f3 por canti\u00f1as y romeras, haci\u00e9ndolas como son, al igual que por buler\u00edas. \u00a1Qu\u00e9 tarde de cante y toque! Reconozco que me cay\u00f3 alguna l\u00e1grima escuch\u00e1ndolos.<\/p>\n<p><strong>Dani de Mor\u00f3n<\/strong>\u00a0dej\u00f3 su sello antes de los Pa\u00f1ero en el espacio Civivox Incondestable, agradeciendo esta oportunidad porque es cierto que el p\u00fablico lo valora y el artista se siente c\u00f3modo. Farruca o las seguiriyas, con fandangos de Huelva o buler\u00edas fueron algunas de las composiciones que interpret\u00f3. Estaba entusiasmado y se not\u00f3 a gusto, nos dibuj\u00f3 el paisaje de Mor\u00f3n, hasta con el gallo, y volvi\u00f3 a firmar en el libro de honor (metaf\u00f3ricamente hablando) de la guitarra flamenca del ahora.<\/p>\n<p>\u00a1Hasta el a\u00f1o que viene, si Dios quiere!<\/p>\n<p>&nbsp;<\/p>\n<p>&nbsp;<\/p>\n<div id=\"attachment_53732\" class=\"wp-caption aligncenter\">\n<p><a href=\"https:\/\/www.expoflamenco.com\/wp-content\/uploads\/2024\/09\/festival-flamenco-on-fire-26-manuela-carrasco-foto-on-fire.jpg\"><img decoding=\"async\" class=\"size-full wp-image-53732\" src=\"https:\/\/www.expoflamenco.com\/wp-content\/uploads\/2024\/09\/festival-flamenco-on-fire-26-manuela-carrasco-foto-on-fire.jpg\" srcset=\"https:\/\/www.expoflamenco.com\/wp-content\/uploads\/2024\/09\/festival-flamenco-on-fire-26-manuela-carrasco-foto-on-fire.jpg 1300w, https:\/\/www.expoflamenco.com\/wp-content\/uploads\/2024\/09\/festival-flamenco-on-fire-26-manuela-carrasco-foto-on-fire-300x185.jpg 300w, https:\/\/www.expoflamenco.com\/wp-content\/uploads\/2024\/09\/festival-flamenco-on-fire-26-manuela-carrasco-foto-on-fire-1024x630.jpg 1024w, https:\/\/www.expoflamenco.com\/wp-content\/uploads\/2024\/09\/festival-flamenco-on-fire-26-manuela-carrasco-foto-on-fire-768x473.jpg 768w\" alt=\"\" width=\"1300\" height=\"800\" aria-describedby=\"caption-attachment-53732\" \/><\/a><\/p>\n<p id=\"caption-attachment-53732\" class=\"wp-caption-text\">Manuela Carrasco y su compa\u00f1\u00eda. Baluarte de Pamplona. Festival Flamenco On Fire 2024. Foto: FOF<\/p>\n<\/div>\n<div id=\"attachment_53738\" class=\"wp-caption aligncenter\">\n<p><a href=\"https:\/\/www.expoflamenco.com\/wp-content\/uploads\/2024\/09\/festival-flamenco-on-fire-28-remedios-amaya-y-diego-del-morao-foto-on-fire.jpg\"><img decoding=\"async\" class=\"size-full wp-image-53738\" src=\"https:\/\/www.expoflamenco.com\/wp-content\/uploads\/2024\/09\/festival-flamenco-on-fire-28-remedios-amaya-y-diego-del-morao-foto-on-fire.jpg\" srcset=\"https:\/\/www.expoflamenco.com\/wp-content\/uploads\/2024\/09\/festival-flamenco-on-fire-28-remedios-amaya-y-diego-del-morao-foto-on-fire.jpg 1300w, https:\/\/www.expoflamenco.com\/wp-content\/uploads\/2024\/09\/festival-flamenco-on-fire-28-remedios-amaya-y-diego-del-morao-foto-on-fire-300x185.jpg 300w, https:\/\/www.expoflamenco.com\/wp-content\/uploads\/2024\/09\/festival-flamenco-on-fire-28-remedios-amaya-y-diego-del-morao-foto-on-fire-1024x630.jpg 1024w, https:\/\/www.expoflamenco.com\/wp-content\/uploads\/2024\/09\/festival-flamenco-on-fire-28-remedios-amaya-y-diego-del-morao-foto-on-fire-768x473.jpg 768w\" alt=\"\" width=\"1300\" height=\"800\" aria-describedby=\"caption-attachment-53738\" \/><\/a><\/p>\n<p id=\"caption-attachment-53738\" class=\"wp-caption-text\">Remedios Amaya y Diego del Morao. Balc\u00f3n del Ayuntamiento de Pamplona. Festival Flamenco On Fire 2024. Foto: FOF<\/p>\n<\/div>\n<div id=\"attachment_53736\" class=\"wp-caption aligncenter\">\n<p><a href=\"https:\/\/www.expoflamenco.com\/wp-content\/uploads\/2024\/09\/festival-flamenco-on-fire-30-remache-de-malaga-foto-on-fire.jpg\"><img loading=\"lazy\" decoding=\"async\" class=\"size-full wp-image-53736\" src=\"https:\/\/www.expoflamenco.com\/wp-content\/uploads\/2024\/09\/festival-flamenco-on-fire-30-remache-de-malaga-foto-on-fire.jpg\" srcset=\"https:\/\/www.expoflamenco.com\/wp-content\/uploads\/2024\/09\/festival-flamenco-on-fire-30-remache-de-malaga-foto-on-fire.jpg 1300w, https:\/\/www.expoflamenco.com\/wp-content\/uploads\/2024\/09\/festival-flamenco-on-fire-30-remache-de-malaga-foto-on-fire-300x200.jpg 300w, https:\/\/www.expoflamenco.com\/wp-content\/uploads\/2024\/09\/festival-flamenco-on-fire-30-remache-de-malaga-foto-on-fire-1024x684.jpg 1024w, https:\/\/www.expoflamenco.com\/wp-content\/uploads\/2024\/09\/festival-flamenco-on-fire-30-remache-de-malaga-foto-on-fire-768x513.jpg 768w, https:\/\/www.expoflamenco.com\/wp-content\/uploads\/2024\/09\/festival-flamenco-on-fire-30-remache-de-malaga-foto-on-fire-128x86.jpg 128w\" alt=\"\" width=\"1300\" height=\"868\" aria-describedby=\"caption-attachment-53736\" \/><\/a><\/p>\n<p id=\"caption-attachment-53736\" class=\"wp-caption-text\">Remache de M\u00e1laga. Hotel Tres Reyes, Pamplona. Festival Flamenco On Fire 2024. Foto: FOF<\/p>\n<\/div>\n<div id=\"attachment_53740\" class=\"wp-caption aligncenter\">\n<p><a href=\"https:\/\/www.expoflamenco.com\/wp-content\/uploads\/2024\/09\/festival-flamenco-on-fire-31-celia-flores-y-rycardo-moreno-foto-on-fire.jpg\"><img loading=\"lazy\" decoding=\"async\" class=\"size-full wp-image-53740\" src=\"https:\/\/www.expoflamenco.com\/wp-content\/uploads\/2024\/09\/festival-flamenco-on-fire-31-celia-flores-y-rycardo-moreno-foto-on-fire.jpg\" srcset=\"https:\/\/www.expoflamenco.com\/wp-content\/uploads\/2024\/09\/festival-flamenco-on-fire-31-celia-flores-y-rycardo-moreno-foto-on-fire.jpg 1300w, https:\/\/www.expoflamenco.com\/wp-content\/uploads\/2024\/09\/festival-flamenco-on-fire-31-celia-flores-y-rycardo-moreno-foto-on-fire-300x200.jpg 300w, https:\/\/www.expoflamenco.com\/wp-content\/uploads\/2024\/09\/festival-flamenco-on-fire-31-celia-flores-y-rycardo-moreno-foto-on-fire-1024x683.jpg 1024w, https:\/\/www.expoflamenco.com\/wp-content\/uploads\/2024\/09\/festival-flamenco-on-fire-31-celia-flores-y-rycardo-moreno-foto-on-fire-768x512.jpg 768w, https:\/\/www.expoflamenco.com\/wp-content\/uploads\/2024\/09\/festival-flamenco-on-fire-31-celia-flores-y-rycardo-moreno-foto-on-fire-128x86.jpg 128w\" alt=\"\" width=\"1300\" height=\"867\" aria-describedby=\"caption-attachment-53740\" \/><\/a><\/p>\n<p id=\"caption-attachment-53740\" class=\"wp-caption-text\">Celia Flores y Rycardo Moreno. Balc\u00f3n del Hotel La Perla, Pamplona. Festival Flamenco on Fire 2024. Foto: FOF<\/p>\n<\/div>\n<div id=\"attachment_53744\" class=\"wp-caption aligncenter\">\n<p><a href=\"https:\/\/www.expoflamenco.com\/wp-content\/uploads\/2024\/09\/festival-flamenco-on-fire-29-califato-3x4-foto-on-fire.jpg\"><img loading=\"lazy\" decoding=\"async\" class=\"size-full wp-image-53744\" src=\"https:\/\/www.expoflamenco.com\/wp-content\/uploads\/2024\/09\/festival-flamenco-on-fire-29-califato-3x4-foto-on-fire.jpg\" srcset=\"https:\/\/www.expoflamenco.com\/wp-content\/uploads\/2024\/09\/festival-flamenco-on-fire-29-califato-3x4-foto-on-fire.jpg 1300w, https:\/\/www.expoflamenco.com\/wp-content\/uploads\/2024\/09\/festival-flamenco-on-fire-29-califato-3x4-foto-on-fire-300x200.jpg 300w, https:\/\/www.expoflamenco.com\/wp-content\/uploads\/2024\/09\/festival-flamenco-on-fire-29-califato-3x4-foto-on-fire-1024x683.jpg 1024w, https:\/\/www.expoflamenco.com\/wp-content\/uploads\/2024\/09\/festival-flamenco-on-fire-29-califato-3x4-foto-on-fire-768x512.jpg 768w, https:\/\/www.expoflamenco.com\/wp-content\/uploads\/2024\/09\/festival-flamenco-on-fire-29-califato-3x4-foto-on-fire-128x86.jpg 128w\" alt=\"\" width=\"1300\" height=\"867\" aria-describedby=\"caption-attachment-53744\" \/><\/a><\/p>\n<p id=\"caption-attachment-53744\" class=\"wp-caption-text\">Califato 3\/4. Sala Zentral, Pamplona. Flamenco On Fire 2024. Foto: FOF<\/p>\n<\/div>\n<div id=\"attachment_53742\" class=\"wp-caption aligncenter\">\n<p><a href=\"https:\/\/www.expoflamenco.com\/wp-content\/uploads\/2024\/09\/festival-flamenco-on-fire-32-jose-panero-y-juan-garrido-foto-on-fire.jpg\"><img loading=\"lazy\" decoding=\"async\" class=\"size-full wp-image-53742\" src=\"https:\/\/www.expoflamenco.com\/wp-content\/uploads\/2024\/09\/festival-flamenco-on-fire-32-jose-panero-y-juan-garrido-foto-on-fire.jpg\" srcset=\"https:\/\/www.expoflamenco.com\/wp-content\/uploads\/2024\/09\/festival-flamenco-on-fire-32-jose-panero-y-juan-garrido-foto-on-fire.jpg 1300w, https:\/\/www.expoflamenco.com\/wp-content\/uploads\/2024\/09\/festival-flamenco-on-fire-32-jose-panero-y-juan-garrido-foto-on-fire-300x200.jpg 300w, https:\/\/www.expoflamenco.com\/wp-content\/uploads\/2024\/09\/festival-flamenco-on-fire-32-jose-panero-y-juan-garrido-foto-on-fire-1024x684.jpg 1024w, https:\/\/www.expoflamenco.com\/wp-content\/uploads\/2024\/09\/festival-flamenco-on-fire-32-jose-panero-y-juan-garrido-foto-on-fire-768x513.jpg 768w, https:\/\/www.expoflamenco.com\/wp-content\/uploads\/2024\/09\/festival-flamenco-on-fire-32-jose-panero-y-juan-garrido-foto-on-fire-128x86.jpg 128w\" alt=\"\" width=\"1300\" height=\"868\" aria-describedby=\"caption-attachment-53742\" \/><\/a><\/p>\n<p id=\"caption-attachment-53742\" class=\"wp-caption-text\">Jos\u00e9 Pa\u00f1ero y Juan Garrido. Flamenco On Fire 2024. Foto: FOF<\/p>\n<\/div>\n","protected":false,"gt_translate_keys":[{"key":"rendered","format":"html"}]},"excerpt":{"rendered":"<p>Manuela Carrasco brilla en su gira de despedida y los Pa\u00f1ero dejan su sello cl\u00e1sico y magistral en una tarde de cante inolvidable en Pamplona.<\/p>\n","protected":false,"gt_translate_keys":[{"key":"rendered","format":"html"}]},"author":34,"featured_media":1604,"comment_status":"open","ping_status":"open","sticky":false,"template":"","format":"standard","meta":{"_acf_changed":false,"pmpro_default_level":"","jnews-multi-image_gallery":[],"jnews_single_post":{"format":"standard","override":[{"template":"2","parallax":"1","fullscreen":"1","layout":"right-sidebar","sidebar":"default-sidebar","second_sidebar":"default-sidebar","sticky_sidebar":"1","share_position":"bottom","share_float_style":"share-monocrhome","show_share_counter":"1","show_view_counter":"1","show_featured":"1","show_post_meta":"1","show_post_author":"1","show_post_author_image":"1","show_post_date":"1","post_date_format":"default","post_date_format_custom":"Y\/m\/d","show_post_reading_time":"1","post_reading_time_wpm":"250","post_calculate_word_method":"str_word_count","show_zoom_button":"1","zoom_button_out_step":"2","zoom_button_in_step":"3","show_post_tag":"1","show_prev_next_post":"1","show_popup_post":"1","number_popup_post":"1","show_author_box":"1","show_post_related":"1","show_inline_post_related":"1"}],"image_override":[{"single_post_thumbnail_size":"crop-500","single_post_gallery_size":"crop-500"}],"trending_post_position":"meta","trending_post_label":"Tendencias","sponsored_post_label":"Patrocinado por","disable_ad":"0","subtitle":"Manuela Carrasco brilla en su gira de despedida y los Pa\u00f1ero dejan su sello cl\u00e1sico y magistral en una tarde de cante inolvidable en Pamplona."},"jnews_primary_category":{"id":"248"},"jnews_override_bookmark_settings":{"override_bookmark_button":"0","override_show_bookmark_button":"0"},"jnews_social_meta":[],"jnews_review":[],"enable_review":"","type":"percentage","name":"","summary":"","brand":"","sku":"","good":[],"bad":[],"score_override":"","override_value":"","rating":[],"price":[],"jnews_override_counter":{"view_counter_number":"0","share_counter_number":"0","like_counter_number":"0","dislike_counter_number":"0"},"footnotes":""},"categories":[46,38],"tags":[1366,1245,1395,211,600],"class_list":["post-1603","post","type-post","status-publish","format-standard","has-post-thumbnail","hentry","category-cronicas","category-en-portada","tag-festival-flamenco-on-fire","tag-perico-el-panero","tag-remedios-amaya","tag-dani-de-moron","tag-manuela-carrasco","pmpro-has-access"],"acf":[],"aioseo_notices":[],"gt_translate_keys":[{"key":"link","format":"url"}],"_links":{"self":[{"href":"https:\/\/expoflamenco.com\/revista\/wp-json\/wp\/v2\/posts\/1603","targetHints":{"allow":["GET"]}}],"collection":[{"href":"https:\/\/expoflamenco.com\/revista\/wp-json\/wp\/v2\/posts"}],"about":[{"href":"https:\/\/expoflamenco.com\/revista\/wp-json\/wp\/v2\/types\/post"}],"author":[{"embeddable":true,"href":"https:\/\/expoflamenco.com\/revista\/wp-json\/wp\/v2\/users\/34"}],"replies":[{"embeddable":true,"href":"https:\/\/expoflamenco.com\/revista\/wp-json\/wp\/v2\/comments?post=1603"}],"version-history":[{"count":0,"href":"https:\/\/expoflamenco.com\/revista\/wp-json\/wp\/v2\/posts\/1603\/revisions"}],"wp:featuredmedia":[{"embeddable":true,"href":"https:\/\/expoflamenco.com\/revista\/wp-json\/wp\/v2\/media\/1604"}],"wp:attachment":[{"href":"https:\/\/expoflamenco.com\/revista\/wp-json\/wp\/v2\/media?parent=1603"}],"wp:term":[{"taxonomy":"category","embeddable":true,"href":"https:\/\/expoflamenco.com\/revista\/wp-json\/wp\/v2\/categories?post=1603"},{"taxonomy":"post_tag","embeddable":true,"href":"https:\/\/expoflamenco.com\/revista\/wp-json\/wp\/v2\/tags?post=1603"}],"curies":[{"name":"wp","href":"https:\/\/api.w.org\/{rel}","templated":true}]}}