{"id":1514,"date":"2024-08-09T09:30:39","date_gmt":"2024-08-09T07:30:39","guid":{"rendered":"https:\/\/expoflamenco.com\/revistanew\/manuela-carrasco-la-diosa-del-olimpo-del-baile-flamenco\/"},"modified":"2024-08-09T09:30:39","modified_gmt":"2024-08-09T07:30:39","slug":"manuela-carrasco-la-diosa-del-olimpo-del-baile-flamenco","status":"publish","type":"post","link":"https:\/\/expoflamenco.com\/revista\/manuela-carrasco-la-diosa-del-olimpo-del-baile-flamenco\/","title":{"rendered":"Manuela Carrasco, la diosa del Olimpo del baile flamenco","gt_translate_keys":[{"key":"rendered","format":"text"}]},"content":{"rendered":"<p>Sentada en la orilla del Guadalquivir, Manuela espera pl\u00e1cidamente el momento de empezar esta entrevista. Desde Triana, al fondo, hay una bell\u00edsima vista de Sevilla. Su mente vuela hasta el otro lado con la mirada perdida en el r\u00edo buscando recuerdos o, quiz\u00e1s, haciendo inventario de una vida de esfuerzo, trabajo, sacrificio y \u00e9xito, muchos \u00e9xitos.\u00a0<strong>Manuela Carrasco<\/strong>\u00a0consigui\u00f3 alcanzar el Olimpo de las bailaoras, de las flamencas de raza. Su carrera est\u00e1 jalonada de galardones, premios, reconocimientos y homenajes que lo atestiguan. El \u00faltimo homenaje ha sido en el VI Festival Flamenco Valle Gitano, cuanto la Pe\u00f1a Torres Macarena cumpl\u00eda sus 50 a\u00f1os.<\/p>\n<p>Ella naci\u00f3 en Triana con el don del baile y el aspecto de una diosa gitana. Es su cara, su pelo negro azabache, sus ojos, esa mirada que embelesa y te transporta hasta lugares infinitos. Pozo de sabidur\u00eda y muchos a\u00f1os de trabajo incansable. Manuela se mece entre la nostalgia del dolor y la alegr\u00eda de lo vivido. Diosa como bailaora y \u201cguerrera\u201d como mujer en esta dif\u00edcil tarea de llevar adelante una vida, un arte, una profesi\u00f3n y una familia.<\/p>\n<p>Estamos en\u00a0<a href=\"https:\/\/flamenqueria.es\/\" target=\"_blank\" rel=\"noopener\">Flamenquer\u00eda<\/a>, calle Castilla, Sevilla, el local de su amiga Blanca, donde ensaya como si estuviera en su propia casa.<\/p>\n<p>&nbsp;<\/p>\n<p><strong>\u2013 T\u00fa eres una artista que nace con el arte dentro. \u00bfLo que has sacado de ti viene de tu padre, de tus t\u00edos o de tu propia inspiraci\u00f3n?<\/strong><\/p>\n<p>\u2013 Yo he nacido en una familia de artistas, mis t\u00edos bailaban, mi padre bailaba, pero yo creo que lo m\u00edo es de nacimiento. Lo llevo dentro de m\u00ed, siempre lo he sentido en mis adentros. A mi t\u00edo le preocupaba corregirme la colocaci\u00f3n, me dec\u00eda lo importante que era la colocaci\u00f3n de los brazos, de todo el cuerpo, y yo hac\u00eda lo que \u00e9l me aconsejaba y me llevaba horas ensayando.<\/p>\n<p><strong>\u2013 \u00bfT\u00fa c\u00f3mo te das cuenta de que quieres ser artista profesional? En tu casa, con tu gente, tendr\u00edas momentos para bailar, en las bodas, los bautizos, las reuniones en familia.<\/strong><\/p>\n<p>\u2013 Yo nac\u00ed en Triana, t\u00fa sabes. En el a\u00f1o 1962, 1963, nos echaron a los gitanos y a los que no eran gitanos tambi\u00e9n. Yo ten\u00eda solo cuatro a\u00f1os cuando nos fuimos a vivir a San Juan de Aznalfarache. Era un barrio de artistas, porque todos los ni\u00f1os y ni\u00f1as cantaban y bailaban. Angelita Vargas, que era la mayor de nosotros, nos llevaba a la Feria de Sevilla, hac\u00edamos un corro y all\u00ed nos pon\u00edamos a cantar y a bailar y luego pas\u00e1bamos el plato o la mano y nos daban el dinero que nos quisieran dar. Yo, como era la m\u00e1s peque\u00f1a, no ten\u00eda ninguna maldad, llevaba una faldriquera y ah\u00ed met\u00edamos todo el dinero que cog\u00edamos. Aunque era muy lista y me daba cuenta de que algunas se escond\u00edan los billetes en el pelo.<\/p>\n<p><strong>\u2013 \u00bfEs posible que la humildad de tu familia te empujara hacia los escenarios?<\/strong><\/p>\n<p>\u2013 As\u00ed es. \u00cdbamos a las galas juveniles y al Teatro San Fernando, y yo lo que quer\u00eda era bailar. Nac\u00ed en una familia muy humilde, yo era la mayor de seis hermanos. Un d\u00eda vi a mi madre llorar porque nada m\u00e1s ten\u00eda un tomate con una viena para darnos de comer a sus tres hijos. Ten\u00eda entonces nueve a\u00f1os y me jur\u00e9 a m\u00ed misma que en mi casa ya no se iba a pasar m\u00e1s hambre. Y de ah\u00ed pues nos fuimos a M\u00e1laga, porque viv\u00eda all\u00ed mi tata, que trabajaba en los hoteles. Y mi madre le pidi\u00f3 que le buscara trabajo porque con tantos ni\u00f1os no se pod\u00eda vivir. Mi madre se puso a trabajar en el restaurante del hotel, a mi padre lo pusieron a hacer pinturas abstractas en cartulinas para los turistas. Y a m\u00ed en el restaurante fregando.<\/p>\n<p><strong>\u2013 \u00bfC\u00f3mo escapas de un oficio que no te dejaba bailar, que era en realidad lo que t\u00fa quer\u00edas hacer?<\/strong><\/p>\n<p>\u2013 All\u00ed estaba el Tablao de Mariquilla, y yo, al pasar, ve\u00eda que ella estaba en una fotograf\u00eda muy grande en la puerta del tablao. Me qued\u00e9 mir\u00e1ndola y me puse a hacer posturas. Yo siempre llevaba mis zapatos de baile conmigo. Eran de cordones y los llevaba aqu\u00ed puestos (se toca el hombro). En los descansos me colocaba mis zapatos y me pon\u00eda a bailar, all\u00ed mismo en la acera, y todas las personas me dec\u00edan: \u201c\u00a1Ay, mira qu\u00e9 graciosa!\u201d. Entonces, Mar\u00eda me llama y me dice: \u201cVen ac\u00e1, \u00bft\u00fa bailas?\u201d. Yo s\u00ed. \u201c\u00bfY t\u00fa por qu\u00e9 bailas?\u201d. Y y yo le dije\u00a0<em>por to<\/em>, aunque solo sab\u00eda por tangos y buler\u00edas. Y Juan, el suegro de Morenito de \u00cdllora, que estaba all\u00ed, me dice: \u201cNi\u00f1a, \u00bftu padre es Jos\u00e9 el Sordo? T\u00fa tienes toda la pinta de tu familia. \u00bfT\u00fa quieres bailar? Te canto yo un poquito\u201d. Y yo le dije que s\u00ed y bail\u00e9 un poquito por buler\u00edas y eso se qued\u00f3 ah\u00ed.<\/p>\n<p>&nbsp;<\/p>\n<blockquote>\n<p class=\"p1\"><em><span class=\"s1\">\u00abPues s\u00ed, he anunciado mi despedida de los escenarios. Estoy haciendo una gira que va a durar dos a\u00f1os y creo que es necesario hacerla. Todav\u00eda no ha llegado el d\u00eda, pero yo sabr\u00e9 cu\u00e1ndo ser\u00e1 el momento de irme, y ser\u00e1 porque no pueda dar a mi p\u00fablico todo lo que yo quiero\u00bb<\/span><\/em><\/p>\n<\/blockquote>\n<p>&nbsp;<\/p>\n<div id=\"attachment_53197\" class=\"wp-caption aligncenter\">\n<p><a href=\"https:\/\/www.expoflamenco.com\/wp-content\/uploads\/2024\/08\/expoflamenco-manuela-carrasco-5b-en-flamenqueria-triana-abr24-foto-perezventana.jpg\"><img fetchpriority=\"high\" decoding=\"async\" class=\"size-full wp-image-53197\" src=\"https:\/\/www.expoflamenco.com\/wp-content\/uploads\/2024\/08\/expoflamenco-manuela-carrasco-5b-en-flamenqueria-triana-abr24-foto-perezventana.jpg\" srcset=\"https:\/\/www.expoflamenco.com\/wp-content\/uploads\/2024\/08\/expoflamenco-manuela-carrasco-5b-en-flamenqueria-triana-abr24-foto-perezventana.jpg 1300w, https:\/\/www.expoflamenco.com\/wp-content\/uploads\/2024\/08\/expoflamenco-manuela-carrasco-5b-en-flamenqueria-triana-abr24-foto-perezventana-300x185.jpg 300w, https:\/\/www.expoflamenco.com\/wp-content\/uploads\/2024\/08\/expoflamenco-manuela-carrasco-5b-en-flamenqueria-triana-abr24-foto-perezventana-1024x630.jpg 1024w, https:\/\/www.expoflamenco.com\/wp-content\/uploads\/2024\/08\/expoflamenco-manuela-carrasco-5b-en-flamenqueria-triana-abr24-foto-perezventana-768x473.jpg 768w\" alt=\"\" width=\"1300\" height=\"800\" aria-describedby=\"caption-attachment-53197\" \/><\/a><\/p>\n<p id=\"caption-attachment-53197\" class=\"wp-caption-text\">Manuela Carrasco. Flamenquer\u00eda Sevilla. Foto: perezventana<\/p>\n<\/div>\n<p>&nbsp;<\/p>\n<p><strong>\u2013 T\u00fa jugabas a bailar en la calle. \u00bfC\u00f3mo fue que tu madre se enter\u00f3?<\/strong><\/p>\n<p>\u2013 Al d\u00eda siguiente me dijo mi madre: venga, que nos vamos al restaurante. Y digo, yo no voy, y me tir\u00e9 al suelo llorando. Que yo no iba a fregar m\u00e1s, que yo quer\u00eda ser bailaora y que ya no iba m\u00e1s. Al otro d\u00eda, mi madre se fue, la pobre, por todo M\u00e1laga, con lo justo para el autob\u00fas, buscando a Mariquilla. Ya por la noche da en la puerta de la casa de Maribella, la cu\u00f1ada de Mariquilla. Le pregunt\u00f3: \u201cNi\u00f1a, \u00bft\u00fa sabes donde vive Mariquilla?\u201d. \u201cYo s\u00ed, se\u00f1ora, \u00bfqu\u00e9 le pasa?\u201d. Mi madre le explic\u00f3 que ten\u00eda una ni\u00f1a que nada m\u00e1s quer\u00eda bailar. \u201cAhora mismo la llevo yo donde vive Mariquilla\u201d. Total, que mi madre llorando, le cont\u00f3 que ten\u00eda muchos ni\u00f1os y que la ni\u00f1a no quer\u00eda fregar, que lo que quer\u00eda era bailar. Entonces Mariquilla le dijo, \u201cll\u00e9vamela esta noche al tablao\u201d, que se llamaba El Jaleo.<\/p>\n<p><strong>\u2013 \u00bfC\u00f3mo fue ese primer d\u00eda como bailora de tablao?<\/strong><\/p>\n<p>\u2013 Yo lo \u00fanico que llevaba eran mis zapatos, los labios mu rojos de mi t\u00eda, que me los pint\u00f3, con unos rabos muy grandes en los ojos, y un sujetador de ella que me rellenaron con algodones. Cuando llegu\u00e9 al tablao, Mariquilla empez\u00f3 a decir \u201cesta ni\u00f1a es mu larga, mi ropa no le viene, venga, vamos a buscarle ropa\u201d. Y entre Roc\u00edo y Maribella me dieron tres vestidos de baile. Y empec\u00e9 all\u00ed a bailar, con nueve a\u00f1itos, y ya me qued\u00e9 los tres meses de verano. Mi madre me hab\u00eda comprado un l\u00e1piz y una barra de labios. Pero, claro, yo me quer\u00eda pintar como se pintaba Roc\u00edo, que era una belleza, los labios fucsia, los ojos con eyeliner, preciosos. Mi madre se quejaba de que no ganaba para comprar eyeliner, porque yo me pasaba el d\u00eda pint\u00e1ndome y despint\u00e1ndome.<\/p>\n<p><strong>\u2013 \u00bfCu\u00e1nto cobrabas?<\/strong><\/p>\n<p>\u2013 Yo cobraba 300 pesetas por cada d\u00eda.<\/p>\n<p><strong>\u2013 \u00bfCu\u00e1ntos pases al d\u00eda?<\/strong><\/p>\n<p>\u2013 Dos o tres pases. Mucho dinero en aquella \u00e9poca.<\/p>\n<p><strong>\u2013 El tablao te sirvi\u00f3 de escaparate? \u00bfCu\u00e1les fueron tus siguiente actuaciones?<\/strong><\/p>\n<p>\u2013 Me llevaba Pulp\u00f3n a las fiestas y luego me met\u00ed primero en La Cochera, despu\u00e9s estuve en Los Gallos. De ah\u00ed me fui al espect\u00e1culo con Curro V\u00e9lez, donde estuve dos meses. Se hizo el homenaje a Caracol en el Potaje de Utrera y, bueno, ah\u00ed me vieron y primero me llam\u00f3 Caracol para que fuese al Hotel Lux, de Madrid, con mi madre, pero ella era muy rara y no quiso en ese momento que yo fuese a Madrid. Dos o tres a\u00f1os m\u00e1s tarde, ya tendr\u00eda yo trece o catorce a\u00f1os, fui al homenaje que le hicieron despu\u00e9s de muerto Caracol y me vieron bailar un poquito por buler\u00edas. Bailamos Angelita Vargas y yo en el fin de fiesta la buler\u00eda. Ah\u00ed ya me contrataron y me fui a Los Canasteros.<\/p>\n<p>&nbsp;<\/p>\n<blockquote>\n<p class=\"p1\"><em><span class=\"s1\">\u00abNunca me valoro ni me he valorado, porque pienso que lo que yo hago es porque lo llevo adentro y porque lo siento y ya est\u00e1. Nunca me he puesto una meta como se pone la gente por el cueste lo que cueste. Yo tengo que llegar ah\u00ed arriba y para eso he bailado y me he part\u00edo los ri\u00f1ones y me he part\u00edo las piernas\u00bb<\/span><\/em><\/p>\n<\/blockquote>\n<p>&nbsp;<\/p>\n<div id=\"attachment_53185\" class=\"wp-caption aligncenter\">\n<p><a href=\"https:\/\/www.expoflamenco.com\/wp-content\/uploads\/2024\/08\/expoflamenco-manuela-carrasco-6-en-flamenqueria-triana-abr24-foto-perezventana.jpg\"><img decoding=\"async\" class=\"size-full wp-image-53185\" src=\"https:\/\/www.expoflamenco.com\/wp-content\/uploads\/2024\/08\/expoflamenco-manuela-carrasco-6-en-flamenqueria-triana-abr24-foto-perezventana.jpg\" srcset=\"https:\/\/www.expoflamenco.com\/wp-content\/uploads\/2024\/08\/expoflamenco-manuela-carrasco-6-en-flamenqueria-triana-abr24-foto-perezventana.jpg 1300w, https:\/\/www.expoflamenco.com\/wp-content\/uploads\/2024\/08\/expoflamenco-manuela-carrasco-6-en-flamenqueria-triana-abr24-foto-perezventana-300x185.jpg 300w, https:\/\/www.expoflamenco.com\/wp-content\/uploads\/2024\/08\/expoflamenco-manuela-carrasco-6-en-flamenqueria-triana-abr24-foto-perezventana-1024x630.jpg 1024w, https:\/\/www.expoflamenco.com\/wp-content\/uploads\/2024\/08\/expoflamenco-manuela-carrasco-6-en-flamenqueria-triana-abr24-foto-perezventana-768x473.jpg 768w\" alt=\"\" width=\"1300\" height=\"800\" aria-describedby=\"caption-attachment-53185\" \/><\/a><\/p>\n<p id=\"caption-attachment-53185\" class=\"wp-caption-text\">Manuela Carrasco. Flamenquer\u00eda Sevilla. Foto: perezventana<\/p>\n<\/div>\n<p>&nbsp;<\/p>\n<p><strong>\u2013 \u00bf C\u00f3mo fue tu experiencia en Los Canasteros, ese tablao m\u00edtico?<\/strong><\/p>\n<p>\u2013 Ese lugar era precioso, estaba la Chana, el G\u00fcito, los m\u00e1s grandes entonces, pero la sala no se llenaba, ten\u00eda tres o cuatro mesas llenas cada noche. Llegu\u00e9 yo y al mes all\u00ed no se cab\u00eda. T\u00fa sabes que los gitanos anticuarios se gastaban lo m\u00e1s grande. Todo de botellas de whisky.<\/p>\n<p><strong>\u2013 \u00bfQui\u00e9n te acompa\u00f1aba al cante?<\/strong><\/p>\n<p>\u2013 Juan Villar. Se hab\u00eda criado con mis t\u00edos, quer\u00eda mucho a mi padre y es como un hermano m\u00edo, siempre lo ha sido y hasta que me muera. Despu\u00e9s, lo quit\u00e9 del cuadro y se qued\u00f3 exclusivamente para G\u00fcito y para m\u00ed, de atracci\u00f3n, y luego empec\u00e9 a llev\u00e1rmelo a los festivales. Y luego ya todos los tablaos queri\u00e9ndome contratar y ya me sal\u00ed de los Canasteros y me fui a Torres Bermejas dos meses, y de ah\u00ed me vine aqu\u00ed a Sevilla y ya empec\u00e9 con mis festivales, mis galas, mis televisiones\u2026<\/p>\n<p><strong>\u2013 \u00bfT\u00fa no has dejado nunca de trabajar?<\/strong><\/p>\n<p>\u2013 No, nunca, en la vida. Desde ni\u00f1a ganando dinero para mi casa. Yo quer\u00eda que no faltara de nada en mi casa.<\/p>\n<p><strong>\u2013 \u00bfLas condiciones que t\u00fa ten\u00edas en los tablaos eran como las de ahora?<\/strong><\/p>\n<p>\u2013 No, no, yo ganaba un buen dinero. Quince o veinte mil pesetas diarias. Porque me ense\u00f1\u00f3 Juanito Villar a pedir. \u00c9l es una gran persona y un cantaor maravilloso. En Los Canasteros, \u00e9l era mi cantaor y ver\u00e1s lo que me pas\u00f3, una cosa de arte. Yo entr\u00e9 para dos cuadros y una actuaci\u00f3n. Y total, como yo hab\u00eda formao la que hab\u00eda formao en el tablao, me llaman Arturo y el hijo de Caracol y me dicen: \u201cHija, t\u00fa ya no vas a estar m\u00e1s en el cuadro\u201d. Yo me hab\u00eda llevao conmigo a mis ni\u00f1os, a mi padre y a mi madre, a todo el mundo. Nosotros est\u00e1bamos en la calle Infanta, al lado de la calle donde estaba Los Canasteros, en la pensi\u00f3n Bariberi. Y resulta que me llama Juan Villar y me dice: \u201cVen pac\u00e1, Jililea\u201d. A los quince o veinte d\u00edas de estar all\u00ed yo cobraba mil setecientas pesetas. Y digo, \u00bfqu\u00e9 pasa? \u201cEsc\u00fachame, vas a pedir cuatro mil pesetas\u201d. Y le digo: \u00bfqu\u00e9 dices, enano? Que me van a echar. Que yo no pido cuatro mil pesetas. \u201c\u00bfT\u00fa no te das cuenta c\u00f3mo est\u00e1 la sala, que todo el mundo viene a verte y los dinerales que se gastan? Pide cuatro mil pesetas\u201d. Digo, estate quieto que yo no pido ese dinero, que me van a echar, que tengo aqu\u00ed tos mis ni\u00f1os, mis padres. \u201c\u00a1Que lo pidas!\u201d, me dice. Total, que le digo: mirusted, Arturo, yo con este dinero no puedo pagar colegios, ni puedo pagar pensi\u00f3n, comer, que tengo aqu\u00ed toda mi familia, si usted no me paga colegios y me paga la pensi\u00f3n y cuatro mil pesetas, yo no me puedo quedar. \u201cClaro, hija, hecho. Ahora mismo\u201d, me contest\u00f3. A los dos o tres meses, porque me llev\u00e9 ocho meses all\u00ed, me dice Juan Villar: \u201cPide quince mil pesetas\u201d. Digo, ya est\u00e1 otra vez el enano este aqu\u00ed con la retah\u00edla. \u201cPide quince mil pesetas\u201d. Y me dieron las quince mil pesetas.<\/p>\n<p><strong>\u2013 \u00bfEn qu\u00e9 momento te has sentido una bailaora consagrada? \u00bfT\u00fa has sentido ese salto en tu evoluci\u00f3n?<\/strong><\/p>\n<p>\u2013 Mira, te voy a explicar una cosa. Yo me he sentido artista desde el primer d\u00eda que yo he puesto los pies en el escenario, pero nunca me lo he cre\u00eddo. Nunca he dicho ahora estoy consagrada, porque pas\u00e9 tantas fatigas para mantener a mi familia\u2026 [un rictus de tristeza se dibuja en su cara].<\/p>\n<p>&nbsp;<\/p>\n<blockquote>\n<p class=\"p1\"><em><span class=\"s1\">\u00abYo me cas\u00e9 con un hombre que nunca se valor\u00f3. Joaqu\u00edn Amador era uno de los mejores guitarristas de su tiempo. \u00c9l no quer\u00eda ir con nadie y vivi\u00f3 para m\u00ed. Nunca le import\u00f3 estar detr\u00e1s de m\u00ed porque dec\u00eda que si \u00e9l segu\u00eda con su carrera yo ten\u00eda que seguir con la m\u00eda, entonces no me quer\u00eda perder. \u00c9l estaba enamorado de m\u00ed y viv\u00eda solo para m\u00ed\u00bb<\/span><\/em><\/p>\n<\/blockquote>\n<p>&nbsp;<\/p>\n<div id=\"attachment_53195\" class=\"wp-caption aligncenter\">\n<p><a href=\"https:\/\/www.expoflamenco.com\/wp-content\/uploads\/2024\/08\/expoflamenco-manuela-carrasco-1-con-carmen-arjona-en-flamenqueria-triana-abr24-foto-perezventana.jpg\"><img decoding=\"async\" class=\"size-full wp-image-53195\" src=\"https:\/\/www.expoflamenco.com\/wp-content\/uploads\/2024\/08\/expoflamenco-manuela-carrasco-1-con-carmen-arjona-en-flamenqueria-triana-abr24-foto-perezventana.jpg\" srcset=\"https:\/\/www.expoflamenco.com\/wp-content\/uploads\/2024\/08\/expoflamenco-manuela-carrasco-1-con-carmen-arjona-en-flamenqueria-triana-abr24-foto-perezventana.jpg 1300w, https:\/\/www.expoflamenco.com\/wp-content\/uploads\/2024\/08\/expoflamenco-manuela-carrasco-1-con-carmen-arjona-en-flamenqueria-triana-abr24-foto-perezventana-300x185.jpg 300w, https:\/\/www.expoflamenco.com\/wp-content\/uploads\/2024\/08\/expoflamenco-manuela-carrasco-1-con-carmen-arjona-en-flamenqueria-triana-abr24-foto-perezventana-1024x630.jpg 1024w, https:\/\/www.expoflamenco.com\/wp-content\/uploads\/2024\/08\/expoflamenco-manuela-carrasco-1-con-carmen-arjona-en-flamenqueria-triana-abr24-foto-perezventana-768x473.jpg 768w\" alt=\"\" width=\"1300\" height=\"800\" aria-describedby=\"caption-attachment-53195\" \/><\/a><\/p>\n<p id=\"caption-attachment-53195\" class=\"wp-caption-text\">Manuela Carrasco, con su hija Manuela Jr durante la entrevista con Carmen Arjona. Flamenquer\u00eda Sevilla. Foto: perezventana<\/p>\n<\/div>\n<p>&nbsp;<\/p>\n<p><strong>\u2013 Siempre hab\u00eda pensado que tu actuaci\u00f3n en los festivales de la Puebla en 1973 y 1974 marcaron un antes y un despu\u00e9s en tu carrera. \u00bfEs as\u00ed?<\/strong><\/p>\n<p>\u2013 Pues s\u00ed. Yo fui a la Reuni\u00f3n de Cante Jondo de esos a\u00f1os. Hab\u00eda un hombre que era m\u00e9dico que ven\u00eda mucho a los Canasteros, uno muy alto, amigo de Fernanda Roy, que ven\u00eda mucho a verme al Tablao. \u00c9l habl\u00f3 con los que organizaban el festival para que yo estuviera en el cartel. Y Francisco Moreno Galv\u00e1n le dijo que bajo su responsabilidad. Y all\u00ed que fui en el a\u00f1o 1973. En el escenario se me sali\u00f3 un zapato, me quit\u00e9 el otro y bail\u00e9 por alegr\u00edas descalza, y form\u00e9 lo m\u00e1s grande.<\/p>\n<p><strong>\u2013 T\u00fa sabes bien lo dif\u00edcil que es el mundo del arte y especialmente el baile.<\/strong><\/p>\n<p>\u2013 Yo estuve en los a\u00f1os 70, que era la \u00e9poca dorada del Flamenco. Si yo eso de partirme las piernas y los ri\u00f1ones no lo hac\u00eda no me contrataban al a\u00f1o siguiente y yo ten\u00eda que estar la altura. Yo he trabajado para sacar a mi familia adelante, y a mi abuela, mi t\u00eda, mi t\u00edo, a quien ha venido a pedirme, toda la vida. Y no me ha importado hacerlo, porque soy guerrera y no s\u00e9 decir que no.<\/p>\n<p><strong>\u2013 \u00bfC\u00f3mo fue que te despegaste de la casa de tus padres?<\/strong><\/p>\n<p>\u2013 Yo me fui con mi marido, me tuve que ir. A m\u00ed me pidieron, pero mi madre no quer\u00eda que yo me casara y eso se rompi\u00f3. A los cinco o seis meses volvi\u00f3 mi marido, que era de Alicante, y me pregunt\u00f3: \u00bfqu\u00e9 piensas? Lo que t\u00fa pienses, le dije. Y me escap\u00e9 con \u00e9l, solo con el vestidito que llevaba puesto. Despu\u00e9s de haber comprado lo m\u00e1s grande de ajuar. Despu\u00e9s de haber mantenido a todo el mundo y de comprar chalet y comprar casa y de todo, que nunca me ha pesado porque yo lo hac\u00eda todo por mis hermanos, por mi madre y por mi padre. Y volv\u00ed a empezar mi vida otra vez, de nuevo. As\u00ed que cada trabajo que me sal\u00eda era para una cosa que nos hiciera falta, este para un sof\u00e1, este para las cortinas. Y poquito a poco, con muchas fatigas empec\u00e9 otra vez. Compr\u00e9 un pisito en San Juan de Aznalfarache, pero mi marido y yo no est\u00e1bamos a gusto all\u00ed porque no era nuestra vida. Despu\u00e9s lo vend\u00ed y compr\u00e9 el piso de Rep\u00fablica Argentina. Cuando vine de mi gira por Am\u00e9rica volv\u00ed con el dinero y termin\u00e9 de pagarlo.<\/p>\n<p>Mis padres eran muy severos. Yo me hab\u00eda convertido en la gallina de los huevos de oro. Yo tuve la suerte de dar con un gran se\u00f1or, me cas\u00e9 y me liber\u00e9, porque antes era as\u00ed. Era un hombre que viv\u00eda para m\u00ed y viv\u00eda para sus hijas y para su casa. Perderlo est\u00e1 siendo muy duro. Ahora lo estoy superando, pero me est\u00e1 costando mucho, porque tengo mis ni\u00f1as, pero cuando estoy sola lloro mucho [sus ojos se llenan de l\u00e1grimas que no alcanzan a brotar].<\/p>\n<p><strong>\u2013 Pronto te quedaste embarazada. \u00bfC\u00f3mo cambi\u00f3 eso tu modo de vida?<\/strong><\/p>\n<p>\u2013 S\u00ed, a los tres meses me qued\u00e9 embarazada de Zamara. Yo estuve bailando hasta los siete meses, porque la hipoteca estaba ah\u00ed y hab\u00eda que luchar para pagarla. Yo me cas\u00e9 con un hombre que nunca se valor\u00f3. Joaqu\u00edn (Amador) era uno de los mejores guitarristas de su tiempo. \u00c9l no quer\u00eda ir con nadie y vivi\u00f3 para m\u00ed y nunca le import\u00f3 estar detr\u00e1s de m\u00ed porque dec\u00eda que si \u00e9l segu\u00eda con su carrera yo ten\u00eda que seguir con la m\u00eda, entonces no me quer\u00eda perder. \u00c9l estaba enamorado de m\u00ed y viv\u00eda solo para m\u00ed.<\/p>\n<p><strong>\u2013 Tanto tiempo trabajando juntos os dar\u00eda un gran conocimiento mutuo en lo profesional, \u00bfno?<\/strong><\/p>\n<p>\u2013 Claro que s\u00ed. \u00c9l se llevaba cinco o seis meses sacando mi m\u00fasica. Llegaba yo y le dec\u00eda: esa parte no la quiero. Y \u00e9l se rebelaba conmigo, soltaba la guitarra, se iba, se tomaba un caf\u00e9, volv\u00eda y me dec\u00eda: \u00bfqu\u00e9 parte no le gusta, se\u00f1ora? Y hac\u00eda lo que yo dec\u00eda. Por un lado lo entend\u00eda muy bien, pero es que a veces yo no entend\u00eda lo que \u00e9l estaba haciendo.<\/p>\n<p>&nbsp;<\/p>\n<blockquote>\n<p class=\"p1\"><em><span class=\"s1\">\u00abYo ten\u00eda solo cuatro a\u00f1os cuando nos fuimos a vivir a San Juan de Aznalfarache. Era un barrio de artistas, porque todos los ni\u00f1os y ni\u00f1as cantaban y bailaban. Angelita Vargas, que era la mayor de nosotros, nos llevaba a la Feria de Sevilla, hac\u00edamos un corro y all\u00ed nos pon\u00edamos a cantar y a bailar y luego pas\u00e1bamos el plato o la mano y nos daban el dinero que nos quisieran dar\u00bb<\/span><\/em><\/p>\n<\/blockquote>\n<p>&nbsp;<\/p>\n<div id=\"attachment_53183\" class=\"wp-caption aligncenter\">\n<p><a href=\"https:\/\/www.expoflamenco.com\/wp-content\/uploads\/2024\/08\/expoflamenco-manuela-carrasco-7-en-flamenqueria-triana-abr24-foto-perezventana.jpg\"><img loading=\"lazy\" decoding=\"async\" class=\"wp-image-53183 size-full\" src=\"https:\/\/www.expoflamenco.com\/wp-content\/uploads\/2024\/08\/expoflamenco-manuela-carrasco-7-en-flamenqueria-triana-abr24-foto-perezventana.jpg\" srcset=\"https:\/\/www.expoflamenco.com\/wp-content\/uploads\/2024\/08\/expoflamenco-manuela-carrasco-7-en-flamenqueria-triana-abr24-foto-perezventana.jpg 1300w, https:\/\/www.expoflamenco.com\/wp-content\/uploads\/2024\/08\/expoflamenco-manuela-carrasco-7-en-flamenqueria-triana-abr24-foto-perezventana-300x185.jpg 300w, https:\/\/www.expoflamenco.com\/wp-content\/uploads\/2024\/08\/expoflamenco-manuela-carrasco-7-en-flamenqueria-triana-abr24-foto-perezventana-1024x630.jpg 1024w, https:\/\/www.expoflamenco.com\/wp-content\/uploads\/2024\/08\/expoflamenco-manuela-carrasco-7-en-flamenqueria-triana-abr24-foto-perezventana-768x473.jpg 768w\" alt=\"\" width=\"1300\" height=\"800\" aria-describedby=\"caption-attachment-53183\" \/><\/a><\/p>\n<p id=\"caption-attachment-53183\" class=\"wp-caption-text\">Manuela Carrasco. Flamenquer\u00eda Sevilla. Foto: perezventana<\/p>\n<\/div>\n<p>&nbsp;<\/p>\n<p><strong>\u2013 Sientes una gran admiraci\u00f3n por tu marido, Joaqu\u00edn Amador.<\/strong><\/p>\n<p>\u2013 Nunca se valor\u00f3 porque era mi guitarrista, uno de los mejores. Nunca le import\u00f3 que yo fuera m\u00e1s que \u00e9l. Y yo discut\u00eda mucho con \u00e9l, porque pod\u00eda haber llegado muy lejos. Y tambi\u00e9n era compositor. \u00c9l se compon\u00eda su m\u00fasica, que todav\u00eda es m\u00e1s dif\u00edcil, y conoc\u00eda la guitarra, hoy casi nadie la conoce. \u00c9l ten\u00eda un sabor muy especial, y eso no se aprende. \u00c9l lo sacaba todo solo.<\/p>\n<p><strong>\u2013 \u00c9l fue contempor\u00e1neo de grandes guitarristas. \u00bfLe ped\u00edan que compusiera para ellos?<\/strong><\/p>\n<p>\u2013 Paco de Luc\u00eda le dec\u00eda que era el mejor pulgar de Espa\u00f1a. Estaban deseando todas las guitarras que \u00e9l sacara algo nuevo para cog\u00e9rselo.<br \/>\nRiqueni, hasta hace un a\u00f1o y medio, se pon\u00eda debajo de mi puerta a las ocho de la ma\u00f1ana. \u201cMaestro, que estoy ac\u00e1 abajo, p\u00f3ngame la seguiriya\u201d. \u201c\u00bfRiqueni de mi coraz\u00f3n, \u00bfa las ocho de la ma\u00f1ana? \u00bfT\u00fa no puedes venir a otra hora?\u201d. Mi marido era maravilloso. Riqueni no tiene ni tendr\u00e1 la pulsaci\u00f3n de Joaqu\u00edn. A m\u00ed me daba mucho coraje, no porque se la pusiera, me daba mucha pena porque \u00e9l se llevaba siete u ocho horas sacando su m\u00fasica para que otro lo cogiera. Como Joaqu\u00edn no pod\u00eda grabar lo hac\u00eda otro. Es que \u00e9l no quer\u00eda grabar. Es mucho todo lo que se ha perdido cuando se fue. Un d\u00eda vino Paco de Luc\u00eda, porque Tomatito iba a grabar un disco, y le dice a mi marido: \u201cPor la manera que est\u00e1 construida yo s\u00e9 que es tuya, vengo a dec\u00edrtelo para que lo sepas\u201d. Yo tengo guardadas muchas cosas de \u00e9l y otras que se pueden recuperar, porque lo grababan, habr\u00eda que recuperarlo todo.<\/p>\n<p><strong>\u2013 \u00bfMerece Joaqu\u00edn Amador, guitarrista, un reconocimiento?<\/strong><\/p>\n<p>\u2013 Por supuesto que s\u00ed. Yo le voy a hacer un disco con su m\u00fasica. Voy a recuperarlo todo. Y tambi\u00e9n un se\u00f1or homenaje como se merece. Cuando \u00e9l estaba en el velatorio si no hab\u00eda cerca de 100 guitarristas no hab\u00eda ninguno. Fue un guitarrista admirado por todo el mundo.<\/p>\n<p><strong>\u2013 Eres madre de artistas \u00bfy maestra?<\/strong><\/p>\n<p>\u2013 Las dos cosas. Har\u00eda lo que fuera por mis hijas. Zamara es cantaora y bailaora, y Manuela en el baile, son dos pedazos de artistas. Soy muy dura con ellas, no les dejo pasar nada, porque yo s\u00e9 lo mucho que cuesta estar en los escenarios y mantenerse. S\u00e9 que a veces soy muy exigente, pero tiene que ser as\u00ed y ellas lo saben.<\/p>\n<p>&nbsp;<\/p>\n<blockquote>\n<p class=\"p1\"><em><span class=\"s1\">\u00abSi yo eso de partirme las piernas y los ri\u00f1ones no lo hac\u00eda no me contrataban al a\u00f1o siguiente y yo ten\u00eda que estar la altura. He trabajado para sacar a mi familia adelante, y a mi abuela, mi t\u00eda, mi t\u00edo, a quien ha venido a pedirme, toda la vida. Y no me ha importado hacerlo, porque soy guerrera y no s\u00e9 decir que no\u00bb<\/span><\/em><\/p>\n<\/blockquote>\n<p>&nbsp;<\/p>\n<div id=\"attachment_53189\" class=\"wp-caption aligncenter\">\n<p><a href=\"https:\/\/www.expoflamenco.com\/wp-content\/uploads\/2024\/08\/expoflamenco-manuela-carrasco-4-con-manuela-jr-y-carmen-arjona-en-flamenqueria-triana-abr24-foto-perezventana.jpg\"><img loading=\"lazy\" decoding=\"async\" class=\"size-full wp-image-53189\" src=\"https:\/\/www.expoflamenco.com\/wp-content\/uploads\/2024\/08\/expoflamenco-manuela-carrasco-4-con-manuela-jr-y-carmen-arjona-en-flamenqueria-triana-abr24-foto-perezventana.jpg\" srcset=\"https:\/\/www.expoflamenco.com\/wp-content\/uploads\/2024\/08\/expoflamenco-manuela-carrasco-4-con-manuela-jr-y-carmen-arjona-en-flamenqueria-triana-abr24-foto-perezventana.jpg 1300w, https:\/\/www.expoflamenco.com\/wp-content\/uploads\/2024\/08\/expoflamenco-manuela-carrasco-4-con-manuela-jr-y-carmen-arjona-en-flamenqueria-triana-abr24-foto-perezventana-300x185.jpg 300w, https:\/\/www.expoflamenco.com\/wp-content\/uploads\/2024\/08\/expoflamenco-manuela-carrasco-4-con-manuela-jr-y-carmen-arjona-en-flamenqueria-triana-abr24-foto-perezventana-1024x630.jpg 1024w, https:\/\/www.expoflamenco.com\/wp-content\/uploads\/2024\/08\/expoflamenco-manuela-carrasco-4-con-manuela-jr-y-carmen-arjona-en-flamenqueria-triana-abr24-foto-perezventana-768x473.jpg 768w\" alt=\"\" width=\"1300\" height=\"800\" aria-describedby=\"caption-attachment-53189\" \/><\/a><\/p>\n<p id=\"caption-attachment-53189\" class=\"wp-caption-text\">Manuela Carrasco, con su hija Manuela Jr y la periodista Carmen Arjona. Flamenquer\u00eda Sevilla. Foto: perezventana<\/p>\n<\/div>\n<p>&nbsp;<\/p>\n<p><strong>\u2013 Has anunciado a los medios tu despedida de los escenarios. \u00bfNo es pronto para que Manuela Carrasco nos prive de su baile?<\/strong><\/p>\n<p>\u2013 Pues s\u00ed, lo he anunciado. Estoy haciendo una gira que va a durar dos a\u00f1os y creo que es necesario hacerla. Todav\u00eda no ha llegado el d\u00eda, pero yo sabr\u00e9 cu\u00e1ndo ser\u00e1 el momento de irme, y ser\u00e1 porque no pueda dar a mi p\u00fablico todo lo que yo quiero.<\/p>\n<p><strong>\u2013 Para terminar, \u00bfc\u00f3mo catalogar\u00edas tu vida en el baile?<\/strong><\/p>\n<p>\u2013 Yo he bailado por fatiga. Mi vida ha sido fatiga por ganar dinero. Nunca me valoro ni me he valorado, porque pienso que lo que yo hago es porque lo llevo adentro y porque lo siento y ya est\u00e1. Nunca me he puesto una meta como se pone la gente por el cueste lo que cueste. Yo tengo que llegar ah\u00ed arriba y para eso he bailado y me he part\u00edo los ri\u00f1ones y me he part\u00edo las piernas.<\/p>\n<p>&nbsp;<\/p>\n","protected":false,"gt_translate_keys":[{"key":"rendered","format":"html"}]},"excerpt":{"rendered":"<p>SALA DE FLAMENCAS (I). Manuela Carrasco se mece entre la nostalgia del dolor y la alegr\u00eda de lo vivido. Diosa como bailaora y \u201cguerrera\u201d como mujer en esta dif\u00edcil tarea de llevar adelante una vida, un arte, una profesi\u00f3n y una familia. <\/p>\n","protected":false,"gt_translate_keys":[{"key":"rendered","format":"html"}]},"author":20,"featured_media":1515,"comment_status":"open","ping_status":"open","sticky":false,"template":"","format":"standard","meta":{"_acf_changed":false,"pmpro_default_level":"","jnews-multi-image_gallery":[],"jnews_single_post":null,"jnews_primary_category":{"id":"4385"},"jnews_override_bookmark_settings":{"override_bookmark_button":"0","override_show_bookmark_button":"0"},"jnews_social_meta":[],"jnews_review":[],"enable_review":"","type":"percentage","name":"","summary":"","brand":"","sku":"","good":[],"bad":[],"score_override":"","override_value":"","rating":[],"price":[],"jnews_override_counter":{"view_counter_number":"0","share_counter_number":"0","like_counter_number":"0","dislike_counter_number":"0"},"footnotes":""},"categories":[38,130,94,1189],"tags":[1325,600],"class_list":["post-1514","post","type-post","status-publish","format-standard","has-post-thumbnail","hentry","category-en-portada","category-entrevistas","category-firmas","category-sala-de-flamencas","tag-bailaora-de-flamenco","tag-manuela-carrasco","pmpro-has-access"],"acf":[],"aioseo_notices":[],"gt_translate_keys":[{"key":"link","format":"url"}],"_links":{"self":[{"href":"https:\/\/expoflamenco.com\/revista\/wp-json\/wp\/v2\/posts\/1514","targetHints":{"allow":["GET"]}}],"collection":[{"href":"https:\/\/expoflamenco.com\/revista\/wp-json\/wp\/v2\/posts"}],"about":[{"href":"https:\/\/expoflamenco.com\/revista\/wp-json\/wp\/v2\/types\/post"}],"author":[{"embeddable":true,"href":"https:\/\/expoflamenco.com\/revista\/wp-json\/wp\/v2\/users\/20"}],"replies":[{"embeddable":true,"href":"https:\/\/expoflamenco.com\/revista\/wp-json\/wp\/v2\/comments?post=1514"}],"version-history":[{"count":0,"href":"https:\/\/expoflamenco.com\/revista\/wp-json\/wp\/v2\/posts\/1514\/revisions"}],"wp:featuredmedia":[{"embeddable":true,"href":"https:\/\/expoflamenco.com\/revista\/wp-json\/wp\/v2\/media\/1515"}],"wp:attachment":[{"href":"https:\/\/expoflamenco.com\/revista\/wp-json\/wp\/v2\/media?parent=1514"}],"wp:term":[{"taxonomy":"category","embeddable":true,"href":"https:\/\/expoflamenco.com\/revista\/wp-json\/wp\/v2\/categories?post=1514"},{"taxonomy":"post_tag","embeddable":true,"href":"https:\/\/expoflamenco.com\/revista\/wp-json\/wp\/v2\/tags?post=1514"}],"curies":[{"name":"wp","href":"https:\/\/api.w.org\/{rel}","templated":true}]}}