{"id":1470,"date":"2024-08-20T11:04:38","date_gmt":"2024-08-20T09:04:38","guid":{"rendered":"https:\/\/expoflamenco.com\/revistanew\/enrique-heredia-negri-hablar-con-paco-eran-diez-anos-de-carrera\/"},"modified":"2024-08-20T11:04:38","modified_gmt":"2024-08-20T09:04:38","slug":"enrique-heredia-negri-hablar-con-paco-eran-diez-anos-de-carrera","status":"publish","type":"post","link":"https:\/\/expoflamenco.com\/revista\/enrique-heredia-negri-hablar-con-paco-eran-diez-anos-de-carrera\/","title":{"rendered":"Enrique Heredia \u2018Negri\u2019: \u00abHablar con Paco eran diez a\u00f1os de carrera\u00bb","gt_translate_keys":[{"key":"rendered","format":"text"}]},"content":{"rendered":"<p>\u201cHasta hablar de Paco es una responsabilidad, imag\u00ednate lo que ser\u00e1 tocar con \u00e9l\u201d, comenta\u00a0<strong>Enrique Heredia, Negri<\/strong>\u00a0(Madrid, 1972) en la sobremesa en el restaurante de su amigo Floren Domezain, en la madrile\u00f1a calle G\u00e9nova. Cantante de larga trayectoria y gran versatilidad \u2013del flamenco a la m\u00fasica cubana o mexicana, no hay sonido latino que se le resista\u2013, en los \u00faltimos tiempos ha producido discos de Kiki Morente y de Israel Fern\u00e1ndez, y el \u00e1lbum de Estrella Morente con Rafael Riqueni tambi\u00e9n pas\u00f3 por su estudio. Ahora, mientras prepara un proyecto con textos de Lorca con la Orquesta Sinf\u00f3nica de Andaluc\u00eda, recuerda el momento m\u00e1s sorprendente de su carrera: cuando Paco de Luc\u00eda lo llam\u00f3 para acompa\u00f1arle en un momento de transici\u00f3n fundamental.<\/p>\n<p>&nbsp;<\/p>\n<p><strong>\u2013\u00bfC\u00f3mo aparece Paco en su vida?<\/strong><\/p>\n<p>\u2013Yo lo recuerdo de muy chico, en el Candela. \u00c9l aparec\u00eda por navidades, cuando ven\u00eda a Madrid, a su casa, y se dejaba caer por all\u00ed. Los ni\u00f1os de all\u00ed lo esper\u00e1bamos como si apareciera Dios, y cuando se abr\u00eda la puerta y asomaba \u00e9l era un acontecimiento. Me refiero a los de mi generaci\u00f3n, Ray Heredia, Jos\u00e9 Soto, el Camborio, Paquete, Antonio Carmona\u2026 Y \u00e9l mor\u00eda con nosotros, estaba muy pendiente de esta generaci\u00f3n. Y de pronto me dec\u00eda a lo mejor, \u201cNegri, c\u00e1ntame esta letrilla, que me he enterado que la cantas muy bien\u201d. Y a m\u00ed me daba una verg\u00fcenza terrible, me mor\u00eda, porque ya te digo que \u00e9ramos ni\u00f1os-ni\u00f1os, no ten\u00edamos ni 14 a\u00f1os. Luego la primera vez que vi a Rubem en el caj\u00f3n fue en el Teatro Monumental de Madrid, de las primeras veces que apareci\u00f3 Paco con el sexteto.<\/p>\n<p><strong>\u2013Siempre se habla de la del Parque de Atracciones como la primera vez que se toc\u00f3 el caj\u00f3n flamenco\u2026<\/strong><\/p>\n<p>\u2013Tambi\u00e9n la recuerdo, pero no s\u00e9 por qu\u00e9 siempre me acuerdo del Monumental. Ser\u00eda por aquella \u00e9poca m\u00e1s o menos. Y al d\u00eda siguiente me hice un caj\u00f3n, claro. Yo y todos los ni\u00f1os, \u00a1hostia, c\u00f3mo suena esto! Despu\u00e9s Paco nos cont\u00f3 la historia de Caitro y de c\u00f3mo entr\u00f3 el caj\u00f3n. Y ahora forma parte de nuestro ADN, de nuestra vida cotidiana.<\/p>\n<p><strong>\u2013En aquel momento, \u00bfPaco es para ustedes el guitarrista de Camar\u00f3n o el guitarrista de concierto, el gran vanguardista\u2026?<\/strong><\/p>\n<p>\u2013Paco era un genio entonces y antes y desde el d\u00eda que naci\u00f3. Yo me sab\u00eda de Paco hasta cuando respiraba, vaya. Un artista muy grande, como guitarrista, como compositor, como int\u00e9rprete, como ser humano\u2026 Sent\u00edas que una conversaci\u00f3n con Paco eran diez a\u00f1os de carrera. Y he tenido la suerte de que en mi casa sonara el tel\u00e9fono, mi mujer me dijera \u201ces el maestro\u201d, y me metiera en el cuarto porque eran dos horas de conversaci\u00f3n, que me han servido para m\u00ed, para la vida\u2026<\/p>\n<p>&nbsp;<\/p>\n<blockquote>\n<p class=\"p1\"><em><span class=\"s1\">\u00ab\u00c9l me dijo una vez que tocaba para nosotros, para los m\u00fasicos. Que cuando tocaba algo se preguntaba: \u00bfqu\u00e9 dir\u00e1 el Negri, qu\u00e9 dir\u00e1 el Antonio Carmona, qu\u00e9 dir\u00e1 el Vicente Amigo?\u00bb<\/span><\/em><\/p>\n<\/blockquote>\n<p>&nbsp;<\/p>\n<p><strong>\u2013Aparte de la m\u00fasica, \u00bfde qu\u00e9 le gustaba hablar?<\/strong><\/p>\n<p>\u2013Nosotros siempre acab\u00e1bamos hablando de m\u00fasica. Tambi\u00e9n de f\u00fatbol, que nos gusta, yo soy madridista tambi\u00e9n\u2026 Y de Camar\u00f3n, que era su debilidad. Dec\u00eda \u201cyo he visto a los mejores m\u00fasicos del mundo, pero el que m\u00e1s me lleg\u00f3 siempre fue Camar\u00f3n\u201d. Lo dijo siempre abiertamente.<\/p>\n<p><strong>\u2013\u00bfC\u00f3mo fue la llamada para sumarse al grupo?<\/strong><\/p>\n<p>\u2013Fue un shock, la verdad. Yo iba a entrar al cine con mi mujer, y me llam\u00f3 el Tomate, que es otro artista que admiramos y queremos. Y me dijo: \u201cOye, que te va a llamar Paco para la pr\u00f3xima gira\u201d. Y mira, todav\u00eda se me pone el pelo de punta [muestra el brazo erizado], \u201c\u00bfqu\u00e9 dices, Tomate, t\u00edo?\u201d \u201cS\u00ed, te va a llamar porque necesita a alguien que salga de su estereotipo de cantaor\u201d. \u00a1Qu\u00e9 responsabilidad! \u201cAgu\u00e1ntate un rato que te va a llamar\u201d. Y al rato me llam\u00f3 Paco. No entramos en el cine, claro. Mi mujer estaba m\u00e1s nerviosa que yo\u2026<\/p>\n<p><strong>\u2013\u00bfQu\u00e9 le dijo \u00e9l?<\/strong><\/p>\n<p>\u2013\u201cMira, te llamo porque me gustar\u00eda que te vinieras a la casa, aqu\u00ed en Toledo, porque me gustar\u00eda que te vinieras en la pr\u00f3xima gira por Am\u00e9rica\u201d. Hostia, a m\u00ed se me cay\u00f3 el mundo encima. Pero le dije desde el primer momento: \u201cPaco, yo no s\u00e9 si sabes qui\u00e9n soy yo, si me has escuchado cantar a m\u00ed, pero no soy el t\u00edpico cantaor, no lo he pretendido ser ni me ha salido\u201d. \u201cNo, si por eso te llamo. Adem\u00e1s me han dicho que tocas muy bien la guitarra, me gustar\u00eda que la tocaras tambi\u00e9n\u2026<\/p>\n<p><strong>\u2013Peor se lo puso, \u00bfno?<\/strong><\/p>\n<p>\u2013Hombre, yo toco la guitarra, pero no soy guitarrista, igual que no soy cantaor, no tengo ese corte. Pero insisti\u00f3, me fui al d\u00eda siguiente a Toledo. Me dijo \u201cb\u00e1jate a por una guitarra\u201d, y claro, ten\u00eda 200 guitarras all\u00ed en la bodega. Despu\u00e9s, para la gira, me dijo \u201coye, te voy a mandar a alguien, no s\u00e9 a qui\u00e9n, para que te lleves una guitarra por si acaso la que tengo yo no me convence mucho\u201d. Eso fue, no s\u00e9, quince d\u00edas antes de la gira. Y cuando me llega, abro el estuche y era su guitarra, la de Esteso. Lo llamo y le digo \u201cmaestro, creo que te has equivocado, me han mandado tu guitarra\u201d. \u201cNo, no, que quiero que la tengas t\u00fa\u201d. Estuve casi un a\u00f1o con esa guitarra, \u00a1qu\u00e9 responsanilidad! [risa]<\/p>\n<p><strong>\u2013\u00bfAl final entendi\u00f3 qu\u00e9 estaba buscando en usted?<\/strong><\/p>\n<p>\u2013S\u00ed, la verdad es que pill\u00e9 a Paco en un momento complicado, era la vuelta a los escenarios despu\u00e9s de muchos a\u00f1os, con un grupo nuevo. Para m\u00ed fue muy importante, pero \u00bfsabes qu\u00e9 pasa? Yo le dije \u201csi quieres, puedo imitar esos cantes, yo lo s\u00e9, me he criado con ellos, pero no es lo que hago\u201d. A \u00e9l le gustaba como cantaba por tangos, las letrillas m\u00edas, las cosas de la Barber\u00eda, que le gustaba como le gustaba Ketama, estaba pendiente de nosotros\u2026 Me dec\u00eda, \u201c\u00bfa ver, Negri, ese acorde?\u201d No se le iba una, por eso era qui\u00e9n era.<\/p>\n<p>&nbsp;<\/p>\n<blockquote>\n<p class=\"p1\"><em><span class=\"s1\">\u00abLa forma de componer de Paco, por ejemplo, la minera, la taranta, hay un nivel alt\u00edsimo. De ejecuci\u00f3n, ya no se puede tocar mejor, tremoleaba no como una metralleta, sino como un ni\u00f1o. Ten\u00eda una din\u00e1mica, yo lo he visto y era un hilo, en un escenario grand\u00edsimo, y de repente\u2026 una tormenta. R\u00edtmicamente era perfecto, un metr\u00f3nomo\u00bb<\/span><\/em><\/p>\n<\/blockquote>\n<p>&nbsp;<\/p>\n<p><a href=\"https:\/\/www.expoflamenco.com\/wp-content\/uploads\/2024\/08\/enrique-heredia-negri-3-foto-agencia-yo-soy-comunicacion.jpg\"><img fetchpriority=\"high\" decoding=\"async\" class=\"aligncenter size-full wp-image-53381\" src=\"https:\/\/www.expoflamenco.com\/wp-content\/uploads\/2024\/08\/enrique-heredia-negri-3-foto-agencia-yo-soy-comunicacion.jpg\" srcset=\"https:\/\/www.expoflamenco.com\/wp-content\/uploads\/2024\/08\/enrique-heredia-negri-3-foto-agencia-yo-soy-comunicacion.jpg 1300w, https:\/\/www.expoflamenco.com\/wp-content\/uploads\/2024\/08\/enrique-heredia-negri-3-foto-agencia-yo-soy-comunicacion-300x185.jpg 300w, https:\/\/www.expoflamenco.com\/wp-content\/uploads\/2024\/08\/enrique-heredia-negri-3-foto-agencia-yo-soy-comunicacion-1024x630.jpg 1024w, https:\/\/www.expoflamenco.com\/wp-content\/uploads\/2024\/08\/enrique-heredia-negri-3-foto-agencia-yo-soy-comunicacion-768x473.jpg 768w\" alt=\"\" width=\"1300\" height=\"800\" \/><\/a><\/p>\n<p>&nbsp;<\/p>\n<p><strong>\u2013\u00bfC\u00f3mo llevaban ustedes las comparaciones con el grupo\u2026?<\/strong><\/p>\n<p>\u2013\u00bfMejor de la historia del flamenco? Hab\u00eda de todo, estaban los m\u00e1s puristas que dec\u00edan que Paco se iba a buscar la ruina con nosotros [risas] y otros que pensaban que estaba bien que cambiara, llevaba tiempo muy dependiente de Jorge y de Carles, que son artistas geniales, fundamentales en la m\u00fasica contempor\u00e1nea. Esas comparaciones siempre existen, lo tenemos que asumir.<\/p>\n<p><strong>\u2013Ustedes con la Barber\u00eda hab\u00edan grabado un disco con ellos, de hecho.<\/strong><\/p>\n<p>\u2013Yo tengo recuerdos de Jorge sobre todo, desde ni\u00f1o. Siempre que lo he llamado para alguna colaboraci\u00f3n, ha estado ah\u00ed, nunca ha puesto una pega. Y \u00e9l me ha llamado para cantar en sus conciertos, he ido sin preguntar nada, porque soy un admirador del maestro.<\/p>\n<p><strong>\u2013\u00bfLe contaban historias de Paco?<\/strong><\/p>\n<p>\u2013Yo les preguntaba, pero los cabrones nunca soltaban mucha prenda [risas]. Paco era muy serio trabajando, pero luego era un cachondo, nos picaba. \u201cQue dice la Tana que est\u00e1s cantando muy mal\u201d. Yo lo sab\u00eda y me re\u00eda\u2026 [risas] A \u00e9l le hac\u00eda gracia eso. \u201cPira\u00f1a, que dice el Negri que te subes mucho de ritmo, que est\u00e1s tocando muy mal\u201d.<\/p>\n<p><strong>\u2013Lo cierto es que usted estaba muy acostumbrado al sonido del sexteto, \u00bfno? No tuvo ning\u00fan problema\u2026<\/strong><\/p>\n<p>\u2013La verdad es que no, y es verdad que nos hicimos muy amigos. El Pira\u00f1a era muy joven, Alain ven\u00eda de otro mundo, y yo entraba en el camerino de Paco como quien entra en la habitaci\u00f3n de su casa. \u201cAf\u00edname la guitarra\u201d, y me la daba. \u201cPaco, t\u00f3came la taranta de Sabicas, t\u00f3came la minera, la sole\u00e1\u2026\u201d Conciertos enteros para m\u00ed solo. Lo ten\u00eda frito de preguntarle cosas. \u201c\u00a1Qu\u00e9 pesado eres, Negri!\u201d, me dec\u00eda [risas]<\/p>\n<p>&nbsp;<\/p>\n<blockquote>\n<p class=\"p1\"><em><span class=\"s1\">\u00abPaco es inagotable. Y ha marcado al flamenco, al rock, al jazz\u2026 Oyes algo ultramoderno, y eso ya lo estaba haciendo Paco hac\u00eda 30 a\u00f1os. Para m\u00ed es el personaje fundamental, el mejor guitarrista de todos los tiempos, el que ha marcado un antes y un despu\u00e9s. Sin \u00e9l no estar\u00edamos aqu\u00ed\u00bb<\/span><\/em><\/p>\n<\/blockquote>\n<p>&nbsp;<\/p>\n<p><strong>\u2013\u00bfLos nervios antes de salir, segu\u00edan a flor de piel?<\/strong><\/p>\n<p>\u2013Le ten\u00eda mucho respeto al escenario, y antes de salir ten\u00eda que estar solo. Se pon\u00eda blanco como una tabla [risas]. Es que no veas qu\u00e9 responsabilidad. Est\u00e1bamos en Nueva York y me dec\u00eda, \u201cas\u00f3mate a ver qui\u00e9n hay\u201d, yo lo hac\u00eda y veo a trav\u00e9s de la cortinilla a Chick Corea, Rub\u00e9n Blades, Denzel Washington, Paul Newman\u2026 Me dice: \u201c\u00bfQu\u00e9 tal?\u201d Y yo: \u201cNo, no, bien\u201d [risas] Demasiada gente mir\u00e1ndote. \u00bfNo se pod\u00edan quedar en su casa? \u00c9l me dijo una vez que tocaba para nosotros, para los m\u00fasicos. Que cuando tocaba algo, se preguntaba \u201c\u00bfqu\u00e9 dir\u00e1 el Negri, qu\u00e9 dir\u00e1 el Antonio Carmona, qu\u00e9 dir\u00e1 el Vicente Amigo?\u201d<\/p>\n<p><strong>\u2013Era consciente, adem\u00e1s, de que hab\u00eda mucha gente joven apretando\u2026<\/strong><\/p>\n<p>\u2013S\u00ed, t\u00edo, pero este era de otra galaxia. Yo no s\u00e9 de d\u00f3nde hab\u00eda salido.<\/p>\n<p><strong>\u2013\u00bfPor qu\u00e9 de otra galaxia?<\/strong><\/p>\n<p>\u2013No es por despreciar a mis compa\u00f1eros, que son genios y monstruos, pero es que estaba a a\u00f1os luz. La forma de componer de Paco, por ejemplo, la minera, la taranta, hay un nivel alt\u00edsimo. De ejecuci\u00f3n, ya no se puede tocar mejor, tremoleaba no como una metralleta, sino como un ni\u00f1o. Ten\u00eda una din\u00e1mica, yo lo he visto y era un hilo, en un escenario grand\u00edsimo, y de repente\u2026 una tormenta. R\u00edtmicamente era perfecto, un metr\u00f3nomo. Lo ten\u00eda todo. Si Paco o Camar\u00f3n hubieran sido m\u00fasicos americanos, ser\u00edan mitos mundiales; que lo son, pero tendr\u00edan un alcance todav\u00eda m\u00e1s universal. Es que Paco no solo ha cambiado la guitarra, ha cambiado el baile, el cante, la forma de tocar el caj\u00f3n, la forma de armonizar, la forma r\u00edtmica\u2026<\/p>\n<p><strong>\u2013Y varias veces, adem\u00e1s\u2026<\/strong><\/p>\n<p>\u2013Esa es otra. Ha cambiado la f\u00f3rmula varias veces. Son artistas tan importantes, que hay generaciones que han venido luego, y seguimos detr\u00e1s de \u00e9l.<\/p>\n<p><strong>\u2013\u00bfAlguna an\u00e9cdota de gira?<\/strong><\/p>\n<p>\u2013Muchas\u2026 Estar en la casa con \u00e9l ensayando, las giras, los camerinos, os aviones, estar en la habitaci\u00f3n a las cinco de la ma\u00f1ana charlando con una copita\u2026<\/p>\n<p>&nbsp;<\/p>\n<blockquote>\n<p class=\"p1\"><em><span class=\"s1\">\u00abMe acuerdo un d\u00eda 23 de diciembre que estaba Paco, los Habichuela todos, Ram\u00f3n el Portugu\u00e9s, Remedios Amaya, Ca\u00f1izares, Riqueni\u2026 Cae una bomba en el Candela en ese momento y se acaba el flamenco.\u00a0<\/span><span class=\"s1\">Imag\u00ednate la risa con Paco jugando al futbol\u00edn\u00bb<\/span><\/em><\/p>\n<\/blockquote>\n<p>&nbsp;<\/p>\n<p>&nbsp;<\/p>\n<p><a href=\"https:\/\/www.expoflamenco.com\/wp-content\/uploads\/2024\/08\/enrique-heredia-negri-2-foto-agencia-yo-soy-comunicacion.jpg\"><img decoding=\"async\" class=\"aligncenter size-full wp-image-53383\" src=\"https:\/\/www.expoflamenco.com\/wp-content\/uploads\/2024\/08\/enrique-heredia-negri-2-foto-agencia-yo-soy-comunicacion.jpg\" srcset=\"https:\/\/www.expoflamenco.com\/wp-content\/uploads\/2024\/08\/enrique-heredia-negri-2-foto-agencia-yo-soy-comunicacion.jpg 1300w, https:\/\/www.expoflamenco.com\/wp-content\/uploads\/2024\/08\/enrique-heredia-negri-2-foto-agencia-yo-soy-comunicacion-300x185.jpg 300w, https:\/\/www.expoflamenco.com\/wp-content\/uploads\/2024\/08\/enrique-heredia-negri-2-foto-agencia-yo-soy-comunicacion-1024x630.jpg 1024w, https:\/\/www.expoflamenco.com\/wp-content\/uploads\/2024\/08\/enrique-heredia-negri-2-foto-agencia-yo-soy-comunicacion-768x473.jpg 768w\" alt=\"\" width=\"1300\" height=\"800\" \/><\/a><\/p>\n<p>&nbsp;<\/p>\n<p><strong>\u2013\u00bfC\u00f3mo se llevaba Paco con los gitanos?<\/strong><\/p>\n<p>\u2013Paco ten\u00eda una admiraci\u00f3n enorme por nosotros, y el que diga lo contrario miente. Sobre todo en el cante. Como cantaban los gitanos no cantaba nadie, el sentido r\u00edtmico, el pellizco\u2026 Eso era lo que a \u00e9l le llegaba.<\/p>\n<p><strong>\u2013Muchos estuvieron obsesionados con juntar a Paco y a Morente. Usted, que los trat\u00f3 a ambos, \u00bfcree que habr\u00eda funcionado?\u00a0<\/strong><\/p>\n<p>\u2013La verdad es que habr\u00eda sido bonito. Una de las noches que yo recuerdo m\u00e1s entra\u00f1ables fue el entierro de Morente, que Dios lo tenga en la gloria, que vino Paco y me acuerdo que me cogi\u00f3 de la mano y sin hablar me sac\u00f3. Acabamos en la casa de mi compadre Antonio Carmona cuatro. El hombre estaba s\u00faper pesaroso y me dec\u00eda \u201cc\u00e1ntame cosas de Enrique\u201d. Y le cant\u00e9 aquellos de \u2018El sue\u00f1o va sobre el tiempo\u2019, que yo cantaba siempre, y vi que le hac\u00eda mucha gracia. Yo me acordaba tambi\u00e9n del recitado de \u2018Ir\u00e9 a Santiago\u2019 que nos hizo Enrique en el disco de La Barber\u00eda. Ten\u00edamos la idea de que lo grabara el actor Andy Garc\u00eda, pero un d\u00eda vino Enrique al estudio, lo escuch\u00f3 y me dijo, \u201cponme el micro, que te lo hago yo\u201d. \u00bfC\u00f3mo le iba yo a decir que no? Yo siempre me he sentido privilegiado, haberme encontrado con Paco, con Morente, con Camar\u00f3n menos, pero tambi\u00e9n. Estar al lado de esos se\u00f1ores\u2026 Me cago en la leche.<\/p>\n<p><strong>\u2013\u00bfRecuerda la \u00faltima vez que se encontraron?<\/strong><\/p>\n<p>\u2013No s\u00e9 si fue una vez que fuimos Antonio Carmona, Floren y yo a Toledo, a escuchar el m\u00e1ster final de\u00a0<em>Canci\u00f3n andaluza.<\/em>\u00a0Ese disco es una barbaridad. Estuve en la presentaci\u00f3n y ya no estaba \u00e9l\u2026 Habl\u00e9 con Paco un poco antes, porque se\u00a0 me ocurri\u00f3 grabarle una masterclass online, que ahora est\u00e1 muy visto, pero entonces no tanto. Lo llam\u00e9 dos o tres veces y no me lo cogi\u00f3. Luego me devolvi\u00f3 la llamada, \u201cNegri, estaba en Cuba pero me he venido para M\u00e9xico porque no consigo ver los partidos del Madrid\u201d [risas]. Yo trat\u00e9 de convencerlo de hacer algo con \u00e9l, hab\u00eda una p\u00e1gina web que se llamaba Masterclass, una p\u00e1gina americana que tienen a Scorses, y ver a Paco de Luc\u00eda ah\u00ed, pens\u00e9, ser\u00eda muy importante. \u201cMe parece genial, \u00bfqu\u00e9 necesitas?\u201d \u201cPues necesito que me dediques cuatro o cinco horas\u201d. \u201cEn cuanto llegue a Espa\u00f1a te las dedico\u201d. \u00cdbamos a dejar un legado importante e \u00edbamos a ganar dinero, pero a las tres semanas le pas\u00f3 esto.<\/p>\n<p><strong>\u2013\u00bfC\u00f3mo recibi\u00f3 la noticia?<\/strong><\/p>\n<p>\u2013Me enter\u00e9 por los medios de comunicaci\u00f3n. Fuimos al Auditorio Nacional, entr\u00e9 all\u00ed y estaba su viuda, Gabriela, con la mirada perdida. Fui a darle un beso, me mir\u00f3 y me dijo: \u201cPaco te quer\u00eda mucho\u201d. Y yo lo hab\u00eda sentido, que me hab\u00eda cogido mucho cari\u00f1o. El trato era la leche. Que te llame para preguntarte qu\u00e9 te parec\u00eda una falseta que estaba sacando\u2026 Y yo, \u201cpero Paco, \u00bfme lo est\u00e1s diciendo de verdad? Si eso es un falset\u00f3n, una barbaridad\u201d. \u201c\u00bfPero te gusta?\u201d<\/p>\n<p><strong>\u2013Los guitarristas de su generaci\u00f3n, Paquete, Josemi, Ray\u2026 Imagino que todos hab\u00edan crecido bajo la influencia de Paco.<\/strong><\/p>\n<p>\u2013\u00bfSabes qu\u00e9 pasa? Que en esa \u00e9poca del Candela, que era muy bonita, cualquier noche de repente estaban Rafael Riqueni, Gerardo N\u00fa\u00f1ez, Pepe Habichuela, los m\u00e1s j\u00f3venes\u2026 Nosotros no \u00edbamos a las discotecas a hacer el tonto, nosotros est\u00e1bamos todo el rato escuch\u00e1ndonos. Ahora en las fiestas los ni\u00f1os ni se escuchan, van a ver qui\u00e9n canta m\u00e1s fuerte. Ya cuando sali\u00f3 internet y el Ave, la gente se empez\u00f3 a dispersar, pero en aquellos a\u00f1os estaba en Madrid lo mejor de Jerez, lo mejor de Sevilla, lo mejor de Madrid. Todo, no solo del flamenco, sino de la cultura, estaba all\u00ed, con Javier Bardem, Almod\u00f3var, all\u00ed ca\u00eda todo el mundo. Fueron ocho o diez a\u00f1os hist\u00f3ricos. Me acuerdo un d\u00eda 23 de diciembre que estaba Paco, los Habichuela todos, Ram\u00f3n el Portugu\u00e9s, Remedios Amaya, Ca\u00f1izares, Riqueni\u2026 Cae una bomba ah\u00ed en ese momento y se acaba el flamenco. Imag\u00ednate la risa con Paco jugando al futbol\u00edn.<\/p>\n<p>Me acuerdo otro d\u00eda que estaba Camar\u00f3n y la gente se lo com\u00eda, hizo como que se iba y entr\u00f3 por detr\u00e1s. Y vino Miguel a avisarme de que estaba abajo en la cueva, y le estaba pidiendo que baj\u00e1ramos nosotros, los jovencillos. Nos bajamos ocho o diez, \u00a1hostia! Y Camar\u00f3n cog\u00eda la guitarra y empezaba a cantar\u2026<\/p>\n<p>&nbsp;<\/p>\n<blockquote>\n<p class=\"p1\"><em><span class=\"s1\">\u00abEst\u00e1bamos en Nueva York y me dec\u00eda, \u201cas\u00f3mate a ver qui\u00e9n hay\u201d. Yo lo hac\u00eda y veo a trav\u00e9s de la cortinilla a Chick Corea, Rub\u00e9n Blades, Denzel Washington, Paul Newman\u2026 Me dice: \u201c\u00bfQu\u00e9 tal?\u201d Y yo: \u201cNo, no, bien\u201d\u00bb<\/span><\/em><\/p>\n<\/blockquote>\n<p>&nbsp;<\/p>\n<p><strong>\u2013\u00bfCu\u00e1ntas veces se acuerda de Paco en su vida normal?<\/strong><\/p>\n<p>\u2013Cada d\u00eda m\u00e1s. Hay cosas que en su momento no entend\u00eda, sobre todo sensaciones. Porque ten\u00eda 30 a\u00f1os, y ahora que tengo 50, me digo\u2026 Ahora lo entiendo. Igual que Enrique, y lo digo a cada rato: ahora te entiendo, Paco, ahora te entiendo, Enrique, ahora te entiendo, Ray. Ray Heredia me cant\u00f3\u00a0<em>Alegr\u00eda de vivir<\/em>\u00a0en la cocina de mi casa, y a m\u00ed no me gust\u00f3. Me pregunt\u00f3 qu\u00e9 me parec\u00eda y se lo dije sinceramente. Cuando tienes conciencia, te das cuenta de lo que hab\u00eda ah\u00ed. Ray era otro personaje muy importante, muy nervioso, muy loco, pero mira las canciones ah\u00ed siguen, vivas, cada d\u00eda se hacen m\u00e1s versiones.<\/p>\n<p><strong>\u2013Con un disco, adem\u00e1s.<\/strong><\/p>\n<p>\u2013Con un disco. Yo lo echo mucho de menos. Pienso: Ray, la de cosas que habr\u00edamos hecho si no te hubieras ido. Yo s\u00ed creo que la generaci\u00f3n m\u00eda ha sido importante en el flamenco y en la m\u00fasica. Fue una entrada en el flamenco para mucha gente, adem\u00e1s. Salimos de ah\u00ed un cogollito de m\u00fasicos bendecidos por Paco y Enrique. Y estaban pendientes de nosotros. Est\u00e1bamos grabando y se presentaban en el estudio. \u201c\u00a1Co\u00f1o, Paco!\u201d \u201cNada, que vengo a escucharos!\u201d \u00a1A unos ni\u00f1atos de 20 a\u00f1os!<\/p>\n<p><strong>\u2013\u00bfCree que ya lo sabemos todo de \u00e9l?<\/strong><\/p>\n<p>\u2013Paco es inagotable. Y ha marcado al flamenco, al rock, al jazz\u2026 Oyes algo ultramoderno, y eso ya lo estaba haciendo Paco hac\u00eda 30 a\u00f1os. Para m\u00ed es el personaje fundamental, el mejor guitarrista de todos los tiempos, el que ha marcado un antes y un despu\u00e9s. Sin \u00e9l no estar\u00edamos aqu\u00ed, estar\u00edamos en otro sitio, no s\u00e9 d\u00f3nde, pero aqu\u00ed no. \u2666<\/p>\n<h6 style=\"text-align: right;\">Fotos: agencia\u00a0<a href=\"https:\/\/www.yosoycomunicacion.es\/blog\/work\/el-negri-enrique-heredia-2\/\" target=\"_blank\" rel=\"noopener\">Yo Soy Comunicaci\u00f3n<\/a><\/h6>\n<p><strong>\u00a0<\/strong><\/p>\n<p>&nbsp;<\/p>\n<p>&nbsp;<\/p>\n<p><strong><em>\u2192\u00a0 <a href=\"https:\/\/expoflamenco.com\/revista\/firmas\/los-elegidos\/\" target=\"_blank\" rel=\"noopener\">Ver aqu\u00ed las entregas de la serie LOS ELEGIDOS, de Alejandro Luque, sobre los colaboradores de Paco de Luc\u00eda.<\/a><\/em><\/strong><\/p>\n<p>&nbsp;<\/p>\n","protected":false,"gt_translate_keys":[{"key":"rendered","format":"html"}]},"excerpt":{"rendered":"<p>LOS ELEGIDOS (XVI). El cantante y productor, l\u00edder de la recordada banda La Barber\u00eda del Sur, es un admirador del genio de Algeciras desde ni\u00f1o, y lleg\u00f3 a formar parte de su grupo en un momento de transici\u00f3n fundamental en la trayectoria del maestro.<\/p>\n","protected":false,"gt_translate_keys":[{"key":"rendered","format":"html"}]},"author":13,"featured_media":1471,"comment_status":"open","ping_status":"open","sticky":false,"template":"","format":"standard","meta":{"_acf_changed":false,"pmpro_default_level":"","jnews-multi-image_gallery":[],"jnews_single_post":null,"jnews_primary_category":{"id":"106"},"jnews_override_bookmark_settings":{"override_bookmark_button":"0","override_show_bookmark_button":"0"},"jnews_social_meta":[],"jnews_review":[],"enable_review":"","type":"percentage","name":"","summary":"","brand":"","sku":"","good":[],"bad":[],"score_override":"","override_value":"","rating":[],"price":[],"jnews_override_counter":{"view_counter_number":"0","share_counter_number":"0","like_counter_number":"0","dislike_counter_number":"0"},"footnotes":""},"categories":[38,130,277],"tags":[106,1281,1282,1283],"class_list":["post-1470","post","type-post","status-publish","format-standard","has-post-thumbnail","hentry","category-en-portada","category-entrevistas","category-los-elegidos","tag-colaboradores-de-paco-de-lucia","tag-enrique-heredia-negri","tag-la-barberia-del-sur","tag-los-elegidos","pmpro-has-access"],"acf":[],"aioseo_notices":[],"gt_translate_keys":[{"key":"link","format":"url"}],"_links":{"self":[{"href":"https:\/\/expoflamenco.com\/revista\/wp-json\/wp\/v2\/posts\/1470","targetHints":{"allow":["GET"]}}],"collection":[{"href":"https:\/\/expoflamenco.com\/revista\/wp-json\/wp\/v2\/posts"}],"about":[{"href":"https:\/\/expoflamenco.com\/revista\/wp-json\/wp\/v2\/types\/post"}],"author":[{"embeddable":true,"href":"https:\/\/expoflamenco.com\/revista\/wp-json\/wp\/v2\/users\/13"}],"replies":[{"embeddable":true,"href":"https:\/\/expoflamenco.com\/revista\/wp-json\/wp\/v2\/comments?post=1470"}],"version-history":[{"count":0,"href":"https:\/\/expoflamenco.com\/revista\/wp-json\/wp\/v2\/posts\/1470\/revisions"}],"wp:featuredmedia":[{"embeddable":true,"href":"https:\/\/expoflamenco.com\/revista\/wp-json\/wp\/v2\/media\/1471"}],"wp:attachment":[{"href":"https:\/\/expoflamenco.com\/revista\/wp-json\/wp\/v2\/media?parent=1470"}],"wp:term":[{"taxonomy":"category","embeddable":true,"href":"https:\/\/expoflamenco.com\/revista\/wp-json\/wp\/v2\/categories?post=1470"},{"taxonomy":"post_tag","embeddable":true,"href":"https:\/\/expoflamenco.com\/revista\/wp-json\/wp\/v2\/tags?post=1470"}],"curies":[{"name":"wp","href":"https:\/\/api.w.org\/{rel}","templated":true}]}}