{"id":1175,"date":"2024-06-17T15:59:18","date_gmt":"2024-06-17T13:59:18","guid":{"rendered":"https:\/\/expoflamenco.com\/revistanew\/alburquerque-celebra-la-xxxvii-edicion-de-su-festival-flamenco\/"},"modified":"2024-06-17T15:59:18","modified_gmt":"2024-06-17T13:59:18","slug":"alburquerque-celebra-la-xxxvii-edicion-de-su-festival-flamenco","status":"publish","type":"post","link":"https:\/\/expoflamenco.com\/revista\/alburquerque-celebra-la-xxxvii-edicion-de-su-festival-flamenco\/","title":{"rendered":"Alburquerque celebra la XXXVII edici\u00f3n de su festival flamenco","gt_translate_keys":[{"key":"rendered","format":"text"}]},"content":{"rendered":"<p>Una vez m\u00e1s \u2013y ya son treinta y siete\u2013, Alburquerque paraliza el mundo del flamenco con uno de los festivales m\u00e1s prestigiosos del arte jondo m\u00e1s all\u00e1 de las fronteras espa\u00f1olas. El <a href=\"https:\/\/ffabq.org\/\">Festival Flamenco de Alburquerque<\/a> coloca en el mapa del flamenco a <strong>Nuevo M\u00e9xico<\/strong> del 21 al 29 de junio de 2024 en diversos escenarios repartidos por Alburquerque con un cartel excepcional.<\/p>\n<p>The Journal Theatre en el Centro Cultural Nacional Hispano, Rodey Theatre y The X Experimental Theatre dentro del edificio del Centro para las Artes de la UNM, y Tablao Flamenco Albuquerque en el interior del Hotel Alburquerque son los lugares elegidos para el desarrollo de este <strong>XXXVII Festival Flamenco de Alburquerque<\/strong>.<\/p>\n<p>El festival, considerado como el m\u00e1s antiguo y extenso fuera de Espa\u00f1a, cuenta con la colaboraci\u00f3n del Instituto Nacional de Flamenco, la Universidad de Nuevo M\u00e9xico, el Banco PNC y el Centro Cultural Hispano Nacional para su puesta en marcha.<\/p>\n<p>El programa arranca el 21 de junio y termina el 29 del mismo mes con una veintena de actuaciones, m\u00e1s de sesenta talleres y hasta trece compa\u00f1\u00edas flamencas participando en el festival. Sobre las tablas de Alburquerque se presentan dos estrenos a nivel mundial y pasar\u00e1n m\u00e1s de noventa artistas.<\/p>\n<p>&nbsp;<\/p>\n<blockquote><p><em>\u00abUna veintena de actuaciones, m\u00e1s de sesenta talleres y hasta trece compa\u00f1\u00edas flamencas. Sobre las tablas de Alburquerque se presentan dos estrenos a nivel mundial y pasar\u00e1n m\u00e1s de noventa artistas\u00bb<\/em><\/p><\/blockquote>\n<p>&nbsp;<\/p>\n<p><a href=\"https:\/\/expoflamenco.com\/prensa\/wp-content\/uploads\/sites\/17\/2024\/06\/cartel-festival-flamenco-alburquerque-nuevo-mexico-2024.jpg\"><img fetchpriority=\"high\" decoding=\"async\" class=\"aligncenter wp-image-51563\" src=\"https:\/\/expoflamenco.com\/prensa\/wp-content\/uploads\/sites\/17\/2024\/06\/cartel-festival-flamenco-alburquerque-nuevo-mexico-2024.jpg\" alt=\"\" width=\"500\" height=\"612\" \/><\/a><\/p>\n<p>&nbsp;<\/p>\n<p>En este certamen hay una extensa variedad de flamenco, desde el m\u00e1s vanguardista hasta el m\u00e1s puro, pasando por los talentos emergentes. Para ello entre sus invitados destacan artistas como <strong>Karime Amaya<\/strong>, que presenta su estreno <em>Contrapunto,<\/em> o <strong>El Pele<\/strong> junto a la familia <strong>Campallo<\/strong> (Adela y sus hermanos Rafael y Juan) con el estreno mundial de <em>Fui Piedra<\/em>.<\/p>\n<p>Tampoco faltar\u00e1 <strong>Farruquito<\/strong>, que presenta en Estados Unidos <em>Concierto Flamenco<\/em>. Adem\u00e1s de los citados, tambi\u00e9n pasar\u00e1n los diferentes escenarios del festival nombres como <strong>Manuel Li\u00f1\u00e1n, Est\u00e9vez y Pa\u00f1os, Mercedes de C\u00f3rdoba, Mar\u00eda Moreno, \u00c1gueda Saavedra, Eduardo Guerrero<\/strong> y <strong>Yinka Esi Graves<\/strong>.<\/p>\n<p>De forma simult\u00e1nea se llevar\u00e1 a cabo el <strong>Campamento Anual de Flamenco para Ni\u00f1os y el Festival Juvenil<\/strong>, dos actividades que tienen como objetivo primordial el fomento y el aprendizaje del flamenco en las futuras generaciones de este g\u00e9nero art\u00edstico. A su vez, tambi\u00e9n se lleva a cabo <strong>Flamenco en tu Vecindario<\/strong>, con clases gratuitas y conciertos al aire libre gracias a la colaboraci\u00f3n de varias entidades locales.<\/p>\n<p>Es importante destacar que el festival lo organiza el <strong>Instituto Nacional de Flamenco<\/strong>, fundado en 1982 por <strong>Eva Enci\u00f1ias<\/strong>. Una entidad sin \u00e1nimo de lucro que desde sus or\u00edgenes se ha consolidado como una de las sedes m\u00e1s importantes para la preservaci\u00f3n del arte flamenco en Estados Unidos.<\/p>\n<p>&nbsp;<\/p>\n<div class=\"jeg_video_container jeg_video_content\"><iframe title=\"37th Festival Flamenco Alburquerque, 2024 is just around the corner!\" width=\"500\" height=\"281\" src=\"https:\/\/www.youtube.com\/embed\/TcZ3uuOcHts?feature=oembed\" frameborder=\"0\" allow=\"accelerometer; autoplay; clipboard-write; encrypted-media; gyroscope; picture-in-picture; web-share\" referrerpolicy=\"strict-origin-when-cross-origin\" allowfullscreen><\/iframe><\/div>\n<p>&nbsp;<\/p>\n<h3><a href=\"https:\/\/ffabq.org\/performances\/\"><strong>Programa XXXVII Festival Flamenco Alburquerque<\/strong><\/a><\/h3>\n<p><strong>21 junio 2024 (Rodey Theatre)<\/strong><\/p>\n<p>Mar\u00eda Moreno y C\u00eda<\/p>\n<p><em>o..\/o..\/.o\/o.\/o. (sole\u00e1)<\/em><\/p>\n<p><strong>22 junio 2024 (X Theatre)<\/strong><\/p>\n<p>Yinka Esi Graves y C\u00eda<\/p>\n<p><em>The Disappearing Act<\/em><\/p>\n<p><strong>22 junio 2024 (Rodey Theatre)<\/strong><\/p>\n<p>Karime Amaya y C\u00eda<\/p>\n<p><em>Contrapunto<\/em><\/p>\n<p><strong>23 junio 2024 (Rodey Theatre)<\/strong><\/p>\n<p>Maui de Utrera y C\u00eda<\/p>\n<p><em>Domingo de Vermut y Potaje<\/em><\/p>\n<p><strong>23 junio 2024 (X Theatre)<\/strong><\/p>\n<p>Adela Campallo y C\u00eda<\/p>\n<p><em>Fui Piedra<\/em><\/p>\n<p><strong>24 junio 2024 (Rodey Theatre)<\/strong><\/p>\n<p>Est\u00e9vez \/ Pa\u00f1os y C\u00eda<\/p>\n<p><em>Tr\u00edptico #2 [Meter los Pies \/ Nonded\u00e9u \/ Silencios]<\/em><\/p>\n<p><strong>24 junio 2024 (National Hispanic Cultural Center)<\/strong><\/p>\n<p>Eduardo Guerrero y C\u00eda<\/p>\n<p><em>Bailar no es solo bailar<\/em><\/p>\n<p><strong>25 junio 2024 (Rodey Theatre)<\/strong><\/p>\n<p>El Pele y C\u00eda<\/p>\n<p><em>Puro y salvaje<\/em><\/p>\n<p><strong>25 junio 2024 (National Hispanic Cultural Center)<\/strong><\/p>\n<p>Merc\u00e9des de C\u00f3rdoba y C\u00eda<\/p>\n<p><em>S\u00ed, quiero<\/em><\/p>\n<p><strong>26 junio 2024 (Rodey Theatre)<\/strong><\/p>\n<p>Vanesa Coloma y C\u00eda<\/p>\n<p><em>Castiza<\/em><\/p>\n<p><strong>26 junio 2024 (National Hispanic Cultural Center)<\/strong><\/p>\n<p>Manuel Li\u00f1\u00e1n y C\u00eda<\/p>\n<p><em>Muerta de amor<\/em><\/p>\n<p><strong>27 junio 2024 (Rodey Theatre)<\/strong><\/p>\n<p>\u00c1gueda Saavedra y C\u00eda<\/p>\n<p><em>Venero<\/em><\/p>\n<p><strong>27 junio 2024 (National Hispanic Cultural Center)<\/strong><\/p>\n<p>Farruquito y C\u00eda<\/p>\n<p><em>Con-Cierto Flamenco<\/em><\/p>\n<p><strong>28 junio 2024 (National Hispanic Cultural Center)<\/strong><\/p>\n<p>Adela Campallo, Rafael Campallo, Eduardo Guerrero, Mar\u00eda Moreno &amp; Yjastros<\/p>\n<p><em>Fiesta Flamenca<\/em><\/p>\n<p><strong>29 junio 2024 (National Hispanic Cultural Center)<\/strong><\/p>\n<p>Karime Amaya, Merc\u00e9des de C\u00f3rdoba, Est\u00e9vez \/ Pa\u00f1os, Farruquito &amp; Manuel Li\u00f1\u00e1n<\/p>\n<p><em>Fiesta Flamenca<\/em><\/p>\n<p>&nbsp;<\/p>\n","protected":false,"gt_translate_keys":[{"key":"rendered","format":"html"}]},"excerpt":{"rendered":"<p>Regresa el Festival Flamenco de Alburquerque, del 21 al 29 de junio de 2024 con artistas como Eduardo Guerrero, Maui de Utrera, Adela Campallo, Est\u00e9vez y Pa\u00f1os, El Pele, Mercedes de C\u00f3rdoba, Manuel Li\u00f1\u00e1n o Farruquito, entre otros.<\/p>\n","protected":false,"gt_translate_keys":[{"key":"rendered","format":"html"}]},"author":5,"featured_media":1176,"comment_status":"open","ping_status":"open","sticky":false,"template":"","format":"standard","meta":{"_acf_changed":false,"pmpro_default_level":"","jnews-multi-image_gallery":[],"jnews_single_post":[],"jnews_primary_category":[],"jnews_override_bookmark_settings":[],"jnews_social_meta":[],"jnews_review":[],"enable_review":"","type":"","name":"","summary":"","brand":"","sku":"","good":[],"bad":[],"score_override":"","override_value":"","rating":[],"price":[],"jnews_override_counter":[],"footnotes":""},"categories":[38,47],"tags":[86,195,669,1038],"class_list":["post-1175","post","type-post","status-publish","format-standard","has-post-thumbnail","hentry","category-en-portada","category-internacional","tag-farruquito","tag-flamenco","tag-mercedes-de-cordoba","tag-xxxvii-festival-flamenco-de-alburquerque","pmpro-has-access"],"acf":[],"aioseo_notices":[],"gt_translate_keys":[{"key":"link","format":"url"}],"_links":{"self":[{"href":"https:\/\/expoflamenco.com\/revista\/wp-json\/wp\/v2\/posts\/1175","targetHints":{"allow":["GET"]}}],"collection":[{"href":"https:\/\/expoflamenco.com\/revista\/wp-json\/wp\/v2\/posts"}],"about":[{"href":"https:\/\/expoflamenco.com\/revista\/wp-json\/wp\/v2\/types\/post"}],"author":[{"embeddable":true,"href":"https:\/\/expoflamenco.com\/revista\/wp-json\/wp\/v2\/users\/5"}],"replies":[{"embeddable":true,"href":"https:\/\/expoflamenco.com\/revista\/wp-json\/wp\/v2\/comments?post=1175"}],"version-history":[{"count":0,"href":"https:\/\/expoflamenco.com\/revista\/wp-json\/wp\/v2\/posts\/1175\/revisions"}],"wp:featuredmedia":[{"embeddable":true,"href":"https:\/\/expoflamenco.com\/revista\/wp-json\/wp\/v2\/media\/1176"}],"wp:attachment":[{"href":"https:\/\/expoflamenco.com\/revista\/wp-json\/wp\/v2\/media?parent=1175"}],"wp:term":[{"taxonomy":"category","embeddable":true,"href":"https:\/\/expoflamenco.com\/revista\/wp-json\/wp\/v2\/categories?post=1175"},{"taxonomy":"post_tag","embeddable":true,"href":"https:\/\/expoflamenco.com\/revista\/wp-json\/wp\/v2\/tags?post=1175"}],"curies":[{"name":"wp","href":"https:\/\/api.w.org\/{rel}","templated":true}]}}