{"id":1171,"date":"2024-06-19T10:46:14","date_gmt":"2024-06-19T08:46:14","guid":{"rendered":"https:\/\/expoflamenco.com\/revistanew\/argelia-locos-por-la-sonanta\/"},"modified":"2024-06-19T10:46:14","modified_gmt":"2024-06-19T08:46:14","slug":"argelia-locos-por-la-sonanta","status":"publish","type":"post","link":"https:\/\/expoflamenco.com\/revista\/argelia-locos-por-la-sonanta\/","title":{"rendered":"Argelia, locos por la sonanta","gt_translate_keys":[{"key":"rendered","format":"text"}]},"content":{"rendered":"<p>Es sabido que\u00a0<strong>fuera de las fronteras espa\u00f1olas lo que m\u00e1s gusta del flamenco es el baile<\/strong>. Pero inmediatamente despu\u00e9s va la guitarra, que tambi\u00e9n posee un lenguaje universal, y que gracias a la proliferaci\u00f3n de m\u00e9todos did\u00e1cticos en Internet est\u00e1 viviendo un importante auge.\u00a0<em>expoflamenco<\/em>\u00a0ha podido constatarlo recientemente en un pa\u00eds como Argelia, donde la afici\u00f3n a la guitarra arrastra a un buen n\u00famero de devotos.<\/p>\n<p>En Argel, la soleada capital de las casas blancas asomadas al mar, pudimos comprobar con qu\u00e9 inter\u00e9s atend\u00edan estos aficionados las explicaciones de\u00a0<strong>Jos\u00e9 Carlos G\u00f3mez<\/strong>, invitado por el\u00a0<strong>Instituto Cervantes<\/strong>\u00a0a presentar su disco de homenaje a\u00a0<strong>Paco de Luc\u00eda<\/strong>,\u00a0<strong><em>Las huellas de Dios<\/em><\/strong>. Tras el recital conversado, todos quer\u00edan hacerse una foto con \u00e9l e incluso varios de ellos le pidieron que les firmara la guitarra. Las malas relaciones diplom\u00e1ticas entre este pa\u00eds y Espa\u00f1a no se traslucen en la actitud de los argelinos, que se revelan como uno de los pueblos m\u00e1s afables y hospitalarios que hayamos podido conocer en el mundo. La m\u00fasica, ese maravilloso salvoconducto, ayuda desde luego.<\/p>\n<p>Conviene, por otro lado, aparcar los prejuicios y los clich\u00e9s orientalistas, y no olvidar que\u00a0<strong>Espa\u00f1a y Argelia han estado siempre muy cerca<\/strong>. En Argel, en el popular barrio de\u00a0<strong>Belouizdad<\/strong>, todav\u00eda se conserva, si bien un poco descuidada, la gruta donde se refugi\u00f3\u00a0<strong>Miguel de Cervantes<\/strong>\u00a0durante uno de sus intentos de fuga de prisi\u00f3n. Pero si hay una ciudad\u00a0<em>espa\u00f1ola\u00a0<\/em>en Argelia, esa es\u00a0<strong>Or\u00e1n<\/strong>. Y no solo por los diversos momentos de dominaci\u00f3n ib\u00e9rica de la villa costera, sino tambi\u00e9n por la abundante inmigraci\u00f3n (laboral y republicana) que dej\u00f3 una huella duradera en la memoria de los argelinos. Por ejemplo, no olvidan que\u00a0<strong>La Negra<\/strong>, la madre de\u00a0<strong>Lole Montoya<\/strong>, naci\u00f3 aqu\u00ed.<\/p>\n<p>Nadie sabe, por ejemplo, qu\u00e9 ocurri\u00f3 con los numerosos gitanos que recalaron en Or\u00e1n tras la Guerra Civil espa\u00f1ola, pero sus cantes y sus toques perduran en los labios de la poblaci\u00f3n local, como queda de manifiesto en esta grabaci\u00f3n en la que varios vecinos entonan\u00a0<em>El emigrante\u00a0<\/em>de\u00a0<strong>Valderrama<\/strong>\u00a0y otros estribillos populares:<\/p>\n<p>&nbsp;<\/p>\n<p>&nbsp;<\/p>\n<div class=\"fluidvids\"><\/div>\n<p>&nbsp;<\/p>\n<p>La hispanofilia y la flamenquer\u00eda se han transmitido eficazmente entre las nuevas generaciones. En el Instituto Cervantes de Or\u00e1n, dirigido por\u00a0<strong>Juanma Cid<\/strong>\u00a0\u2013granadino y tambi\u00e9n aficionado\u2013, se imparten clases de guitarra flamenca con un buen n\u00famero de alumnos de todas las edades.\u00a0<strong>Nada<\/strong>, la m\u00e1s joven, empez\u00f3 de muy ni\u00f1a tocando el piano, hasta que descubri\u00f3 las canciones de\u00a0<strong>Francis Cabrel<\/strong>\u00a0y se pas\u00f3 a la baja\u00f1\u00ed. Su profesor,\u00a0<strong>Yacine Bouha<\/strong>, comenz\u00f3 en 2007, cuando todav\u00eda no hab\u00eda muchos materiales de Youtube. \u201cEmpec\u00e9 tomando clases de guitarra cl\u00e1sica con un profesor de Or\u00e1n, a quien le gustaba mucho el flamenco. Me prestaba discos de Paco de Luc\u00eda, y acab\u00e9 enamorado de todo esto. Recuerdo que al principio no me gustaba tanto el cante, no entend\u00eda nada, hasta que escuch\u00e9 a\u00a0<strong>Pepe de Luc\u00eda<\/strong>\u00a0en\u00a0<em>Solo quiero caminar<\/em>, y me lleg\u00f3 al coraz\u00f3n. Y luego vino\u00a0<strong>Camar\u00f3n<\/strong>, claro\u201d.<\/p>\n<p>Para Yacine,\u00a0<strong>el cante flamenco es enormemente similar al argelino<\/strong>. La guitarra tambi\u00e9n ha influido mucho, aunque los trastes no permiten tocar el cuarto de tono que s\u00ed est\u00e1 presente en el toque argelino. Pero la m\u00fasica\u00a0<strong>Rai<\/strong>, la m\u00e1s popular desde los a\u00f1os 80, est\u00e1 directamente emparentada con la cadencia andaluza. \u201cLa guitarra flamenca es fascinante porque puede sustituir ella sola a una orquesta. Puede golpear, puedes rasguear\u2026 Nosotros somos africanos, y \u00c1frica es el ritmo\u201d.<\/p>\n<p>En su canal de Youtube, Yacine comparte t\u00e9cnicas y tablaturas:<\/p>\n<p>&nbsp;<\/p>\n<p>&nbsp;<\/p>\n<div class=\"fluidvids\"><\/div>\n<p>&nbsp;<\/p>\n<p>&nbsp;<\/p>\n<p>Uno de sus alumnos,\u00a0<strong>Chakib Berber<\/strong>, lleva solo un a\u00f1o y medio estudiando espa\u00f1ol, lo que no le impide expresarse con perfecta fluidez en este idioma. Empez\u00f3 tambi\u00e9n con la guitarra cl\u00e1sica, pero no tard\u00f3 en inclinarse hacia lo jondo. \u201cEl primer guitarrista con el que trabaj\u00e9 un m\u00e9todo fue\u00a0<strong>\u00d3car Herrero<\/strong>. Empec\u00e9 por la sole\u00e1, luego el tango, la rumba, la taranta, la grana\u00edna\u2026 Y por fin la buler\u00eda. Con la m\u00fasica cl\u00e1sica no podemos hacer fiestas, y a nosotros nos encanta reunirnos y dejarnos llevar por la espontaneidad del flamenco\u201d. En\u00a0<a href=\"https:\/\/www.instagram.com\/p\/CvdOmdRIqTkp1qU88wH__Ln_FZaV9LjhafiaXU0\/\" target=\"_blank\" rel=\"noopener\">su cuenta de Instagram<\/a>, Chakib se divierte haciendo versiones aflamencadas de temas como el de\u00a0<em>Oliver y Benji<\/em>\u00a0por tangos.<\/p>\n<p>Ambos vierten sus preferencias:\u00a0<strong>Terremoto<\/strong>, padre e hijo,\u00a0<strong>Diego del Morao<\/strong>, Paco de Luc\u00eda,\u00a0<strong>El Perla<\/strong>\u2026 \u201cNo nos gusta el alarde t\u00e9cnico en la guitarra, nos gusta m\u00e1s el sonido rancio\u201d, aseveran. \u201cAhora necesitamos que vengan muchos flamencos a Or\u00e1n, no nos basta con lo que aprendemos en Internet. En los \u00faltimos tiempos han pasado por aqu\u00ed\u00a0<strong>Rycardo Moreno, Jorge Pardo, Pedro Sierra<\/strong>\u2026 Pero tienen que venir muchos m\u00e1s. Or\u00e1n es una ciudad flamenca por excelencia\u201d.<\/p>\n<p>&nbsp;<\/p>\n<h6>Imagen superior: J\u00f3venes guitarristas argelinos conversan con Jos\u00e9 Carlos G\u00f3mez. Argel, junio 2024. Foto: Alejandro Luque<\/h6>\n<p>&nbsp;<\/p>\n<p>&nbsp;<\/p>\n<div id=\"attachment_51644\" class=\"wp-caption aligncenter\"><a href=\"https:\/\/www.expoflamenco.com\/wp-content\/uploads\/2024\/06\/expoflamenco-flamenco-en-argelia-1-argel-jun24-foto-alejandro-luque.jpeg\"><img fetchpriority=\"high\" decoding=\"async\" class=\"size-full wp-image-51644\" src=\"https:\/\/www.expoflamenco.com\/wp-content\/uploads\/2024\/06\/expoflamenco-flamenco-en-argelia-1-argel-jun24-foto-alejandro-luque.jpeg\" srcset=\"https:\/\/www.expoflamenco.com\/wp-content\/uploads\/2024\/06\/expoflamenco-flamenco-en-argelia-1-argel-jun24-foto-alejandro-luque.jpeg 1536w, https:\/\/www.expoflamenco.com\/wp-content\/uploads\/2024\/06\/expoflamenco-flamenco-en-argelia-1-argel-jun24-foto-alejandro-luque-225x300.jpeg 225w, https:\/\/www.expoflamenco.com\/wp-content\/uploads\/2024\/06\/expoflamenco-flamenco-en-argelia-1-argel-jun24-foto-alejandro-luque-768x1024.jpeg 768w, https:\/\/www.expoflamenco.com\/wp-content\/uploads\/2024\/06\/expoflamenco-flamenco-en-argelia-1-argel-jun24-foto-alejandro-luque-1152x1536.jpeg 1152w, https:\/\/www.expoflamenco.com\/wp-content\/uploads\/2024\/06\/expoflamenco-flamenco-en-argelia-1-argel-jun24-foto-alejandro-luque-1300x1733.jpeg 1300w\" alt=\"\" width=\"1536\" height=\"2048\" aria-describedby=\"caption-attachment-51644\" \/><\/a><\/p>\n<p id=\"caption-attachment-51644\" class=\"wp-caption-text\">Argel, junio 2024. Foto: Alejandro Luque<\/p>\n<\/div>\n<div id=\"attachment_51646\" class=\"wp-caption aligncenter\"><a href=\"https:\/\/www.expoflamenco.com\/wp-content\/uploads\/2024\/06\/expoflamenco-flamenco-en-argelia-2-argel-jun24-foto-alejandro-luque.jpeg\"><img decoding=\"async\" class=\"size-full wp-image-51646\" src=\"https:\/\/www.expoflamenco.com\/wp-content\/uploads\/2024\/06\/expoflamenco-flamenco-en-argelia-2-argel-jun24-foto-alejandro-luque.jpeg\" srcset=\"https:\/\/www.expoflamenco.com\/wp-content\/uploads\/2024\/06\/expoflamenco-flamenco-en-argelia-2-argel-jun24-foto-alejandro-luque.jpeg 1536w, https:\/\/www.expoflamenco.com\/wp-content\/uploads\/2024\/06\/expoflamenco-flamenco-en-argelia-2-argel-jun24-foto-alejandro-luque-225x300.jpeg 225w, https:\/\/www.expoflamenco.com\/wp-content\/uploads\/2024\/06\/expoflamenco-flamenco-en-argelia-2-argel-jun24-foto-alejandro-luque-768x1024.jpeg 768w, https:\/\/www.expoflamenco.com\/wp-content\/uploads\/2024\/06\/expoflamenco-flamenco-en-argelia-2-argel-jun24-foto-alejandro-luque-1152x1536.jpeg 1152w, https:\/\/www.expoflamenco.com\/wp-content\/uploads\/2024\/06\/expoflamenco-flamenco-en-argelia-2-argel-jun24-foto-alejandro-luque-1300x1733.jpeg 1300w\" alt=\"\" width=\"1536\" height=\"2048\" aria-describedby=\"caption-attachment-51646\" \/><\/a><\/p>\n<p id=\"caption-attachment-51646\" class=\"wp-caption-text\">Argel, junio 2024. Foto: Alejandro Luque<\/p>\n<\/div>\n<div id=\"attachment_51648\" class=\"wp-caption aligncenter\"><a href=\"https:\/\/www.expoflamenco.com\/wp-content\/uploads\/2024\/06\/expoflamenco-flamenco-en-argelia-3-jose-carlos-gomez-en-oran-jun24-foto-alejandro-luque.jpeg\"><img decoding=\"async\" class=\"size-full wp-image-51648\" src=\"https:\/\/www.expoflamenco.com\/wp-content\/uploads\/2024\/06\/expoflamenco-flamenco-en-argelia-3-jose-carlos-gomez-en-oran-jun24-foto-alejandro-luque.jpeg\" srcset=\"https:\/\/www.expoflamenco.com\/wp-content\/uploads\/2024\/06\/expoflamenco-flamenco-en-argelia-3-jose-carlos-gomez-en-oran-jun24-foto-alejandro-luque.jpeg 1600w, https:\/\/www.expoflamenco.com\/wp-content\/uploads\/2024\/06\/expoflamenco-flamenco-en-argelia-3-jose-carlos-gomez-en-oran-jun24-foto-alejandro-luque-300x225.jpeg 300w, https:\/\/www.expoflamenco.com\/wp-content\/uploads\/2024\/06\/expoflamenco-flamenco-en-argelia-3-jose-carlos-gomez-en-oran-jun24-foto-alejandro-luque-1024x768.jpeg 1024w, https:\/\/www.expoflamenco.com\/wp-content\/uploads\/2024\/06\/expoflamenco-flamenco-en-argelia-3-jose-carlos-gomez-en-oran-jun24-foto-alejandro-luque-768x576.jpeg 768w, https:\/\/www.expoflamenco.com\/wp-content\/uploads\/2024\/06\/expoflamenco-flamenco-en-argelia-3-jose-carlos-gomez-en-oran-jun24-foto-alejandro-luque-1536x1152.jpeg 1536w, https:\/\/www.expoflamenco.com\/wp-content\/uploads\/2024\/06\/expoflamenco-flamenco-en-argelia-3-jose-carlos-gomez-en-oran-jun24-foto-alejandro-luque-1300x975.jpeg 1300w\" alt=\"\" width=\"1600\" height=\"1200\" aria-describedby=\"caption-attachment-51648\" \/><\/a><\/p>\n<p id=\"caption-attachment-51648\" class=\"wp-caption-text\">Jos\u00e9 Carlos G\u00f3mez. Or\u00e1n, junio 2024. Foto: Alejandro Luque<\/p>\n<\/div>\n<div id=\"attachment_51650\" class=\"wp-caption aligncenter\"><a href=\"https:\/\/www.expoflamenco.com\/wp-content\/uploads\/2024\/06\/expoflamenco-flamenco-en-argelia-4-oran-jun24-foto-alejandro-luque.jpeg\"><img loading=\"lazy\" decoding=\"async\" class=\"size-full wp-image-51650\" src=\"https:\/\/www.expoflamenco.com\/wp-content\/uploads\/2024\/06\/expoflamenco-flamenco-en-argelia-4-oran-jun24-foto-alejandro-luque.jpeg\" srcset=\"https:\/\/www.expoflamenco.com\/wp-content\/uploads\/2024\/06\/expoflamenco-flamenco-en-argelia-4-oran-jun24-foto-alejandro-luque.jpeg 1536w, https:\/\/www.expoflamenco.com\/wp-content\/uploads\/2024\/06\/expoflamenco-flamenco-en-argelia-4-oran-jun24-foto-alejandro-luque-225x300.jpeg 225w, https:\/\/www.expoflamenco.com\/wp-content\/uploads\/2024\/06\/expoflamenco-flamenco-en-argelia-4-oran-jun24-foto-alejandro-luque-768x1024.jpeg 768w, https:\/\/www.expoflamenco.com\/wp-content\/uploads\/2024\/06\/expoflamenco-flamenco-en-argelia-4-oran-jun24-foto-alejandro-luque-1152x1536.jpeg 1152w, https:\/\/www.expoflamenco.com\/wp-content\/uploads\/2024\/06\/expoflamenco-flamenco-en-argelia-4-oran-jun24-foto-alejandro-luque-1300x1733.jpeg 1300w\" alt=\"\" width=\"1536\" height=\"2048\" aria-describedby=\"caption-attachment-51650\" \/><\/a><\/p>\n<p id=\"caption-attachment-51650\" class=\"wp-caption-text\">Or\u00e1n, junio 2024. Foto: Alejandro Luque<\/p>\n<\/div>\n","protected":false,"gt_translate_keys":[{"key":"rendered","format":"html"}]},"excerpt":{"rendered":"<p>La afici\u00f3n a la guitarra en el pa\u00eds magreb\u00ed, como en tantos pa\u00edses del Mediterr\u00e1neo, es un fen\u00f3meno en auge. Lejos de dejarse arrastrar por las modas, los estudiantes adoran la vieja escuela.<\/p>\n","protected":false,"gt_translate_keys":[{"key":"rendered","format":"html"}]},"author":13,"featured_media":1172,"comment_status":"open","ping_status":"open","sticky":false,"template":"","format":"standard","meta":{"_acf_changed":false,"pmpro_default_level":"","jnews-multi-image_gallery":[],"jnews_single_post":null,"jnews_primary_category":[],"jnews_override_bookmark_settings":{"override_bookmark_button":"0","override_show_bookmark_button":"0"},"jnews_social_meta":[],"jnews_review":[],"enable_review":"","type":"percentage","name":"","summary":"","brand":"","sku":"","good":[],"bad":[],"score_override":"","override_value":"","rating":[],"price":[],"jnews_override_counter":{"view_counter_number":"0","share_counter_number":"0","like_counter_number":"0","dislike_counter_number":"0"},"footnotes":""},"categories":[47],"tags":[1030,1031],"class_list":["post-1171","post","type-post","status-publish","format-standard","has-post-thumbnail","hentry","category-internacional","tag-flamenco-en-argelia","tag-guitarra-flamenca","pmpro-has-access"],"acf":[],"aioseo_notices":[],"gt_translate_keys":[{"key":"link","format":"url"}],"_links":{"self":[{"href":"https:\/\/expoflamenco.com\/revista\/wp-json\/wp\/v2\/posts\/1171","targetHints":{"allow":["GET"]}}],"collection":[{"href":"https:\/\/expoflamenco.com\/revista\/wp-json\/wp\/v2\/posts"}],"about":[{"href":"https:\/\/expoflamenco.com\/revista\/wp-json\/wp\/v2\/types\/post"}],"author":[{"embeddable":true,"href":"https:\/\/expoflamenco.com\/revista\/wp-json\/wp\/v2\/users\/13"}],"replies":[{"embeddable":true,"href":"https:\/\/expoflamenco.com\/revista\/wp-json\/wp\/v2\/comments?post=1171"}],"version-history":[{"count":0,"href":"https:\/\/expoflamenco.com\/revista\/wp-json\/wp\/v2\/posts\/1171\/revisions"}],"wp:featuredmedia":[{"embeddable":true,"href":"https:\/\/expoflamenco.com\/revista\/wp-json\/wp\/v2\/media\/1172"}],"wp:attachment":[{"href":"https:\/\/expoflamenco.com\/revista\/wp-json\/wp\/v2\/media?parent=1171"}],"wp:term":[{"taxonomy":"category","embeddable":true,"href":"https:\/\/expoflamenco.com\/revista\/wp-json\/wp\/v2\/categories?post=1171"},{"taxonomy":"post_tag","embeddable":true,"href":"https:\/\/expoflamenco.com\/revista\/wp-json\/wp\/v2\/tags?post=1171"}],"curies":[{"name":"wp","href":"https:\/\/api.w.org\/{rel}","templated":true}]}}