{"id":1024,"date":"2024-05-26T19:24:12","date_gmt":"2024-05-26T17:24:12","guid":{"rendered":"https:\/\/expoflamenco.com\/revistanew\/el-turry-abrazo-de-azucar-y-terciopelo-rajao\/"},"modified":"2026-01-15T16:23:47","modified_gmt":"2026-01-15T15:23:47","slug":"el-turry-abrazo-de-azucar-y-terciopelo-rajao","status":"publish","type":"post","link":"https:\/\/expoflamenco.com\/revista\/el-turry-abrazo-de-azucar-y-terciopelo-rajao\/","title":{"rendered":"El Turry, abrazo de az\u00facar y terciopelo rajao","gt_translate_keys":[{"key":"rendered","format":"text"}]},"content":{"rendered":"<div class=\"page\" title=\"Page 1\">\n<div class=\"layoutArea\">\n<div class=\"column\">\n<p>La aficio\u0301n desperdiga\u0301 por todos lados. Las pen\u0303as de Sevilla hierven. En cualquier rinconcito nos encontramos unos cuantos cabales a esperar que la suerte nos premie con las cosquillas que se guardan en la talega de los recuerdos. A eso fui a la <strong>Pen\u0303a Flamenca de Tomares<\/strong>, donde esta\u0301 uno como en casa. Y eso me traje. Porque Grana\u0301 tiene muchas cosas: tiene la Alhambra, a Morente en el recuerdo y un cantaor que hace de su cuna bandera. Se llama <strong>Antonio Go\u0301mez El Turry<\/strong> y canto\u0301 en volandas de la sublime guitarra de <strong>Jose\u0301 Fermi\u0301n Ferna\u0301ndez<\/strong>. Ofrecieron un recital memorable, digno de inmortalizarse en los surcos de la piel. El vello no engan\u0303a.<\/p>\n<p>Mucha culpa tuvo la sonanta de Jose\u0301 Fermi\u0301n, que nos arranco\u0301 de cuajo los oles por su precisio\u0301n, pulcritud y flamencura sin conceder cre\u0301dito a la incesante ostentacio\u0301n armo\u0301nica que hoy deja a las guitarras sin alma en favor del virtuosismo, algo que en este tocaor surge al reve\u0301s: Jose\u0301 Fermi\u0301n subyuga su te\u0301cnica arrolladoramente habilidosa al empaque y la jondura que le rebosan por las yemas de sus dedos. Tremendo. Absolutamente genial. Tre\u0301molos y arpegios limpios, picados definidos, pulsacio\u0301n rotunda, velocidad y alzapu\u0301as de ve\u0301rtigo llevaron mejor que en brazos al gan\u0303ote de El Turry para engrandecer su cante en un dia\u0301logo de titanes granai\u0301nos.<\/p>\n<\/div>\n<p>&nbsp;<\/p>\n<p>&nbsp;<\/p>\n<blockquote><p><em>\u00abEl Turry se dio entero sin guardarse. Se dolio\u0301 cuando la piedra quebrantaba, mientras dibujo\u0301 los descensos tonales haciendo suyas las cadencias. Supo acariciar los tercios sufridos y empujar si lo pedi\u0301a el verso. Grande en la malaguen\u0303a chaconiana\u00bb<\/em><\/p><\/blockquote>\n<p>&nbsp;<\/p>\n<\/div>\n<p>&nbsp;<\/p>\n<\/div>\n<div class=\"jeg_video_container jeg_video_content\"><iframe title=\"Antonio G\u00f3mez El Turry y Jos\u00e9 Ferm\u00edn Fern\u00e1ndez: Pe\u00f1a Flamenca de Tomares\" width=\"500\" height=\"281\" src=\"https:\/\/www.youtube.com\/embed\/hyG8IiuncxU?feature=oembed\" frameborder=\"0\" allow=\"accelerometer; autoplay; clipboard-write; encrypted-media; gyroscope; picture-in-picture; web-share\" referrerpolicy=\"strict-origin-when-cross-origin\" allowfullscreen><\/iframe><\/div>\n<div class=\"page\" title=\"Page 1\">\n<div class=\"layoutArea\">\n<div class=\"column\">\n<p>&nbsp;<\/p>\n<p>&nbsp;<\/p>\n<p>Se templo\u0301 por cantin\u0303as Antonio mostrando desde que descorcho\u0301 el recital el dominio de la afinacio\u0301n adema\u0301s de una amplitud de registro que le permite mecer los bajos con cuerpo y apretar con valenti\u0301a arriba sin presumir del grito, sino de sensibilidad. El cante no es para sordos. Hilvano\u0301 los aires de Ca\u0301diz con mirabra\u0301s y cantin\u0303as de La Juanaca. Luego un guin\u0303o a Pinea para la sali\u0301a y a derrochar virtudes en la solea\u0301 apola\u0301. El Turry se dio entero sin guardarse. Se dolio\u0301 cuando la piedra quebrantaba, mientras dibujo\u0301 los descensos tonales haciendo suyas las cadencias. Supo acariciar los tercios sufridos y empujar si lo pedi\u0301a el verso. Grande en la malaguen\u0303a chaconiana, acorda\u0301ndose despue\u0301s de la del Nin\u0303o de Ve\u0301lez, o de Juan Breva en la bandola\u0301 corta. En los abandolaos rozo\u0301 Huelva y cerro\u0301 con el fandango de Frasquito Yerbabuena. Inundo\u0301 de aire fresco la farruca enamorando con sus vaivenes melo\u0301dicos. Reinvento\u0301 con letras propias que denunciaban la inmundicia de las guerras la triada de la liviana, serrana y cambio de Mari\u0301a Borrico ralentizando los dos primeros y retomando el compa\u0301s marcado en el macho seguiriyero. Prosiguio\u0301 cano\u0301nico en la granai\u0301na de Chaco\u0301n y la media granai\u0301na de Vallejo desvelando la querencia de su tierra, pasea\u0301ndose por los entresijos del pentagrama con holgura y gusto. De postre unas letras por buleri\u0301as. Pero antes brillo\u0301 hasta cegarnos de dulzura con una ristra de tangos de Grana\u0301 para enmarcar su voz, abrazo de azu\u0301car y terciopelo rajao.<\/p>\n<p>&nbsp;<\/p>\n<\/div>\n<p><strong>Ficha art\u00edstica<\/strong><\/p>\n<div class=\"column\">\n<p>Recital de Cante<br \/>\nPen\u0303a Flamenca de Tomares<br \/>\n24 de mayo de 2024<br \/>\nCante: Antonio Go\u0301mez El Turry<br \/>\nGuitarra: Jose\u0301 Fermi\u0301n Ferna\u0301ndez<\/p>\n<p>&nbsp;<\/p>\n<\/div>\n<\/div>\n<p>&nbsp;<\/p>\n<figure id=\"attachment_50552\" aria-describedby=\"caption-attachment-50552\" style=\"width: 1300px\" class=\"wp-caption aligncenter\"><a href=\"https:\/\/expoflamenco.com\/prensa\/wp-content\/uploads\/sites\/17\/2024\/05\/expoflamenco-antonio-gomez-el-turry-5-pena-flamenca-tomares-may24-foto-kiko-valle.jpg\"><img fetchpriority=\"high\" decoding=\"async\" class=\"size-full wp-image-50552\" src=\"https:\/\/expoflamenco.com\/prensa\/wp-content\/uploads\/sites\/17\/2024\/05\/expoflamenco-antonio-gomez-el-turry-5-pena-flamenca-tomares-may24-foto-kiko-valle.jpg\" alt=\"\" width=\"1300\" height=\"800\" \/><\/a><figcaption id=\"caption-attachment-50552\" class=\"wp-caption-text\">Antonio G\u00f3mez El Turry y Jos\u00e9 Ferm\u00edn Fern\u00e1ndez. Pe\u00f1a Flamenca de Tomares, Sevilla. 24 mayo 2024. Foto: Kiko Valle<\/figcaption><\/figure>\n<p>&nbsp;<\/p>\n<figure id=\"attachment_50546\" aria-describedby=\"caption-attachment-50546\" style=\"width: 1300px\" class=\"wp-caption aligncenter\"><a href=\"https:\/\/expoflamenco.com\/prensa\/wp-content\/uploads\/sites\/17\/2024\/05\/expoflamenco-antonio-gomez-el-turry-2-con-jose-fermin-fernandez-pena-flamenca-tomares-may24-foto-kiko-valle.jpg\"><img decoding=\"async\" class=\"size-full wp-image-50546\" src=\"https:\/\/expoflamenco.com\/prensa\/wp-content\/uploads\/sites\/17\/2024\/05\/expoflamenco-antonio-gomez-el-turry-2-con-jose-fermin-fernandez-pena-flamenca-tomares-may24-foto-kiko-valle.jpg\" alt=\"\" width=\"1300\" height=\"800\" \/><\/a><figcaption id=\"caption-attachment-50546\" class=\"wp-caption-text\">Antonio G\u00f3mez El Turry y Jos\u00e9 Ferm\u00edn Fern\u00e1ndez. Pe\u00f1a Flamenca de Tomares, Sevilla. 24 mayo 2024. Foto: Kiko Valle<\/figcaption><\/figure>\n<p>&nbsp;<\/p>\n<figure id=\"attachment_50548\" aria-describedby=\"caption-attachment-50548\" style=\"width: 1300px\" class=\"wp-caption aligncenter\"><a href=\"https:\/\/expoflamenco.com\/prensa\/wp-content\/uploads\/sites\/17\/2024\/05\/expoflamenco-antonio-gomez-el-turry-3-pena-flamenca-tomares-may24-foto-kiko-valle.jpg\"><img decoding=\"async\" class=\"size-full wp-image-50548\" src=\"https:\/\/expoflamenco.com\/prensa\/wp-content\/uploads\/sites\/17\/2024\/05\/expoflamenco-antonio-gomez-el-turry-3-pena-flamenca-tomares-may24-foto-kiko-valle.jpg\" alt=\"\" width=\"1300\" height=\"800\" \/><\/a><figcaption id=\"caption-attachment-50548\" class=\"wp-caption-text\">Antonio G\u00f3mez El Turry y Jos\u00e9 Ferm\u00edn Fern\u00e1ndez. Pe\u00f1a Flamenca de Tomares, Sevilla. 24 mayo 2024. Foto: Kiko Valle<\/figcaption><\/figure>\n<p>&nbsp;<\/p>\n<figure id=\"attachment_50558\" aria-describedby=\"caption-attachment-50558\" style=\"width: 1300px\" class=\"wp-caption aligncenter\"><a href=\"https:\/\/expoflamenco.com\/prensa\/wp-content\/uploads\/sites\/17\/2024\/05\/expoflamenco-antonio-gomez-el-turry-1-pena-flamenca-tomares-may24-foto-kiko-valle.jpg\"><img loading=\"lazy\" decoding=\"async\" class=\"size-full wp-image-50558\" src=\"https:\/\/expoflamenco.com\/prensa\/wp-content\/uploads\/sites\/17\/2024\/05\/expoflamenco-antonio-gomez-el-turry-1-pena-flamenca-tomares-may24-foto-kiko-valle.jpg\" alt=\"\" width=\"1300\" height=\"800\" \/><\/a><figcaption id=\"caption-attachment-50558\" class=\"wp-caption-text\">Antonio G\u00f3mez El Turry y Jos\u00e9 Ferm\u00edn Fern\u00e1ndez. Pe\u00f1a Flamenca de Tomares, Sevilla. 24 mayo 2024. Foto: Kiko Valle<\/figcaption><\/figure>\n<p>&nbsp;<\/p>\n<figure id=\"attachment_50554\" aria-describedby=\"caption-attachment-50554\" style=\"width: 1300px\" class=\"wp-caption aligncenter\"><a href=\"https:\/\/expoflamenco.com\/prensa\/wp-content\/uploads\/sites\/17\/2024\/05\/expoflamenco-antonio-gomez-el-turry-6-con-jose-fermin-fernandez-pena-flamenca-tomares-may24-foto-kiko-valle.jpg\"><img loading=\"lazy\" decoding=\"async\" class=\"size-full wp-image-50554\" src=\"https:\/\/expoflamenco.com\/prensa\/wp-content\/uploads\/sites\/17\/2024\/05\/expoflamenco-antonio-gomez-el-turry-6-con-jose-fermin-fernandez-pena-flamenca-tomares-may24-foto-kiko-valle.jpg\" alt=\"\" width=\"1300\" height=\"800\" \/><\/a><figcaption id=\"caption-attachment-50554\" class=\"wp-caption-text\">Antonio G\u00f3mez El Turry y Jos\u00e9 Ferm\u00edn Fern\u00e1ndez. Pe\u00f1a Flamenca de Tomares, Sevilla. 24 mayo 2024. Foto: Kiko Valle<\/figcaption><\/figure>\n<p>&nbsp;<\/p>\n<figure id=\"attachment_50556\" aria-describedby=\"caption-attachment-50556\" style=\"width: 1300px\" class=\"wp-caption aligncenter\"><a href=\"https:\/\/expoflamenco.com\/prensa\/wp-content\/uploads\/sites\/17\/2024\/05\/expoflamenco-antonio-gomez-el-turry-7-con-jose-fermin-fernandez-pena-flamenca-tomares-may24-foto-kiko-valle.jpg\"><img loading=\"lazy\" decoding=\"async\" class=\"size-full wp-image-50556\" src=\"https:\/\/expoflamenco.com\/prensa\/wp-content\/uploads\/sites\/17\/2024\/05\/expoflamenco-antonio-gomez-el-turry-7-con-jose-fermin-fernandez-pena-flamenca-tomares-may24-foto-kiko-valle.jpg\" alt=\"\" width=\"1300\" height=\"800\" \/><\/a><figcaption id=\"caption-attachment-50556\" class=\"wp-caption-text\">Antonio G\u00f3mez El Turry y Jos\u00e9 Ferm\u00edn Fern\u00e1ndez. Pe\u00f1a Flamenca de Tomares, Sevilla. 24 mayo 2024. Foto: Kiko Valle<\/figcaption><\/figure>\n<p>&nbsp;<\/p>\n<\/div>\n","protected":false,"gt_translate_keys":[{"key":"rendered","format":"html"}]},"excerpt":{"rendered":"<p>Antonio Go\u0301mez El Turry y Jose\u0301 Fermi\u0301n Ferna\u0301ndez ofrecieron en la Pe\u00f1a Flamenca de Tomares (Sevilla) un recital memorable, digno de inmortalizarse en los surcos de la piel. El vello no engan\u0303a.<\/p>\n","protected":false,"gt_translate_keys":[{"key":"rendered","format":"html"}]},"author":63,"featured_media":1025,"comment_status":"open","ping_status":"open","sticky":false,"template":"","format":"standard","meta":{"_acf_changed":false,"pmpro_default_level":"","jnews-multi-image_gallery":[],"jnews_single_post":[],"jnews_primary_category":[],"jnews_override_bookmark_settings":[],"jnews_social_meta":[],"jnews_review":[],"enable_review":"","type":"","name":"","summary":"","brand":"","sku":"","good":[],"bad":[],"score_override":"","override_value":"","rating":[],"price":[],"jnews_override_counter":[],"footnotes":""},"categories":[46],"tags":[963,964,965],"class_list":["post-1024","post","type-post","status-publish","format-standard","has-post-thumbnail","hentry","category-cronicas","tag-antonio-gomez-el-turry","tag-jose-fermin-fernandez","tag-pena-flamenca-de-tomares","pmpro-has-access"],"acf":[],"aioseo_notices":[],"gt_translate_keys":[{"key":"link","format":"url"}],"_links":{"self":[{"href":"https:\/\/expoflamenco.com\/revista\/wp-json\/wp\/v2\/posts\/1024","targetHints":{"allow":["GET"]}}],"collection":[{"href":"https:\/\/expoflamenco.com\/revista\/wp-json\/wp\/v2\/posts"}],"about":[{"href":"https:\/\/expoflamenco.com\/revista\/wp-json\/wp\/v2\/types\/post"}],"author":[{"embeddable":true,"href":"https:\/\/expoflamenco.com\/revista\/wp-json\/wp\/v2\/users\/63"}],"replies":[{"embeddable":true,"href":"https:\/\/expoflamenco.com\/revista\/wp-json\/wp\/v2\/comments?post=1024"}],"version-history":[{"count":1,"href":"https:\/\/expoflamenco.com\/revista\/wp-json\/wp\/v2\/posts\/1024\/revisions"}],"predecessor-version":[{"id":1108,"href":"https:\/\/expoflamenco.com\/revista\/wp-json\/wp\/v2\/posts\/1024\/revisions\/1108"}],"wp:featuredmedia":[{"embeddable":true,"href":"https:\/\/expoflamenco.com\/revista\/wp-json\/wp\/v2\/media\/1025"}],"wp:attachment":[{"href":"https:\/\/expoflamenco.com\/revista\/wp-json\/wp\/v2\/media?parent=1024"}],"wp:term":[{"taxonomy":"category","embeddable":true,"href":"https:\/\/expoflamenco.com\/revista\/wp-json\/wp\/v2\/categories?post=1024"},{"taxonomy":"post_tag","embeddable":true,"href":"https:\/\/expoflamenco.com\/revista\/wp-json\/wp\/v2\/tags?post=1024"}],"curies":[{"name":"wp","href":"https:\/\/api.w.org\/{rel}","templated":true}]}}