{"id":1012,"date":"2024-05-28T17:10:23","date_gmt":"2024-05-28T15:10:23","guid":{"rendered":"https:\/\/expoflamenco.com\/revistanew\/una-herida-que-sana\/"},"modified":"2026-01-15T16:23:39","modified_gmt":"2026-01-15T15:23:39","slug":"una-herida-que-sana","status":"publish","type":"post","link":"https:\/\/expoflamenco.com\/revista\/una-herida-que-sana\/","title":{"rendered":"Una herida que sana","gt_translate_keys":[{"key":"rendered","format":"text"}]},"content":{"rendered":"<p>Una de las cosas que diferencian al flamenco de las manifestaciones folkl\u00f3ricas al uso es su condici\u00f3n de fen\u00f3meno vivo. Mientras que en \u00e9stas los repertorios suelen estar petrificados por la tradici\u00f3n, en el viejo arte jondo conviven las letras inmemoriales con la creaci\u00f3n reci\u00e9n salida del horno. Lo dice m\u00e1s hermosamente el capit\u00e1n <strong>Jos\u00e9 Mar\u00eda Vel\u00e1zquez-Gaztelu<\/strong> en el pr\u00f3logo al volumen que nos ocupa, <strong><em>La herida abierta<\/em><\/strong>: \u201cEl libro de las letras flamencas a\u00fan no se ha terminado de componer. Afortunadamente. Su universo es tan enorme como la propia voluntad de los que las colocan sobre el papel y, por lo tanto y sin que parezca desproporcionado, es infinito. Y el cante que las acoge siempre est\u00e1 con las fauces abiertas, esperando la presa para arrebatar una estrofa, una expresi\u00f3n tan inesperada como brillante, un verso feliz que rompa el grito, lo colme de sentimiento memorable y lo llene de ese fulgor que un d\u00eda, y en el momento menos esperado, se le ocurri\u00f3 a un poeta sin nombre y perdido en el fondo de los siglos\u201d.<\/p>\n<p>Palabra de aficionado grande y de poeta. Y palabras de aficionado y poeta son tambi\u00e9n las letras que <strong>David Eloy Rodr\u00edguez<\/strong> y <strong>Jos\u00e9 Mar\u00eda G\u00f3mez Valero<\/strong> han agavillado a cuatro manos, hermosamente ilustradas por los flamenqu\u00edsimos pinceles de <strong>Patricio Hidalgo<\/strong>, y maquetadas por el no menos esmerado <strong>Pedro Gozalbes<\/strong>. Los dos autores. Desde la gratitud por toda la inspiraci\u00f3n que la poes\u00eda popular les ha brindado a lo largo de los a\u00f1os, y las vivencias que lo jondo les ha proporcionado desde m\u00faltiples \u00e1ngulos, los autores aseguran que \u201cescribir flamenco es dialogar con un ingente patrimonio de maravillas, con la sabidur\u00eda y perfecci\u00f3n de tantos y tantos textos, an\u00f3nimos y de autor, que nos indican y alumbran el sendero. Esa sagrada herencia\u201d.<\/p>\n<p>Apelan algunos versos al grito fundacional del flamenco, como ese que sirve de p\u00f3rtico:<\/p>\n<p><em>En el principio fue el grito.<\/em><br \/>\n<em>El grito rompi\u00f3 a hablar<\/em><br \/>\n<em>y a lo que vino despu\u00e9s<\/em><br \/>\n<em>le dicen<\/em> humanid\u00e1.<\/p>\n<p>La facilidad y soltura de los autores para moverse por predios metaf\u00f3ricos se pone de manifiesto especialmente en la segunda parte del libro, que presta su t\u00edtulo al conjunto:<\/p>\n<p><em>No siegues con tu guada\u00f1a,<\/em><br \/>\n<em>mala muerte traicionera,<\/em><br \/>\n<em>lo que nace en primavera.<\/em><br \/>\n<em>Lo que ese p\u00e1jaro canta<\/em><br \/>\n<em>que dure la vida entera.<\/em><\/p>\n<p><em>\u00bfQu\u00e9 sabr\u00e1 el rel\u00f3 de na? <\/em>es el t\u00edtulo de la tercera parte, donde encontramos im\u00e1genes tan sorprendentes como la que sigue:<\/p>\n<p><em>Qued\u00e9 llorando a la puerta<\/em><br \/>\n<em>del amor que yo ten\u00eda<\/em><br \/>\n<em>y ella dentro de la casa,<\/em><br \/>\n<em>que era una casa vac\u00eda.<\/em><\/p>\n<p>&nbsp;<\/p>\n<p><a href=\"https:\/\/expoflamenco.com\/prensa\/wp-content\/uploads\/sites\/17\/2024\/06\/expoflamenco-libro-la-herida-abierta-de-jose-maria-gomez-valero-y-david-eloy-rodriguez-1.jpg\"><img fetchpriority=\"high\" decoding=\"async\" class=\"aligncenter size-full wp-image-50653\" src=\"https:\/\/expoflamenco.com\/prensa\/wp-content\/uploads\/sites\/17\/2024\/06\/expoflamenco-libro-la-herida-abierta-de-jose-maria-gomez-valero-y-david-eloy-rodriguez-1.jpg\" alt=\"\" width=\"537\" height=\"740\" \/><\/a><\/p>\n<p>&nbsp;<\/p>\n<p>&nbsp;<\/p>\n<p>En<em> La vida entera aprendiendo<\/em>, cuarto apartado, entre campanilleros, nanas y marianas, un canto a:<\/p>\n<p><em>Ay, Sevilla, hermosa muchacha de ojos grandes,<\/em><br \/>\n<em>chiquilla descarada, orgullosa y valiente.<\/em><br \/>\n<em>dime al o\u00eddo cu\u00e1l es tu secreto,<\/em><br \/>\n<em>esa canci\u00f3n que cantas para burlar a la muerte.<\/em><\/p>\n<p>El cap\u00edtulo <em>Cantan ellas <\/em>invita a las mujeres a hacer suyas letras como:<\/p>\n<p><em>Quer\u00edas que fuera tuya,<\/em><br \/>\n<em>yo no quiero ser de nadie,<\/em><br \/>\n<em>como un p\u00e1jaro que canta<\/em><br \/>\n<em>por los caminos del aire.<\/em><\/p>\n<p>Y como guinda, unos haikus dignos de la \u00faltima edici\u00f3n del <strong>Festival Guirijondo<\/strong> de Palomares del R\u00edo:<\/p>\n<p><em>Es japon\u00e9s,<\/em><br \/>\n<em>pero su cante viejo<\/em><br \/>\n<em>es de Jerez.<\/em><\/p>\n<p><em>La herida abierta<\/em> se presentar\u00e1 en la programaci\u00f3n de la <strong>Reuni\u00f3n de Cante Jondo de La Puebla de Cazalla<\/strong> (Sevilla), donde los autores interpretar\u00e1n sus letras en vivo acompa\u00f1ados de la m\u00fasica de <strong>Andrej Vujicic<\/strong> y el baile de <strong>Francesca La Chica<\/strong>, y el martes 9 de julio har\u00e1n lo propio en la <strong>Pe\u00f1a Flamenca Francisco Moreno Galv\u00e1n<\/strong>. Asimismo, el siempre inquieto cantaor <strong>Tom\u00e1s de Perrate<\/strong> estrenar\u00e1 el jueves 27 de junio, en el marco del <strong>Festival Flamenco Rosa Fina de Casares<\/strong> (M\u00e1laga), un espect\u00e1culo basado \u00edntegramente en este libro, titulado <em>Raz\u00f3n com\u00fan<\/em>, y en el que se har\u00e1 acompa\u00f1ar de <strong>Paco de Amparo<\/strong>.<\/p>\n<p>A la b\u00fasqueda de sus lectores y de sus oyentes, esta herida que nos traen los dos poetas sevillanos nos recuerda a aquella definici\u00f3n que acu\u00f1\u00f3 <strong>F\u00e9lix Grande<\/strong> del propio flamenco: herida, s\u00ed, pero herida que sana.<\/p>\n<p>&nbsp;<\/p>\n<h6 style=\"text-align: right;\">Imagen superior: blog Su mal espanta<\/h6>\n<p>&nbsp;<\/p>\n","protected":false,"gt_translate_keys":[{"key":"rendered","format":"html"}]},"excerpt":{"rendered":"<p>Jos\u00e9 Mar\u00eda G\u00f3mez Valero y David Eloy Rodr\u00edguez publican \u2018La herida abierta\u2019, un libro de letras prologado por Jos\u00e9 Mar\u00eda Vel\u00e1zquez-Gaztelu e ilustrado por Patricio Hidalgo que suma creaciones a la vasta tradici\u00f3n de la poes\u00eda flamenca.<\/p>\n","protected":false,"gt_translate_keys":[{"key":"rendered","format":"html"}]},"author":13,"featured_media":1013,"comment_status":"open","ping_status":"open","sticky":false,"template":"","format":"standard","meta":{"_acf_changed":false,"pmpro_default_level":"","jnews-multi-image_gallery":[],"jnews_single_post":[],"jnews_primary_category":[],"jnews_override_bookmark_settings":[],"jnews_social_meta":[],"jnews_review":[],"enable_review":"","type":"","name":"","summary":"","brand":"","sku":"","good":[],"bad":[],"score_override":"","override_value":"","rating":[],"price":[],"jnews_override_counter":[],"footnotes":""},"categories":[37],"tags":[947,948,949,950,951],"class_list":["post-1012","post","type-post","status-publish","format-standard","has-post-thumbnail","hentry","category-actualidad","tag-eliminar-el-termino-david-eloy-rodriguez-david-eloy-rodriguez","tag-jose-maria-gomez-valero","tag-jose-maria-velazquez-gaztelu","tag-la-herida-abierta","tag-patricio-hidalgo","pmpro-has-access"],"acf":[],"aioseo_notices":[],"gt_translate_keys":[{"key":"link","format":"url"}],"_links":{"self":[{"href":"https:\/\/expoflamenco.com\/revista\/wp-json\/wp\/v2\/posts\/1012","targetHints":{"allow":["GET"]}}],"collection":[{"href":"https:\/\/expoflamenco.com\/revista\/wp-json\/wp\/v2\/posts"}],"about":[{"href":"https:\/\/expoflamenco.com\/revista\/wp-json\/wp\/v2\/types\/post"}],"author":[{"embeddable":true,"href":"https:\/\/expoflamenco.com\/revista\/wp-json\/wp\/v2\/users\/13"}],"replies":[{"embeddable":true,"href":"https:\/\/expoflamenco.com\/revista\/wp-json\/wp\/v2\/comments?post=1012"}],"version-history":[{"count":1,"href":"https:\/\/expoflamenco.com\/revista\/wp-json\/wp\/v2\/posts\/1012\/revisions"}],"predecessor-version":[{"id":1101,"href":"https:\/\/expoflamenco.com\/revista\/wp-json\/wp\/v2\/posts\/1012\/revisions\/1101"}],"wp:featuredmedia":[{"embeddable":true,"href":"https:\/\/expoflamenco.com\/revista\/wp-json\/wp\/v2\/media\/1013"}],"wp:attachment":[{"href":"https:\/\/expoflamenco.com\/revista\/wp-json\/wp\/v2\/media?parent=1012"}],"wp:term":[{"taxonomy":"category","embeddable":true,"href":"https:\/\/expoflamenco.com\/revista\/wp-json\/wp\/v2\/categories?post=1012"},{"taxonomy":"post_tag","embeddable":true,"href":"https:\/\/expoflamenco.com\/revista\/wp-json\/wp\/v2\/tags?post=1012"}],"curies":[{"name":"wp","href":"https:\/\/api.w.org\/{rel}","templated":true}]}}