{"id":59175,"date":"2026-09-01T09:27:02","date_gmt":"2026-09-01T07:27:02","guid":{"rendered":"https:\/\/expoflamenco.com\/podcast\/?p=59175"},"modified":"2026-09-01T18:02:35","modified_gmt":"2026-09-01T16:02:35","slug":"analizamos-el-toque-zyryab-de-paco-de-lucia","status":"publish","type":"post","link":"https:\/\/expoflamenco.com\/podcast\/analizamos-el-toque-zyryab-de-paco-de-lucia\/","title":{"rendered":"Analizamos el toque &#8216;Zyryab&#8217; de Paco de Luc\u00eda","gt_translate_keys":[{"key":"rendered","format":"text"}]},"content":{"rendered":"\n<p class=\"wp-block-paragraph\">Continuamos recuperando algunos espacios que quedaron en la antigua plataforma y que volvemos a poner a vuestra disposici\u00f3n. A modo de secuela del<a href=\"https:\/\/www.expoflamenco.com\/archivo\/podcast\/de-aquellos-anos-sonados-de-paco-de-lucia-en-montreux\/\"> anterior p\u00f3dcast,<\/a> me detengo a analizar uno de los cortes m\u00e1s significativos del disco <strong>Paco de Luc\u00eda<\/strong>, los a\u00f1os de Montreux (BGM, 2023). <strong>Zyryab <\/strong>es una apertura sin igual de los c\u00f3digos de la m\u00fasica flamenca. Un itinerario que nos llevar\u00eda desde la dedicatoria a un m\u00fasico del medievo a un futuro no del todo vislumbrado. (La foto de portada es de Chema Conesa)<\/p>\n\n\n\n<p class=\"wp-block-paragraph\">Zyryab era el<strong> plato principal de los directos<\/strong> de Paco de Luc\u00eda que concedi\u00f3 t\u00edtulo gen\u00e9rico a un disco LP de 1990 (Polygram). Un nombre que viene del apodo de un m\u00fasico nacido en Bagdag y que recal\u00f3 en Al-Andalus (Mosul, 789 \u2013 C\u00f3rdoba, 857). Apodado como P\u00e1jaro Negro, se le considera un revolucionario de su \u00e9poca y, un tanto, padre de la <strong>m\u00fasica andalus\u00ed.<\/strong> Para la concepci\u00f3n de este toque, el algecire\u00f1o parece que se revisti\u00f3 de la vitola de aquel genio para transportarlo al siglo XXI.<\/p>\n\n\n\n<p class=\"wp-block-paragraph\"><strong>Gracias al profesor Norberto Torres,<\/strong> analizamos la naturaleza del toque Zyryab. Todo un compendio de inspiraci\u00f3n y virtuosismo al m\u00e1s alto nivel con alternancia de tonalidades y ritmos para regalarnos una aut\u00e9ntica joya. Incluso con un gui\u00f1o de arqueolog\u00eda musical, porque se cree que El Mirlo, como era tambi\u00e9n conocido aquel mago, adapt\u00f3 el plectro de pluma (p\u00faa) al antiguo la\u00fad y algo de ello est\u00e1 impl\u00edcito en el toque que nos ocupa.<\/p>\n\n\n\n<p class=\"wp-block-paragraph\">Escuchamos al completo la versi\u00f3n extendida que nos regala el disco de <strong>Paco de Luc\u00eda en Montreux.<\/strong> Fue grabado en 2006 y participa junto a m\u00fasicos de la talla de Antonio Serrano, Alain P\u00e9rez, Ni\u00f1o Josele, La Tana y Montse Cort\u00e9s, entre otros. Como sabemos ahora estas grabaciones han sido recuperadas.<\/p>\n\n\n\n<p class=\"wp-block-paragraph\">Como aquel m\u00fasico de la antigua Persia (hoy Irak), y pasadas muchas vidas despu\u00e9s, Paco de Luc\u00eda fue un aut\u00e9ntico <strong>visionario de la m\u00fasica <\/strong>de su tierra, adelant\u00e1ndose en el tiempo muchos a\u00f1os, tal vez siglos.<\/p>\n\n\n\n<p class=\"wp-block-paragraph\"><a href=\"https:\/\/www.expoflamenco.com\/archivo\/author\/josemariacastano\">\u2192 Ver aqu\u00ed todas las entregas de la serie p\u00f3dcast Caminos de Jos\u00e9 Mar\u00eda Casta\u00f1o.<\/a><\/p>\n\n\n\n<p class=\"wp-block-paragraph\">Serie Caminos con Jos\u00e9 Mar\u00eda Casta\u00f1o #90 disponible en la plataforma Expoflamenco <\/p>\n\n\n\n<p class=\"wp-block-paragraph\">Si te gustan estos contenidos,<a href=\"https:\/\/expoflamenco.com\/suscripcion-gratis-fan\/\">\u00a0haz clic aqu\u00ed para registrarte como FAN de forma gratuita<\/a><a href=\"https:\/\/expoflamenco.com\/https:\/\/expoflamenco.com\/suscripcion-gratis-fan\/\/expoflamenco.com\/suscripcion-gratis-fan\/\">\u00a0<\/a>y descubre el universo flamenco desde dentro, tendr\u00e1s toda la actualidad, el reportaje, las rese\u00f1as, el p\u00f3dcast y un amplio contenido televisivo. Con todas estas ventajas y recursos audiovisuales, te invitamos a que formes parte de nuestra familia de expoflamencos repartidos por el mundo.<\/p>\n\n\n\n<p class=\"wp-block-paragraph\"><\/p>\n","protected":false,"gt_translate_keys":[{"key":"rendered","format":"html"}]},"excerpt":{"rendered":"<p>Continuamos recuperando algunos espacios que quedaron en la antigua plataforma y que volvemos a poner a vuestra disposici\u00f3n. A modo de secuela del anterior p\u00f3dcast, me detengo a analizar uno de los cortes m\u00e1s significativos del disco Paco de Luc\u00eda, los a\u00f1os de Montreux (BGM, 2023). Zyryab es una apertura sin igual de los c\u00f3digos [&hellip;]<\/p>\n","protected":false,"gt_translate_keys":[{"key":"rendered","format":"html"}]},"author":62,"featured_media":59176,"comment_status":"open","ping_status":"open","sticky":false,"template":"","format":"standard","meta":{"_acf_changed":false,"pmpro_default_level":"","jnews-multi-image_gallery":[],"jnews_single_post":{"format":"standard","featured_image_fetch_priority_high":"1","jnews_video_option_group":[[]],"override":[{"template":"7","parallax":"1","layout":"no-sidebar","sidebar":"single-post","main_content_tag":"div","second_sidebar":"default-sidebar","sticky_sidebar":"1","share_position":"top","share_float_style":"share-normal","show_share_counter":"1","show_featured":"1","show_post_meta":"1","show_post_author":"1","show_post_author_image":"1","show_post_date":"1","post_date_format":"default","post_date_format_custom":"Y\/m\/d","show_post_reading_time":"0","post_reading_time_wpm":"300","post_calculate_word_method":"str_word_count","zoom_button_out_step":"2","zoom_button_in_step":"3","show_post_tag":"1","number_popup_post":"1","show_author_box":"0","show_inline_post_related":"0"}],"image_override":[{"single_post_thumbnail_size":"crop-500","single_post_gallery_size":"crop-500"}],"trending_post_position":"meta","trending_post_label":"Trending","sponsored_post_label":"Sponsored by","disable_ad":"0"},"jnews_primary_category":[],"jnews_override_bookmark_settings":{"override_bookmark_button":"0","override_show_bookmark_button":"0"},"jnews_social_meta":[],"jnews_review":[],"enable_review":"","type":"","name":"","summary":"","brand":"","sku":"","good":[],"bad":[],"score_override":"","override_value":"","rating":[],"price":[],"jnews_override_counter":{"view_counter_number":"0","share_counter_number":"0","like_counter_number":"0","dislike_counter_number":"0"},"jnews_podcast_option":{"upload":"https:\/\/episodes.castos.com\/6720e16b375b24-61331758\/2592999\/c1e-k8o8pid57k0b941jk-1pxvg57pa9nm-gmgha9.mp3","podcast_duration":"22:57","enable_podcast":"1"},"jnews_podcast_series":{"id":"95"},"footnotes":""},"categories":[141],"tags":[926,1647,945,1392,1646,1648,948,894,1645,1478,1643],"jnews-series":[95],"class_list":["post-59175","post","type-post","status-publish","format-standard","has-post-thumbnail","hentry","category-jose-maria-castano","tag-a-juan-rafael-cortes-santiago-duquende","tag-analizamos-zyryab","tag-antonio-serrano","tag-guitarra-flamenca","tag-la-tana","tag-montse-cortes","tag-nino-josele","tag-paco-de-lucia","tag-paco-de-lucia-en-montreux","tag-podcast-flamenco-2","tag-zyryab","jnews-series-los-caminos","pmpro-has-access"],"acf":[],"gt_translate_keys":[{"key":"link","format":"url"}],"_links":{"self":[{"href":"https:\/\/expoflamenco.com\/podcast\/wp-json\/wp\/v2\/posts\/59175","targetHints":{"allow":["GET"]}}],"collection":[{"href":"https:\/\/expoflamenco.com\/podcast\/wp-json\/wp\/v2\/posts"}],"about":[{"href":"https:\/\/expoflamenco.com\/podcast\/wp-json\/wp\/v2\/types\/post"}],"author":[{"embeddable":true,"href":"https:\/\/expoflamenco.com\/podcast\/wp-json\/wp\/v2\/users\/62"}],"replies":[{"embeddable":true,"href":"https:\/\/expoflamenco.com\/podcast\/wp-json\/wp\/v2\/comments?post=59175"}],"version-history":[{"count":1,"href":"https:\/\/expoflamenco.com\/podcast\/wp-json\/wp\/v2\/posts\/59175\/revisions"}],"predecessor-version":[{"id":59180,"href":"https:\/\/expoflamenco.com\/podcast\/wp-json\/wp\/v2\/posts\/59175\/revisions\/59180"}],"wp:featuredmedia":[{"embeddable":true,"href":"https:\/\/expoflamenco.com\/podcast\/wp-json\/wp\/v2\/media\/59176"}],"wp:attachment":[{"href":"https:\/\/expoflamenco.com\/podcast\/wp-json\/wp\/v2\/media?parent=59175"}],"wp:term":[{"taxonomy":"category","embeddable":true,"href":"https:\/\/expoflamenco.com\/podcast\/wp-json\/wp\/v2\/categories?post=59175"},{"taxonomy":"post_tag","embeddable":true,"href":"https:\/\/expoflamenco.com\/podcast\/wp-json\/wp\/v2\/tags?post=59175"},{"taxonomy":"jnews-series","embeddable":true,"href":"https:\/\/expoflamenco.com\/podcast\/wp-json\/wp\/v2\/jnews-series?post=59175"}],"curies":[{"name":"wp","href":"https:\/\/api.w.org\/{rel}","templated":true}]}}