{"id":58649,"date":"2026-04-29T10:00:00","date_gmt":"2026-04-29T08:00:00","guid":{"rendered":"https:\/\/expoflamenco.com\/podcast\/?p=58649"},"modified":"2026-04-27T13:44:38","modified_gmt":"2026-04-27T11:44:38","slug":"tu-tirititran-episodio-24-con-maria-la-monica","status":"publish","type":"post","link":"https:\/\/expoflamenco.com\/podcast\/tu-tirititran-episodio-24-con-maria-la-monica\/","title":{"rendered":"Tu Tirititran (Episodio 24) con Mar\u00eda La M\u00f3nica","gt_translate_keys":[{"key":"rendered","format":"text"}]},"content":{"rendered":"\n<p>Aviso para flamencos curiosos: este episodio viene con arte, comp\u00e1s y mucha personalidad. \ud83c\udf99\ufe0f\ud83d\udd25<\/p>\n\n\n\n<p>En el cap\u00edtulo 24 de Tu Tirititr\u00e1n nos sentamos a charlar con Mar\u00eda La M\u00f3nica, una artista chiclanera que habla y canta como siente: sin filtros y con mucha verdad.<\/p>\n\n\n\n<p>Nos cuenta sus inicios, sus vivencias, lo que significa abrirse camino en el flamenco y m\u00e1s de una an\u00e9cdota que no te esperas. \ud83d\ude09<\/p>\n\n\n\n<p>Si quieres descubrir a una joven voz con mucho que decir y pasar un buen rato entre confesiones, risas y flamenco\u2026 este episodio es para ti.<\/p>\n\n\n\n<p>Dale al play, que engancha. \ud83c\udfa7\ud83d\udc47<\/p>\n\n\n\n<p>Por Jos\u00e9 Anillo<\/p>\n","protected":false,"gt_translate_keys":[{"key":"rendered","format":"html"}]},"excerpt":{"rendered":"<p>Aviso para flamencos curiosos: este episodio viene con arte, comp\u00e1s y mucha personalidad. \ud83c\udf99\ufe0f\ud83d\udd25 En el cap\u00edtulo 24 de Tu Tirititr\u00e1n nos sentamos a charlar con Mar\u00eda La M\u00f3nica, una artista chiclanera que habla y canta como siente: sin filtros y con mucha verdad. Nos cuenta sus inicios, sus vivencias, lo que significa abrirse camino [&hellip;]<\/p>\n","protected":false,"gt_translate_keys":[{"key":"rendered","format":"html"}]},"author":158,"featured_media":58650,"comment_status":"open","ping_status":"open","sticky":false,"template":"","format":"standard","meta":{"_acf_changed":false,"pmpro_default_level":"","jnews-multi-image_gallery":[],"jnews_single_post":{"format":"standard","jnews_video_option_group":[[]],"override":[{"template":"7","parallax":"1","layout":"no-sidebar","sidebar":"single-post","second_sidebar":"default-sidebar","sticky_sidebar":"1","share_position":"bottom","share_float_style":"share-normal","show_share_counter":"1","show_view_counter":"1","show_featured":"1","show_post_meta":"1","show_post_author":"1","show_post_author_image":"1","show_post_date":"1","post_date_format":"default","post_date_format_custom":"Y\/m\/d","show_post_reading_time":"0","post_reading_time_wpm":"300","post_calculate_word_method":"str_word_count","zoom_button_out_step":"2","zoom_button_in_step":"3","show_post_tag":"1","show_comment_section":"1","number_popup_post":"1","show_author_box":"0","show_inline_post_related":"0"}],"image_override":[{"single_post_thumbnail_size":"crop-500","single_post_gallery_size":"crop-500"}],"trending_post_position":"meta","trending_post_label":"Trending","sponsored_post_label":"Sponsored by","disable_ad":"0"},"jnews_primary_category":[],"jnews_override_bookmark_settings":{"override_bookmark_button":"0","override_show_bookmark_button":"0"},"jnews_social_meta":[],"jnews_review":[],"enable_review":"","type":"","name":"","summary":"","brand":"","sku":"","good":[],"bad":[],"score_override":"","override_value":"","rating":[],"price":[],"jnews_override_counter":{"view_counter_number":"0","share_counter_number":"0","like_counter_number":"0","dislike_counter_number":"0"},"jnews_post_split":{"post_split":[{"template":"1","tag":"h2","numbering":"asc","mode":"normal","first":"0","enable_toc":"0","toc_type":"normal"}]},"jnews_podcast_option":{"enable_podcast":"1","upload":"https:\/\/episodes.castos.com\/6720e16b375b24-61331758\/2437932\/c1e-qqpqdc7rrjjt11d05-jpx3935dsqqp-g2uv2x.mp3","podcast_duration":"35:51"},"jnews_podcast_series":{"id":"1250"},"footnotes":""},"categories":[1248],"tags":[1566,1569,1576,983,1575,1478],"jnews-series":[1250],"class_list":["post-58649","post","type-post","status-publish","format-standard","has-post-thumbnail","hentry","category-jose-anillo","tag-adrian-trujillo","tag-amisuri","tag-flamenco-chiclana","tag-jose-anillo","tag-maria-la-monica","tag-podcast-flamenco-2","jnews-series-tu-tirititran","pmpro-has-access"],"acf":[],"aioseo_notices":[],"gt_translate_keys":[{"key":"link","format":"url"}],"_links":{"self":[{"href":"https:\/\/expoflamenco.com\/podcast\/wp-json\/wp\/v2\/posts\/58649","targetHints":{"allow":["GET"]}}],"collection":[{"href":"https:\/\/expoflamenco.com\/podcast\/wp-json\/wp\/v2\/posts"}],"about":[{"href":"https:\/\/expoflamenco.com\/podcast\/wp-json\/wp\/v2\/types\/post"}],"author":[{"embeddable":true,"href":"https:\/\/expoflamenco.com\/podcast\/wp-json\/wp\/v2\/users\/158"}],"replies":[{"embeddable":true,"href":"https:\/\/expoflamenco.com\/podcast\/wp-json\/wp\/v2\/comments?post=58649"}],"version-history":[{"count":1,"href":"https:\/\/expoflamenco.com\/podcast\/wp-json\/wp\/v2\/posts\/58649\/revisions"}],"predecessor-version":[{"id":58651,"href":"https:\/\/expoflamenco.com\/podcast\/wp-json\/wp\/v2\/posts\/58649\/revisions\/58651"}],"wp:featuredmedia":[{"embeddable":true,"href":"https:\/\/expoflamenco.com\/podcast\/wp-json\/wp\/v2\/media\/58650"}],"wp:attachment":[{"href":"https:\/\/expoflamenco.com\/podcast\/wp-json\/wp\/v2\/media?parent=58649"}],"wp:term":[{"taxonomy":"category","embeddable":true,"href":"https:\/\/expoflamenco.com\/podcast\/wp-json\/wp\/v2\/categories?post=58649"},{"taxonomy":"post_tag","embeddable":true,"href":"https:\/\/expoflamenco.com\/podcast\/wp-json\/wp\/v2\/tags?post=58649"},{"taxonomy":"jnews-series","embeddable":true,"href":"https:\/\/expoflamenco.com\/podcast\/wp-json\/wp\/v2\/jnews-series?post=58649"}],"curies":[{"name":"wp","href":"https:\/\/api.w.org\/{rel}","templated":true}]}}