{"id":58646,"date":"2026-04-27T13:38:10","date_gmt":"2026-04-27T11:38:10","guid":{"rendered":"https:\/\/expoflamenco.com\/podcast\/?p=58646"},"modified":"2026-04-27T17:04:23","modified_gmt":"2026-04-27T15:04:23","slug":"club-del-vinilo-expoflamenco-colores-morenos-de-el-torta-con-moraito-ii","status":"publish","type":"post","link":"https:\/\/expoflamenco.com\/podcast\/club-del-vinilo-expoflamenco-colores-morenos-de-el-torta-con-moraito-ii\/","title":{"rendered":"Club del Vinilo Expoflamenco, \u2018Colores Morenos\u2019 de El Torta con Mora\u00edto (II)","gt_translate_keys":[{"key":"rendered","format":"text"}]},"content":{"rendered":"\n<p>Segunda entrega, en formato p\u00f3dcast, de la sesi\u00f3n del Club del Vinilo dedicada al disco &#8216;Colores Morenos&#8217; de Juan Moneo el Torta y Mora\u00edto. Si en la anterior desglosamos las <strong>dos primeras buler\u00edas de la cara A <\/strong>(con sendos gui\u00f1os a Sernita y T\u00edo Borrico, siempre con la incuestionable personalidad de Juan), en esta ocasi\u00f3n abordamos los dem\u00e1s cortes del anverso.<\/p>\n\n\n\n<p>Comezando con las alegr\u00edas <strong>&#8216;Mi barca Canastera<\/strong>&#8216;, para pasar a los tangos<strong> &#8216;Hijuela del Lirio&#8217; <\/strong>y finalizar con los<strong> &#8216;Fandangos del Amor\u00edo&#8217; <\/strong>y la siguiriya <strong>&#8216;Mis sue\u00f1os&#8217;.<\/strong> Juan y Manuel se muestran plet\u00f3ricos en esta muestra donde tambi\u00e9n aparecen algunos homenajes a artistas como Caracol o Juanito Mojama. Sonido directo desde la sala Espacio Expoflamenco.<\/p>\n\n\n\n<blockquote class=\"wp-block-quote is-layout-flow wp-block-quote-is-layout-flow\">\n<p><em>El pr\u00f3ximo jueves 30 de abril, tendr\u00e1 lugar un nuevo encuentro del Club del Vinilo donde estudiaremos y disfrutaremos de la cara B de &#8216;Colores Morenos&#8217;. De forma presencial, es muy f\u00e1cil hacerse socio de nuestro club con tan s\u00f3lo acceder a la suscripci\u00f3n gratuita a Expoflamenco. Y si no puedes asistir, ya sabes que lo tendr\u00e1s disponible muy pronto en l\u00ednea para que nos sigas.<\/em><\/p>\n<\/blockquote>\n\n\n\n<p>Serie Caminos con Jos\u00e9 Mar\u00eda Casta\u00f1o #168 Expoflamenco<\/p>\n\n\n\n<p>Si te gustan estos contenidos,\u00a0<a href=\"https:\/\/expoflamenco.com\/membresias\/pago-de-membresias\/?pmpro_level=1\" target=\"_blank\" rel=\"noreferrer noopener\">Haz clic aqu\u00ed para registrarte como FAN<\/a>\u00a0de forma gratuita y descubre el universo flamenco desde dentro. Te invitamos a qu\u00e9 formes parte de nuestra familia de expoflamencos repartidos por el mundo.<\/p>\n\n\n\n<p><\/p>\n","protected":false,"gt_translate_keys":[{"key":"rendered","format":"html"}]},"excerpt":{"rendered":"<p>Segunda entrega, en formato p\u00f3dcast, de la sesi\u00f3n del Club del Vinilo dedicada al disco &#8216;Colores Morenos&#8217; de Juan Moneo el Torta y Mora\u00edto. Si en la anterior desglosamos las dos primeras buler\u00edas de la cara A (con sendos gui\u00f1os a Sernita y T\u00edo Borrico, siempre con la incuestionable personalidad de Juan), en esta ocasi\u00f3n [&hellip;]<\/p>\n","protected":false,"gt_translate_keys":[{"key":"rendered","format":"html"}]},"author":62,"featured_media":58647,"comment_status":"open","ping_status":"open","sticky":false,"template":"","format":"standard","meta":{"_acf_changed":false,"pmpro_default_level":"","jnews-multi-image_gallery":[],"jnews_single_post":{"format":"standard","jnews_video_option_group":[[]],"override":[{"template":"7","parallax":"1","layout":"no-sidebar","sidebar":"single-post","second_sidebar":"default-sidebar","sticky_sidebar":"1","share_position":"bottom","share_float_style":"share-normal","show_share_counter":"1","show_view_counter":"1","show_featured":"1","show_post_meta":"1","show_post_author":"1","show_post_author_image":"1","show_post_date":"1","post_date_format":"default","post_date_format_custom":"Y\/m\/d","show_post_reading_time":"0","post_reading_time_wpm":"300","post_calculate_word_method":"str_word_count","zoom_button_out_step":"2","zoom_button_in_step":"3","show_post_tag":"1","show_comment_section":"1","number_popup_post":"1","show_author_box":"0","show_inline_post_related":"0"}],"image_override":[{"single_post_thumbnail_size":"crop-500","single_post_gallery_size":"crop-500"}],"trending_post_position":"meta","trending_post_label":"Trending","sponsored_post_label":"Sponsored by","disable_ad":"0"},"jnews_primary_category":[],"jnews_override_bookmark_settings":{"override_bookmark_button":"0","override_show_bookmark_button":"0"},"jnews_social_meta":[],"jnews_review":[],"enable_review":"","type":"","name":"","summary":"","brand":"","sku":"","good":[],"bad":[],"score_override":"","override_value":"","rating":[],"price":[],"jnews_override_counter":{"view_counter_number":"0","share_counter_number":"0","like_counter_number":"0","dislike_counter_number":"0"},"jnews_post_split":{"post_split":[{"template":"1","tag":"h2","numbering":"asc","mode":"normal","first":"0","enable_toc":"0","toc_type":"normal"}]},"jnews_podcast_option":{"upload":"https:\/\/episodes.castos.com\/6720e16b375b24-61331758\/2437920\/c1e-oq0qkcjnn5rcjgxg6-5zqopg96f0m-yafker.mp3","podcast_duration":"35:56","enable_podcast":"1"},"jnews_podcast_series":{"id":"95"},"footnotes":""},"categories":[141],"tags":[1574,1119,646,1573,1565,1182,1310],"jnews-series":[95],"class_list":["post-58646","post","type-post","status-publish","format-standard","has-post-thumbnail","hentry","category-jose-maria-castano","tag-colores-morenos","tag-el-torta","tag-flamenco-en-vinilo","tag-juan-moja","tag-juan-mojama","tag-moraito","tag-tio-gregorio-el-borrico","jnews-series-los-caminos","pmpro-has-access"],"acf":[],"aioseo_notices":[],"gt_translate_keys":[{"key":"link","format":"url"}],"_links":{"self":[{"href":"https:\/\/expoflamenco.com\/podcast\/wp-json\/wp\/v2\/posts\/58646","targetHints":{"allow":["GET"]}}],"collection":[{"href":"https:\/\/expoflamenco.com\/podcast\/wp-json\/wp\/v2\/posts"}],"about":[{"href":"https:\/\/expoflamenco.com\/podcast\/wp-json\/wp\/v2\/types\/post"}],"author":[{"embeddable":true,"href":"https:\/\/expoflamenco.com\/podcast\/wp-json\/wp\/v2\/users\/62"}],"replies":[{"embeddable":true,"href":"https:\/\/expoflamenco.com\/podcast\/wp-json\/wp\/v2\/comments?post=58646"}],"version-history":[{"count":1,"href":"https:\/\/expoflamenco.com\/podcast\/wp-json\/wp\/v2\/posts\/58646\/revisions"}],"predecessor-version":[{"id":58653,"href":"https:\/\/expoflamenco.com\/podcast\/wp-json\/wp\/v2\/posts\/58646\/revisions\/58653"}],"wp:featuredmedia":[{"embeddable":true,"href":"https:\/\/expoflamenco.com\/podcast\/wp-json\/wp\/v2\/media\/58647"}],"wp:attachment":[{"href":"https:\/\/expoflamenco.com\/podcast\/wp-json\/wp\/v2\/media?parent=58646"}],"wp:term":[{"taxonomy":"category","embeddable":true,"href":"https:\/\/expoflamenco.com\/podcast\/wp-json\/wp\/v2\/categories?post=58646"},{"taxonomy":"post_tag","embeddable":true,"href":"https:\/\/expoflamenco.com\/podcast\/wp-json\/wp\/v2\/tags?post=58646"},{"taxonomy":"jnews-series","embeddable":true,"href":"https:\/\/expoflamenco.com\/podcast\/wp-json\/wp\/v2\/jnews-series?post=58646"}],"curies":[{"name":"wp","href":"https:\/\/api.w.org\/{rel}","templated":true}]}}