{"id":58640,"date":"2026-04-29T10:00:00","date_gmt":"2026-04-29T08:00:00","guid":{"rendered":"https:\/\/expoflamenco.com\/podcast\/?p=58640"},"modified":"2026-04-24T12:31:40","modified_gmt":"2026-04-24T10:31:40","slug":"la-guitarra-en-el-flamenco","status":"publish","type":"post","link":"https:\/\/expoflamenco.com\/podcast\/la-guitarra-en-el-flamenco\/","title":{"rendered":"La guitarra en el flamenco","gt_translate_keys":[{"key":"rendered","format":"text"}]},"content":{"rendered":"\n<p>En esta nueva&nbsp;<strong><em>Aula Flamenca<\/em><\/strong>&nbsp;te propongo un&nbsp;breve&nbsp;recorrido por la historia de la guitarra flamenca, desde sus or\u00edgenes como instrumento de acompa\u00f1amiento hasta su consolidaci\u00f3n como un arte aut\u00f3nomo y universal.&nbsp;<\/p>\n\n\n\n<p>A trav\u00e9s de ejemplos sonoros, iremos descubriendo c\u00f3mo el toque ha evolucionado con figuras clave como&nbsp;<strong>Ram\u00f3n Montoya<\/strong>,&nbsp;<strong>Ni\u00f1o Ricardo<\/strong>,&nbsp;<strong>Sabicas<\/strong>&nbsp;o&nbsp;<strong>Paco de Luc\u00eda<\/strong>, hasta llegar a la guitarra contempor\u00e1nea de&nbsp;<strong>Vicente Amigo<\/strong>.&nbsp;<\/p>\n\n\n\n<p>Un episodio divulgativo y did\u00e1ctico para entender, desde dentro, c\u00f3mo la guitarra ha ido construyendo su propio lenguaje dentro del flamenco.&nbsp;<\/p>\n\n\n\n<p>Saludos flamencos.&nbsp;<\/p>\n\n\n\n<p>M\u00fasica: Rafael Ortega Cruz.&nbsp;&nbsp;<\/p>\n\n\n\n<p>ENLACE DE AULAS FLAMENCAS:&nbsp;&nbsp;<\/p>\n\n\n\n<p><a href=\"https:\/\/expoflamenco.com\/podcast\/series\/aula-flamenca\">https:\/\/expoflamenco.com\/podcast\/series\/aula-flamenca<\/a><\/p>\n\n\n\n<p>Por \u00c1lvaro de la Fuente Espejo<\/p>\n\n\n\n<p><\/p>\n","protected":false,"gt_translate_keys":[{"key":"rendered","format":"html"}]},"excerpt":{"rendered":"<p>En esta nueva&nbsp;Aula Flamenca&nbsp;te propongo un&nbsp;breve&nbsp;recorrido por la historia de la guitarra flamenca, desde sus or\u00edgenes como instrumento de acompa\u00f1amiento hasta su consolidaci\u00f3n como un arte aut\u00f3nomo y universal.&nbsp; A trav\u00e9s de ejemplos sonoros, iremos descubriendo c\u00f3mo el toque ha evolucionado con figuras clave como&nbsp;Ram\u00f3n Montoya,&nbsp;Ni\u00f1o Ricardo,&nbsp;Sabicas&nbsp;o&nbsp;Paco de Luc\u00eda, hasta llegar a la guitarra contempor\u00e1nea [&hellip;]<\/p>\n","protected":false,"gt_translate_keys":[{"key":"rendered","format":"html"}]},"author":14,"featured_media":58641,"comment_status":"open","ping_status":"open","sticky":false,"template":"","format":"standard","meta":{"_acf_changed":false,"pmpro_default_level":"","jnews-multi-image_gallery":[],"jnews_single_post":{"format":"standard","jnews_video_option_group":[[]],"override":[{"template":"7","parallax":"1","layout":"no-sidebar","sidebar":"single-post","second_sidebar":"default-sidebar","sticky_sidebar":"1","share_position":"bottom","share_float_style":"share-normal","show_share_counter":"1","show_view_counter":"1","show_featured":"1","show_post_meta":"1","show_post_author":"1","show_post_author_image":"1","show_post_date":"1","post_date_format":"default","post_date_format_custom":"Y\/m\/d","show_post_reading_time":"0","post_reading_time_wpm":"300","post_calculate_word_method":"str_word_count","zoom_button_out_step":"2","zoom_button_in_step":"3","show_post_tag":"1","show_comment_section":"1","number_popup_post":"1","show_author_box":"0","show_inline_post_related":"0"}],"image_override":[{"single_post_thumbnail_size":"crop-500","single_post_gallery_size":"crop-500"}],"trending_post_position":"meta","trending_post_label":"Trending","sponsored_post_label":"Sponsored by","disable_ad":"0"},"jnews_primary_category":[],"jnews_override_bookmark_settings":{"override_bookmark_button":"0","override_show_bookmark_button":"0"},"jnews_social_meta":[],"jnews_review":[],"enable_review":"","type":"","name":"","summary":"","brand":"","sku":"","good":[],"bad":[],"score_override":"","override_value":"","rating":[],"price":[],"jnews_override_counter":{"view_counter_number":"0","share_counter_number":"0","like_counter_number":"0","dislike_counter_number":"0"},"jnews_post_split":{"post_split":[{"template":"1","tag":"h2","numbering":"asc","mode":"normal","first":"0","enable_toc":"0","toc_type":"normal"}]},"jnews_podcast_option":{"upload":"https:\/\/episodes.castos.com\/6720e16b375b24-61331758\/2431324\/c1e-vqvq6c55oj8t4v95x-jpx32d1wtmgd-h4qsyk.mp3","podcast_duration":"31:14","enable_podcast":"1"},"jnews_podcast_series":{"id":"1008"},"footnotes":""},"categories":[134],"tags":[1197,894,1342,676,1571,1196,1535],"jnews-series":[1008],"class_list":["post-58640","post","type-post","status-publish","format-standard","has-post-thumbnail","hentry","category-alvaro-de-la-fuente","tag-nino-ricardo","tag-paco-de-lucia","tag-podcast-flamenco","tag-rafael-riqueni","tag-ramon-montoya","tag-sabicas","tag-vicente-amigo","jnews-series-aula-flamenca","pmpro-has-access"],"acf":[],"aioseo_notices":[],"gt_translate_keys":[{"key":"link","format":"url"}],"_links":{"self":[{"href":"https:\/\/expoflamenco.com\/podcast\/wp-json\/wp\/v2\/posts\/58640","targetHints":{"allow":["GET"]}}],"collection":[{"href":"https:\/\/expoflamenco.com\/podcast\/wp-json\/wp\/v2\/posts"}],"about":[{"href":"https:\/\/expoflamenco.com\/podcast\/wp-json\/wp\/v2\/types\/post"}],"author":[{"embeddable":true,"href":"https:\/\/expoflamenco.com\/podcast\/wp-json\/wp\/v2\/users\/14"}],"replies":[{"embeddable":true,"href":"https:\/\/expoflamenco.com\/podcast\/wp-json\/wp\/v2\/comments?post=58640"}],"version-history":[{"count":1,"href":"https:\/\/expoflamenco.com\/podcast\/wp-json\/wp\/v2\/posts\/58640\/revisions"}],"predecessor-version":[{"id":58642,"href":"https:\/\/expoflamenco.com\/podcast\/wp-json\/wp\/v2\/posts\/58640\/revisions\/58642"}],"wp:featuredmedia":[{"embeddable":true,"href":"https:\/\/expoflamenco.com\/podcast\/wp-json\/wp\/v2\/media\/58641"}],"wp:attachment":[{"href":"https:\/\/expoflamenco.com\/podcast\/wp-json\/wp\/v2\/media?parent=58640"}],"wp:term":[{"taxonomy":"category","embeddable":true,"href":"https:\/\/expoflamenco.com\/podcast\/wp-json\/wp\/v2\/categories?post=58640"},{"taxonomy":"post_tag","embeddable":true,"href":"https:\/\/expoflamenco.com\/podcast\/wp-json\/wp\/v2\/tags?post=58640"},{"taxonomy":"jnews-series","embeddable":true,"href":"https:\/\/expoflamenco.com\/podcast\/wp-json\/wp\/v2\/jnews-series?post=58640"}],"curies":[{"name":"wp","href":"https:\/\/api.w.org\/{rel}","templated":true}]}}