{"id":57980,"date":"2025-06-27T10:00:00","date_gmt":"2025-06-27T08:00:00","guid":{"rendered":"https:\/\/expoflamenco.com\/podcast\/?p=57980"},"modified":"2025-06-27T11:24:38","modified_gmt":"2025-06-27T09:24:38","slug":"el-compas-flamenco-primera-parte","status":"publish","type":"post","link":"https:\/\/expoflamenco.com\/podcast\/el-compas-flamenco-primera-parte\/","title":{"rendered":"El Comp\u00e1s Flamenco, primera parte","gt_translate_keys":[{"key":"rendered","format":"text"}]},"content":{"rendered":"\n<p>El comp\u00e1s flamenco es uno de los par\u00e1metros m\u00e1s sugestivos de la m\u00fasica flamenca. Muchos son los que se acercan al g\u00e9nero flamenco atra\u00eddos por el comp\u00e1s y sus r\u00edtmica cautivadora. Aqu\u00ed est\u00e1 la primera de las dos partes que hemos dedicado a este par\u00e1metro y que esperamos sea de vuestro agrado y que sea instructivo.<\/p>\n\n\n\n<p>Episodio 10<\/p>\n\n\n\n<p>Por Faustino N\u00fa\u00f1ez<\/p>\n","protected":false,"gt_translate_keys":[{"key":"rendered","format":"html"}]},"excerpt":{"rendered":"<p>El comp\u00e1s flamenco es uno de los par\u00e1metros m\u00e1s sugestivos de la m\u00fasica flamenca. Muchos son los que se acercan al g\u00e9nero flamenco atra\u00eddos por el comp\u00e1s y sus r\u00edtmica cautivadora. Aqu\u00ed est\u00e1 la primera de las dos partes que hemos dedicado a este par\u00e1metro y que esperamos sea de vuestro agrado y que sea [&hellip;]<\/p>\n","protected":false,"gt_translate_keys":[{"key":"rendered","format":"html"}]},"author":21,"featured_media":57981,"comment_status":"open","ping_status":"open","sticky":false,"template":"","format":"standard","meta":{"_acf_changed":false,"pmpro_default_level":"","jnews-multi-image_gallery":[],"jnews_single_post":{"format":"standard","override":[{"template":"7","parallax":"1","layout":"no-sidebar","sidebar":"single-post","second_sidebar":"default-sidebar","sticky_sidebar":"1","share_position":"bottom","share_float_style":"share-normal","show_share_counter":"1","show_view_counter":"1","show_featured":"1","show_post_meta":"1","show_post_author":"1","show_post_author_image":"1","show_post_date":"1","post_date_format":"default","post_date_format_custom":"Y\/m\/d","show_post_reading_time":"0","post_reading_time_wpm":"300","post_calculate_word_method":"str_word_count","zoom_button_out_step":"2","zoom_button_in_step":"3","show_post_tag":"1","number_popup_post":"1","show_author_box":"0","show_inline_post_related":"0"}],"image_override":[{"single_post_thumbnail_size":"crop-500","single_post_gallery_size":"crop-500"}],"trending_post_position":"meta","trending_post_label":"Trending","sponsored_post_label":"Sponsored by","disable_ad":"0"},"jnews_primary_category":[],"jnews_override_bookmark_settings":[],"jnews_social_meta":[],"jnews_review":[],"enable_review":"","type":"","name":"","summary":"","brand":"","sku":"","good":[],"bad":[],"score_override":"","override_value":"","rating":[],"price":[],"jnews_override_counter":{"view_counter_number":"0","share_counter_number":"0","like_counter_number":"0","dislike_counter_number":"0"},"jnews_post_split":[],"jnews_podcast_option":{"enable_podcast":"1","podcast_duration":"09:12","upload":"https:\/\/episodes.castos.com\/6720e16b375b24-61331758\/2075590\/c1e-k8o8piggxv2bgpmmv-pk41w4m4c97-tvqtbk.m4a"},"jnews_podcast_series":[],"footnotes":""},"categories":[1243],"tags":[1394,241,1256,604,1396,1395],"jnews-series":[1253],"class_list":["post-57980","post","type-post","status-publish","format-standard","has-post-thumbnail","hentry","category-faustino-nunez","tag-compas-flamenco","tag-faustino-nunez","tag-flamencologia","tag-historia-del-flamenco","tag-podcast-de-flamenco","tag-ritmo-flamenco","jnews-series-los-podcast-de-faustino-nunez","pmpro-has-access"],"acf":[],"aioseo_notices":[],"gt_translate_keys":[{"key":"link","format":"url"}],"_links":{"self":[{"href":"https:\/\/expoflamenco.com\/podcast\/wp-json\/wp\/v2\/posts\/57980","targetHints":{"allow":["GET"]}}],"collection":[{"href":"https:\/\/expoflamenco.com\/podcast\/wp-json\/wp\/v2\/posts"}],"about":[{"href":"https:\/\/expoflamenco.com\/podcast\/wp-json\/wp\/v2\/types\/post"}],"author":[{"embeddable":true,"href":"https:\/\/expoflamenco.com\/podcast\/wp-json\/wp\/v2\/users\/21"}],"replies":[{"embeddable":true,"href":"https:\/\/expoflamenco.com\/podcast\/wp-json\/wp\/v2\/comments?post=57980"}],"version-history":[{"count":1,"href":"https:\/\/expoflamenco.com\/podcast\/wp-json\/wp\/v2\/posts\/57980\/revisions"}],"predecessor-version":[{"id":57982,"href":"https:\/\/expoflamenco.com\/podcast\/wp-json\/wp\/v2\/posts\/57980\/revisions\/57982"}],"wp:featuredmedia":[{"embeddable":true,"href":"https:\/\/expoflamenco.com\/podcast\/wp-json\/wp\/v2\/media\/57981"}],"wp:attachment":[{"href":"https:\/\/expoflamenco.com\/podcast\/wp-json\/wp\/v2\/media?parent=57980"}],"wp:term":[{"taxonomy":"category","embeddable":true,"href":"https:\/\/expoflamenco.com\/podcast\/wp-json\/wp\/v2\/categories?post=57980"},{"taxonomy":"post_tag","embeddable":true,"href":"https:\/\/expoflamenco.com\/podcast\/wp-json\/wp\/v2\/tags?post=57980"},{"taxonomy":"jnews-series","embeddable":true,"href":"https:\/\/expoflamenco.com\/podcast\/wp-json\/wp\/v2\/jnews-series?post=57980"}],"curies":[{"name":"wp","href":"https:\/\/api.w.org\/{rel}","templated":true}]}}