{"id":56672,"date":"2024-11-11T10:00:00","date_gmt":"2024-11-11T09:00:00","guid":{"rendered":"https:\/\/expoflamenco.com\/podcast\/?p=56672"},"modified":"2025-01-20T13:13:17","modified_gmt":"2025-01-20T12:13:17","slug":"el-duendecillo-y-el-profe-con-enrique-morente-celebran-el-dia-internacional-del-flamenco","status":"publish","type":"post","link":"https:\/\/expoflamenco.com\/podcast\/el-duendecillo-y-el-profe-con-enrique-morente-celebran-el-dia-internacional-del-flamenco\/","title":{"rendered":"El Duendecillo y el Profe, con Enrique Morente, celebran el D\u00eda Internacional del Flamenco","gt_translate_keys":[{"key":"rendered","format":"text"}]},"content":{"rendered":"\n<p class=\"has-medium-font-size\">En esta ocasi\u00f3n, <strong>El Duendecillo<\/strong> y <strong>El Profe, <\/strong>en Expoflameno, celebran el <strong>D\u00eda Internacional del Flamenco<\/strong>. Para ello, hablan de uno de los m\u00e1s grande cantaores de siempre, de <strong>Enrique Morente. <\/strong>Nuestros ni\u00f1os y ni\u00f1as conocer\u00e1n qui\u00e9n fue este cantor y escuchar\u00e1n uno de sus cantes de una manera superdivertida<\/p>\n\n\n\n<p class=\"has-medium-font-size\">No olvides descargar el archivo pdf para poder ir leyendo el di\u00e1logo mientras lo escuchas, responder unas preguntas y colorear un bonito dibujo de Enrique Morente.&nbsp;&nbsp;<\/p>\n\n\n\n<p class=\"has-medium-font-size\">Deseamos que os guste. \u00a1Vamos all\u00e1!&nbsp;<\/p>\n\n\n\n<p>\u00c1lvaro de la Fuente Espejo<\/p>\n\n\n\n<div class=\"wp-block-buttons is-content-justification-center is-layout-flex wp-container-core-buttons-is-layout-a89b3969 wp-block-buttons-is-layout-flex\">\n<div class=\"wp-block-button\"><a class=\"wp-block-button__link has-white-color has-text-color has-link-color has-text-align-center wp-element-button\" href=\"https:\/\/drive.google.com\/file\/d\/1CAP2E-vZDA1_svl71m7-xRSgtqZHd1EV\/view?usp=sharing\">Descargar Podcast PDF<\/a><\/div>\n<\/div>\n\n\n\n<p><\/p>\n","protected":false,"gt_translate_keys":[{"key":"rendered","format":"html"}]},"excerpt":{"rendered":"<p>En esta ocasi\u00f3n, El Duendecillo y El Profe, en Expoflameno, celebran el D\u00eda Internacional del Flamenco. Para ello, hablan de uno de los m\u00e1s grande cantaores de siempre, de Enrique Morente. Nuestros ni\u00f1os y ni\u00f1as conocer\u00e1n qui\u00e9n fue este cantor y escuchar\u00e1n uno de sus cantes de una manera superdivertida No olvides descargar el archivo [&hellip;]<\/p>\n","protected":false,"gt_translate_keys":[{"key":"rendered","format":"html"}]},"author":14,"featured_media":56673,"comment_status":"open","ping_status":"open","sticky":false,"template":"","format":"standard","meta":{"_acf_changed":false,"pmpro_default_level":"","jnews-multi-image_gallery":[],"jnews_single_post":{"format":"standard","override":[{"template":"1","parallax":"1","fullscreen":"1","layout":"right-sidebar","sidebar":"default-sidebar","second_sidebar":"default-sidebar","sticky_sidebar":"1","share_position":"float","share_float_style":"share-normal","show_share_counter":"1","show_view_counter":"1","show_featured":"1","show_post_meta":"1","show_post_author":"1","show_post_author_image":"1","show_post_date":"1","post_date_format":"default","post_date_format_custom":"Y\/m\/d","show_post_reading_time":"0","post_reading_time_wpm":"300","post_calculate_word_method":"str_word_count","show_zoom_button":"1","zoom_button_out_step":"2","zoom_button_in_step":"3","show_post_tag":"1","show_prev_next_post":"1","show_popup_post":"1","number_popup_post":"1","show_author_box":"0","show_post_related":"0","show_inline_post_related":"0"}],"image_override":[{"single_post_thumbnail_size":"crop-500","single_post_gallery_size":"crop-500"}],"trending_post_position":"meta","trending_post_label":"Tendencias","sponsored_post_label":"Patrocinado por","disable_ad":"0","source_url":""},"jnews_primary_category":{"id":"134"},"jnews_override_bookmark_settings":{"override_bookmark_button":"0","override_show_bookmark_button":"0"},"jnews_social_meta":[],"jnews_review":[],"enable_review":"","type":"percentage","name":"","summary":"","brand":"","sku":"","good":[],"bad":[],"score_override":"","override_value":"","rating":[],"price":[],"jnews_override_counter":{"view_counter_number":"0","share_counter_number":"0","like_counter_number":"0","dislike_counter_number":"0"},"jnews_post_split":[],"jnews_podcast_option":{"enable_podcast":"1","podcast_duration":"09:57","upload":"https:\/\/episodes.castos.com\/6720e16b375b24-61331758\/1873700\/c1e-7o8ozi467o0bq1gz4-wwmjnvkqh6jq-h61adm.mp3"},"jnews_podcast_series":{"id":"1144"},"footnotes":""},"categories":[134],"tags":[135,1194,1140,1093,189,1195],"jnews-series":[1144],"class_list":["post-56672","post","type-post","status-publish","format-standard","has-post-thumbnail","hentry","category-alvaro-de-la-fuente","tag-alvaro-de-la-fuente","tag-dia-internacional-del-flamenco","tag-el-duendecillo-y-el-profe","tag-enrique-morente-2","tag-estrella-morente","tag-federico-garcia-lorca-3","jnews-series-el-duendecillo-y-el-profe","pmpro-has-access"],"acf":[],"aioseo_notices":[],"gt_translate_keys":[{"key":"link","format":"url"}],"_links":{"self":[{"href":"https:\/\/expoflamenco.com\/podcast\/wp-json\/wp\/v2\/posts\/56672","targetHints":{"allow":["GET"]}}],"collection":[{"href":"https:\/\/expoflamenco.com\/podcast\/wp-json\/wp\/v2\/posts"}],"about":[{"href":"https:\/\/expoflamenco.com\/podcast\/wp-json\/wp\/v2\/types\/post"}],"author":[{"embeddable":true,"href":"https:\/\/expoflamenco.com\/podcast\/wp-json\/wp\/v2\/users\/14"}],"replies":[{"embeddable":true,"href":"https:\/\/expoflamenco.com\/podcast\/wp-json\/wp\/v2\/comments?post=56672"}],"version-history":[{"count":1,"href":"https:\/\/expoflamenco.com\/podcast\/wp-json\/wp\/v2\/posts\/56672\/revisions"}],"predecessor-version":[{"id":57391,"href":"https:\/\/expoflamenco.com\/podcast\/wp-json\/wp\/v2\/posts\/56672\/revisions\/57391"}],"wp:featuredmedia":[{"embeddable":true,"href":"https:\/\/expoflamenco.com\/podcast\/wp-json\/wp\/v2\/media\/56673"}],"wp:attachment":[{"href":"https:\/\/expoflamenco.com\/podcast\/wp-json\/wp\/v2\/media?parent=56672"}],"wp:term":[{"taxonomy":"category","embeddable":true,"href":"https:\/\/expoflamenco.com\/podcast\/wp-json\/wp\/v2\/categories?post=56672"},{"taxonomy":"post_tag","embeddable":true,"href":"https:\/\/expoflamenco.com\/podcast\/wp-json\/wp\/v2\/tags?post=56672"},{"taxonomy":"jnews-series","embeddable":true,"href":"https:\/\/expoflamenco.com\/podcast\/wp-json\/wp\/v2\/jnews-series?post=56672"}],"curies":[{"name":"wp","href":"https:\/\/api.w.org\/{rel}","templated":true}]}}