{"id":54630,"date":"2022-05-22T08:11:49","date_gmt":"2022-05-22T06:11:49","guid":{"rendered":"https:\/\/expoflamenco.online\/podcast\/la-jacara-un-antecedente-de-la-musica-flamenca\/"},"modified":"2024-09-05T08:18:11","modified_gmt":"2024-09-05T06:18:11","slug":"la-jacara-un-antecedente-de-la-musica-flamenca","status":"publish","type":"post","link":"https:\/\/expoflamenco.com\/podcast\/la-jacara-un-antecedente-de-la-musica-flamenca\/","title":{"rendered":"La j\u00e1cara, \u00bfun antecedente de la m\u00fasica flamenca?","gt_translate_keys":[{"key":"rendered","format":"text"}]},"content":{"rendered":"<h3><em>expoflamenco P\u00f3dcast \u2192&nbsp; Aula Flamenca <\/em><em>\u2192 La j\u00e1cara, \u00bfun antecedente de la m\u00fasica flamenca?<br \/>\n<\/em><\/h3>\n<p>&nbsp;<\/p>\n<p>&nbsp;<\/p>\n<p><iframe id=\"audio_87363168\" style=\"width: 100%;\" src=\"https:\/\/www.ivoox.com\/player_ej_87363168_6_1.html\" height=\"200\" frameborder=\"0\" scrolling=\"no\" allowfullscreen=\"allowfullscreen\"><\/iframe>&nbsp;<\/p>\n<p>&nbsp;<\/p>\n<p>\u00bfPuede ser considerada la j\u00e1cara un antecedente musical del flamenco? Aqu\u00ed te lo cuento con todo lujo de detalles a trav\u00e9s de su historia, m\u00fasica y con muestras sonoras comentadas muy interesantes.<\/p>\n<p>&nbsp;<\/p>\n<p>M\u00fasica:<br \/>\n-Guitarra: Rafael Ortega Cruz<br \/>\n-Grabada en Puente Genil Estudio Digital de Lorenzo Rivas<\/p>\n<p>&nbsp;<\/p>\n<p>&nbsp;<\/p>\n<p>\u2192&nbsp;<a href=\"https:\/\/www.expoflamenco.com\/author\/alvarodelafuente\" target=\"_blank\" rel=\"noopener\">Ver aqu\u00ed las entregas anteriores de la serie p\u00f3dcast <em>Aula Flamenca<\/em> de <strong>\u00c1lvaro de la Fuente Espejo<\/strong>.<\/a><\/p>\n<p>&nbsp;<\/p>\n<p>&nbsp;<\/p>\n<div class=\"jeg_video_container jeg_video_content\"><iframe loading=\"lazy\" title=\"P\u00f3dcast \u2192 La j\u00e1cara, \u00bfun antecedente de la m\u00fasica flamenca?\" width=\"500\" height=\"281\" src=\"https:\/\/www.youtube.com\/embed\/SrP-f87hbYA?feature=oembed\" frameborder=\"0\" allow=\"accelerometer; autoplay; clipboard-write; encrypted-media; gyroscope; picture-in-picture; web-share\" referrerpolicy=\"strict-origin-when-cross-origin\" allowfullscreen><\/iframe><\/div>\n<p>&nbsp;<\/p>\n<p>&nbsp;<\/p>\n","protected":false,"gt_translate_keys":[{"key":"rendered","format":"html"}]},"excerpt":{"rendered":"<p>Vig\u00e9simo quinta entrega de la serie AULA FLAMENCA de \u00c1lvaro de la Fuente Espejo en el canal p\u00f3dcast de expoflamenco. \u00bfPuede ser considerada la j\u00e1cara un antecedente musical del flamenco? Lo analizamos a trav\u00e9s de su historia, m\u00fasica y con muestras sonoras.<\/p>\n","protected":false,"gt_translate_keys":[{"key":"rendered","format":"html"}]},"author":62,"featured_media":0,"comment_status":"open","ping_status":"open","sticky":false,"template":"","format":"audio","meta":{"_acf_changed":false,"pmpro_default_level":"","jnews-multi-image_gallery":[],"jnews_single_post":[],"jnews_primary_category":[],"jnews_override_bookmark_settings":[],"jnews_social_meta":[],"jnews_review":[],"enable_review":"","type":"","name":"","summary":"","brand":"","sku":"","good":[],"bad":[],"score_override":"","override_value":"","rating":[],"price":[],"jnews_override_counter":[],"jnews_post_split":[],"jnews_podcast_option":[],"jnews_podcast_series":[],"footnotes":""},"categories":[141],"tags":[249,47,49,250],"jnews-series":[],"class_list":["post-54630","post","type-post","status-publish","format-audio","hentry","category-jose-maria-castano","tag-antecedente-flamenco","tag-aula-flamenca","tag-flamenco","tag-jacara","post_format-post-format-audio","pmpro-has-access"],"acf":[],"aioseo_notices":[],"gt_translate_keys":[{"key":"link","format":"url"}],"_links":{"self":[{"href":"https:\/\/expoflamenco.com\/podcast\/wp-json\/wp\/v2\/posts\/54630","targetHints":{"allow":["GET"]}}],"collection":[{"href":"https:\/\/expoflamenco.com\/podcast\/wp-json\/wp\/v2\/posts"}],"about":[{"href":"https:\/\/expoflamenco.com\/podcast\/wp-json\/wp\/v2\/types\/post"}],"author":[{"embeddable":true,"href":"https:\/\/expoflamenco.com\/podcast\/wp-json\/wp\/v2\/users\/62"}],"replies":[{"embeddable":true,"href":"https:\/\/expoflamenco.com\/podcast\/wp-json\/wp\/v2\/comments?post=54630"}],"version-history":[{"count":0,"href":"https:\/\/expoflamenco.com\/podcast\/wp-json\/wp\/v2\/posts\/54630\/revisions"}],"wp:attachment":[{"href":"https:\/\/expoflamenco.com\/podcast\/wp-json\/wp\/v2\/media?parent=54630"}],"wp:term":[{"taxonomy":"category","embeddable":true,"href":"https:\/\/expoflamenco.com\/podcast\/wp-json\/wp\/v2\/categories?post=54630"},{"taxonomy":"post_tag","embeddable":true,"href":"https:\/\/expoflamenco.com\/podcast\/wp-json\/wp\/v2\/tags?post=54630"},{"taxonomy":"jnews-series","embeddable":true,"href":"https:\/\/expoflamenco.com\/podcast\/wp-json\/wp\/v2\/jnews-series?post=54630"}],"curies":[{"name":"wp","href":"https:\/\/api.w.org\/{rel}","templated":true}]}}