{"id":54592,"date":"2021-04-10T18:41:04","date_gmt":"2021-04-10T16:41:04","guid":{"rendered":"https:\/\/expoflamenco.online\/podcast\/origenes-musicales-del-ritmo-alterno\/"},"modified":"2024-09-05T08:18:12","modified_gmt":"2024-09-05T06:18:12","slug":"origenes-musicales-del-ritmo-alterno","status":"publish","type":"post","link":"https:\/\/expoflamenco.com\/podcast\/origenes-musicales-del-ritmo-alterno\/","title":{"rendered":"Or\u00edgenes musicales del ritmo alterno","gt_translate_keys":[{"key":"rendered","format":"text"}]},"content":{"rendered":"<h3><em>expoflamenco P\u00f3dcast \u2192 Aula Flamenca <\/em><em>\u2192 Or\u00edgenes musicales del ritmo alterno<\/em><\/h3>\n<p>&nbsp;<\/p>\n<p><iframe id=\"audio_68377629\" style=\"width: 100%;\" src=\"https:\/\/www.ivoox.com\/player_ej_68377629_6_1.html\" height=\"200\" frameborder=\"0\" scrolling=\"no\" allowfullscreen=\"allowfullscreen\"><\/iframe>&nbsp;<\/p>\n<p>Saludos flamencos, estimado amigo y amiga del cante, y bienvenido a una nueva <strong><em>Aula Flamenca<\/em><\/strong> en este portal de <em>expoflamenco<\/em>. Con el programa de hoy voy a intentar introducirte muy brevemente y de una manera muy general en los posibles or\u00edgenes musicales del ritmo del flamenco m\u00e1s caracter\u00edstico, el denominado ritmo alterno, que es el propio de cantes como la sole\u00e1, la seguiriya, las alegr\u00edas, las buler\u00edas y todos sus derivados.<\/p>\n<p>La flamencolog\u00eda tradicional afirm\u00f3, sin evidencia alguna, que dicho ritmo surgi\u00f3 de manera espont\u00e1nea gracias a los creadores flamencos gitanos de una determinada zona muy concreta de la baja Andaluc\u00eda, algo desde luego que no se sustenta por ning\u00fan lado. En el arte nada se crea desde la nada, todo tiene un o unos antecedentes con m\u00faltiples aristas y ramificaciones que discurren de una manera transversal en el espacio y en el tiempo.&nbsp;<\/p>\n<p>En el presente p\u00f3dcast \u2013que puedes escuchar en Ivoox y Youtube a trav\u00e9s de los enlaces que acompa\u00f1an este texto\u2013 descubrir\u00e1s, de acuerdo a las \u00faltimas investigaciones m\u00e1s fiables, los posibles or\u00edgenes musicales de este peculiar ritmo del flamenco.<\/p>\n<p>&nbsp;<\/p>\n<blockquote><p>Ficha del p\u00f3dcast<\/p>\n<p>M\u00fasica: <strong>Rafael Ortega Cruz<\/strong> (guitarra)<br \/>\nGrabada en <strong>Puente Genil Estudio Digital<\/strong>, de Lorenzo Rivas<\/p><\/blockquote>\n<p>&nbsp;<\/p>\n<p><em>\u2192 <\/em><a href=\"https:\/\/www.expoflamenco.com\/podcast\/expoflamenco-podcast-aula-flamenco-alvaro-de-la-fuente-espejo-el-ritmo-en-el-flamenco\" target=\"_blank\" rel=\"noopener\">En este enlace puedes escuchar el Aula Flamenca dedicado al ritmo en el flamenco<\/a><\/p>\n<p>&nbsp;<\/p>\n<div class=\"jeg_video_container jeg_video_content\"><iframe loading=\"lazy\" title=\"P\u00f3dcast \u2192 Or\u00edgenes musicales del ritmo alterno\" width=\"500\" height=\"281\" src=\"https:\/\/www.youtube.com\/embed\/X6HCJXt3RkE?feature=oembed\" frameborder=\"0\" allow=\"accelerometer; autoplay; clipboard-write; encrypted-media; gyroscope; picture-in-picture; web-share\" referrerpolicy=\"strict-origin-when-cross-origin\" allowfullscreen><\/iframe><\/div>\n<p>&nbsp;<\/p>\n","protected":false,"gt_translate_keys":[{"key":"rendered","format":"html"}]},"excerpt":{"rendered":"<p>Sexta entrega de la serie AULA FLAMENCA de \u00c1lvaro de la Fuente Espejo en el canal p\u00f3dcast de expoflamenco. Nos introduce en los posibles or\u00edgenes musicales del ritmo alterno, propio de cantes como la sole\u00e1, la seguiriya, las alegr\u00edas, las buler\u00edas y todos sus derivados.<\/p>\n","protected":false,"gt_translate_keys":[{"key":"rendered","format":"html"}]},"author":62,"featured_media":0,"comment_status":"open","ping_status":"open","sticky":false,"template":"","format":"audio","meta":{"_acf_changed":false,"pmpro_default_level":"","jnews-multi-image_gallery":[],"jnews_single_post":[],"jnews_primary_category":[],"jnews_override_bookmark_settings":[],"jnews_social_meta":[],"jnews_review":[],"enable_review":"","type":"","name":"","summary":"","brand":"","sku":"","good":[],"bad":[],"score_override":"","override_value":"","rating":[],"price":[],"jnews_override_counter":[],"jnews_post_split":[],"jnews_podcast_option":[],"jnews_podcast_series":[],"footnotes":""},"categories":[132,141],"tags":[49,150,193],"jnews-series":[],"class_list":["post-54592","post","type-post","status-publish","format-audio","hentry","category-actualidad","category-jose-maria-castano","tag-flamenco","tag-origen","tag-ritmo-alterno","post_format-post-format-audio","pmpro-has-access"],"acf":[],"aioseo_notices":[],"gt_translate_keys":[{"key":"link","format":"url"}],"_links":{"self":[{"href":"https:\/\/expoflamenco.com\/podcast\/wp-json\/wp\/v2\/posts\/54592","targetHints":{"allow":["GET"]}}],"collection":[{"href":"https:\/\/expoflamenco.com\/podcast\/wp-json\/wp\/v2\/posts"}],"about":[{"href":"https:\/\/expoflamenco.com\/podcast\/wp-json\/wp\/v2\/types\/post"}],"author":[{"embeddable":true,"href":"https:\/\/expoflamenco.com\/podcast\/wp-json\/wp\/v2\/users\/62"}],"replies":[{"embeddable":true,"href":"https:\/\/expoflamenco.com\/podcast\/wp-json\/wp\/v2\/comments?post=54592"}],"version-history":[{"count":0,"href":"https:\/\/expoflamenco.com\/podcast\/wp-json\/wp\/v2\/posts\/54592\/revisions"}],"wp:attachment":[{"href":"https:\/\/expoflamenco.com\/podcast\/wp-json\/wp\/v2\/media?parent=54592"}],"wp:term":[{"taxonomy":"category","embeddable":true,"href":"https:\/\/expoflamenco.com\/podcast\/wp-json\/wp\/v2\/categories?post=54592"},{"taxonomy":"post_tag","embeddable":true,"href":"https:\/\/expoflamenco.com\/podcast\/wp-json\/wp\/v2\/tags?post=54592"},{"taxonomy":"jnews-series","embeddable":true,"href":"https:\/\/expoflamenco.com\/podcast\/wp-json\/wp\/v2\/jnews-series?post=54592"}],"curies":[{"name":"wp","href":"https:\/\/api.w.org\/{rel}","templated":true}]}}