{"id":49256,"date":"2024-04-05T17:24:09","date_gmt":"2024-04-05T15:24:09","guid":{"rendered":"https:\/\/www.expoflamenco.com\/?p=49256"},"modified":"2024-12-17T13:23:51","modified_gmt":"2024-12-17T12:23:51","slug":"enrique-el-extremeno-50-anos-en-el-cante-como-vida","status":"publish","type":"post","link":"https:\/\/expoflamenco.com\/podcast\/enrique-el-extremeno-50-anos-en-el-cante-como-vida\/","title":{"rendered":"Enrique el Extreme\u00f1o, 50 a\u00f1os en el cante como vida","gt_translate_keys":[{"key":"rendered","format":"text"}]},"content":{"rendered":"\n<p>Al cumplir 50 a\u00f1os de compromiso con el cante,&nbsp;<strong>Juan Antonio Santiago Salazar<\/strong>&nbsp;ha decidido conmemorar tan redonda efem\u00e9rides con un disco. Conocido en el mundo art\u00edstico por&nbsp;<strong>Enrique el Extreme\u00f1o<\/strong>, se ha rodeado de once guitarras flamencas para tal fin y ofrecer un variado ramillete de estilos. (Foto Kiko Valle)<\/p>\n\n\n\n<!--more-->\n\n\n\n<p>Una dilatada carrera art\u00edstica, llena de oficio, conocimiento am\u00e9n de un exquisito saber estar sobre las tablas. No en vano, es una voz muy requerida por las grandes compa\u00f1\u00edas y figuras del baile, especialmente la de&nbsp;<strong>Manuela Carrasco<\/strong>. Junto a la \u2018diosa del baile\u2019 ha rubricado estampas imborrables. El Extreme\u00f1o, adem\u00e1s, alberga una gran calidad interpretativa que le permite echar la silla para adelante y demostrar que es un cantaor en solitario con toda la enjundia y plena solvencia.<\/p>\n\n\n\n<p>Pese a estar afincando en Sevilla hace muchos a\u00f1os, y que llegara a Huelva apenas con meses, Enrique el Extreme\u00f1o no ha perdido resonancias heredadas de Zafra (Badajoz), su tierra natal. As\u00ed, se demuestra en alguno pasajes de su disco&nbsp;<strong><em>50 a\u00f1os de cante<\/em><\/strong>&nbsp;(La Voz del Flamenco, 2023). Del mismo, os propongo la taranta y cartagenera de inicio, buler\u00edas ralentizadas, tangos y buler\u00edas. Unos cortes en los que est\u00e1 acompa\u00f1ado por las guitarras de&nbsp;<strong>Paco Jarana, Juan Carlos Romero, Antonio Moya<\/strong>&nbsp;y&nbsp;<strong>Antonio Santiago \u2018\u00d1o\u00f1o\u2019<\/strong>, respectivamente.<\/p>\n\n\n\n<p>Enrique el Extreme\u00f1o, toda una vida dedicada al cante con seriedad, respeto y muy buen hacer se ve rubricada ahora con este disco conmemorativo de sus bodas de oro con el cante, con la vida.<\/p>\n\n\n\n<p><\/p>\n\n\n\n<p><em>Nota: Para todas las personas interesadas os comunicamos que pod\u00e9is acceder f\u00e1cilmente al concierto en \u00edntimo que Enrique el Extreme\u00f1o, junto a su hijo Antonio Santiago \u2018\u00d1o\u00f1o\u2019, ofrece en nuestra sede de Jerez el d\u00eda 11 de abril 2024 para presentar este trabajo.<\/em><\/p>\n\n\n\n<p>Enlace a la tienda para&nbsp;<strong>entradas presencial<\/strong>:<\/p>\n\n\n\n<p><a href=\"https:\/\/expoflamenco.shop\/products\/concierto-en-intimo-de-enrique-el-extremeno\">Concierto en \u00edntimo de Enrique El Extreme\u00f1o\u2013 expoflamenco &#8211; Tu tienda de Flamenco en Jerez<\/a><\/p>\n\n\n\n<p><strong>Streaming<\/strong><\/p>\n\n\n\n<p><a href=\"https:\/\/expoflamenco.tv\/programs\/enrique-el-extremeno-en-intimo\">https:\/\/expoflamenco.tv\/programs\/enrique-el-extremeno-en-intimo<\/a><\/p>\n\n\n<div class=\"wp-block-image\">\n<figure class=\"aligncenter\"><a href=\"https:\/\/expoflamenco.online\/podcast\/wp-content\/uploads\/sites\/27\/2024\/03\/expoflamenco-concierto-intimo-de-enrique-el-extremeno-en-espacio-expoflamenco-jerez-11-abril-2024.jpg\"><img decoding=\"async\" width=\"1301\" height=\"801\" src=\"https:\/\/expoflamenco.online\/podcast\/wp-content\/uploads\/sites\/27\/2024\/03\/expoflamenco-concierto-intimo-de-enrique-el-extremeno-en-espacio-expoflamenco-jerez-11-abril-2024.jpg\" alt=\"\" class=\"wp-image-49115\" srcset=\"https:\/\/expoflamenco.com\/podcast\/wp-content\/uploads\/sites\/27\/2024\/03\/expoflamenco-concierto-intimo-de-enrique-el-extremeno-en-espacio-expoflamenco-jerez-11-abril-2024.jpg 1301w, https:\/\/expoflamenco.com\/podcast\/wp-content\/uploads\/sites\/27\/2024\/03\/expoflamenco-concierto-intimo-de-enrique-el-extremeno-en-espacio-expoflamenco-jerez-11-abril-2024-300x185.jpg 300w, https:\/\/expoflamenco.com\/podcast\/wp-content\/uploads\/sites\/27\/2024\/03\/expoflamenco-concierto-intimo-de-enrique-el-extremeno-en-espacio-expoflamenco-jerez-11-abril-2024-768x473.jpg 768w, https:\/\/expoflamenco.com\/podcast\/wp-content\/uploads\/sites\/27\/2024\/03\/expoflamenco-concierto-intimo-de-enrique-el-extremeno-en-espacio-expoflamenco-jerez-11-abril-2024-1024x630.jpg 1024w, https:\/\/expoflamenco.com\/podcast\/wp-content\/uploads\/sites\/27\/2024\/03\/expoflamenco-concierto-intimo-de-enrique-el-extremeno-en-espacio-expoflamenco-jerez-11-abril-2024-750x462.jpg 750w, https:\/\/expoflamenco.com\/podcast\/wp-content\/uploads\/sites\/27\/2024\/03\/expoflamenco-concierto-intimo-de-enrique-el-extremeno-en-espacio-expoflamenco-jerez-11-abril-2024-1140x702.jpg 1140w\" sizes=\"(max-width: 1301px) 100vw, 1301px\" \/><\/a><\/figure>\n<\/div>","protected":false,"gt_translate_keys":[{"key":"rendered","format":"html"}]},"excerpt":{"rendered":"<p>Al cumplir 50 a\u00f1os de compromiso con el cante,&nbsp;Juan Antonio Santiago Salazar&nbsp;ha decidido conmemorar tan redonda efem\u00e9rides con un disco. Conocido en el mundo art\u00edstico por&nbsp;Enrique el Extreme\u00f1o, se ha rodeado de once guitarras flamencas para tal fin y ofrecer un variado ramillete de estilos. (Foto Kiko Valle)<\/p>\n","protected":false,"gt_translate_keys":[{"key":"rendered","format":"html"}]},"author":62,"featured_media":48193,"comment_status":"open","ping_status":"open","sticky":false,"template":"","format":"audio","meta":{"_acf_changed":false,"pmpro_default_level":"","jnews-multi-image_gallery":[],"jnews_single_post":{"format":"audio","override":[{"template":"1","parallax":"1","fullscreen":"1","layout":"right-sidebar","sidebar":"default-sidebar","second_sidebar":"default-sidebar","sticky_sidebar":"1","share_position":"float","share_float_style":"share-normal","show_share_counter":"1","show_view_counter":"1","show_featured":"1","show_post_meta":"1","show_post_author":"1","show_post_author_image":"1","show_post_date":"1","post_date_format":"default","post_date_format_custom":"Y\/m\/d","show_post_reading_time":"0","post_reading_time_wpm":"300","post_calculate_word_method":"str_word_count","show_zoom_button":"1","zoom_button_out_step":"2","zoom_button_in_step":"3","show_post_tag":"1","show_prev_next_post":"1","show_popup_post":"1","number_popup_post":"1","show_author_box":"0","show_post_related":"0","show_inline_post_related":"0"}],"image_override":[{"single_post_thumbnail_size":"crop-500","single_post_gallery_size":"crop-500"}],"trending_post_position":"meta","trending_post_label":"Tendencias","sponsored_post_label":"Patrocinado por","disable_ad":"0"},"jnews_primary_category":[],"jnews_override_bookmark_settings":{"override_bookmark_button":"0","override_show_bookmark_button":"0"},"jnews_social_meta":[],"jnews_review":[],"enable_review":"","type":"percentage","name":"","summary":"","brand":"","sku":"","good":[],"bad":[],"score_override":"","override_value":"","rating":[],"price":[],"jnews_override_counter":{"view_counter_number":"0","share_counter_number":"0","like_counter_number":"0","dislike_counter_number":"0"},"jnews_post_split":[],"jnews_podcast_option":{"upload":"https:\/\/episodes.castos.com\/6720e16b375b24-61331758\/1922432\/c1e-rqgqkcj6x7dagpn1j-mk1zvvo6u3p5-strq1d.mp3","podcast_duration":"20:34","enable_podcast":"1"},"jnews_podcast_series":{"id":"95"},"footnotes":""},"categories":[141],"tags":[1010,64],"jnews-series":[95],"class_list":["post-49256","post","type-post","status-publish","format-audio","has-post-thumbnail","hentry","category-jose-maria-castano","tag-50-anos-en-el-cante-de-enrique-el-extremeno","tag-enrique-el-extremeno","post_format-post-format-audio","jnews-series-los-caminos","pmpro-has-access"],"acf":[],"aioseo_notices":[],"gt_translate_keys":[{"key":"link","format":"url"}],"_links":{"self":[{"href":"https:\/\/expoflamenco.com\/podcast\/wp-json\/wp\/v2\/posts\/49256","targetHints":{"allow":["GET"]}}],"collection":[{"href":"https:\/\/expoflamenco.com\/podcast\/wp-json\/wp\/v2\/posts"}],"about":[{"href":"https:\/\/expoflamenco.com\/podcast\/wp-json\/wp\/v2\/types\/post"}],"author":[{"embeddable":true,"href":"https:\/\/expoflamenco.com\/podcast\/wp-json\/wp\/v2\/users\/62"}],"replies":[{"embeddable":true,"href":"https:\/\/expoflamenco.com\/podcast\/wp-json\/wp\/v2\/comments?post=49256"}],"version-history":[{"count":0,"href":"https:\/\/expoflamenco.com\/podcast\/wp-json\/wp\/v2\/posts\/49256\/revisions"}],"wp:featuredmedia":[{"embeddable":true,"href":"https:\/\/expoflamenco.com\/podcast\/wp-json\/wp\/v2\/media\/48193"}],"wp:attachment":[{"href":"https:\/\/expoflamenco.com\/podcast\/wp-json\/wp\/v2\/media?parent=49256"}],"wp:term":[{"taxonomy":"category","embeddable":true,"href":"https:\/\/expoflamenco.com\/podcast\/wp-json\/wp\/v2\/categories?post=49256"},{"taxonomy":"post_tag","embeddable":true,"href":"https:\/\/expoflamenco.com\/podcast\/wp-json\/wp\/v2\/tags?post=49256"},{"taxonomy":"jnews-series","embeddable":true,"href":"https:\/\/expoflamenco.com\/podcast\/wp-json\/wp\/v2\/jnews-series?post=49256"}],"curies":[{"name":"wp","href":"https:\/\/api.w.org\/{rel}","templated":true}]}}