{"id":71622,"date":"2026-09-03T11:04:55","date_gmt":"2026-09-03T09:04:55","guid":{"rendered":"https:\/\/expoflamenco.com\/espacio\/?p=71622"},"modified":"2026-09-03T11:19:02","modified_gmt":"2026-09-03T09:19:02","slug":"i-festival-jerez-fusion-con-mario-gonzalez-y-antonio-mariscal","status":"publish","type":"post","link":"https:\/\/expoflamenco.com\/espacio\/i-festival-jerez-fusion-con-mario-gonzalez-y-antonio-mariscal\/","title":{"rendered":"I Festival Jerez Fusi\u00f3n con Mario Gonz\u00e1lez y Antonio Mariscal","gt_translate_keys":[{"key":"rendered","format":"text"}]},"content":{"rendered":"\n<p class=\"wp-block-paragraph\">En su p\u00e1gina oficial se cita que este festival, pionero en su concepto, tiene su ideario sobre una convicci\u00f3n: el flamenco no es museo, es conversaci\u00f3n. Un planteamiento que se articula en dos grandes ejes: por un lado poner el acento en la <strong>evoluci\u00f3n del flamenco y su di\u00e1logo<\/strong> con otros lenguajes musicales; por otro, buscar los puentes sensoriales que se establecen entre distintas maneras de entender nuestro arte con <strong>el vino y el brandy de Jerez<\/strong>.<\/p>\n\n\n\n<p class=\"wp-block-paragraph\">De este modo ha nacido el<strong> I Festival Jerez Fusi\u00f3n Global Experience,<\/strong> gracias al impulso de una asociaci\u00f3n de empresas y profesionales del sector tur\u00edstico de la ciudad. Tendr\u00e1 cuatro jornadas de duraci\u00f3n entre el 10 y el 13 de septiembre, y se compone de conciertos pero tambi\u00e9n contar\u00e1 con mesas redondas, showcases, masterclass, mesas redondas y otras actividades paralelas. Hay dos nombres propios: Antonio R\u00edos &#8216;el Madriles&#8217; y Raimundo Amador. Sobre todo ello, conversamos con dos de sus promotores, Antonio Mariscal y Mario Gonz\u00e1lez.<\/p>\n\n\n\n<p class=\"wp-block-paragraph\">En este enlace ten\u00e9is todos los detalles del I Festival Jerez Fusi\u00f3n Global Experiencie:<\/p>\n\n\n\n<p class=\"wp-block-paragraph\"><a href=\"https:\/\/jerezfusion.com\/index\">Jerez Fusi\u00f3n<\/a><\/p>\n\n\n\n<p class=\"wp-block-paragraph\">(*) M\u00e1s abajo de la ventana donde pod\u00e9is disfrutar de la tertulia, podemos visualizar un <strong>v\u00eddeo de Jesule de la Tomasa,<\/strong> quien participar\u00e1 en las jornada inaugural del Festival.<\/p>\n\n\n\n<p class=\"wp-block-paragraph\">Si te gustan estos contenidos,<a href=\"https:\/\/expoflamenco.com\/suscripcion-gratis-fan\/\">&nbsp;haz clic aqu\u00ed para registrarte como FAN de forma gratuita<\/a><a href=\"https:\/\/expoflamenco.com\/https:\/\/expoflamenco.com\/suscripcion-gratis-fan\/\/expoflamenco.com\/suscripcion-gratis-fan\/\">&nbsp;<\/a>y descubre el universo flamenco desde dentro, tendr\u00e1s toda la actualidad, el reportaje, las rese\u00f1as, el p\u00f3dcast y un amplio contenido televisivo. Con todas estas ventajas y recursos audiovisuales, te invitamos a que formes parte de nuestra familia de expoflamencos repartidos por el mundo.<\/p>\n\n\n<div class=\"wp-block-bunnycdn-block-stream-video\"><div style=\"position:relative;padding-top:56.25%;\" class=\"bunny-stream-video\"><iframe src=\"https:\/\/player.mediadelivery.net\/embed\/328866\/360bb830-82a0-42a8-bddb-c08ba93c83a4?autoplay=false&#038;loop=false&#038;muted=false&#038;preload=false&#038;responsive=true\" loading=\"lazy\" style=\"border:0;position:absolute;top:0;height:100%;width:100%;\" allow=\"accelerometer;gyroscope;autoplay;encrypted-media;picture-in-picture;fullscreen\" allowfullscreen=\"true\"><\/iframe><\/div><\/div>\n\n\n<figure class=\"wp-block-embed is-type-video is-provider-youtube wp-block-embed-youtube wp-embed-aspect-16-9 wp-has-aspect-ratio\"><div class=\"wp-block-embed__wrapper\">\n<div class=\"jeg_video_container jeg_video_content\"><iframe loading=\"lazy\" title=\"Pa Fernando de la Morena Jesule de la Tomasa con la guitarra de Juan Medina (v\u00eddeo oficial)\" width=\"500\" height=\"281\" src=\"https:\/\/www.youtube.com\/embed\/ar_tTe8CuKA?feature=oembed\" frameborder=\"0\" allow=\"accelerometer; autoplay; clipboard-write; encrypted-media; gyroscope; picture-in-picture; web-share\" referrerpolicy=\"strict-origin-when-cross-origin\" allowfullscreen><\/iframe><\/div>\n<\/div><\/figure>\n","protected":false,"gt_translate_keys":[{"key":"rendered","format":"html"}]},"excerpt":{"rendered":"<p>En su p\u00e1gina oficial se cita que este festival, pionero en su concepto, tiene su ideario sobre una convicci\u00f3n: el flamenco no es museo, es conversaci\u00f3n. Un planteamiento que se articula en dos grandes ejes: por un lado poner el acento en la evoluci\u00f3n del flamenco y su di\u00e1logo con otros lenguajes musicales; por otro, [&hellip;]<\/p>\n","protected":false,"gt_translate_keys":[{"key":"rendered","format":"html"}]},"author":62,"featured_media":71623,"comment_status":"open","ping_status":"open","sticky":false,"template":"","format":"standard","meta":{"_acf_changed":false,"pmpro_default_level":"","jnews-multi-image_gallery":[],"jnews_single_post":{"format":"standard"},"jnews_primary_category":[],"jnews_override_bookmark_settings":[],"jnews_social_meta":[],"jnews_review":[],"enable_review":"","type":"","name":"","summary":"","brand":"","sku":"","good":[],"bad":[],"score_override":"","override_value":"","rating":[],"price":[],"jnews_override_counter":[],"footnotes":""},"categories":[46,2003,489],"tags":[2968,2966,2965,321,1332],"class_list":["post-71622","post","type-post","status-publish","format-standard","has-post-thumbnail","hentry","category-actualidad","category-espacio-expoflamenco","category-presentaciones","tag-cluster-turistico-de-jerez","tag-el-madrile","tag-festival-jerez-fusion","tag-jesule-de-la-tomasa","tag-raimundo-amador","pmpro-has-access"],"acf":[],"gt_translate_keys":[{"key":"link","format":"url"}],"_links":{"self":[{"href":"https:\/\/expoflamenco.com\/espacio\/wp-json\/wp\/v2\/posts\/71622","targetHints":{"allow":["GET"]}}],"collection":[{"href":"https:\/\/expoflamenco.com\/espacio\/wp-json\/wp\/v2\/posts"}],"about":[{"href":"https:\/\/expoflamenco.com\/espacio\/wp-json\/wp\/v2\/types\/post"}],"author":[{"embeddable":true,"href":"https:\/\/expoflamenco.com\/espacio\/wp-json\/wp\/v2\/users\/62"}],"replies":[{"embeddable":true,"href":"https:\/\/expoflamenco.com\/espacio\/wp-json\/wp\/v2\/comments?post=71622"}],"version-history":[{"count":1,"href":"https:\/\/expoflamenco.com\/espacio\/wp-json\/wp\/v2\/posts\/71622\/revisions"}],"predecessor-version":[{"id":71763,"href":"https:\/\/expoflamenco.com\/espacio\/wp-json\/wp\/v2\/posts\/71622\/revisions\/71763"}],"wp:featuredmedia":[{"embeddable":true,"href":"https:\/\/expoflamenco.com\/espacio\/wp-json\/wp\/v2\/media\/71623"}],"wp:attachment":[{"href":"https:\/\/expoflamenco.com\/espacio\/wp-json\/wp\/v2\/media?parent=71622"}],"wp:term":[{"taxonomy":"category","embeddable":true,"href":"https:\/\/expoflamenco.com\/espacio\/wp-json\/wp\/v2\/categories?post=71622"},{"taxonomy":"post_tag","embeddable":true,"href":"https:\/\/expoflamenco.com\/espacio\/wp-json\/wp\/v2\/tags?post=71622"}],"curies":[{"name":"wp","href":"https:\/\/api.w.org\/{rel}","templated":true}]}}