{"id":71491,"date":"2026-06-11T10:21:40","date_gmt":"2026-06-11T08:21:40","guid":{"rendered":"https:\/\/expoflamenco.com\/espacio\/?p=71491"},"modified":"2026-09-02T16:46:05","modified_gmt":"2026-09-02T14:46:05","slug":"curro-carrasco-sarmiento","status":"publish","type":"post","link":"https:\/\/expoflamenco.com\/espacio\/curro-carrasco-sarmiento\/","title":{"rendered":"Curro Carrasco, &#8216;Sarmiento&#8217;","gt_translate_keys":[{"key":"rendered","format":"text"}]},"content":{"rendered":"\n<p class=\"wp-block-paragraph\">Nuestro invitado ha llegado a una etapa art\u00edstica que le ha pedido dar un paso al frente y colocarse con su guitarra como protagonista de la escena. Tras su exitoso paso por el dueto Navajita Plate\u00e1, ha ido trazando un itinerario personal e \u00edntimo para desembocar en el disco <strong>&#8216;Sarmiento&#8217; (Air Music Spain, 2026).<\/strong> Un \u00e1lbum donde se entreveran los toques con aromas a Santiago y las armon\u00edas de un int\u00e9rprete del siglo XXI, dispuesto a discurrir por nuevos horizontes musicales. Eso s\u00ed, sin perder de vista de d\u00f3nde viene; precisamente de la conjuncion de dos de las raleas m\u00e1s frondosas de la gitaner\u00eda bajo andaluza: <strong>los Carrasco y los Soto.<\/strong><\/p>\n\n\n\n<p class=\"wp-block-paragraph\">Hay solos de guitarra pero tambi\u00e9n extraordinarias colaboraciones. <em>&#8216;A m\u00ed lo que me gusta realmente es acompa\u00f1ar al cante, m\u00e1s que todo lo dem\u00e1s<\/em>&#8216;, afirma <strong>Curro Carrasco<\/strong> en esta entrevista. De este modo, en el trabajo, aparecen Sorderita, Diego Amador, La Fabi, Jua\u00f1ares, Zambullo o Lucas Vargas, entre otros. El disco &#8216;Sarmiento&#8217; se va a presentar por todo lo alto en <strong>&#8216;La Gran Fiesta de Curro Carrasco&#8217;<\/strong>. Un evento exclusivo y limitado el pr\u00f3ximo <span style=\"text-decoration: underline\">26 de junio en Los Claustros de Santo Domingo de Jerez, a las 21,30 horas. <\/span>En este enlace ten\u00e9is todos los detalles, as\u00ed como la posibilidad de comprar las entradas online por anticipado:<\/p>\n\n\n\n<p class=\"wp-block-paragraph\"><a href=\"https:\/\/entradium.com\/es\/events\/la-gran-fiesta-de-curro-carrasco-en-los-claustros-de-santo-domingo\">https:\/\/entradium.com\/es\/events\/la-gran-fiesta-de-curro-carrasco-en-los-claustros-de-santo-domingo<\/a><\/p>\n\n\n\n<p class=\"wp-block-paragraph\">Si te gustan estos contenidos,<a href=\"https:\/\/expoflamenco.com\/suscripcion-gratis-fan\/\">\u00a0haz clic aqu\u00ed para registrarte como FAN de forma gratuita<\/a><a href=\"https:\/\/expoflamenco.com\/https:\/\/expoflamenco.com\/suscripcion-gratis-fan\/\/expoflamenco.com\/suscripcion-gratis-fan\/\">\u00a0<\/a>y descubre el universo flamenco desde dentro, tendr\u00e1s toda la actualidad, el reportaje, las rese\u00f1as, el p\u00f3dcast y un amplio contenido televisivo. Con todas estas ventajas y recursos audiovisuales, te invitamos a que formes parte de nuestra familia de expoflamencos repartidos por el mundo.<\/p>\n\n\n<div class=\"wp-block-bunnycdn-block-stream-video\"><div style=\"position:relative;padding-top:56.25%;\" class=\"bunny-stream-video\"><iframe src=\"https:\/\/player.mediadelivery.net\/embed\/328866\/84d38d68-2a56-4da4-8606-c425f422f04e?autoplay=false&loop=false&muted=false&preload=false&responsive=true\" loading=\"lazy\" style=\"border:0;position:absolute;top:0;height:100%;width:100%;\" allow=\"accelerometer;gyroscope;autoplay;encrypted-media;picture-in-picture;fullscreen\" allowfullscreen=\"true\"><\/iframe><\/div><\/div>","protected":false,"gt_translate_keys":[{"key":"rendered","format":"html"}]},"excerpt":{"rendered":"<p>Nuestro invitado ha llegado a una etapa art\u00edstica que le ha pedido dar un paso al frente y colocarse con su guitarra como protagonista de la escena. Tras su exitoso paso por el dueto Navajita Plate\u00e1, ha ido trazando un itinerario personal e \u00edntimo para desembocar en el disco &#8216;Sarmiento&#8217; (Air Music Spain, 2026). Un [&hellip;]<\/p>\n","protected":false,"gt_translate_keys":[{"key":"rendered","format":"html"}]},"author":62,"featured_media":71492,"comment_status":"open","ping_status":"open","sticky":false,"template":"","format":"standard","meta":{"_acf_changed":false,"pmpro_default_level":"","jnews-multi-image_gallery":[],"jnews_single_post":{"format":"standard"},"jnews_primary_category":[],"jnews_override_bookmark_settings":[],"jnews_social_meta":[],"jnews_review":[],"enable_review":"","type":"","name":"","summary":"","brand":"","sku":"","good":[],"bad":[],"score_override":"","override_value":"","rating":[],"price":[],"jnews_override_counter":[],"footnotes":""},"categories":[46,2003,489],"tags":[2923,2918,1142,2919,2920,2921,1380,2486,2131],"class_list":["post-71491","post","type-post","status-publish","format-standard","has-post-thumbnail","hentry","category-actualidad","category-espacio-expoflamenco","category-presentaciones","tag-air-music-spain","tag-curro-carrasco","tag-diego-carrasco","tag-disco-sarmiento","tag-flamenco-santiago","tag-juanares-soto-carrasco","tag-la-fabi","tag-lela-soto-2","tag-navajita-platea","pmpro-has-access"],"acf":[],"gt_translate_keys":[{"key":"link","format":"url"}],"_links":{"self":[{"href":"https:\/\/expoflamenco.com\/espacio\/wp-json\/wp\/v2\/posts\/71491","targetHints":{"allow":["GET"]}}],"collection":[{"href":"https:\/\/expoflamenco.com\/espacio\/wp-json\/wp\/v2\/posts"}],"about":[{"href":"https:\/\/expoflamenco.com\/espacio\/wp-json\/wp\/v2\/types\/post"}],"author":[{"embeddable":true,"href":"https:\/\/expoflamenco.com\/espacio\/wp-json\/wp\/v2\/users\/62"}],"replies":[{"embeddable":true,"href":"https:\/\/expoflamenco.com\/espacio\/wp-json\/wp\/v2\/comments?post=71491"}],"version-history":[{"count":1,"href":"https:\/\/expoflamenco.com\/espacio\/wp-json\/wp\/v2\/posts\/71491\/revisions"}],"predecessor-version":[{"id":71735,"href":"https:\/\/expoflamenco.com\/espacio\/wp-json\/wp\/v2\/posts\/71491\/revisions\/71735"}],"wp:featuredmedia":[{"embeddable":true,"href":"https:\/\/expoflamenco.com\/espacio\/wp-json\/wp\/v2\/media\/71492"}],"wp:attachment":[{"href":"https:\/\/expoflamenco.com\/espacio\/wp-json\/wp\/v2\/media?parent=71491"}],"wp:term":[{"taxonomy":"category","embeddable":true,"href":"https:\/\/expoflamenco.com\/espacio\/wp-json\/wp\/v2\/categories?post=71491"},{"taxonomy":"post_tag","embeddable":true,"href":"https:\/\/expoflamenco.com\/espacio\/wp-json\/wp\/v2\/tags?post=71491"}],"curies":[{"name":"wp","href":"https:\/\/api.w.org\/{rel}","templated":true}]}}