{"id":71292,"date":"2026-04-30T11:32:49","date_gmt":"2026-04-30T09:32:49","guid":{"rendered":"https:\/\/expoflamenco.com\/espacio\/?p=71292"},"modified":"2026-04-30T11:33:35","modified_gmt":"2026-04-30T09:33:35","slug":"agenda-espacio-expoflamenco-del-1-al-15-de-mayo-de-2026","status":"publish","type":"post","link":"https:\/\/expoflamenco.com\/espacio\/agenda-espacio-expoflamenco-del-1-al-15-de-mayo-de-2026\/","title":{"rendered":"Agenda Espacio Expoflamenco del 1 al 15 de mayo de 2026","gt_translate_keys":[{"key":"rendered","format":"text"}]},"content":{"rendered":"\n<p>Este mes en la ciudad de Jerez que nos acoge tiene un nombre propio: la Feria del Caballo. Una cita anual que este a\u00f1o coge de lleno en la segunda semana de mayo. Pero nuestra agenda sigue adelante con los diferentes encuentros y entrevistas de artistas que vienen a compartir sus proyectos e inquietudes. Junto a ellos, tenemos tambi\u00e9n algunas ofertas de actividades formativas. Aqu\u00ed la relaci\u00f3n prevista:<\/p>\n\n\n\n<p><span style=\"text-decoration: underline\">Martes 5 de mayo, a las 10,30 horas.<\/span> Encuentro con el cantaor<strong>\u00a0Ezequiel Ben\u00edtez\u00a0<\/strong>quien viene para presentarnos su hasta ahora \u00faltimo trabajo discogr\u00e1fico que tiene el t\u00edtulo de &#8216;Lo que nadie ve&#8217;. Un disco que se present\u00f3 en el pasado Festival de Jerez. Publicado directamente en vinilo y en formato como pendrive est\u00e1 acompa\u00f1ado en cada tema por un guitarrista distinto y responde a las inquietudes de este gran artista.<\/p>\n\n\n\n<p><span style=\"text-decoration: underline\">Jueves 7 de mayo, a las 12,00 horas. <\/span>Entrevista con la cantaora\u00a0<strong>Luc\u00eda Alia\u00f1o.<\/strong>\u00a0Una jovenc\u00edsima artista que est\u00e1 dando mucho que hablar en sus \u00faltimas apariciones en p\u00fablico. Ganadora de concursos de saetas, participante en la Voz Kids, premio artista revelaci\u00f3n del Festival de Jerez y una voz fija en todas las ediciones del Festival Kriatura ha presentado un nuevo espect\u00e1culo titulado \u00a0&#8216;La voz del piano&#8217;, un formato musical que fusiona tradici\u00f3n flamenca con acompa\u00f1amiento pian\u00edstico.<\/p>\n\n\n\n<p><span style=\"text-decoration: underline\">Viernes 8 de mayo, a las 18,30 horas<\/span>.\u00a0Convocada\u00a0<strong>Ruta del Duende por el antiguo Jerez\u00a0<\/strong>para grupo concertado de Barcelona que viene a visitar la Feria del Caballo de Jerez. Se trata de un paseo cultural inmersivo y guiado entre los barrios flamencos de Santiago y San Miguel por las entra\u00f1as del viejo Xerez. Si tienes inter\u00e9s en organizar con nosotros una ruta con tu grupo no dudes en ponerte en contacto con nosotros:\u00a0<a href=\"mailto:espacio@expoflamenco.com\" target=\"_blank\" rel=\"noreferrer noopener\">espacio@expoflamenco.com<\/a>\u00a0\u00f3 el tel\u00e9fono \u00a0(+34) 673 651 042<\/p>\n\n\n<div class=\"wp-block-image\">\n<figure class=\"aligncenter size-full is-resized\"><img decoding=\"async\" width=\"1140\" height=\"570\" src=\"https:\/\/expoflamenco.com\/espacio\/wp-content\/uploads\/sites\/25\/2025\/09\/ruta-vendimia-25-portada.jpg\" alt=\"\" class=\"wp-image-70589\" style=\"width:780px;height:auto\" srcset=\"https:\/\/expoflamenco.com\/espacio\/wp-content\/uploads\/sites\/25\/2025\/09\/ruta-vendimia-25-portada.jpg 1140w, https:\/\/expoflamenco.com\/espacio\/wp-content\/uploads\/sites\/25\/2025\/09\/ruta-vendimia-25-portada-300x150.jpg 300w, https:\/\/expoflamenco.com\/espacio\/wp-content\/uploads\/sites\/25\/2025\/09\/ruta-vendimia-25-portada-1024x512.jpg 1024w, https:\/\/expoflamenco.com\/espacio\/wp-content\/uploads\/sites\/25\/2025\/09\/ruta-vendimia-25-portada-768x384.jpg 768w, https:\/\/expoflamenco.com\/espacio\/wp-content\/uploads\/sites\/25\/2025\/09\/ruta-vendimia-25-portada-360x180.jpg 360w, https:\/\/expoflamenco.com\/espacio\/wp-content\/uploads\/sites\/25\/2025\/09\/ruta-vendimia-25-portada-750x375.jpg 750w\" sizes=\"(max-width: 1140px) 100vw, 1140px\" \/><figcaption class=\"wp-element-caption\">El 8 de mayo tendremos una nueva ruta del duende, si est\u00e1s interesado con tu grupo para realizarla no dudes en contactar con nosotros, Foto: Nano Hern\u00e1ndez  <\/figcaption><\/figure>\n<\/div>\n\n\n<p><span style=\"text-decoration: underline\">Mi\u00e9rcoles 13 de mayo, a las 12,00 horas.\u00a0<\/span><em>Actividad especial con motivo de la celebraci\u00f3n de la Feria del Caballo de Jerez 2026<\/em>. Taller formativo<strong>\u00a0&#8216;Origen y evoluci\u00f3n de las sevillanas&#8217;.<\/strong>\u00a0Un recorrido hist\u00f3rico sobre su naturaleza, etapa y consolidaci\u00f3n en las grandes ferias de Andaluc\u00eda. Tambi\u00e9n debatiremos sobre si deben entrar o no como estilo propio del flamenco. La entrada es libre y gratuita y se servir\u00e1 un jerez de honor. Dirige la actividad nuestro coordinador Jos\u00e9 Mar\u00eda Casta\u00f1o.<\/p>\n\n\n<div class=\"wp-block-image\">\n<figure class=\"aligncenter size-full is-resized\"><img decoding=\"async\" width=\"644\" height=\"430\" src=\"https:\/\/expoflamenco.com\/espacio\/wp-content\/uploads\/sites\/25\/2026\/04\/sevillanaspostalesdesevilla.jpg\" alt=\"\" class=\"wp-image-71293\" style=\"aspect-ratio:1.4977180139063313;width:784px;height:auto\" srcset=\"https:\/\/expoflamenco.com\/espacio\/wp-content\/uploads\/sites\/25\/2026\/04\/sevillanaspostalesdesevilla.jpg 644w, https:\/\/expoflamenco.com\/espacio\/wp-content\/uploads\/sites\/25\/2026\/04\/sevillanaspostalesdesevilla-300x200.jpg 300w, https:\/\/expoflamenco.com\/espacio\/wp-content\/uploads\/sites\/25\/2026\/04\/sevillanaspostalesdesevilla-391x260.jpg 391w\" sizes=\"(max-width: 644px) 100vw, 644px\" \/><figcaption class=\"wp-element-caption\">Nuestro Aula de Estudios se dedicar\u00e1 de modo especial al origen y evoluci\u00f3n de las sevillanas con motivo de la Feria de Jerez<\/figcaption><\/figure>\n<\/div>\n\n\n<p>Y adem\u00e1s,<\/p>\n\n\n\n<p>Academia de Baile Expoflamenco&nbsp;(durante la Feria del Caballo se interrumpen las clases)<\/p>\n\n\n\n<p>De la mano de nuestra profesora<strong>&nbsp;Marga Flores<\/strong>&nbsp;curso con nuevos horarios para que puedas aprender el baile de una manera pedag\u00f3gica y muy flamenca. El cuadrante de los cursos se desarrollar\u00e1 de esta forma de manera permanente, salvo d\u00edas festivos. Mi\u00e9rcoles por la ma\u00f1ana de 11,00 a 12,15 horas. Mi\u00e9rcoles por la tarde de 18,45 a 20,00 horas. Viernes por la tarde de 17,30 a 18,45 horas (sevillanas) \/ de 18,45 a 20,00 horas (buler\u00edas). Para mayor informaci\u00f3n de estas actividades pod\u00e9is llamar al tel\u00e9fono de la Tienda \u2013 Espacio expoflamenco 673651042 (en horario comercial)<\/p>\n\n\n<div class=\"wp-block-image\">\n<figure class=\"aligncenter size-full is-resized\"><img decoding=\"async\" width=\"1140\" height=\"570\" src=\"https:\/\/expoflamenco.com\/espacio\/wp-content\/uploads\/sites\/25\/2026\/02\/Focus-On-cartel-Roks.jpg\" alt=\"\" class=\"wp-image-71098\" style=\"width:802px;height:auto\" srcset=\"https:\/\/expoflamenco.com\/espacio\/wp-content\/uploads\/sites\/25\/2026\/02\/Focus-On-cartel-Roks.jpg 1140w, https:\/\/expoflamenco.com\/espacio\/wp-content\/uploads\/sites\/25\/2026\/02\/Focus-On-cartel-Roks-300x150.jpg 300w, https:\/\/expoflamenco.com\/espacio\/wp-content\/uploads\/sites\/25\/2026\/02\/Focus-On-cartel-Roks-1024x512.jpg 1024w, https:\/\/expoflamenco.com\/espacio\/wp-content\/uploads\/sites\/25\/2026\/02\/Focus-On-cartel-Roks-768x384.jpg 768w, https:\/\/expoflamenco.com\/espacio\/wp-content\/uploads\/sites\/25\/2026\/02\/Focus-On-cartel-Roks-360x180.jpg 360w, https:\/\/expoflamenco.com\/espacio\/wp-content\/uploads\/sites\/25\/2026\/02\/Focus-On-cartel-Roks-750x375.jpg 750w\" sizes=\"(max-width: 1140px) 100vw, 1140px\" \/><figcaption class=\"wp-element-caption\">Exposici\u00f3n de fotograf\u00edas \u2018Focus on: cuerpo, voz, mujer\u2019 de Roksaneh E. Fotovat<\/figcaption><\/figure>\n<\/div>\n\n\n<p><\/p>\n\n\n\n<p>Bajo la personal visi\u00f3n de la artista gr\u00e1fica de<strong>\u00a0Roksaneh Emma Fotovat,<\/strong>\u00a0el contenido de la exposici\u00f3n es un altavoz de los valores sociales y culturales de la mujer con el flamenco como foco de atenci\u00f3n. La fot\u00f3grafa y cineasta iran\u00ed, Roksaneh Emma Fotovat, desarrolla un trabajo visual en torno al flamenco, entendido como un arte vivo, un lenguaje del cuerpo y un espacio de transmisi\u00f3n. Visitable en horario comercial de lunes a s\u00e1bado.<\/p>\n\n\n\n<blockquote class=\"wp-block-quote is-layout-flow wp-block-quote-is-layout-flow\">\n<p>Si te gustan estos contenidos,\u00a0<a href=\"https:\/\/expoflamenco.com\/membresias\/pago-de-membresias\/?pmpro_level=1\" target=\"_blank\" rel=\"noreferrer noopener\">Haz clic aqu\u00ed para registrarte como FAN<\/a>\u00a0de forma gratuita y descubre el universo flamenco desde dentro. Te invitamos a qu\u00e9 formes parte de nuestra familia de expoflamencos repartidos por el mundo.<\/p>\n<\/blockquote>\n\n\n\n<p><\/p>\n","protected":false,"gt_translate_keys":[{"key":"rendered","format":"html"}]},"excerpt":{"rendered":"<p>Este mes en la ciudad de Jerez que nos acoge tiene un nombre propio: la Feria del Caballo. Una cita anual que este a\u00f1o coge de lleno en la segunda semana de mayo. Pero nuestra agenda sigue adelante con los diferentes encuentros y entrevistas de artistas que vienen a compartir sus proyectos e inquietudes. Junto [&hellip;]<\/p>\n","protected":false,"gt_translate_keys":[{"key":"rendered","format":"html"}]},"author":62,"featured_media":71294,"comment_status":"open","ping_status":"open","sticky":false,"template":"","format":"standard","meta":{"_acf_changed":false,"pmpro_default_level":"","jnews-multi-image_gallery":[],"jnews_single_post":{"format":"standard"},"jnews_primary_category":[],"jnews_override_bookmark_settings":[],"jnews_social_meta":[],"jnews_review":[],"enable_review":"","type":"","name":"","summary":"","brand":"","sku":"","good":[],"bad":[],"score_override":"","override_value":"","rating":[],"price":[],"jnews_override_counter":[],"jnews_post_split":[],"footnotes":""},"categories":[46,6,2003],"tags":[245,2877,2878,2880,319],"class_list":["post-71292","post","type-post","status-publish","format-standard","has-post-thumbnail","hentry","category-actualidad","category-agenda","category-espacio-expoflamenco","tag-agenda-espacio-expoflamenco-jerez","tag-ezequiel-benitez-2","tag-lucia-aliano","tag-origen-y-evolucion-de-las-sevillanas","tag-ruta-del-duende-por-jerez","pmpro-has-access"],"acf":[],"aioseo_notices":[],"gt_translate_keys":[{"key":"link","format":"url"}],"_links":{"self":[{"href":"https:\/\/expoflamenco.com\/espacio\/wp-json\/wp\/v2\/posts\/71292","targetHints":{"allow":["GET"]}}],"collection":[{"href":"https:\/\/expoflamenco.com\/espacio\/wp-json\/wp\/v2\/posts"}],"about":[{"href":"https:\/\/expoflamenco.com\/espacio\/wp-json\/wp\/v2\/types\/post"}],"author":[{"embeddable":true,"href":"https:\/\/expoflamenco.com\/espacio\/wp-json\/wp\/v2\/users\/62"}],"replies":[{"embeddable":true,"href":"https:\/\/expoflamenco.com\/espacio\/wp-json\/wp\/v2\/comments?post=71292"}],"version-history":[{"count":1,"href":"https:\/\/expoflamenco.com\/espacio\/wp-json\/wp\/v2\/posts\/71292\/revisions"}],"predecessor-version":[{"id":71296,"href":"https:\/\/expoflamenco.com\/espacio\/wp-json\/wp\/v2\/posts\/71292\/revisions\/71296"}],"wp:featuredmedia":[{"embeddable":true,"href":"https:\/\/expoflamenco.com\/espacio\/wp-json\/wp\/v2\/media\/71294"}],"wp:attachment":[{"href":"https:\/\/expoflamenco.com\/espacio\/wp-json\/wp\/v2\/media?parent=71292"}],"wp:term":[{"taxonomy":"category","embeddable":true,"href":"https:\/\/expoflamenco.com\/espacio\/wp-json\/wp\/v2\/categories?post=71292"},{"taxonomy":"post_tag","embeddable":true,"href":"https:\/\/expoflamenco.com\/espacio\/wp-json\/wp\/v2\/tags?post=71292"}],"curies":[{"name":"wp","href":"https:\/\/api.w.org\/{rel}","templated":true}]}}