{"id":71266,"date":"2026-04-30T10:27:25","date_gmt":"2026-04-30T08:27:25","guid":{"rendered":"https:\/\/expoflamenco.com\/espacio\/?p=71266"},"modified":"2026-04-30T10:29:05","modified_gmt":"2026-04-30T08:29:05","slug":"chemi-lopez-el-cante-despues-del-cante","status":"publish","type":"post","link":"https:\/\/expoflamenco.com\/espacio\/chemi-lopez-el-cante-despues-del-cante\/","title":{"rendered":"Chemi L\u00f3pez, &#8216;El cante despu\u00e9s del cante&#8217;","gt_translate_keys":[{"key":"rendered","format":"text"}]},"content":{"rendered":"\n<p>La publicaci\u00f3n en papel de libros sobre el arte flamenco sobrevive en plena era digital. Son muy variadas las tem\u00e1ticas, entre las que se encuentra el arduo y complejo mundo de la investigaci\u00f3n. En este campo se ha editado una de esas obras que se pueden se\u00f1alar como angulares.<strong> &#8216;El cante despu\u00e9s del cante&#8217; <\/strong>(La Droguer\u00eda Music, 2026) es una de ellas dado que enfoca la apasionante intrahistoria de los sistemas de grabaci\u00f3n en la evoluci\u00f3n de la industria discogr\u00e1fica flamenca y, en definitiva, del propio cante.<\/p>\n\n\n\n<p>Un proyecto riguroso con el que su autor, <strong>Jos\u00e9 Manuel L\u00f3pez Guti\u00e9rrez &#8216;Chemi L\u00f3pez&#8217;, <\/strong>ha conseguido un tratado fundamental cuyo primer volumen se subtitula<strong> &#8216;La Era Ac\u00fastica (1878-1926)&#8217;<\/strong>. En su extenso contenido se incluyen fechas de grabaci\u00f3n y edici\u00f3n, t\u00e9cnicos, contextualizaci\u00f3n social y art\u00edstica, datos biogr\u00e1ficos de los int\u00e9rpretes y productores, repertorios, as\u00ed como la historia de los <strong>sellos fonogr\u00e1ficos y discogr\u00e1ficos que se ocuparon de nuestro g\u00e9nero. <\/strong>En esta enrtiquecedora entrevista hablamos largo y tendido con su autor.<\/p>\n\n\n\n<p>Si te gustan estos contenidos,\u00a0<a href=\"https:\/\/expoflamenco.com\/membresias\/pago-de-membresias\/?pmpro_level=1\" target=\"_blank\" rel=\"noreferrer noopener\">Haz clic aqu\u00ed para registrarte como FAN<\/a>\u00a0de forma gratuita y descubre el universo flamenco desde dentro. Te invitamos a qu\u00e9 formes parte de nuestra familia de expoflamencos repartidos por el mundo.<\/p>\n\n\n<!--presto-player:video_id=141--><figure class=\"wp-block-video presto-block-video  presto-provider-bunny\" style=\"--plyr-color-main: var(--presto-player-highlight-color, #da2b1f); --presto-player-logo-width: 394px; \">\n\t<presto-player \n\t\tpreset='{&quot;id&quot;:1,&quot;name&quot;:&quot;Default&quot;,&quot;slug&quot;:&quot;default&quot;,&quot;icon&quot;:&quot;format-video&quot;,&quot;skin&quot;:&quot;modern&quot;,&quot;play-large&quot;:true,&quot;rewind&quot;:true,&quot;play&quot;:true,&quot;fast-forward&quot;:true,&quot;progress&quot;:true,&quot;current-time&quot;:true,&quot;mute&quot;:true,&quot;volume&quot;:true,&quot;speed&quot;:false,&quot;pip&quot;:false,&quot;fullscreen&quot;:true,&quot;captions&quot;:false,&quot;reset_on_end&quot;:true,&quot;auto_hide&quot;:true,&quot;show_time_elapsed&quot;:false,&quot;captions_enabled&quot;:false,&quot;save_player_position&quot;:true,&quot;sticky_scroll&quot;:false,&quot;sticky_scroll_position&quot;:&quot;bottom right&quot;,&quot;on_video_end&quot;:&quot;select&quot;,&quot;play_video_viewport&quot;:false,&quot;hide_youtube&quot;:false,&quot;lazy_load_youtube&quot;:false,&quot;hide_logo&quot;:false,&quot;border_radius&quot;:0,&quot;caption_style&quot;:&quot;&quot;,&quot;caption_background&quot;:&quot;&quot;,&quot;is_locked&quot;:true,&quot;cta&quot;:[&quot;&quot;],&quot;watermark&quot;:[&quot;&quot;],&quot;search&quot;:[&quot;&quot;],&quot;email_collection&quot;:[&quot;&quot;],&quot;action_bar&quot;:[&quot;&quot;],&quot;created_by&quot;:1,&quot;created_at&quot;:&quot;2024-09-08 20:04:21&quot;,&quot;updated_at&quot;:&quot;2024-09-08 20:04:21&quot;,&quot;deleted_at&quot;:&quot;&quot;}'\n\t\tbranding='{&quot;logo&quot;:&quot;&quot;,&quot;color&quot;:&quot;#da2b1f&quot;,&quot;logo_width&quot;:394,&quot;player_css&quot;:&quot;&quot;}'\n\t\tchapters='[]'\n\t\toverlays='[]'\n\t\ttracks='[]'\n\t\tblock-attributes='{&quot;playsInline&quot;:true,&quot;id&quot;:141,&quot;src&quot;:&quot;https:\\\/\\\/vz-99514b26-dd1.b-cdn.net\\\/95c1126a-13dc-442e-a2a6-fb649562bf5e\\\/playlist.m3u8&quot;,&quot;preset&quot;:1,&quot;thumbnail&quot;:&quot;https:\\\/\\\/vz-99514b26-dd1.b-cdn.net\\\/95c1126a-13dc-442e-a2a6-fb649562bf5e\\\/thumbnail.jpg&quot;,&quot;preview&quot;:&quot;https:\\\/\\\/vz-99514b26-dd1.b-cdn.net\\\/95c1126a-13dc-442e-a2a6-fb649562bf5e\\\/preview.webp&quot;,&quot;visibility&quot;:&quot;public&quot;,&quot;color&quot;:&quot;#00b3ff&quot;,&quot;mutedPreview&quot;:{&quot;enabled&quot;:false,&quot;captions&quot;:false},&quot;mutedOverlay&quot;:{&quot;enabled&quot;:false,&quot;src&quot;:&quot;&quot;,&quot;width&quot;:200,&quot;focalPoint&quot;:{&quot;x&quot;:0.5,&quot;y&quot;:0.5}},&quot;mutedOverlayType&quot;:&quot;text&quot;,&quot;mutedOverlayText&quot;:&quot;Click to play&quot;,&quot;mutedOverlayImageWidth&quot;:200,&quot;chapters&quot;:[],&quot;overlays&quot;:[],&quot;tracks&quot;:[],&quot;title&quot;:&quot;CHEMI L\\u00d3PEZ.mp4&quot;}'\n\t\tanalytics='1'\n\t\tautomations\t\tprovider='bunny'\n\t\t\t\tid=\"presto-player-1\"\n\t\tsrc=\"https:\/\/vz-99514b26-dd1.b-cdn.net\/95c1126a-13dc-442e-a2a6-fb649562bf5e\/playlist.m3u8\"\n\t\tmedia-title=\"CHEMI L\u00d3PEZ.mp4\"\n\t\tcss=\"\"\n\t\tclass=\"presto-video-id-141 presto-preset-id-1 skin-modern\"\n\t\tskin=\"modern\" \n\t\ticon-url=\"https:\/\/expoflamenco.com\/espacio\/wp-content\/plugins\/presto-player\/img\/sprite.svg\" \n\t\tpreload=\"\" \n\t\tposter=\"https:\/\/vz-99514b26-dd1.b-cdn.net\/95c1126a-13dc-442e-a2a6-fb649562bf5e\/thumbnail.jpg\"\n\t\tyoutube=\"{&quot;noCookie&quot;:true,&quot;channelId&quot;:&quot;https:\\\/\\\/www.youtube.com\\\/expoflamenco&quot;,&quot;show_count&quot;:false}\"\n\t\tprovider-video-id=\"\"\n\t\tvideo-id=\"141\"\n\t\t\t\tvideo-attributes='{}'\n\t\tplaysinline\t\t\t\t>\n\t\t    \n\n\t<\/presto-player>\n<\/figure>\t\t<script type=\"application\/ld+json\">\n\t\t\t{\"@context\":\"https:\\\/\\\/schema.org\",\"@type\":\"VideoObject\",\"name\":\"CHEMI L\\u00d3PEZ.mp4\",\"thumbnailUrl\":\"https:\\\/\\\/vz-99514b26-dd1.b-cdn.net\\\/95c1126a-13dc-442e-a2a6-fb649562bf5e\\\/thumbnail.jpg\",\"uploadDate\":\"2026-04-16T14:41:45+02:00\",\"contentUrl\":\"https:\\\/\\\/vz-99514b26-dd1.b-cdn.net\\\/95c1126a-13dc-442e-a2a6-fb649562bf5e\\\/playlist.m3u8\"}\t\t<\/script>\n\t\t","protected":false,"gt_translate_keys":[{"key":"rendered","format":"html"}]},"excerpt":{"rendered":"<p>La publicaci\u00f3n en papel de libros sobre el arte flamenco sobrevive en plena era digital. Son muy variadas las tem\u00e1ticas, entre las que se encuentra el arduo y complejo mundo de la investigaci\u00f3n. En este campo se ha editado una de esas obras que se pueden se\u00f1alar como angulares. &#8216;El cante despu\u00e9s del cante&#8217; (La [&hellip;]<\/p>\n","protected":false,"gt_translate_keys":[{"key":"rendered","format":"html"}]},"author":62,"featured_media":71267,"comment_status":"open","ping_status":"open","sticky":false,"template":"","format":"standard","meta":{"_acf_changed":false,"pmpro_default_level":"","jnews-multi-image_gallery":[],"jnews_single_post":{"format":"standard"},"jnews_primary_category":[],"jnews_override_bookmark_settings":[],"jnews_social_meta":[],"jnews_review":[],"enable_review":"","type":"","name":"","summary":"","brand":"","sku":"","good":[],"bad":[],"score_override":"","override_value":"","rating":[],"price":[],"jnews_override_counter":[],"jnews_post_split":[],"footnotes":""},"categories":[46,2003,489],"tags":[2424,2870,2380,982,2876,2871,2872],"class_list":["post-71266","post","type-post","status-publish","format-standard","has-post-thumbnail","hentry","category-actualidad","category-espacio-expoflamenco","category-presentaciones","tag-chemi-lopez","tag-enrique-el-mellizo","tag-historia-del-flamenco","tag-joaquin-el-de-la-paula","tag-la-gitana-de-jerez","tag-la-serneta","tag-libros-de-flamenco","pmpro-has-access"],"acf":[],"aioseo_notices":[],"gt_translate_keys":[{"key":"link","format":"url"}],"_links":{"self":[{"href":"https:\/\/expoflamenco.com\/espacio\/wp-json\/wp\/v2\/posts\/71266","targetHints":{"allow":["GET"]}}],"collection":[{"href":"https:\/\/expoflamenco.com\/espacio\/wp-json\/wp\/v2\/posts"}],"about":[{"href":"https:\/\/expoflamenco.com\/espacio\/wp-json\/wp\/v2\/types\/post"}],"author":[{"embeddable":true,"href":"https:\/\/expoflamenco.com\/espacio\/wp-json\/wp\/v2\/users\/62"}],"replies":[{"embeddable":true,"href":"https:\/\/expoflamenco.com\/espacio\/wp-json\/wp\/v2\/comments?post=71266"}],"version-history":[{"count":1,"href":"https:\/\/expoflamenco.com\/espacio\/wp-json\/wp\/v2\/posts\/71266\/revisions"}],"predecessor-version":[{"id":71291,"href":"https:\/\/expoflamenco.com\/espacio\/wp-json\/wp\/v2\/posts\/71266\/revisions\/71291"}],"wp:featuredmedia":[{"embeddable":true,"href":"https:\/\/expoflamenco.com\/espacio\/wp-json\/wp\/v2\/media\/71267"}],"wp:attachment":[{"href":"https:\/\/expoflamenco.com\/espacio\/wp-json\/wp\/v2\/media?parent=71266"}],"wp:term":[{"taxonomy":"category","embeddable":true,"href":"https:\/\/expoflamenco.com\/espacio\/wp-json\/wp\/v2\/categories?post=71266"},{"taxonomy":"post_tag","embeddable":true,"href":"https:\/\/expoflamenco.com\/espacio\/wp-json\/wp\/v2\/tags?post=71266"}],"curies":[{"name":"wp","href":"https:\/\/api.w.org\/{rel}","templated":true}]}}