{"id":71200,"date":"2026-04-06T11:57:24","date_gmt":"2026-04-06T09:57:24","guid":{"rendered":"https:\/\/expoflamenco.com\/espacio\/?p=71200"},"modified":"2026-04-17T18:53:43","modified_gmt":"2026-04-17T16:53:43","slug":"argentina-utrera-flamenca-feten","status":"publish","type":"post","link":"https:\/\/expoflamenco.com\/espacio\/argentina-utrera-flamenca-feten\/","title":{"rendered":"Argentina, &#8216;Utrera Flamenco Fet\u00e9n&#8217;","gt_translate_keys":[{"key":"rendered","format":"text"}]},"content":{"rendered":"\n<p>Casualidades de la vida hicieron que nuestra invitada desembocar\u00e1 en los caminos flamencos que llevan a la bendita Utrera. Todo comenz\u00f3 durante el homenaje a El Cuchara en el Teatro Municipal Enrique de la Cuadra de la localidad sevillana. Invitada por el nieto del maestro, el guitarrista Pit\u00edn hijo, <strong>Argentina<\/strong> sinti\u00f3 desde el primer momento una conexi\u00f3n visceral, como si la propia historia del flamenco utrerano la llamara.<\/p>\n\n\n\n<p>Fruto de este flechazo art\u00edstico, la cantaora onubense decidi\u00f3 grabar en directo en el <strong>Espacio Fet\u00e9n de Utrera<\/strong> y de ah\u00ed surgi\u00f3 este trabajo (Sello LP Flamenco, 2025) lleno de atm\u00f3sfera y complicidad. Bajo la produccion de <strong>Luis Baeza<\/strong>, se trata de una personal visi\u00f3n de la int\u00e9rprete en homenaje a artista de la talla de Fernanda y Bernarda, Pepa, El Perrate o Bambino, tan s\u00f3lo por citar a algunos.<\/p>\n\n\n\n<p>La puesta de largo de &#8216;Utrera Flamenca Fet\u00e9n&#8217; tendr\u00e1 lugar en el<strong> Cartuja Center de Sevilla<\/strong>, el domingo 7 de junio pr\u00f3ximo, a las 20,00 horas y cuyas entradas pod\u00e9is adquirir online en este enlace:<\/p>\n\n\n\n<p><a href=\"https:\/\/cartujacenter.com\/show\/argentina-utrera-flamenco-feten\/\">ARGENTINA &#8211; UTRERA FLAMENCO FET\u00c9N &#8211; Cartuja Center CITE<\/a><\/p>\n\n\n\n<p>Si te gustan estos contenidos,&nbsp;<a href=\"https:\/\/expoflamenco.com\/membresias\/pago-de-membresias\/?pmpro_level=1\" target=\"_blank\" rel=\"noreferrer noopener\">Haz clic aqu\u00ed para registrarte como FAN<\/a>&nbsp;de forma gratuita y descubre el universo flamenco desde dentro. Te invitamos a qu\u00e9 formes parte de nuestra familia de expoflamencos repartidos por el mundo.<\/p>\n\n\n<!--presto-player:video_id=142--><figure class=\"wp-block-video presto-block-video  presto-provider-bunny\" style=\"--plyr-color-main: var(--presto-player-highlight-color, #da2b1f); --presto-player-logo-width: 394px; \">\n\t<presto-player \n\t\tpreset='{&quot;id&quot;:1,&quot;name&quot;:&quot;Default&quot;,&quot;slug&quot;:&quot;default&quot;,&quot;icon&quot;:&quot;format-video&quot;,&quot;skin&quot;:&quot;modern&quot;,&quot;play-large&quot;:true,&quot;rewind&quot;:true,&quot;play&quot;:true,&quot;fast-forward&quot;:true,&quot;progress&quot;:true,&quot;current-time&quot;:true,&quot;mute&quot;:true,&quot;volume&quot;:true,&quot;speed&quot;:false,&quot;pip&quot;:false,&quot;fullscreen&quot;:true,&quot;captions&quot;:false,&quot;reset_on_end&quot;:true,&quot;auto_hide&quot;:true,&quot;show_time_elapsed&quot;:false,&quot;captions_enabled&quot;:false,&quot;save_player_position&quot;:true,&quot;sticky_scroll&quot;:false,&quot;sticky_scroll_position&quot;:&quot;bottom right&quot;,&quot;on_video_end&quot;:&quot;select&quot;,&quot;play_video_viewport&quot;:false,&quot;hide_youtube&quot;:false,&quot;lazy_load_youtube&quot;:false,&quot;hide_logo&quot;:false,&quot;border_radius&quot;:0,&quot;caption_style&quot;:&quot;&quot;,&quot;caption_background&quot;:&quot;&quot;,&quot;is_locked&quot;:true,&quot;cta&quot;:[&quot;&quot;],&quot;watermark&quot;:[&quot;&quot;],&quot;search&quot;:[&quot;&quot;],&quot;email_collection&quot;:[&quot;&quot;],&quot;action_bar&quot;:[&quot;&quot;],&quot;created_by&quot;:1,&quot;created_at&quot;:&quot;2024-09-08 20:04:21&quot;,&quot;updated_at&quot;:&quot;2024-09-08 20:04:21&quot;,&quot;deleted_at&quot;:&quot;&quot;}'\n\t\tbranding='{&quot;logo&quot;:&quot;&quot;,&quot;color&quot;:&quot;#da2b1f&quot;,&quot;logo_width&quot;:394,&quot;player_css&quot;:&quot;&quot;}'\n\t\tchapters='[]'\n\t\toverlays='[]'\n\t\ttracks='[]'\n\t\tblock-attributes='{&quot;playsInline&quot;:true,&quot;id&quot;:142,&quot;src&quot;:&quot;https:\\\/\\\/vz-99514b26-dd1.b-cdn.net\\\/f059c9be-6214-46eb-a3f4-4e8993f5142c\\\/playlist.m3u8&quot;,&quot;preset&quot;:1,&quot;thumbnail&quot;:&quot;https:\\\/\\\/vz-99514b26-dd1.b-cdn.net\\\/f059c9be-6214-46eb-a3f4-4e8993f5142c\\\/thumbnail.jpg&quot;,&quot;preview&quot;:&quot;https:\\\/\\\/vz-99514b26-dd1.b-cdn.net\\\/f059c9be-6214-46eb-a3f4-4e8993f5142c\\\/preview.webp&quot;,&quot;visibility&quot;:&quot;public&quot;,&quot;color&quot;:&quot;#00b3ff&quot;,&quot;mutedPreview&quot;:{&quot;enabled&quot;:false,&quot;captions&quot;:false},&quot;mutedOverlay&quot;:{&quot;enabled&quot;:false,&quot;src&quot;:&quot;&quot;,&quot;width&quot;:200,&quot;focalPoint&quot;:{&quot;x&quot;:0.5,&quot;y&quot;:0.5}},&quot;mutedOverlayType&quot;:&quot;text&quot;,&quot;mutedOverlayText&quot;:&quot;Click to play&quot;,&quot;mutedOverlayImageWidth&quot;:200,&quot;chapters&quot;:[],&quot;overlays&quot;:[],&quot;tracks&quot;:[],&quot;title&quot;:&quot;ARGENTINA.mp4&quot;}'\n\t\tanalytics='1'\n\t\tautomations\t\tprovider='bunny'\n\t\t\t\tid=\"presto-player-1\"\n\t\tsrc=\"https:\/\/vz-99514b26-dd1.b-cdn.net\/f059c9be-6214-46eb-a3f4-4e8993f5142c\/playlist.m3u8\"\n\t\tmedia-title=\"ARGENTINA.mp4\"\n\t\tcss=\"\"\n\t\tclass=\"presto-video-id-142 presto-preset-id-1 skin-modern\"\n\t\tskin=\"modern\" \n\t\ticon-url=\"https:\/\/expoflamenco.com\/espacio\/wp-content\/plugins\/presto-player\/img\/sprite.svg\" \n\t\tpreload=\"\" \n\t\tposter=\"https:\/\/vz-99514b26-dd1.b-cdn.net\/f059c9be-6214-46eb-a3f4-4e8993f5142c\/thumbnail.jpg\"\n\t\tyoutube=\"{&quot;noCookie&quot;:true,&quot;channelId&quot;:&quot;https:\\\/\\\/www.youtube.com\\\/expoflamenco&quot;,&quot;show_count&quot;:false}\"\n\t\tprovider-video-id=\"\"\n\t\tvideo-id=\"142\"\n\t\t\t\tvideo-attributes='{}'\n\t\tplaysinline\t\t\t\t>\n\t\t    \n\n\t<\/presto-player>\n<\/figure>\t\t<script type=\"application\/ld+json\">\n\t\t\t{\"@context\":\"https:\\\/\\\/schema.org\",\"@type\":\"VideoObject\",\"name\":\"ARGENTINA.mp4\",\"thumbnailUrl\":\"https:\\\/\\\/vz-99514b26-dd1.b-cdn.net\\\/f059c9be-6214-46eb-a3f4-4e8993f5142c\\\/thumbnail.jpg\",\"uploadDate\":\"2026-04-17T20:53:40+02:00\",\"contentUrl\":\"https:\\\/\\\/vz-99514b26-dd1.b-cdn.net\\\/f059c9be-6214-46eb-a3f4-4e8993f5142c\\\/playlist.m3u8\"}\t\t<\/script>\n\t\t","protected":false,"gt_translate_keys":[{"key":"rendered","format":"html"}]},"excerpt":{"rendered":"<p>Casualidades de la vida hicieron que nuestra invitada desembocar\u00e1 en los caminos flamencos que llevan a la bendita Utrera. Todo comenz\u00f3 durante el homenaje a El Cuchara en el Teatro Municipal Enrique de la Cuadra de la localidad sevillana. Invitada por el nieto del maestro, el guitarrista Pit\u00edn hijo, Argentina sinti\u00f3 desde el primer momento [&hellip;]<\/p>\n","protected":false,"gt_translate_keys":[{"key":"rendered","format":"html"}]},"author":62,"featured_media":71271,"comment_status":"open","ping_status":"open","sticky":false,"template":"","format":"standard","meta":{"_acf_changed":false,"pmpro_default_level":"","jnews-multi-image_gallery":[],"jnews_single_post":{"format":"standard"},"jnews_primary_category":[],"jnews_override_bookmark_settings":[],"jnews_social_meta":[],"jnews_review":[],"enable_review":"","type":"","name":"","summary":"","brand":"","sku":"","good":[],"bad":[],"score_override":"","override_value":"","rating":[],"price":[],"jnews_override_counter":[],"jnews_post_split":[],"footnotes":""},"categories":[46,2003,489],"tags":[1187,1229,2845,2561,2641,2846],"class_list":["post-71200","post","type-post","status-publish","format-standard","has-post-thumbnail","hentry","category-actualidad","category-espacio-expoflamenco","category-presentaciones","tag-argentina","tag-cartuja-center","tag-el-cuchara","tag-flamenco-internacional","tag-jose-merce-2","tag-utrera-feten","pmpro-has-access"],"acf":[],"aioseo_notices":[],"gt_translate_keys":[{"key":"link","format":"url"}],"_links":{"self":[{"href":"https:\/\/expoflamenco.com\/espacio\/wp-json\/wp\/v2\/posts\/71200","targetHints":{"allow":["GET"]}}],"collection":[{"href":"https:\/\/expoflamenco.com\/espacio\/wp-json\/wp\/v2\/posts"}],"about":[{"href":"https:\/\/expoflamenco.com\/espacio\/wp-json\/wp\/v2\/types\/post"}],"author":[{"embeddable":true,"href":"https:\/\/expoflamenco.com\/espacio\/wp-json\/wp\/v2\/users\/62"}],"replies":[{"embeddable":true,"href":"https:\/\/expoflamenco.com\/espacio\/wp-json\/wp\/v2\/comments?post=71200"}],"version-history":[{"count":1,"href":"https:\/\/expoflamenco.com\/espacio\/wp-json\/wp\/v2\/posts\/71200\/revisions"}],"predecessor-version":[{"id":71274,"href":"https:\/\/expoflamenco.com\/espacio\/wp-json\/wp\/v2\/posts\/71200\/revisions\/71274"}],"wp:featuredmedia":[{"embeddable":true,"href":"https:\/\/expoflamenco.com\/espacio\/wp-json\/wp\/v2\/media\/71271"}],"wp:attachment":[{"href":"https:\/\/expoflamenco.com\/espacio\/wp-json\/wp\/v2\/media?parent=71200"}],"wp:term":[{"taxonomy":"category","embeddable":true,"href":"https:\/\/expoflamenco.com\/espacio\/wp-json\/wp\/v2\/categories?post=71200"},{"taxonomy":"post_tag","embeddable":true,"href":"https:\/\/expoflamenco.com\/espacio\/wp-json\/wp\/v2\/tags?post=71200"}],"curies":[{"name":"wp","href":"https:\/\/api.w.org\/{rel}","templated":true}]}}