{"id":70871,"date":"2025-12-17T11:02:44","date_gmt":"2025-12-17T10:02:44","guid":{"rendered":"https:\/\/expoflamenco.com\/espacio\/?p=70871"},"modified":"2025-12-18T12:31:40","modified_gmt":"2025-12-18T11:31:40","slug":"convocada-ruta-por-la-navidad-de-jerez-para-este-lunes-22-de-diciembre","status":"publish","type":"post","link":"https:\/\/expoflamenco.com\/espacio\/convocada-ruta-por-la-navidad-de-jerez-para-este-lunes-22-de-diciembre\/","title":{"rendered":"Convocada Ruta por la Navidad de Jerez para este lunes 22 de diciembre","gt_translate_keys":[{"key":"rendered","format":"text"}]},"content":{"rendered":"\n<p>Se trata de una variante de nuestro tradicional recorrido cultural por las entra\u00f1as del viejo Xerez. Con la misma filosof\u00ed\u00ada de ir comentando los monumentos y plazas que van saliendo al paso pero, en esta ocasi\u00f3n, centr\u00e1ndonos en motivos alusivos a la Navidad y buscando algunos rincones que guardan relaci\u00f3n con la Navidad. La novedad es que ser\u00e1 una ruta interactiva con algunas coplas de Nochebuena alusivas al recorrido preparado al efecto. La ruta est\u00e1 dedicada a la candidatura de Jerez como Capital Europea de la Cultura 2031.<\/p>\n\n\n\n<p>Un itinerario que nos permitir\u00e1 desglosar <strong>algunas claves y curiosidades de la forma de vivir la Navidad en Jerez.<\/strong> La intrahistoria de una cita que se ha convertido en internacional. Por supuesto, teniendo muy en cuenta romances y villancicos que se ir\u00e1n explicando durante la ruta en los momentos propicios para ello, como se ha mencionado m\u00e1s arriba. De ah\u00ed que sea importante llevar auriculares para el tel\u00e9fono m\u00f3vil de cada participante. .<\/p>\n\n\n\n<p>Cu\u00e1ndo:&nbsp;<strong>lunes 22 de diciembre de 2025, a las 18.00 horas<\/strong><\/p>\n\n\n\n<p>Punto de inicio ruta:&nbsp;<strong>Bel\u00e9n Municipal de Santo Domingo (Alameda Cristina) 18.00 horas<\/strong><\/p>\n\n\n\n<p>Punto final:&nbsp;<strong>Espacio Expoflamenco (19.30 horas aproximadamente) Convivencia y degustaci\u00f3n.<\/strong><\/p>\n\n\n\n<p>Dirige: Jos\u00e9 Mar\u00ed\u00ada Casta\u00f1o<\/p>\n\n\n\n<p>Necesaria reserva y se recomienda llevar auriculares para los m\u00f3viles al ser una ruta interactiva con villancicos<\/p>\n\n\n\n<p><span style=\"text-decoration: underline\">CONTENIDOS DE LA RUTA ESPECIAL POR LA NAVIDAD DE JEREZ <\/span><\/p>\n\n\n\n<p>All\u00ed\u00ad, haremos un<strong> coloquio<\/strong> de lo vivido y de c\u00f3mo ha evolucionado esta multitudinaria fiesta en la ciudad. Como siempre, acompa\u00f1ados de los vinos de la tierra y de alg\u00fan producto de la \u00e9poca.<\/p>\n\n\n\n<p>Toda la actividad en conjunto: ruta + coloquio + degustaci\u00f3n de vinos y dem\u00e1s s\u00f3lo tendr\u00e1n como precio&nbsp;<strong>10 euros por participante.&nbsp;<\/strong>Eso s\u00ed\u00ad, las plazas son muy limitadas.<\/p>\n\n\n\n<p>Para reservas e informaci\u00f3n hay que rellenar este formulario:<\/p>\n\n\n\n<p class=\"has-vivid-cyan-blue-color has-text-color has-link-color wp-elements-d9c5fe48fdcba4f1c62aafd7625948bb\"><a href=\"https:\/\/expoflamenco.shop\/products\/ruta-del-duende-por-jerez-especial-navidad?_pos=4&amp;_psq=ruta&amp;_ss=e&amp;_v=1.0\">Ruta del duende por Jerez, especial Navidad \u2013 ExpoFlamenco &#8211; Tu tienda de Flamenco y espacio cultural en Jerez<\/a><\/p>\n\n\n\n<p>O llamar, en horario comercial, al n\u00famero de tel\u00e9fono:&nbsp;<strong>673 65 10 42&nbsp;<\/strong>&nbsp;o escribir al correo electr\u00f3nico:&nbsp;<a href=\"mailto:espacio@expoflamenco.com\" target=\"_blank\" rel=\"noreferrer noopener\">espacio@expoflamenco.com<\/a><\/p>\n\n\n<div class=\"wp-block-image\">\n<figure class=\"aligncenter size-full is-resized\"><img decoding=\"async\" width=\"819\" height=\"1024\" src=\"https:\/\/expoflamenco.com\/espacio\/wp-content\/uploads\/sites\/25\/2025\/12\/2025-12-12-RUTA-NAVIDAD-RRSS.jpg\" alt=\"\" class=\"wp-image-70874\" style=\"aspect-ratio:0.7998074299927787;width:697px;height:auto\" \/><figcaption class=\"wp-element-caption\">Cartel completo de la convocatoria<\/figcaption><\/figure>\n<\/div>\n\n\n<p><\/p>\n","protected":false,"gt_translate_keys":[{"key":"rendered","format":"html"}]},"excerpt":{"rendered":"<p>Se trata de una variante de nuestro tradicional recorrido cultural por las entra\u00f1as del viejo Xerez. Con la misma filosof\u00ed\u00ada de ir comentando los monumentos y plazas que van saliendo al paso pero, en esta ocasi\u00f3n, centr\u00e1ndonos en motivos alusivos a la Navidad y buscando algunos rincones que guardan relaci\u00f3n con la Navidad. La novedad [&hellip;]<\/p>\n","protected":false,"gt_translate_keys":[{"key":"rendered","format":"html"}]},"author":62,"featured_media":70876,"comment_status":"open","ping_status":"open","sticky":false,"template":"","format":"standard","meta":{"_acf_changed":false,"pmpro_default_level":"","jnews-multi-image_gallery":[],"jnews_single_post":{"format":"standard"},"jnews_primary_category":[],"jnews_override_bookmark_settings":[],"jnews_social_meta":[],"jnews_review":[],"enable_review":"","type":"","name":"","summary":"","brand":"","sku":"","good":[],"bad":[],"score_override":"","override_value":"","rating":[],"price":[],"jnews_override_counter":[],"jnews_post_split":[],"footnotes":""},"categories":[46,2273,2003],"tags":[2792],"class_list":["post-70871","post","type-post","status-publish","format-standard","has-post-thumbnail","hentry","category-actualidad","category-articulos","category-espacio-expoflamenco","tag-ruta-por-la-navidad-de-jerez","pmpro-has-access"],"acf":[],"aioseo_notices":[],"gt_translate_keys":[{"key":"link","format":"url"}],"_links":{"self":[{"href":"https:\/\/expoflamenco.com\/espacio\/wp-json\/wp\/v2\/posts\/70871","targetHints":{"allow":["GET"]}}],"collection":[{"href":"https:\/\/expoflamenco.com\/espacio\/wp-json\/wp\/v2\/posts"}],"about":[{"href":"https:\/\/expoflamenco.com\/espacio\/wp-json\/wp\/v2\/types\/post"}],"author":[{"embeddable":true,"href":"https:\/\/expoflamenco.com\/espacio\/wp-json\/wp\/v2\/users\/62"}],"replies":[{"embeddable":true,"href":"https:\/\/expoflamenco.com\/espacio\/wp-json\/wp\/v2\/comments?post=70871"}],"version-history":[{"count":1,"href":"https:\/\/expoflamenco.com\/espacio\/wp-json\/wp\/v2\/posts\/70871\/revisions"}],"predecessor-version":[{"id":70881,"href":"https:\/\/expoflamenco.com\/espacio\/wp-json\/wp\/v2\/posts\/70871\/revisions\/70881"}],"wp:featuredmedia":[{"embeddable":true,"href":"https:\/\/expoflamenco.com\/espacio\/wp-json\/wp\/v2\/media\/70876"}],"wp:attachment":[{"href":"https:\/\/expoflamenco.com\/espacio\/wp-json\/wp\/v2\/media?parent=70871"}],"wp:term":[{"taxonomy":"category","embeddable":true,"href":"https:\/\/expoflamenco.com\/espacio\/wp-json\/wp\/v2\/categories?post=70871"},{"taxonomy":"post_tag","embeddable":true,"href":"https:\/\/expoflamenco.com\/espacio\/wp-json\/wp\/v2\/tags?post=70871"}],"curies":[{"name":"wp","href":"https:\/\/api.w.org\/{rel}","templated":true}]}}