{"id":70806,"date":"2025-12-03T16:02:29","date_gmt":"2025-12-03T15:02:29","guid":{"rendered":"https:\/\/expoflamenco.com\/espacio\/?p=70806"},"modified":"2025-12-03T16:02:30","modified_gmt":"2025-12-03T15:02:30","slug":"tyler-barbour-los-escritores-y-el-flamenco-la-lucha-antifranquista-1967-1978","status":"publish","type":"post","link":"https:\/\/expoflamenco.com\/espacio\/tyler-barbour-los-escritores-y-el-flamenco-la-lucha-antifranquista-1967-1978\/","title":{"rendered":"Tyler Barbour,\u00a0\u2018Los escritores y el flamenco: la lucha antifranquista (1967 \u2013 1978)\u2019","gt_translate_keys":[{"key":"rendered","format":"text"}]},"content":{"rendered":"\n<p>Nuestro invitado es <strong>Doctor en Artes y Humanidades por la Universidad de C\u00e1diz<\/strong>, adem\u00e1s de colaborador en esta casa. Naci\u00f3 en San Diego (EE.UU) y su amor por el flamenco lo llev\u00f3 hasta Andaluc\u00eda para vivir en primera persona los misterios del arte jondo. As\u00ed mismo, pertenece al grupo de investigaci\u00f3n &#8216;Estudios Contempor\u00e1neos de la Literatura Espa\u00f1ola&#8217;, una vocaci\u00f3n docente que lo llev\u00f3 a interesarse por el cuerpo literario de los estilos flamencos.<\/p>\n\n\n\n<p>De ah\u00ed nace el libro que vino a presentarnos y que lleva por t\u00edtulo <strong>&#8216;Los escritores y el flamenco: la lucha antifranquista (1967-1978)&#8217;,<\/strong> editado por el Servicio de Publicaciones de la UCA en 2025. Una rigurosa investigaci\u00f3n, en un per\u00edodo convulso, durante el cual escritores, letristas y cantaores reflejaron en el flamenco sus inquietudes m\u00e1s contestatarias.<\/p>\n\n\n\n<p>Por otro lado, si te gustan estos contenidos,\u00a0<a href=\"https:\/\/expoflamenco.com\/membresias\/pago-de-membresias\/?pmpro_level=1\" target=\"_blank\" rel=\"noreferrer noopener\">Haz clic aqu\u00ed para registrarte como FAN<\/a>\u00a0de forma gratuita y descubre el universo flamenco desde dentro. Te invitamos a que formes parte de nuestra familia de expoflamencos repartidos por el mundo.<\/p>\n\n\n<!--presto-player:video_id=111--><figure class=\"wp-block-video presto-block-video  presto-provider-bunny\" style=\"--plyr-color-main: var(--presto-player-highlight-color, #da2b1f); --presto-player-logo-width: 394px; \">\n\t<presto-player \n\t\tpreset='{&quot;id&quot;:1,&quot;name&quot;:&quot;Default&quot;,&quot;slug&quot;:&quot;default&quot;,&quot;icon&quot;:&quot;format-video&quot;,&quot;skin&quot;:&quot;modern&quot;,&quot;play-large&quot;:true,&quot;rewind&quot;:true,&quot;play&quot;:true,&quot;fast-forward&quot;:true,&quot;progress&quot;:true,&quot;current-time&quot;:true,&quot;mute&quot;:true,&quot;volume&quot;:true,&quot;speed&quot;:false,&quot;pip&quot;:false,&quot;fullscreen&quot;:true,&quot;captions&quot;:false,&quot;reset_on_end&quot;:true,&quot;auto_hide&quot;:true,&quot;show_time_elapsed&quot;:false,&quot;captions_enabled&quot;:false,&quot;save_player_position&quot;:true,&quot;sticky_scroll&quot;:false,&quot;sticky_scroll_position&quot;:&quot;bottom right&quot;,&quot;on_video_end&quot;:&quot;select&quot;,&quot;play_video_viewport&quot;:false,&quot;hide_youtube&quot;:false,&quot;lazy_load_youtube&quot;:false,&quot;hide_logo&quot;:false,&quot;border_radius&quot;:0,&quot;caption_style&quot;:&quot;&quot;,&quot;caption_background&quot;:&quot;&quot;,&quot;is_locked&quot;:true,&quot;cta&quot;:[&quot;&quot;],&quot;watermark&quot;:[&quot;&quot;],&quot;search&quot;:[&quot;&quot;],&quot;email_collection&quot;:[&quot;&quot;],&quot;action_bar&quot;:[&quot;&quot;],&quot;created_by&quot;:1,&quot;created_at&quot;:&quot;2024-09-08 20:04:21&quot;,&quot;updated_at&quot;:&quot;2024-09-08 20:04:21&quot;,&quot;deleted_at&quot;:&quot;&quot;}'\n\t\tbranding='{&quot;logo&quot;:&quot;&quot;,&quot;color&quot;:&quot;#da2b1f&quot;,&quot;logo_width&quot;:394,&quot;player_css&quot;:&quot;&quot;}'\n\t\tchapters='[]'\n\t\toverlays='[]'\n\t\ttracks='[]'\n\t\tblock-attributes='{&quot;playsInline&quot;:true,&quot;id&quot;:111,&quot;src&quot;:&quot;https:\\\/\\\/vz-99514b26-dd1.b-cdn.net\\\/0dd86198-5c19-4313-8f23-3c7524c52ebe\\\/playlist.m3u8&quot;,&quot;preset&quot;:1,&quot;thumbnail&quot;:&quot;https:\\\/\\\/vz-99514b26-dd1.b-cdn.net\\\/0dd86198-5c19-4313-8f23-3c7524c52ebe\\\/thumbnail.jpg&quot;,&quot;preview&quot;:&quot;https:\\\/\\\/vz-99514b26-dd1.b-cdn.net\\\/0dd86198-5c19-4313-8f23-3c7524c52ebe\\\/preview.webp&quot;,&quot;visibility&quot;:&quot;public&quot;,&quot;color&quot;:&quot;#00b3ff&quot;,&quot;mutedPreview&quot;:{&quot;enabled&quot;:false,&quot;captions&quot;:false},&quot;mutedOverlay&quot;:{&quot;enabled&quot;:false,&quot;src&quot;:&quot;&quot;,&quot;width&quot;:200,&quot;focalPoint&quot;:{&quot;x&quot;:0.5,&quot;y&quot;:0.5}},&quot;mutedOverlayType&quot;:&quot;text&quot;,&quot;mutedOverlayText&quot;:&quot;Click to play&quot;,&quot;mutedOverlayImageWidth&quot;:200,&quot;chapters&quot;:[],&quot;overlays&quot;:[],&quot;tracks&quot;:[],&quot;title&quot;:&quot;TYLER BARBOUR.mp4&quot;}'\n\t\tanalytics='1'\n\t\tautomations\t\tprovider='bunny'\n\t\t\t\tid=\"presto-player-1\"\n\t\tsrc=\"https:\/\/vz-99514b26-dd1.b-cdn.net\/0dd86198-5c19-4313-8f23-3c7524c52ebe\/playlist.m3u8\"\n\t\tmedia-title=\"TYLER BARBOUR.mp4\"\n\t\tcss=\"\"\n\t\tclass=\"presto-video-id-111 presto-preset-id-1 skin-modern\"\n\t\tskin=\"modern\" \n\t\ticon-url=\"https:\/\/expoflamenco.com\/espacio\/wp-content\/plugins\/presto-player\/img\/sprite.svg\" \n\t\tpreload=\"\" \n\t\tposter=\"https:\/\/vz-99514b26-dd1.b-cdn.net\/0dd86198-5c19-4313-8f23-3c7524c52ebe\/thumbnail.jpg\"\n\t\tyoutube=\"{&quot;noCookie&quot;:true,&quot;channelId&quot;:&quot;https:\\\/\\\/www.youtube.com\\\/expoflamenco&quot;,&quot;show_count&quot;:false}\"\n\t\tprovider-video-id=\"\"\n\t\tvideo-id=\"111\"\n\t\t\t\tvideo-attributes='{}'\n\t\tplaysinline\t\t\t\t>\n\t\t    \n\n\t<\/presto-player>\n<\/figure>\t\t<script type=\"application\/ld+json\">\n\t\t\t{\"@context\":\"https:\\\/\\\/schema.org\",\"@type\":\"VideoObject\",\"name\":\"TYLER BARBOUR.mp4\",\"thumbnailUrl\":\"https:\\\/\\\/vz-99514b26-dd1.b-cdn.net\\\/0dd86198-5c19-4313-8f23-3c7524c52ebe\\\/thumbnail.jpg\",\"uploadDate\":\"2025-11-26T13:32:38+01:00\",\"contentUrl\":\"https:\\\/\\\/vz-99514b26-dd1.b-cdn.net\\\/0dd86198-5c19-4313-8f23-3c7524c52ebe\\\/playlist.m3u8\"}\t\t<\/script>\n\t\t","protected":false,"gt_translate_keys":[{"key":"rendered","format":"html"}]},"excerpt":{"rendered":"<p>Nuestro invitado es Doctor en Artes y Humanidades por la Universidad de C\u00e1diz, adem\u00e1s de colaborador en esta casa. Naci\u00f3 en San Diego (EE.UU) y su amor por el flamenco lo llev\u00f3 hasta Andaluc\u00eda para vivir en primera persona los misterios del arte jondo. As\u00ed mismo, pertenece al grupo de investigaci\u00f3n &#8216;Estudios Contempor\u00e1neos de la [&hellip;]<\/p>\n","protected":false,"gt_translate_keys":[{"key":"rendered","format":"html"}]},"author":62,"featured_media":70807,"comment_status":"open","ping_status":"open","sticky":false,"template":"","format":"standard","meta":{"_acf_changed":false,"pmpro_default_level":"","jnews-multi-image_gallery":[],"jnews_single_post":{"format":"standard","jnews_video_option_group":[[]],"override":[{"template":"1","parallax":"1","fullscreen":"1","layout":"right-sidebar","sidebar":"default-sidebar","second_sidebar":"default-sidebar","sticky_sidebar":"1","share_position":"bottom","share_float_style":"share-monocrhome","show_featured":"1","show_post_meta":"1","show_post_author_image":"1","show_post_date":"1","post_date_format":"default","post_date_format_custom":"Y\/m\/d","show_post_reading_time":"1","post_reading_time_wpm":"250","post_calculate_word_method":"str_word_count","show_zoom_button":"1","zoom_button_out_step":"2","zoom_button_in_step":"3","show_popup_post":"1","show_comment_section":"1","number_popup_post":"1","show_author_box":"0","show_post_related":"1"}],"image_override":[{"single_post_thumbnail_size":"no-crop","single_post_gallery_size":"crop-500"}],"trending_post_position":"meta","trending_post_label":"Trending","sponsored_post_label":"Sponsored by","disable_ad":"0"},"jnews_primary_category":[],"jnews_override_bookmark_settings":{"override_bookmark_button":"0","override_show_bookmark_button":"0"},"jnews_social_meta":[],"jnews_review":[],"enable_review":"","type":"","name":"","summary":"","brand":"","sku":"","good":[],"bad":[],"score_override":"","override_value":"","rating":[],"price":[],"jnews_override_counter":{"view_counter_number":"0","share_counter_number":"0","like_counter_number":"0","dislike_counter_number":"0"},"jnews_post_split":{"post_split":[{"template":"1","tag":"h2","numbering":"asc","mode":"normal","first":"0","enable_toc":"0","toc_type":"normal"}]},"footnotes":""},"categories":[46,2003,489],"tags":[2776,2279,2778,2775,1968,713,2774],"class_list":["post-70806","post","type-post","status-publish","format-standard","has-post-thumbnail","hentry","category-actualidad","category-espacio-expoflamenco","category-presentaciones","tag-diego-clavel","tag-enrique-morente-2","tag-flamenco-antifranquista","tag-francisco-tierno-galvan","tag-jose-menese","tag-manuel-gerena","tag-tyler-barbour","pmpro-has-access"],"acf":[],"aioseo_notices":[],"gt_translate_keys":[{"key":"link","format":"url"}],"_links":{"self":[{"href":"https:\/\/expoflamenco.com\/espacio\/wp-json\/wp\/v2\/posts\/70806","targetHints":{"allow":["GET"]}}],"collection":[{"href":"https:\/\/expoflamenco.com\/espacio\/wp-json\/wp\/v2\/posts"}],"about":[{"href":"https:\/\/expoflamenco.com\/espacio\/wp-json\/wp\/v2\/types\/post"}],"author":[{"embeddable":true,"href":"https:\/\/expoflamenco.com\/espacio\/wp-json\/wp\/v2\/users\/62"}],"replies":[{"embeddable":true,"href":"https:\/\/expoflamenco.com\/espacio\/wp-json\/wp\/v2\/comments?post=70806"}],"version-history":[{"count":1,"href":"https:\/\/expoflamenco.com\/espacio\/wp-json\/wp\/v2\/posts\/70806\/revisions"}],"predecessor-version":[{"id":70850,"href":"https:\/\/expoflamenco.com\/espacio\/wp-json\/wp\/v2\/posts\/70806\/revisions\/70850"}],"wp:featuredmedia":[{"embeddable":true,"href":"https:\/\/expoflamenco.com\/espacio\/wp-json\/wp\/v2\/media\/70807"}],"wp:attachment":[{"href":"https:\/\/expoflamenco.com\/espacio\/wp-json\/wp\/v2\/media?parent=70806"}],"wp:term":[{"taxonomy":"category","embeddable":true,"href":"https:\/\/expoflamenco.com\/espacio\/wp-json\/wp\/v2\/categories?post=70806"},{"taxonomy":"post_tag","embeddable":true,"href":"https:\/\/expoflamenco.com\/espacio\/wp-json\/wp\/v2\/tags?post=70806"}],"curies":[{"name":"wp","href":"https:\/\/api.w.org\/{rel}","templated":true}]}}