{"id":64258,"date":"2024-11-18T11:09:15","date_gmt":"2024-11-18T10:09:15","guid":{"rendered":"https:\/\/expoflamenco.com\/espacio\/?p=64258"},"modified":"2024-11-18T11:26:04","modified_gmt":"2024-11-18T10:26:04","slug":"agenda-espacio-expoflamenco-del-15-al-30-de-noviembre-2024","status":"publish","type":"post","link":"https:\/\/expoflamenco.com\/espacio\/agenda-espacio-expoflamenco-del-15-al-30-de-noviembre-2024\/","title":{"rendered":"Agenda Espacio expoflamenco del 15 al 30 de noviembre 2024","gt_translate_keys":[{"key":"rendered","format":"text"}]},"content":{"rendered":"\n<p>De la celebraci\u00f3n del D\u00eda Mundial del Flamenco a las primeras zambombas navide\u00f1as hay un paso. Y ese paso, contado en una quincena, lo vamos a dar llenos de ilusi\u00f3n y de alicientes para compartir nuestra cultura flamenca con toda la familia de expoflamencos del mundo. Aqu\u00ed la relaci\u00f3n de encuentros y actividades. (En portada, la composici\u00f3n Figuras Flamencas de Patricio Hidalgo, quien expondr\u00e1 sus cuadros en nuestra sede de Jerez)<\/p>\n\n\n\n<p><span style=\"text-decoration: underline\">Viernes, 15 de noviembre.<\/span>&#8211;<strong> Academia de baile flamenco.<\/strong> 17,30 a 18,45 (clases de sevillanas) y de 18,45 a 20,00 horas (clases de buler\u00edas, nivel b\u00e1sico o de iniciaci\u00f3n). Impartidas por la profesora Marga Flores.<\/p>\n\n\n\n<p><span style=\"text-decoration: underline\">S\u00e1bado, 16 de noviembre.- 12.30 horas.<\/span> D\u00eda Internacional del Flamenco con la presencia del pianista <strong>David Pe\u00f1a Dorantes.<\/strong> El artista lebrijano e internacionalmente conocido presentar\u00e1 en nuestra sede su espect\u00e1culo \u2018Scarlattianas\u2019 que ser\u00e1 representado en el Teatro Villamarta de Jerez el pr\u00f3ximo 22 de noviembre. Este particular homenaje a Domenico Scarlatti fue estrenado oficialmente en la pasada edici\u00f3n de la Bienal de Sevilla. Con todas las personas que se acerquen a saludar a Dorantes, brindaremos con un jerez para celebrar tan se\u00f1alado d\u00eda para nuestro arte.<\/p>\n\n\n\n<p><span style=\"text-decoration: underline\">Lunes, 18 de noviembre. 18.00 a 19.30 horas.-<\/span> <strong>Academia de guitarra<\/strong>. Inauguraci\u00f3n de las clases de guitarra con el profesor Javier Patino. Comenzamos con todos los niveles, adaptados a cada alumno. La primera clase es libre y gratuita.<\/p>\n\n\n\n<p><span style=\"text-decoration: underline\">Martes, 19 de noviembre.- 12.00 horas.<\/span> Entrevista con el cantaor extreme\u00f1o<strong> Francisco Escudero \u2018El Perrete\u2019, P<\/strong>remio Nacional de Cante en C\u00f3rdoba y mantenedor de la escuela de su tierra. Entre otros muchos temas, conversaremos sobre su obra \u2018Binomio\u2019 que ha publicado junto al guitarrista Rub\u00e9n Levaniegos.<\/p>\n\n\n\n<p><span style=\"text-decoration: underline\">Martes, 19 de noviembre.- 12.30 horas.<\/span>&#8211; Encuentro con <strong>Fernando Moreno<\/strong>, guitarrista jerezano y profesor con toda una trayectoria impecable acompa\u00f1ando a los m\u00e1s grandes del cante. Adem\u00e1s, hay que rese\u00f1ar una labor muy importante con la cantera de j\u00f3venes valores, la mayor\u00eda de ellos son hoy acreditados artistas. (Viene aplazada del d\u00eda 14 de noviembre por la alerta naranja por la DANA)<\/p>\n\n\n\n<p><span style=\"text-decoration: underline\">Martes, 19 de noviembre.<\/span>&#8211; Colaboramos con el Curso de Ense\u00f1anza del Cante Flamenco de la Pe\u00f1a T\u00edo Jos\u00e9 de Paula de Jerez. En nuestra representaci\u00f3n all\u00ed estar\u00e1 el compa\u00f1ero Jos\u00e9 Mar\u00eda Casta\u00f1o para honrar la memoria de Antonia Gilibert Vargas <strong>\u2018Perla de C\u00e1diz\u2019<\/strong> en el centenario de su nacimiento.<\/p>\n\n\n\n<p><span style=\"text-decoration: underline\">Mi\u00e9rcoles, 20 de noviembre. 18.00 a 19.30 horas.-<\/span><strong><span style=\"text-decoration: underline\"> <\/span>Academia Percusi\u00f3n Flamenca.<\/strong> Clases de caj\u00f3n flamenco con El Cepillo de Sanl\u00facar. Comenzamos con todos los niveles, adaptados a cada alumno. La primera clase es libre y gratuita.<\/p>\n\n\n\n<p><span style=\"text-decoration: underline\">Jueves 21 de noviembre.- 17.30 horas. <\/span>Presentaci\u00f3n oficial en nuestra sede de la <strong>zambomba solidaria Kriatura <\/strong>en Navidad, a beneficio de la Asociaci\u00f3n Espa\u00f1ola contra el C\u00e1ncer y C\u00e1ritas Diocesana de Jerez. Se celebrar\u00e1 en la Sala Pa\u00fal de Jerez el d\u00eda 5 de diciembre. Acudir\u00e1n Kirstine Hastrup y Noelia B. Torrecilla.<\/p>\n\n\n\n<p><span style=\"text-decoration: underline\">Jueves 21 de noviembre.- 18.00 horas<\/span>. Encuentro con la cantaora sanluque\u00f1a<strong> Naike Ponce,<\/strong> quien entre otros proyectos, nos presentar\u00e1 su espect\u00e1culo \u2018Maestros. Copla y Flamenco\u2019, Una cita que se celebrar\u00e1 en el Auditorio Manolo Sanl\u00facar de su ciudad el pr\u00f3ximo 22 de noviembre junto a grandes artistas y compa\u00f1eros.<\/p>\n\n\n<div class=\"wp-block-image\">\n<figure class=\"aligncenter size-large is-resized\"><img decoding=\"async\" width=\"1024\" height=\"1024\" src=\"https:\/\/expoflamenco.com\/espacio\/wp-content\/uploads\/sites\/25\/2024\/11\/cartelacademia-tienda-con-info-1024x1024.webp\" alt=\"Cartel Academia\" class=\"wp-image-60098\" style=\"width:488px;height:auto\" srcset=\"https:\/\/expoflamenco.com\/espacio\/wp-content\/uploads\/sites\/25\/2024\/11\/cartelacademia-tienda-con-info-1024x1024.webp 1024w, https:\/\/expoflamenco.com\/espacio\/wp-content\/uploads\/sites\/25\/2024\/11\/cartelacademia-tienda-con-info-300x300.webp 300w, https:\/\/expoflamenco.com\/espacio\/wp-content\/uploads\/sites\/25\/2024\/11\/cartelacademia-tienda-con-info-150x150.webp 150w, https:\/\/expoflamenco.com\/espacio\/wp-content\/uploads\/sites\/25\/2024\/11\/cartelacademia-tienda-con-info-768x768.webp 768w, https:\/\/expoflamenco.com\/espacio\/wp-content\/uploads\/sites\/25\/2024\/11\/cartelacademia-tienda-con-info-500x500.webp 500w, https:\/\/expoflamenco.com\/espacio\/wp-content\/uploads\/sites\/25\/2024\/11\/cartelacademia-tienda-con-info-1536x1536.webp 1536w, https:\/\/expoflamenco.com\/espacio\/wp-content\/uploads\/sites\/25\/2024\/11\/cartelacademia-tienda-con-info-75x75.webp 75w, https:\/\/expoflamenco.com\/espacio\/wp-content\/uploads\/sites\/25\/2024\/11\/cartelacademia-tienda-con-info-350x350.webp 350w, https:\/\/expoflamenco.com\/espacio\/wp-content\/uploads\/sites\/25\/2024\/11\/cartelacademia-tienda-con-info-750x750.webp 750w, https:\/\/expoflamenco.com\/espacio\/wp-content\/uploads\/sites\/25\/2024\/11\/cartelacademia-tienda-con-info-1140x1140.webp 1140w, https:\/\/expoflamenco.com\/espacio\/wp-content\/uploads\/sites\/25\/2024\/11\/cartelacademia-tienda-con-info.webp 2048w\" sizes=\"(max-width: 1024px) 100vw, 1024px\" \/><figcaption class=\"wp-element-caption\">Academia expoflamenco, los lunes, mi\u00e9rcoles y viernes<\/figcaption><\/figure>\n<\/div>\n\n\n<p><span style=\"text-decoration: underline\">Viernes, 22 de noviembre.-<\/span>&nbsp;<strong>Academia de baile flamenco<\/strong>. 17,30 a 18,45 (clases de sevillanas) y de 18,45 a 20,00 horas (clases de buler\u00edas, nivel b\u00e1sico o de iniciaci\u00f3n). Impartidas por la profesora Marga Flores.<\/p>\n\n\n\n<p><span style=\"text-decoration: underline\">S\u00e1bado 23 de noviembre.- 12.30 horas.<\/span> Dedicada al Festival de Jerez. Conferencia del compa\u00f1ero<strong>&nbsp;Faustino N\u00fa\u00f1ez<\/strong>&nbsp;con el t\u00edtulo Antonio Gades, disciplina y libertad. Cuando se cumplen veinte a\u00f1os del fallecimiento del gran core\u00f3grafo y bailar\u00edn<strong>&nbsp;Antonio Gades.<\/strong>&nbsp;Recordemos que Faustino fue autor de la m\u00fasica de su \u00faltimo ballet, \u201cFuenteovejuna\u2019. Entrada libre y gratuita hasta completar aforo.<\/p>\n\n\n\n<p><span style=\"text-decoration: underline\">Lunes, 25 de noviembre. 18.00 a 19.30 horas.-<\/span>&nbsp;<strong>Academia de guitarra<\/strong>. Inauguraci\u00f3n de las clases de guitarra con el profesor Javier Patino. Comenzamos con todos los niveles, adaptados a cada alumno. La primera clase es libre y gratuita.<\/p>\n\n\n\n<p><span style=\"text-decoration: underline\">Martes 26 de noviembre.- 11.00 horas.<\/span>&nbsp;Encuentro con el fot\u00f3grafo<strong> Paco S\u00e1nchez<\/strong>, autor de un extraordinario archivo fotogr\u00e1fico que a\u00fan sigue creciendo. Un aut\u00e9ntico maestro del retrato y testigo directo con su c\u00e1mara de los acontecimientos m\u00e1s importantes de nuestra cultura en las \u00faltimas d\u00e9cadas. &nbsp;<\/p>\n\n\n\n<p><span style=\"text-decoration: underline\">Mi\u00e9rcoles, 27 de noviembre. 18.00 a 19.30 horas.- <\/span><strong>Academia Percusi\u00f3n Flamenca<\/strong>. Clases de caj\u00f3n flamenco con El Cepillo de Sanl\u00facar. Comenzamos con todos los niveles, adaptados a cada alumno. La primera clase es libre y gratuita.<\/p>\n\n\n\n<p><span style=\"text-decoration: underline\">Jueves 28 de noviembre.- 12.00 horas.<\/span> Entrevista con el cantaor <strong>Antonio G\u00f3mez \u2018El Turry<\/strong>\u2019 quien nos presentar\u00e1 su nuevo trabajo Nazar\u00ed, un disco totalmente en directo grabado en dos conciertos en Granada y Madrid y para el que ha contado con excelentes colaboraciones, como la Orquesta Ciudad de Granada, el piano de Juan Carlos Garbayo y la guitarra de Jos\u00e9 Ferm\u00edn.<\/p>\n\n\n\n<p><span style=\"text-decoration: underline\">Jueves 28 de noviembre.-<\/span> 12.30 horas. Encuentro con el cantaor gaditano <strong>David Palomar<\/strong> quien viene de disfrutar de una exitosa gira por Jap\u00f3n junto a Jos\u00e9 Valencia y Jes\u00fas M\u00e9ndez. Con \u00e9l conversamos sobre el estreno de su espect\u00e1culo Desamparao en la pasada Bienal de Flamenco de Sevilla 2024.&nbsp;<\/p>\n\n\n\n<p><span style=\"text-decoration: underline\">Jueves 28 de noviembre,<\/span>&nbsp;Inauguraci\u00f3n de una nueva exposici\u00f3n en nuestra sede a cargo del pintaor<strong> Patricio Hidalgo. <\/strong>Conforme se vaya acercando la fecha daremos m\u00e1s detalles de su t\u00edtulo y del contenido de la misma.<\/p>\n\n\n\n<p><span style=\"text-decoration: underline\">Viernes, 29 de noviembre.-&nbsp;<\/span><strong>Academia de baile flamenco.<\/strong> 17,30 a 18,45 (clases de sevillanas) y de 18,45 a 20,00 horas (clases de buler\u00edas, nivel b\u00e1sico o de iniciaci\u00f3n). Impartidas por la profesora Marga Flores.<\/p>\n\n\n\n<p><span style=\"text-decoration: underline\">S\u00e1bado 30 de noviembre.-<\/span> Participaci\u00f3n en la celebraci\u00f3n de <strong>Sabor Marchena Flamenca<\/strong> con la presencia de nuestra sesi\u00f3n Cultura Flamenca &amp; Sherry, que tratar\u00e1 de armonizar unos vinos de Jerez previamente seleccionados con el estudio del maestro de la guitarra Melchor de Marchena y su hijo Enrique de Melchor.<\/p>\n\n\n\n<p><span style=\"text-decoration: underline\">&nbsp;Informaci\u00f3n general:<\/span><\/p>\n\n\n\n<p>Estamos en Espacio expoflamenco Jerez, en el edificio Los Ramos de la calle Diego Fern\u00e1ndez Herrera, s\/n. Como ya sab\u00e9is, si por cuesti\u00f3n de horario no es posible que veng\u00e1is, en breve tiempo ten\u00e9is disponible los encuentros en l\u00ednea. Nos reservamos cualquier posible cambio en la programaci\u00f3n, que ser\u00e1 comunicado con suficiente antelaci\u00f3n.<\/p>\n\n\n\n<p>Todos los encuentros con los artistas son libres y gratuitos, tambi\u00e9n durante esta semana para la academia de baile, guitarra y percusi\u00f3n que tendr\u00e1n<strong>&nbsp;jornada de puertas abiertas por la semana internacional del flamenco.<\/strong><\/p>\n\n\n\n<p>Como sugerencia, os aconsejamos la suscripci\u00f3n gratuita a nuestro portal expoflamenco.com para recibir todas nuestras noticias y actividades:&nbsp;<a href=\"https:\/\/expoflamenco.com\/\" rel=\"noreferrer noopener\" target=\"_blank\">expoflamenco \u2013 EL MUNDO DEL FLAMENCO<\/a><\/p>\n\n\n\n<p>Para m\u00e1s informaci\u00f3n pod\u00e9is llamar al tel. +34 637 651 042.<\/p>\n","protected":false,"gt_translate_keys":[{"key":"rendered","format":"html"}]},"excerpt":{"rendered":"<p>De la celebraci\u00f3n del D\u00eda Mundial del Flamenco a las primeras zambombas navide\u00f1as hay un paso. Y ese paso, contado en una quincena, lo vamos a dar llenos de ilusi\u00f3n y de alicientes para compartir nuestra cultura flamenca con toda la familia de expoflamencos del mundo. Aqu\u00ed la relaci\u00f3n de encuentros y actividades. (En portada, [&hellip;]<\/p>\n","protected":false,"gt_translate_keys":[{"key":"rendered","format":"html"}]},"author":62,"featured_media":64269,"comment_status":"open","ping_status":"open","sticky":false,"template":"","format":"standard","meta":{"_acf_changed":false,"pmpro_default_level":"","jnews-multi-image_gallery":[],"jnews_single_post":{"format":"standard"},"jnews_primary_category":[],"jnews_override_bookmark_settings":[],"jnews_social_meta":[],"jnews_review":[],"enable_review":"","type":"","name":"","summary":"","brand":"","sku":"","good":[],"bad":[],"score_override":"","override_value":"","rating":[],"price":[],"jnews_override_counter":[],"jnews_post_split":[],"footnotes":""},"categories":[46,6,2003],"tags":[1128,351,2169,313,2218,2214,2217],"class_list":["post-64258","post","type-post","status-publish","format-standard","has-post-thumbnail","hentry","category-actualidad","category-agenda","category-espacio-expoflamenco","tag-francisco-escudero-el-perrete","tag-agenda-expoflamenco","tag-fernando-moreno","tag-naike-ponce","tag-patricio-hidalgo-pintaor","tag-turry","tag-zambomba-kriatura","pmpro-has-access"],"acf":[],"aioseo_notices":[],"gt_translate_keys":[{"key":"link","format":"url"}],"_links":{"self":[{"href":"https:\/\/expoflamenco.com\/espacio\/wp-json\/wp\/v2\/posts\/64258","targetHints":{"allow":["GET"]}}],"collection":[{"href":"https:\/\/expoflamenco.com\/espacio\/wp-json\/wp\/v2\/posts"}],"about":[{"href":"https:\/\/expoflamenco.com\/espacio\/wp-json\/wp\/v2\/types\/post"}],"author":[{"embeddable":true,"href":"https:\/\/expoflamenco.com\/espacio\/wp-json\/wp\/v2\/users\/62"}],"replies":[{"embeddable":true,"href":"https:\/\/expoflamenco.com\/espacio\/wp-json\/wp\/v2\/comments?post=64258"}],"version-history":[{"count":0,"href":"https:\/\/expoflamenco.com\/espacio\/wp-json\/wp\/v2\/posts\/64258\/revisions"}],"wp:featuredmedia":[{"embeddable":true,"href":"https:\/\/expoflamenco.com\/espacio\/wp-json\/wp\/v2\/media\/64269"}],"wp:attachment":[{"href":"https:\/\/expoflamenco.com\/espacio\/wp-json\/wp\/v2\/media?parent=64258"}],"wp:term":[{"taxonomy":"category","embeddable":true,"href":"https:\/\/expoflamenco.com\/espacio\/wp-json\/wp\/v2\/categories?post=64258"},{"taxonomy":"post_tag","embeddable":true,"href":"https:\/\/expoflamenco.com\/espacio\/wp-json\/wp\/v2\/tags?post=64258"}],"curies":[{"name":"wp","href":"https:\/\/api.w.org\/{rel}","templated":true}]}}