{"id":59182,"date":"2024-09-27T12:32:14","date_gmt":"2024-09-27T10:32:14","guid":{"rendered":"https:\/\/expoflamenco.com\/espacio\/?p=59182"},"modified":"2024-09-27T12:32:14","modified_gmt":"2024-09-27T10:32:14","slug":"raquel-salas-de-bollullos-par-del-condado-a-sevilla","status":"publish","type":"post","link":"https:\/\/expoflamenco.com\/espacio\/raquel-salas-de-bollullos-par-del-condado-a-sevilla\/","title":{"rendered":"Raquel Salas, de Bollullos Par del Condado a Sevilla","gt_translate_keys":[{"key":"rendered","format":"text"}]},"content":{"rendered":"<p>Nuestra invitada es uno de los valores emergentes de Huelva. As\u00ed lo referendan los laureles conseguidos en much\u00edsimos concursos de cante conseguidos con tes\u00f3n y conocimiento. Raquel Salas comenz\u00f3 en el entorno de las pe\u00f1as flamencas onubenses que tanto bien est\u00e1n haciendo por el flamenco de esta tierra. M\u00e1s tarde, siguiendo adelante con su vocaci\u00f3n se traslad\u00f3 a Sevilla donde entr\u00f3 en contacto con la Fundaci\u00f3n Cristina Heeren y un claustro de profesores que pulieron sus cualidades. Es cantaora generalista, pues abarca muchos estilos del repertorio para acceder con \u00e9xito a cuantos cert\u00e1menes se presenta, pero en la ra\u00edz de su expresi\u00f3n est\u00e1 Huelva y su patria chica, Bollullos Par del Condado. Raquel Salas aspira a consolidarse como una artista a tener en cuenta gracias algunos proyectos que nos anticip\u00f3 en su visita. <\/p>\n<p>[advanced_iframe src=\u00bbhttps:\/\/drive.google.com\/file\/d\/1DnWFBxsU4GZDOrBtudeSLtHMaDHzl0ye\/preview\u00bb width\u00bb width=\u00bb854&#8243; height=\u00bb480&#8243; allow=\u00bbautoplay\u00bb allowfullscreen=true]<\/p>\n","protected":false,"gt_translate_keys":[{"key":"rendered","format":"html"}]},"excerpt":{"rendered":"<p>Nuestra invitada es uno de los valores emergentes de Huelva. As\u00ed lo referendan los laureles conseguidos en much\u00edsimos concursos de cante conseguidos con tes\u00f3n y conocimiento. Raquel Salas comenz\u00f3 en el entorno de las pe\u00f1as flamencas onubenses que tanto bien est\u00e1n haciendo por el flamenco de esta tierra. M\u00e1s tarde, siguiendo adelante con su vocaci\u00f3n [&hellip;]<\/p>\n","protected":false,"gt_translate_keys":[{"key":"rendered","format":"html"}]},"author":62,"featured_media":59183,"comment_status":"open","ping_status":"open","sticky":false,"template":"","format":"standard","meta":{"_acf_changed":false,"pmpro_default_level":"","jnews-multi-image_gallery":[],"jnews_single_post":[],"jnews_primary_category":[],"jnews_override_bookmark_settings":[],"jnews_social_meta":[],"jnews_review":[],"enable_review":"","type":"","name":"","summary":"","brand":"","sku":"","good":[],"bad":[],"score_override":"","override_value":"","rating":[],"price":[],"jnews_override_counter":[],"jnews_post_split":[],"footnotes":""},"categories":[46,2003],"tags":[2112,2113,853,2068],"class_list":["post-59182","post","type-post","status-publish","format-standard","has-post-thumbnail","hentry","category-actualidad","category-espacio-expoflamenco","tag-bollullos-par-del-condado","tag-ferrena","tag-fundacion-cristina-heeren","tag-raquel-salas","pmpro-has-access"],"acf":[],"aioseo_notices":[],"gt_translate_keys":[{"key":"link","format":"url"}],"_links":{"self":[{"href":"https:\/\/expoflamenco.com\/espacio\/wp-json\/wp\/v2\/posts\/59182","targetHints":{"allow":["GET"]}}],"collection":[{"href":"https:\/\/expoflamenco.com\/espacio\/wp-json\/wp\/v2\/posts"}],"about":[{"href":"https:\/\/expoflamenco.com\/espacio\/wp-json\/wp\/v2\/types\/post"}],"author":[{"embeddable":true,"href":"https:\/\/expoflamenco.com\/espacio\/wp-json\/wp\/v2\/users\/62"}],"replies":[{"embeddable":true,"href":"https:\/\/expoflamenco.com\/espacio\/wp-json\/wp\/v2\/comments?post=59182"}],"version-history":[{"count":0,"href":"https:\/\/expoflamenco.com\/espacio\/wp-json\/wp\/v2\/posts\/59182\/revisions"}],"wp:featuredmedia":[{"embeddable":true,"href":"https:\/\/expoflamenco.com\/espacio\/wp-json\/wp\/v2\/media\/59183"}],"wp:attachment":[{"href":"https:\/\/expoflamenco.com\/espacio\/wp-json\/wp\/v2\/media?parent=59182"}],"wp:term":[{"taxonomy":"category","embeddable":true,"href":"https:\/\/expoflamenco.com\/espacio\/wp-json\/wp\/v2\/categories?post=59182"},{"taxonomy":"post_tag","embeddable":true,"href":"https:\/\/expoflamenco.com\/espacio\/wp-json\/wp\/v2\/tags?post=59182"}],"curies":[{"name":"wp","href":"https:\/\/api.w.org\/{rel}","templated":true}]}}