{"id":59078,"date":"2024-09-21T17:09:15","date_gmt":"2024-09-21T15:09:15","guid":{"rendered":"https:\/\/expoflamenco.com\/espacio\/?p=59078"},"modified":"2024-09-21T17:22:52","modified_gmt":"2024-09-21T15:22:52","slug":"las-historias-de-un-flamenco-llamado-antonio-rey-de-gira-por-ee-uu-2","status":"publish","type":"post","link":"https:\/\/expoflamenco.com\/espacio\/las-historias-de-un-flamenco-llamado-antonio-rey-de-gira-por-ee-uu-2\/","title":{"rendered":"\u2018Las Historias de un flamenco\u2019 llamado Antonio Rey, de gira por EE. UU.","gt_translate_keys":[{"key":"rendered","format":"text"}]},"content":{"rendered":"\n<p>Un \u00e1lbum que acaba de ser nominado para los Grammy\u00b4s Latinos. Nuestro invitado, por merecimientos propios, ocupa un lugar de privilegio en la actualidad de la guitarra de concierto. En Antonio Rey se a\u00fanan unas caracter\u00edsticas interpretativas y de composici\u00f3n que van m\u00e1s all\u00e1 del virtuosismo. La t\u00e9cnica al servicio de una intuici\u00f3n flamenca desbordante, que se ha ido construyendo poco a poco hasta solidificarse en un tocaor sin fisuras y con resoluciones de innegable sabor flamenco.<\/p>\n\n<p>A modo de biograf\u00eda sonora, ha mostrado su vida art\u00edstica en cap\u00edtulos. Ah\u00ed donde los recuerdos se enhebran con el hilo conductor de sus vivencias. El resultado es un disco pleno y abierto a los muchos avatares e influencias musicales que ha ido recogiendo todos estos a\u00f1os. Historias de un flamenco, que as\u00ed se titula el nuevo disco de Antonio Rey, ser\u00e1 presentado en una intensa gira por Estados Unidos. Muy pronto, tambi\u00e9n en nuestro Espacio expoflamenco con la ilustraci\u00f3n de varios toques en directo.<\/p>\n<!-- \/wp:post-content -->\n[advanced_iframe src=\u00bbhttps:\/\/drive.google.com\/file\/d\/1WYYmqrQpC1xz-2PsrwqHx5gnQy9PYgPP\/preview\u00bb width=\u00bb1280&#8243; height=\u00bb720&#8243; allow=\u00bbautoplay\u00bb allowfullscreen=true]\n<!-- wp:paragraph -->\n<p><\/p>\n<!-- \/wp:paragraph -->","protected":false,"gt_translate_keys":[{"key":"rendered","format":"html"}]},"excerpt":{"rendered":"<p>Un \u00e1lbum que acaba de ser nominado para los Grammy\u00b4s Latinos. Nuestro invitado, por merecimientos propios, ocupa un lugar de privilegio en la actualidad de la guitarra de concierto. En Antonio Rey se a\u00fanan unas caracter\u00edsticas interpretativas y de composici\u00f3n que van m\u00e1s all\u00e1 del virtuosismo. La t\u00e9cnica al servicio de una intuici\u00f3n flamenca desbordante, [&hellip;]<\/p>\n","protected":false,"gt_translate_keys":[{"key":"rendered","format":"html"}]},"author":62,"featured_media":59079,"comment_status":"open","ping_status":"open","sticky":false,"template":"","format":"standard","meta":{"_acf_changed":false,"pmpro_default_level":"","jnews-multi-image_gallery":[],"jnews_single_post":{"format":"standard"},"jnews_primary_category":[],"jnews_override_bookmark_settings":[],"jnews_social_meta":[],"jnews_review":[],"enable_review":"","type":"","name":"","summary":"","brand":"","sku":"","good":[],"bad":[],"score_override":"","override_value":"","rating":[],"price":[],"jnews_override_counter":[],"jnews_post_split":[],"footnotes":""},"categories":[46,2003,489],"tags":[2100,2102,2101],"class_list":["post-59078","post","type-post","status-publish","format-standard","has-post-thumbnail","hentry","category-actualidad","category-espacio-expoflamenco","category-presentaciones","tag-antonio-rey-entrevista","tag-antonio-rey-grammys-latinos","tag-historias-de-un-flamenco-antonio-rey","pmpro-has-access"],"acf":[],"aioseo_notices":[],"gt_translate_keys":[{"key":"link","format":"url"}],"_links":{"self":[{"href":"https:\/\/expoflamenco.com\/espacio\/wp-json\/wp\/v2\/posts\/59078","targetHints":{"allow":["GET"]}}],"collection":[{"href":"https:\/\/expoflamenco.com\/espacio\/wp-json\/wp\/v2\/posts"}],"about":[{"href":"https:\/\/expoflamenco.com\/espacio\/wp-json\/wp\/v2\/types\/post"}],"author":[{"embeddable":true,"href":"https:\/\/expoflamenco.com\/espacio\/wp-json\/wp\/v2\/users\/62"}],"replies":[{"embeddable":true,"href":"https:\/\/expoflamenco.com\/espacio\/wp-json\/wp\/v2\/comments?post=59078"}],"version-history":[{"count":0,"href":"https:\/\/expoflamenco.com\/espacio\/wp-json\/wp\/v2\/posts\/59078\/revisions"}],"wp:featuredmedia":[{"embeddable":true,"href":"https:\/\/expoflamenco.com\/espacio\/wp-json\/wp\/v2\/media\/59079"}],"wp:attachment":[{"href":"https:\/\/expoflamenco.com\/espacio\/wp-json\/wp\/v2\/media?parent=59078"}],"wp:term":[{"taxonomy":"category","embeddable":true,"href":"https:\/\/expoflamenco.com\/espacio\/wp-json\/wp\/v2\/categories?post=59078"},{"taxonomy":"post_tag","embeddable":true,"href":"https:\/\/expoflamenco.com\/espacio\/wp-json\/wp\/v2\/tags?post=59078"}],"curies":[{"name":"wp","href":"https:\/\/api.w.org\/{rel}","templated":true}]}}