{"id":46327,"date":"2023-11-23T20:24:22","date_gmt":"2023-11-23T19:24:22","guid":{"rendered":"https:\/\/www.expoflamenco.com\/archivo\/?p=46327"},"modified":"2023-11-23T20:24:22","modified_gmt":"2023-11-23T19:24:22","slug":"el-regreso-de-joaquin-cortes-a-los-escenarios-lo-lleva-por-estados-unidos","status":"publish","type":"post","link":"https:\/\/expoflamenco.com\/archivo\/internacional\/el-regreso-de-joaquin-cortes-a-los-escenarios-lo-lleva-por-estados-unidos\/","title":{"rendered":"El regreso de Joaqu\u00edn Cort\u00e9s a los escenarios lo lleva por Estados Unidos"},"content":{"rendered":"<p>El \u00e1guila flamenca, el neoyorkino de los pies ligeros o el Nureyev del flamenco son algunos de los apodos que le han ido acompa\u00f1ando en sus m\u00e1s de cuarenta a\u00f1os de trayectoria profesional. Pero m\u00e1s bien se le podr\u00eda bautizar como el ave f\u00e9nix, porque ha renacido para seguir dando razones para aquellos que lo tildan como uno de los mejores bailarines \u2013o bailaores\u2013 del siglo XX. Una lesi\u00f3n en el pie lo apart\u00f3 de las tablas y la pandemia causada por la Covid posterg\u00f3 su regreso, pero ahora est\u00e1 de vuelta con su gira <strong><em>Esencia<\/em><\/strong>, que le lleva por el continente Americano.<\/p>\n<p>&nbsp;<\/p>\n<p>Este espect\u00e1culo sirve para que <strong>Joaqu\u00edn Cort\u00e9s<\/strong> cuente su historia, la de un ni\u00f1o de tan solo 12 a\u00f1os que so\u00f1aba con ser bailaor y poder llegar a la altura de su t\u00edo, <strong>Crist\u00f3bal Reyes<\/strong>. <em>Esencia <\/em>recorrer\u00e1 parte de Estados Unidos antes de dar el salto a Latinoam\u00e9rica. El 1 de diciembre estar\u00e1 en el Arena Theatre de Houston, el 2 de diciembre en el James L. Knight Center de Miami, el 8 de diciembre en el Rosemont Theatre de Chicago, el 9 de diciembre en el Dolby Theatre de Hollywood, Los \u00c1ngeles y finalmente el 10 de diciembre pasar\u00e1 por el San Jos\u00e9 Civic de San Jos\u00e9.<\/p>\n<p>&nbsp;<\/p>\n<p>\u00abEsencia es un poco basado en la historia m\u00eda, en estos a\u00f1os son ya 40 a\u00f1os de carrera, dando vueltas por el mundo. Mi vuelta a Estados Unidos, mi vuelta a Am\u00e9rica, al continente americano la recibo con muchas ganas, con mucha ilusi\u00f3n\u00bb, explica Joaqu\u00edn Cort\u00e9s en la revista <em>Hola<\/em>.<\/p>\n<p>&nbsp;<\/p>\n<p>\u00abHe montado m\u00e1s de diez obras a lo largo de mi vida, y todas han tenido \u00e9xito, a mayor o menor escala, siempre basadas en lo mismo, en un estilo de fusi\u00f3n con la base y la ra\u00edz del flamenco, que es mi cultura y es mi etnia, mi sangre; soy gitano\u00bb, dice Cort\u00e9s en una entrevista publicada en <em>La Vanguardia<\/em>.<\/p>\n<p>&nbsp;<\/p>\n<p>\u00abCada vez que monto una obra m\u00eda, siempre me inspiro en la propia vida, en vivencias, en mis viajes por el mundo, en este abanico de cultura, el poder haber estado en muchos continentes diferentes, en muchas culturas diferentes\u00bb, manifiesta el bailaor en el citado medio.<\/p>\n<p>&nbsp;<\/p>\n<p>Joaqu\u00edn Cort\u00e9s naci\u00f3 en C\u00f3rdoba en 1969 y pronto se traslad\u00f3 a vivir a Madrid, donde a los 12 a\u00f1os arranc\u00f3 sus estudios de danza. Dos a\u00f1os m\u00e1s tarde, con 14, entr\u00f3 a formar parte del Ballet Nacional de Espa\u00f1a. Con 16 asciende a solista y los tres a\u00f1os siguientes es primer bailar\u00edn de la compa\u00f1\u00eda. Con 19 a\u00f1os abandona el Ballet Nacional y se lanza en solitario para formar su propia compa\u00f1\u00eda, Joaqu\u00edn Cort\u00e9s Ballet Flamenco.<\/p>\n<p>&nbsp;<\/p>\n<p>En 1992 cre\u00f3 su primera obra, <em>Cibay\u00ed<\/em>, con la que debut\u00f3 en el Teatro Champs Elys\u00e9es de Par\u00eds (Francia). A ra\u00edz de ah\u00ed su trayectoria fue en ascenso. Ha recibido la Medalla de Oro al M\u00e9rito en las Bellas Artes, el Premio de Cultura 2001 y el premio Foro Iberoamericano de las Artes, entre otros galardones. La C\u00e1mara de Comercio Espa\u00f1ola en Miami lo design\u00f3 <strong>Espa\u00f1ol Universal en 1998<\/strong> y ese mismo a\u00f1o fue nombrado Artista de la Unesco por la Paz. Est\u00e1 considerado como uno de los diez mejores bailarines del siglo XX.<\/p>\n<p>&nbsp;<\/p>\n<h6 style=\"text-align: right;\">Imagen superior: website de Joaqu\u00edn Cort\u00e9s<\/h6>\n<p>&nbsp;<\/p>\n","protected":false},"excerpt":{"rendered":"<p>El bailaor cordob\u00e9s regresa tras una pausa art\u00edstica de casi seis a\u00f1os con una gira internacional que le lleva al continente americano.<\/p>\n","protected":false},"author":4,"featured_media":46329,"comment_status":"open","ping_status":"open","sticky":false,"template":"","format":"standard","meta":{"ngg_post_thumbnail":0,"footnotes":""},"categories":[2027],"tags":[6342,76,6343,6341],"class_list":["post-46327","post","type-post","status-publish","format-standard","has-post-thumbnail","hentry","category-internacional","tag-esencia","tag-flamenco","tag-gira-estados-unidos","tag-joaquin-cortes"],"yoast_head":"<!-- This site is optimized with the Yoast SEO plugin v27.4 - https:\/\/yoast.com\/product\/yoast-seo-wordpress\/ -->\n<title>El regreso de Joaqu\u00edn Cort\u00e9s a los escenarios lo lleva por Estados Unidos - Archivo Expoflamenco<\/title>\n<meta name=\"description\" content=\"El bailaor cordob\u00e9s regresa tras una pausa art\u00edstica de casi seis a\u00f1os con una gira internacional que le lleva al continente americano.\" \/>\n<meta name=\"robots\" content=\"index, follow, max-snippet:-1, max-image-preview:large, max-video-preview:-1\" \/>\n<link rel=\"canonical\" href=\"https:\/\/expoflamenco.com\/archivo\/internacional\/el-regreso-de-joaquin-cortes-a-los-escenarios-lo-lleva-por-estados-unidos\/\" \/>\n<meta property=\"og:locale\" content=\"es_ES\" \/>\n<meta property=\"og:type\" content=\"article\" \/>\n<meta property=\"og:title\" content=\"El regreso de Joaqu\u00edn Cort\u00e9s a los escenarios lo lleva por Estados Unidos - Archivo Expoflamenco\" \/>\n<meta property=\"og:description\" content=\"El bailaor cordob\u00e9s regresa tras una pausa art\u00edstica de casi seis a\u00f1os con una gira internacional que le lleva al continente americano.\" \/>\n<meta property=\"og:url\" content=\"https:\/\/expoflamenco.com\/archivo\/internacional\/el-regreso-de-joaquin-cortes-a-los-escenarios-lo-lleva-por-estados-unidos\/\" \/>\n<meta property=\"og:site_name\" content=\"Archivo Expoflamenco\" \/>\n<meta property=\"article:publisher\" content=\"https:\/\/www.facebook.com\/ExpoFlamenco\" \/>\n<meta property=\"article:published_time\" content=\"2023-11-23T19:24:22+00:00\" \/>\n<meta property=\"og:image\" content=\"https:\/\/expoflamenco.com\/archivo\/wp-content\/uploads\/2023\/11\/expoflamenco-joaquin-cortes-gira-esencia.jpg\" \/>\n\t<meta property=\"og:image:width\" content=\"1300\" \/>\n\t<meta property=\"og:image:height\" content=\"800\" \/>\n\t<meta property=\"og:image:type\" content=\"image\/jpeg\" \/>\n<meta name=\"author\" content=\"Expoflamenco\" \/>\n<meta name=\"twitter:card\" content=\"summary_large_image\" \/>\n<meta name=\"twitter:creator\" content=\"@expoflamenco1\" \/>\n<meta name=\"twitter:site\" content=\"@expoflamenco1\" \/>\n<meta name=\"twitter:label1\" content=\"Escrito por\" \/>\n\t<meta name=\"twitter:data1\" content=\"Expoflamenco\" \/>\n\t<meta name=\"twitter:label2\" content=\"Tiempo de lectura\" \/>\n\t<meta name=\"twitter:data2\" content=\"3 minutos\" \/>\n<script type=\"application\/ld+json\" class=\"yoast-schema-graph\">{\"@context\":\"https:\\\/\\\/schema.org\",\"@graph\":[{\"@type\":\"Article\",\"@id\":\"https:\\\/\\\/expoflamenco.com\\\/archivo\\\/internacional\\\/el-regreso-de-joaquin-cortes-a-los-escenarios-lo-lleva-por-estados-unidos\\\/#article\",\"isPartOf\":{\"@id\":\"https:\\\/\\\/expoflamenco.com\\\/archivo\\\/internacional\\\/el-regreso-de-joaquin-cortes-a-los-escenarios-lo-lleva-por-estados-unidos\\\/\"},\"author\":{\"name\":\"Expoflamenco\",\"@id\":\"https:\\\/\\\/expoflamenco.com\\\/archivo\\\/#\\\/schema\\\/person\\\/41b6521f4897a6811872f1e2a0554083\"},\"headline\":\"El regreso de Joaqu\u00edn Cort\u00e9s a los escenarios lo lleva por Estados Unidos\",\"datePublished\":\"2023-11-23T19:24:22+00:00\",\"mainEntityOfPage\":{\"@id\":\"https:\\\/\\\/expoflamenco.com\\\/archivo\\\/internacional\\\/el-regreso-de-joaquin-cortes-a-los-escenarios-lo-lleva-por-estados-unidos\\\/\"},\"wordCount\":605,\"commentCount\":0,\"publisher\":{\"@id\":\"https:\\\/\\\/expoflamenco.com\\\/archivo\\\/#organization\"},\"image\":{\"@id\":\"https:\\\/\\\/expoflamenco.com\\\/archivo\\\/internacional\\\/el-regreso-de-joaquin-cortes-a-los-escenarios-lo-lleva-por-estados-unidos\\\/#primaryimage\"},\"thumbnailUrl\":\"https:\\\/\\\/expoflamenco.com\\\/archivo\\\/wp-content\\\/uploads\\\/2023\\\/11\\\/expoflamenco-joaquin-cortes-gira-esencia.jpg\",\"keywords\":[\"Esencia\",\"flamenco\",\"gira Estados Unidos\",\"Joaquin Cortes\"],\"articleSection\":[\"Internacional\"],\"inLanguage\":\"es\",\"potentialAction\":[{\"@type\":\"CommentAction\",\"name\":\"Comment\",\"target\":[\"https:\\\/\\\/expoflamenco.com\\\/archivo\\\/internacional\\\/el-regreso-de-joaquin-cortes-a-los-escenarios-lo-lleva-por-estados-unidos\\\/#respond\"]}]},{\"@type\":\"WebPage\",\"@id\":\"https:\\\/\\\/expoflamenco.com\\\/archivo\\\/internacional\\\/el-regreso-de-joaquin-cortes-a-los-escenarios-lo-lleva-por-estados-unidos\\\/\",\"url\":\"https:\\\/\\\/expoflamenco.com\\\/archivo\\\/internacional\\\/el-regreso-de-joaquin-cortes-a-los-escenarios-lo-lleva-por-estados-unidos\\\/\",\"name\":\"El regreso de Joaqu\u00edn Cort\u00e9s a los escenarios lo lleva por Estados Unidos - Archivo Expoflamenco\",\"isPartOf\":{\"@id\":\"https:\\\/\\\/expoflamenco.com\\\/archivo\\\/#website\"},\"primaryImageOfPage\":{\"@id\":\"https:\\\/\\\/expoflamenco.com\\\/archivo\\\/internacional\\\/el-regreso-de-joaquin-cortes-a-los-escenarios-lo-lleva-por-estados-unidos\\\/#primaryimage\"},\"image\":{\"@id\":\"https:\\\/\\\/expoflamenco.com\\\/archivo\\\/internacional\\\/el-regreso-de-joaquin-cortes-a-los-escenarios-lo-lleva-por-estados-unidos\\\/#primaryimage\"},\"thumbnailUrl\":\"https:\\\/\\\/expoflamenco.com\\\/archivo\\\/wp-content\\\/uploads\\\/2023\\\/11\\\/expoflamenco-joaquin-cortes-gira-esencia.jpg\",\"datePublished\":\"2023-11-23T19:24:22+00:00\",\"description\":\"El bailaor cordob\u00e9s regresa tras una pausa art\u00edstica de casi seis a\u00f1os con una gira internacional que le lleva al continente americano.\",\"breadcrumb\":{\"@id\":\"https:\\\/\\\/expoflamenco.com\\\/archivo\\\/internacional\\\/el-regreso-de-joaquin-cortes-a-los-escenarios-lo-lleva-por-estados-unidos\\\/#breadcrumb\"},\"inLanguage\":\"es\",\"potentialAction\":[{\"@type\":\"ReadAction\",\"target\":[\"https:\\\/\\\/expoflamenco.com\\\/archivo\\\/internacional\\\/el-regreso-de-joaquin-cortes-a-los-escenarios-lo-lleva-por-estados-unidos\\\/\"]}]},{\"@type\":\"ImageObject\",\"inLanguage\":\"es\",\"@id\":\"https:\\\/\\\/expoflamenco.com\\\/archivo\\\/internacional\\\/el-regreso-de-joaquin-cortes-a-los-escenarios-lo-lleva-por-estados-unidos\\\/#primaryimage\",\"url\":\"https:\\\/\\\/expoflamenco.com\\\/archivo\\\/wp-content\\\/uploads\\\/2023\\\/11\\\/expoflamenco-joaquin-cortes-gira-esencia.jpg\",\"contentUrl\":\"https:\\\/\\\/expoflamenco.com\\\/archivo\\\/wp-content\\\/uploads\\\/2023\\\/11\\\/expoflamenco-joaquin-cortes-gira-esencia.jpg\",\"width\":1300,\"height\":800},{\"@type\":\"BreadcrumbList\",\"@id\":\"https:\\\/\\\/expoflamenco.com\\\/archivo\\\/internacional\\\/el-regreso-de-joaquin-cortes-a-los-escenarios-lo-lleva-por-estados-unidos\\\/#breadcrumb\",\"itemListElement\":[{\"@type\":\"ListItem\",\"position\":1,\"name\":\"Inicio\",\"item\":\"https:\\\/\\\/expoflamenco.com\\\/archivo\\\/\"},{\"@type\":\"ListItem\",\"position\":2,\"name\":\"El regreso de Joaqu\u00edn Cort\u00e9s a los escenarios lo lleva por Estados Unidos\"}]},{\"@type\":\"WebSite\",\"@id\":\"https:\\\/\\\/expoflamenco.com\\\/archivo\\\/#website\",\"url\":\"https:\\\/\\\/expoflamenco.com\\\/archivo\\\/\",\"name\":\"Archivo Expoflamenco\",\"description\":\"Portal de arte flamenco: noticias, entrevistas, blogs, cr\u00edticas, investigaci\u00f3n\",\"publisher\":{\"@id\":\"https:\\\/\\\/expoflamenco.com\\\/archivo\\\/#organization\"},\"potentialAction\":[{\"@type\":\"SearchAction\",\"target\":{\"@type\":\"EntryPoint\",\"urlTemplate\":\"https:\\\/\\\/expoflamenco.com\\\/archivo\\\/?s={search_term_string}\"},\"query-input\":{\"@type\":\"PropertyValueSpecification\",\"valueRequired\":true,\"valueName\":\"search_term_string\"}}],\"inLanguage\":\"es\"},{\"@type\":\"Organization\",\"@id\":\"https:\\\/\\\/expoflamenco.com\\\/archivo\\\/#organization\",\"name\":\"Expoflamenco\",\"url\":\"https:\\\/\\\/expoflamenco.com\\\/archivo\\\/\",\"logo\":{\"@type\":\"ImageObject\",\"inLanguage\":\"es\",\"@id\":\"https:\\\/\\\/expoflamenco.com\\\/archivo\\\/#\\\/schema\\\/logo\\\/image\\\/\",\"url\":\"https:\\\/\\\/www.expoflamenco.com\\\/archivo\\\/wp-content\\\/uploads\\\/2022\\\/11\\\/banner-cabecera-mobile.jpg\",\"contentUrl\":\"https:\\\/\\\/www.expoflamenco.com\\\/archivo\\\/wp-content\\\/uploads\\\/2022\\\/11\\\/banner-cabecera-mobile.jpg\",\"width\":299,\"height\":75,\"caption\":\"Expoflamenco\"},\"image\":{\"@id\":\"https:\\\/\\\/expoflamenco.com\\\/archivo\\\/#\\\/schema\\\/logo\\\/image\\\/\"},\"sameAs\":[\"https:\\\/\\\/www.facebook.com\\\/ExpoFlamenco\",\"https:\\\/\\\/x.com\\\/expoflamenco1\",\"https:\\\/\\\/www.instagram.com\\\/expoflamenco\\\/\",\"https:\\\/\\\/www.youtube.com\\\/expoflamenco\"]},{\"@type\":\"Person\",\"@id\":\"https:\\\/\\\/expoflamenco.com\\\/archivo\\\/#\\\/schema\\\/person\\\/41b6521f4897a6811872f1e2a0554083\",\"name\":\"Expoflamenco\",\"image\":{\"@type\":\"ImageObject\",\"inLanguage\":\"es\",\"@id\":\"https:\\\/\\\/secure.gravatar.com\\\/avatar\\\/9d843cd005fbb7439019d77d9d525d9a5177f873994fbb60a14dab6df3a60f72?s=96&r=g\",\"url\":\"https:\\\/\\\/secure.gravatar.com\\\/avatar\\\/9d843cd005fbb7439019d77d9d525d9a5177f873994fbb60a14dab6df3a60f72?s=96&r=g\",\"contentUrl\":\"https:\\\/\\\/secure.gravatar.com\\\/avatar\\\/9d843cd005fbb7439019d77d9d525d9a5177f873994fbb60a14dab6df3a60f72?s=96&r=g\",\"caption\":\"Expoflamenco\"},\"description\":\"Portal global de arte flamenco. El conocimiento y la pasi\u00f3n. La jondura y la pena. El pellizco y la fiesta. Patrimonio Cultural de la Humanidad.\",\"sameAs\":[\"http:\\\/\\\/wwww.expoflamenco.com\"],\"url\":\"https:\\\/\\\/expoflamenco.com\\\/archivo\\\/author\\\/expoflamenco\\\/\"}]}<\/script>\n<!-- \/ Yoast SEO plugin. -->","yoast_head_json":{"title":"El regreso de Joaqu\u00edn Cort\u00e9s a los escenarios lo lleva por Estados Unidos - Archivo Expoflamenco","description":"El bailaor cordob\u00e9s regresa tras una pausa art\u00edstica de casi seis a\u00f1os con una gira internacional que le lleva al continente americano.","robots":{"index":"index","follow":"follow","max-snippet":"max-snippet:-1","max-image-preview":"max-image-preview:large","max-video-preview":"max-video-preview:-1"},"canonical":"https:\/\/expoflamenco.com\/archivo\/internacional\/el-regreso-de-joaquin-cortes-a-los-escenarios-lo-lleva-por-estados-unidos\/","og_locale":"es_ES","og_type":"article","og_title":"El regreso de Joaqu\u00edn Cort\u00e9s a los escenarios lo lleva por Estados Unidos - Archivo Expoflamenco","og_description":"El bailaor cordob\u00e9s regresa tras una pausa art\u00edstica de casi seis a\u00f1os con una gira internacional que le lleva al continente americano.","og_url":"https:\/\/expoflamenco.com\/archivo\/internacional\/el-regreso-de-joaquin-cortes-a-los-escenarios-lo-lleva-por-estados-unidos\/","og_site_name":"Archivo Expoflamenco","article_publisher":"https:\/\/www.facebook.com\/ExpoFlamenco","article_published_time":"2023-11-23T19:24:22+00:00","og_image":[{"width":1300,"height":800,"url":"https:\/\/expoflamenco.com\/archivo\/wp-content\/uploads\/2023\/11\/expoflamenco-joaquin-cortes-gira-esencia.jpg","type":"image\/jpeg"}],"author":"Expoflamenco","twitter_card":"summary_large_image","twitter_creator":"@expoflamenco1","twitter_site":"@expoflamenco1","twitter_misc":{"Escrito por":"Expoflamenco","Tiempo de lectura":"3 minutos"},"schema":{"@context":"https:\/\/schema.org","@graph":[{"@type":"Article","@id":"https:\/\/expoflamenco.com\/archivo\/internacional\/el-regreso-de-joaquin-cortes-a-los-escenarios-lo-lleva-por-estados-unidos\/#article","isPartOf":{"@id":"https:\/\/expoflamenco.com\/archivo\/internacional\/el-regreso-de-joaquin-cortes-a-los-escenarios-lo-lleva-por-estados-unidos\/"},"author":{"name":"Expoflamenco","@id":"https:\/\/expoflamenco.com\/archivo\/#\/schema\/person\/41b6521f4897a6811872f1e2a0554083"},"headline":"El regreso de Joaqu\u00edn Cort\u00e9s a los escenarios lo lleva por Estados Unidos","datePublished":"2023-11-23T19:24:22+00:00","mainEntityOfPage":{"@id":"https:\/\/expoflamenco.com\/archivo\/internacional\/el-regreso-de-joaquin-cortes-a-los-escenarios-lo-lleva-por-estados-unidos\/"},"wordCount":605,"commentCount":0,"publisher":{"@id":"https:\/\/expoflamenco.com\/archivo\/#organization"},"image":{"@id":"https:\/\/expoflamenco.com\/archivo\/internacional\/el-regreso-de-joaquin-cortes-a-los-escenarios-lo-lleva-por-estados-unidos\/#primaryimage"},"thumbnailUrl":"https:\/\/expoflamenco.com\/archivo\/wp-content\/uploads\/2023\/11\/expoflamenco-joaquin-cortes-gira-esencia.jpg","keywords":["Esencia","flamenco","gira Estados Unidos","Joaquin Cortes"],"articleSection":["Internacional"],"inLanguage":"es","potentialAction":[{"@type":"CommentAction","name":"Comment","target":["https:\/\/expoflamenco.com\/archivo\/internacional\/el-regreso-de-joaquin-cortes-a-los-escenarios-lo-lleva-por-estados-unidos\/#respond"]}]},{"@type":"WebPage","@id":"https:\/\/expoflamenco.com\/archivo\/internacional\/el-regreso-de-joaquin-cortes-a-los-escenarios-lo-lleva-por-estados-unidos\/","url":"https:\/\/expoflamenco.com\/archivo\/internacional\/el-regreso-de-joaquin-cortes-a-los-escenarios-lo-lleva-por-estados-unidos\/","name":"El regreso de Joaqu\u00edn Cort\u00e9s a los escenarios lo lleva por Estados Unidos - Archivo Expoflamenco","isPartOf":{"@id":"https:\/\/expoflamenco.com\/archivo\/#website"},"primaryImageOfPage":{"@id":"https:\/\/expoflamenco.com\/archivo\/internacional\/el-regreso-de-joaquin-cortes-a-los-escenarios-lo-lleva-por-estados-unidos\/#primaryimage"},"image":{"@id":"https:\/\/expoflamenco.com\/archivo\/internacional\/el-regreso-de-joaquin-cortes-a-los-escenarios-lo-lleva-por-estados-unidos\/#primaryimage"},"thumbnailUrl":"https:\/\/expoflamenco.com\/archivo\/wp-content\/uploads\/2023\/11\/expoflamenco-joaquin-cortes-gira-esencia.jpg","datePublished":"2023-11-23T19:24:22+00:00","description":"El bailaor cordob\u00e9s regresa tras una pausa art\u00edstica de casi seis a\u00f1os con una gira internacional que le lleva al continente americano.","breadcrumb":{"@id":"https:\/\/expoflamenco.com\/archivo\/internacional\/el-regreso-de-joaquin-cortes-a-los-escenarios-lo-lleva-por-estados-unidos\/#breadcrumb"},"inLanguage":"es","potentialAction":[{"@type":"ReadAction","target":["https:\/\/expoflamenco.com\/archivo\/internacional\/el-regreso-de-joaquin-cortes-a-los-escenarios-lo-lleva-por-estados-unidos\/"]}]},{"@type":"ImageObject","inLanguage":"es","@id":"https:\/\/expoflamenco.com\/archivo\/internacional\/el-regreso-de-joaquin-cortes-a-los-escenarios-lo-lleva-por-estados-unidos\/#primaryimage","url":"https:\/\/expoflamenco.com\/archivo\/wp-content\/uploads\/2023\/11\/expoflamenco-joaquin-cortes-gira-esencia.jpg","contentUrl":"https:\/\/expoflamenco.com\/archivo\/wp-content\/uploads\/2023\/11\/expoflamenco-joaquin-cortes-gira-esencia.jpg","width":1300,"height":800},{"@type":"BreadcrumbList","@id":"https:\/\/expoflamenco.com\/archivo\/internacional\/el-regreso-de-joaquin-cortes-a-los-escenarios-lo-lleva-por-estados-unidos\/#breadcrumb","itemListElement":[{"@type":"ListItem","position":1,"name":"Inicio","item":"https:\/\/expoflamenco.com\/archivo\/"},{"@type":"ListItem","position":2,"name":"El regreso de Joaqu\u00edn Cort\u00e9s a los escenarios lo lleva por Estados Unidos"}]},{"@type":"WebSite","@id":"https:\/\/expoflamenco.com\/archivo\/#website","url":"https:\/\/expoflamenco.com\/archivo\/","name":"Archivo Expoflamenco","description":"Portal de arte flamenco: noticias, entrevistas, blogs, cr\u00edticas, investigaci\u00f3n","publisher":{"@id":"https:\/\/expoflamenco.com\/archivo\/#organization"},"potentialAction":[{"@type":"SearchAction","target":{"@type":"EntryPoint","urlTemplate":"https:\/\/expoflamenco.com\/archivo\/?s={search_term_string}"},"query-input":{"@type":"PropertyValueSpecification","valueRequired":true,"valueName":"search_term_string"}}],"inLanguage":"es"},{"@type":"Organization","@id":"https:\/\/expoflamenco.com\/archivo\/#organization","name":"Expoflamenco","url":"https:\/\/expoflamenco.com\/archivo\/","logo":{"@type":"ImageObject","inLanguage":"es","@id":"https:\/\/expoflamenco.com\/archivo\/#\/schema\/logo\/image\/","url":"https:\/\/www.expoflamenco.com\/archivo\/wp-content\/uploads\/2022\/11\/banner-cabecera-mobile.jpg","contentUrl":"https:\/\/www.expoflamenco.com\/archivo\/wp-content\/uploads\/2022\/11\/banner-cabecera-mobile.jpg","width":299,"height":75,"caption":"Expoflamenco"},"image":{"@id":"https:\/\/expoflamenco.com\/archivo\/#\/schema\/logo\/image\/"},"sameAs":["https:\/\/www.facebook.com\/ExpoFlamenco","https:\/\/x.com\/expoflamenco1","https:\/\/www.instagram.com\/expoflamenco\/","https:\/\/www.youtube.com\/expoflamenco"]},{"@type":"Person","@id":"https:\/\/expoflamenco.com\/archivo\/#\/schema\/person\/41b6521f4897a6811872f1e2a0554083","name":"Expoflamenco","image":{"@type":"ImageObject","inLanguage":"es","@id":"https:\/\/secure.gravatar.com\/avatar\/9d843cd005fbb7439019d77d9d525d9a5177f873994fbb60a14dab6df3a60f72?s=96&r=g","url":"https:\/\/secure.gravatar.com\/avatar\/9d843cd005fbb7439019d77d9d525d9a5177f873994fbb60a14dab6df3a60f72?s=96&r=g","contentUrl":"https:\/\/secure.gravatar.com\/avatar\/9d843cd005fbb7439019d77d9d525d9a5177f873994fbb60a14dab6df3a60f72?s=96&r=g","caption":"Expoflamenco"},"description":"Portal global de arte flamenco. El conocimiento y la pasi\u00f3n. La jondura y la pena. El pellizco y la fiesta. Patrimonio Cultural de la Humanidad.","sameAs":["http:\/\/wwww.expoflamenco.com"],"url":"https:\/\/expoflamenco.com\/archivo\/author\/expoflamenco\/"}]}},"_links":{"self":[{"href":"https:\/\/expoflamenco.com\/archivo\/wp-json\/wp\/v2\/posts\/46327","targetHints":{"allow":["GET"]}}],"collection":[{"href":"https:\/\/expoflamenco.com\/archivo\/wp-json\/wp\/v2\/posts"}],"about":[{"href":"https:\/\/expoflamenco.com\/archivo\/wp-json\/wp\/v2\/types\/post"}],"author":[{"embeddable":true,"href":"https:\/\/expoflamenco.com\/archivo\/wp-json\/wp\/v2\/users\/4"}],"replies":[{"embeddable":true,"href":"https:\/\/expoflamenco.com\/archivo\/wp-json\/wp\/v2\/comments?post=46327"}],"version-history":[{"count":1,"href":"https:\/\/expoflamenco.com\/archivo\/wp-json\/wp\/v2\/posts\/46327\/revisions"}],"predecessor-version":[{"id":46331,"href":"https:\/\/expoflamenco.com\/archivo\/wp-json\/wp\/v2\/posts\/46327\/revisions\/46331"}],"wp:featuredmedia":[{"embeddable":true,"href":"https:\/\/expoflamenco.com\/archivo\/wp-json\/wp\/v2\/media\/46329"}],"wp:attachment":[{"href":"https:\/\/expoflamenco.com\/archivo\/wp-json\/wp\/v2\/media?parent=46327"}],"wp:term":[{"taxonomy":"category","embeddable":true,"href":"https:\/\/expoflamenco.com\/archivo\/wp-json\/wp\/v2\/categories?post=46327"},{"taxonomy":"post_tag","embeddable":true,"href":"https:\/\/expoflamenco.com\/archivo\/wp-json\/wp\/v2\/tags?post=46327"}],"curies":[{"name":"wp","href":"https:\/\/api.w.org\/{rel}","templated":true}]}}