{"id":38604,"date":"2022-12-12T21:36:52","date_gmt":"2022-12-12T20:36:52","guid":{"rendered":"https:\/\/www.expoflamenco.com\/archivo\/?p=38604"},"modified":"2022-12-12T21:39:06","modified_gmt":"2022-12-12T20:39:06","slug":"festival-dhiver-en-soustons-nuevo-evento-flamenco-en-francia","status":"publish","type":"post","link":"https:\/\/expoflamenco.com\/archivo\/internacional\/festival-dhiver-en-soustons-nuevo-evento-flamenco-en-francia\/","title":{"rendered":"Festival d\u2019hiver en Soustons, nuevo evento flamenco en Francia"},"content":{"rendered":"<p>Francia vuelve a demostrar que es una de las grandes capitales del mundo del arte jondo. Lo hace de la mano de los organizadores del Festival de Arte Flamenco de Mont de Marsan. Del 27 al 29 de enero de 2023 llega a Soustons el <a href=\"https:\/\/festivalarteflamenco.fr\/festival-dhiver\">Festival d\u2019hiver<\/a>, para que el invierno tambi\u00e9n suene a flamenco.<\/p>\n<p>&nbsp;<\/p>\n<p>Este nuevo festival de tres d\u00edas tiene un programa muy completo. Destacan los espect\u00e1culos flamencos, como no pod\u00eda ser de otra forma, de Paula Comitre, Iv\u00e1n Vargas y Antonio Lizana. Pero tambi\u00e9n habr\u00e1 cabida para talleres de baile, exposiciones, encuentros, cine y literatura e incluso un taller de educaci\u00f3n ambiental.<\/p>\n<p>&nbsp;<\/p>\n<p>El programa arranca el viernes 27 de enero con el espect\u00e1culo <em>Cuerpo nombrado<\/em>, de <strong>Paula Comitre<\/strong>. Es la primera vez que lleva a Francia esta obra estrenada en mayo en el Festival Flamenco de Madrid. La bailaora y core\u00f3grafa explora el lenguaje flamenco apoyada en el cante y la guitarra. Graduada en el Conservatorio Profesional de Danza Antonio Ruiz Soler de Sevilla, Paula Comitre se incorpora al Ballet Flamenco de Andaluc\u00eda en 2013 bajo la direcci\u00f3n de Rafaela Carrasco hasta 2016. En 2017 inicia su trayectoria en solitario en el Tablao Los Gallos, donde sigue trabajando adem\u00e1s de realizar giras nacionales e internacionales.<\/p>\n<p>&nbsp;<\/p>\n<p>El s\u00e1bado 28 es el turno de <strong>Iv\u00e1n Vargas<\/strong>, que presenta en Soustons <em>Yo mismo<\/em>, un espect\u00e1culo concebido y creado por el bailar\u00edn y core\u00f3grafo granadino con coreograf\u00edas propias y del maestro Juan Andr\u00e9s Maya. Sucede en diferentes escenarios cuyo nodo es el Sacromonte, barrio donde naci\u00f3 el artista y donde forj\u00f3 su talento. Combinando diferentes elementos basados \u200b\u200ben la tradici\u00f3n pero con apertura a las tendencias flamencas actuales, Iv\u00e1n Vargas repasa las coreograf\u00edas m\u00e1s destacadas de su carrera, poniendo su alma al servicio del p\u00fablico, dice, \u00abporque el alma es el almac\u00e9n de las emociones\u00bb.<\/p>\n<p>&nbsp;<\/p>\n<p>&nbsp;<\/p>\n<blockquote><p><em>\u00abEl programa arranca el viernes 27 de enero con el espect\u00e1culo Cuerpo nombrado, de Paula Comitre. Es la primera vez que lleva a Francia esta obra estrenada en mayo en el Festival Flamenco de Madrid\u00bb<\/em><\/p><\/blockquote>\n<p>&nbsp;<\/p>\n<p>&nbsp;<\/p>\n<p><iframe loading=\"lazy\" title=\"?\u2744 FESTIVAL D&#039;HIVER \u00c0 SOUSTONS \u2013 du 27 au 29 janvier 2023\" width=\"1060\" height=\"596\" src=\"https:\/\/www.youtube.com\/embed\/nd2Jjvz1FbE?feature=oembed&#038;enablejsapi=1&#038;origin=https:\/\/www.expoflamenco.com\/archivo\" frameborder=\"0\" allow=\"accelerometer; autoplay; clipboard-write; encrypted-media; gyroscope; picture-in-picture\" allowfullscreen><\/iframe><\/p>\n<p>&nbsp;<\/p>\n<p>&nbsp;<\/p>\n<p>El domingo 29 de enero cierra el tr\u00edo de espect\u00e1culos <strong>Antonio Lizana<\/strong>. El andaluz es uno de los m\u00e1s c\u00e9lebres representantes del nuevo jazz flamenco y trabaja entre Nueva York y su Andaluc\u00eda natal. Lleva al festival jazz flamenco, con <em>Una realidad diferente<\/em>, el \u00faltimo disco del gaditano, que transporta al que lo escucha desde las ra\u00edces del flamenco hasta el jazz m\u00e1s inventivo. Un toque de sones moriscos y una pizca de cultura gitana. Palmas, jaleos, potentes cantes gaditanos e improvisaciones a lo Coltrane.<\/p>\n<p>&nbsp;<\/p>\n<p>El propio Iv\u00e1n Vargas impartir\u00e1 dos talleres de baile flamenco durante un par de horas el s\u00e1bado 28 y el domingo 29 a partir de las 10:30 en el Centre d&#8217;Arts Chor\u00e9graphiques (place Robert Lasalle). Tambi\u00e9n hay hueco para la exposici\u00f3n <em>Echo<\/em> de la artista <strong>Prisca Bisquet<\/strong>, donde se muestran piezas de esculturas flamencas. No faltar\u00e1 la presentaci\u00f3n del libro <em>Rafael Riqueni, una guitarra de cristal<\/em>, de <strong>Olivier Deck<\/strong> y presentado por <strong>Serge Airoldi<\/strong>.<\/p>\n<p>&nbsp;<\/p>\n<p>En la faceta m\u00e1s cinematogr\u00e1fica, el domingo 29 se presenta la pel\u00edcula <em>Transe<\/em>, un documental de <strong>Emilio Belmonte<\/strong> que se introduce en la fusi\u00f3n del jazz y el flamenco con el maestro <strong>Jorge Pardo<\/strong>. Y finalmente el p\u00fablico m\u00e1s joven tendr\u00e1 tambi\u00e9n su espacio con un taller gratuito de baile flamenco para ni\u00f1os y otro dedicado al medio ambiente.<\/p>\n<p>&nbsp;<\/p>\n<p>&nbsp;<\/p>\n","protected":false},"excerpt":{"rendered":"<p>Nace el Festival d\u2019hiver en Soustons, Francia, de la mano de Arte Flamenco. Paula Comitre, Iv\u00e1n Vargas y Antonio Lizana protagonizan una programaci\u00f3n que incluye talleres, exposiciones y espect\u00e1culos.<\/p>\n","protected":false},"author":4,"featured_media":25916,"comment_status":"open","ping_status":"open","sticky":false,"template":"","format":"standard","meta":{"ngg_post_thumbnail":0,"footnotes":""},"categories":[2027],"tags":[2622,5344,76,804,1206,2365,5345],"class_list":["post-38604","post","type-post","status-publish","format-standard","has-post-thumbnail","hentry","category-internacional","tag-antonio-lizana","tag-festival-dhiver","tag-flamenco","tag-francia","tag-ivan-vargas","tag-paula-comitre","tag-soustons"],"yoast_head":"<!-- This site is optimized with the Yoast SEO plugin v27.4 - https:\/\/yoast.com\/product\/yoast-seo-wordpress\/ -->\n<title>Festival d\u2019hiver en Soustons, nuevo evento flamenco en Francia - Archivo Expoflamenco<\/title>\n<meta name=\"description\" content=\"Nace el Festival d\u2019hiver en Soustons, Francia, de la mano de Arte Flamenco. Paula Comitre, Iv\u00e1n Vargas y Antonio Lizana protagonizan la programaci\u00f3n.\" \/>\n<meta name=\"robots\" content=\"index, follow, max-snippet:-1, max-image-preview:large, max-video-preview:-1\" \/>\n<link rel=\"canonical\" href=\"https:\/\/expoflamenco.com\/archivo\/internacional\/festival-dhiver-en-soustons-nuevo-evento-flamenco-en-francia\/\" \/>\n<meta property=\"og:locale\" content=\"es_ES\" \/>\n<meta property=\"og:type\" content=\"article\" \/>\n<meta property=\"og:title\" content=\"Festival d\u2019hiver en Soustons, nuevo evento flamenco en Francia - Archivo Expoflamenco\" \/>\n<meta property=\"og:description\" content=\"Nace el Festival d\u2019hiver en Soustons, Francia, de la mano de Arte Flamenco. Paula Comitre, Iv\u00e1n Vargas y Antonio Lizana protagonizan la programaci\u00f3n.\" \/>\n<meta property=\"og:url\" content=\"https:\/\/expoflamenco.com\/archivo\/internacional\/festival-dhiver-en-soustons-nuevo-evento-flamenco-en-francia\/\" \/>\n<meta property=\"og:site_name\" content=\"Archivo Expoflamenco\" \/>\n<meta property=\"article:publisher\" content=\"https:\/\/www.facebook.com\/ExpoFlamenco\" \/>\n<meta property=\"article:published_time\" content=\"2022-12-12T20:36:52+00:00\" \/>\n<meta property=\"article:modified_time\" content=\"2022-12-12T20:39:06+00:00\" \/>\n<meta property=\"og:image\" content=\"https:\/\/expoflamenco.com\/archivo\/wp-content\/uploads\/2021\/04\/expoflamenco-gala-giraldillos-bienal2020-lope-vega-1-paula-comitre-foto-perezventana.jpg\" \/>\n\t<meta property=\"og:image:width\" content=\"1300\" \/>\n\t<meta property=\"og:image:height\" content=\"800\" \/>\n\t<meta property=\"og:image:type\" content=\"image\/jpeg\" \/>\n<meta name=\"author\" content=\"Expoflamenco\" \/>\n<meta name=\"twitter:card\" content=\"summary_large_image\" \/>\n<meta name=\"twitter:creator\" content=\"@expoflamenco1\" \/>\n<meta name=\"twitter:site\" content=\"@expoflamenco1\" \/>\n<meta name=\"twitter:label1\" content=\"Escrito por\" \/>\n\t<meta name=\"twitter:data1\" content=\"Expoflamenco\" \/>\n\t<meta name=\"twitter:label2\" content=\"Tiempo de lectura\" \/>\n\t<meta name=\"twitter:data2\" content=\"3 minutos\" \/>\n<script type=\"application\/ld+json\" class=\"yoast-schema-graph\">{\"@context\":\"https:\\\/\\\/schema.org\",\"@graph\":[{\"@type\":\"Article\",\"@id\":\"https:\\\/\\\/expoflamenco.com\\\/archivo\\\/internacional\\\/festival-dhiver-en-soustons-nuevo-evento-flamenco-en-francia\\\/#article\",\"isPartOf\":{\"@id\":\"https:\\\/\\\/expoflamenco.com\\\/archivo\\\/internacional\\\/festival-dhiver-en-soustons-nuevo-evento-flamenco-en-francia\\\/\"},\"author\":{\"name\":\"Expoflamenco\",\"@id\":\"https:\\\/\\\/expoflamenco.com\\\/archivo\\\/#\\\/schema\\\/person\\\/41b6521f4897a6811872f1e2a0554083\"},\"headline\":\"Festival d\u2019hiver en Soustons, nuevo evento flamenco en Francia\",\"datePublished\":\"2022-12-12T20:36:52+00:00\",\"dateModified\":\"2022-12-12T20:39:06+00:00\",\"mainEntityOfPage\":{\"@id\":\"https:\\\/\\\/expoflamenco.com\\\/archivo\\\/internacional\\\/festival-dhiver-en-soustons-nuevo-evento-flamenco-en-francia\\\/\"},\"wordCount\":631,\"commentCount\":0,\"publisher\":{\"@id\":\"https:\\\/\\\/expoflamenco.com\\\/archivo\\\/#organization\"},\"image\":{\"@id\":\"https:\\\/\\\/expoflamenco.com\\\/archivo\\\/internacional\\\/festival-dhiver-en-soustons-nuevo-evento-flamenco-en-francia\\\/#primaryimage\"},\"thumbnailUrl\":\"https:\\\/\\\/expoflamenco.com\\\/archivo\\\/wp-content\\\/uploads\\\/2021\\\/04\\\/expoflamenco-gala-giraldillos-bienal2020-lope-vega-1-paula-comitre-foto-perezventana.jpg\",\"keywords\":[\"Antonio Lizana\",\"Festival d\u2019hiver\",\"flamenco\",\"Francia\",\"Iv\u00e1n Vargas\",\"Paula Comitre\",\"Soustons\"],\"articleSection\":[\"Internacional\"],\"inLanguage\":\"es\",\"potentialAction\":[{\"@type\":\"CommentAction\",\"name\":\"Comment\",\"target\":[\"https:\\\/\\\/expoflamenco.com\\\/archivo\\\/internacional\\\/festival-dhiver-en-soustons-nuevo-evento-flamenco-en-francia\\\/#respond\"]}]},{\"@type\":\"WebPage\",\"@id\":\"https:\\\/\\\/expoflamenco.com\\\/archivo\\\/internacional\\\/festival-dhiver-en-soustons-nuevo-evento-flamenco-en-francia\\\/\",\"url\":\"https:\\\/\\\/expoflamenco.com\\\/archivo\\\/internacional\\\/festival-dhiver-en-soustons-nuevo-evento-flamenco-en-francia\\\/\",\"name\":\"Festival d\u2019hiver en Soustons, nuevo evento flamenco en Francia - Archivo Expoflamenco\",\"isPartOf\":{\"@id\":\"https:\\\/\\\/expoflamenco.com\\\/archivo\\\/#website\"},\"primaryImageOfPage\":{\"@id\":\"https:\\\/\\\/expoflamenco.com\\\/archivo\\\/internacional\\\/festival-dhiver-en-soustons-nuevo-evento-flamenco-en-francia\\\/#primaryimage\"},\"image\":{\"@id\":\"https:\\\/\\\/expoflamenco.com\\\/archivo\\\/internacional\\\/festival-dhiver-en-soustons-nuevo-evento-flamenco-en-francia\\\/#primaryimage\"},\"thumbnailUrl\":\"https:\\\/\\\/expoflamenco.com\\\/archivo\\\/wp-content\\\/uploads\\\/2021\\\/04\\\/expoflamenco-gala-giraldillos-bienal2020-lope-vega-1-paula-comitre-foto-perezventana.jpg\",\"datePublished\":\"2022-12-12T20:36:52+00:00\",\"dateModified\":\"2022-12-12T20:39:06+00:00\",\"description\":\"Nace el Festival d\u2019hiver en Soustons, Francia, de la mano de Arte Flamenco. Paula Comitre, Iv\u00e1n Vargas y Antonio Lizana protagonizan la programaci\u00f3n.\",\"breadcrumb\":{\"@id\":\"https:\\\/\\\/expoflamenco.com\\\/archivo\\\/internacional\\\/festival-dhiver-en-soustons-nuevo-evento-flamenco-en-francia\\\/#breadcrumb\"},\"inLanguage\":\"es\",\"potentialAction\":[{\"@type\":\"ReadAction\",\"target\":[\"https:\\\/\\\/expoflamenco.com\\\/archivo\\\/internacional\\\/festival-dhiver-en-soustons-nuevo-evento-flamenco-en-francia\\\/\"]}]},{\"@type\":\"ImageObject\",\"inLanguage\":\"es\",\"@id\":\"https:\\\/\\\/expoflamenco.com\\\/archivo\\\/internacional\\\/festival-dhiver-en-soustons-nuevo-evento-flamenco-en-francia\\\/#primaryimage\",\"url\":\"https:\\\/\\\/expoflamenco.com\\\/archivo\\\/wp-content\\\/uploads\\\/2021\\\/04\\\/expoflamenco-gala-giraldillos-bienal2020-lope-vega-1-paula-comitre-foto-perezventana.jpg\",\"contentUrl\":\"https:\\\/\\\/expoflamenco.com\\\/archivo\\\/wp-content\\\/uploads\\\/2021\\\/04\\\/expoflamenco-gala-giraldillos-bienal2020-lope-vega-1-paula-comitre-foto-perezventana.jpg\",\"width\":1300,\"height\":800},{\"@type\":\"BreadcrumbList\",\"@id\":\"https:\\\/\\\/expoflamenco.com\\\/archivo\\\/internacional\\\/festival-dhiver-en-soustons-nuevo-evento-flamenco-en-francia\\\/#breadcrumb\",\"itemListElement\":[{\"@type\":\"ListItem\",\"position\":1,\"name\":\"Inicio\",\"item\":\"https:\\\/\\\/expoflamenco.com\\\/archivo\\\/\"},{\"@type\":\"ListItem\",\"position\":2,\"name\":\"Festival d\u2019hiver en Soustons, nuevo evento flamenco en Francia\"}]},{\"@type\":\"WebSite\",\"@id\":\"https:\\\/\\\/expoflamenco.com\\\/archivo\\\/#website\",\"url\":\"https:\\\/\\\/expoflamenco.com\\\/archivo\\\/\",\"name\":\"Archivo Expoflamenco\",\"description\":\"Portal de arte flamenco: noticias, entrevistas, blogs, cr\u00edticas, investigaci\u00f3n\",\"publisher\":{\"@id\":\"https:\\\/\\\/expoflamenco.com\\\/archivo\\\/#organization\"},\"potentialAction\":[{\"@type\":\"SearchAction\",\"target\":{\"@type\":\"EntryPoint\",\"urlTemplate\":\"https:\\\/\\\/expoflamenco.com\\\/archivo\\\/?s={search_term_string}\"},\"query-input\":{\"@type\":\"PropertyValueSpecification\",\"valueRequired\":true,\"valueName\":\"search_term_string\"}}],\"inLanguage\":\"es\"},{\"@type\":\"Organization\",\"@id\":\"https:\\\/\\\/expoflamenco.com\\\/archivo\\\/#organization\",\"name\":\"Expoflamenco\",\"url\":\"https:\\\/\\\/expoflamenco.com\\\/archivo\\\/\",\"logo\":{\"@type\":\"ImageObject\",\"inLanguage\":\"es\",\"@id\":\"https:\\\/\\\/expoflamenco.com\\\/archivo\\\/#\\\/schema\\\/logo\\\/image\\\/\",\"url\":\"https:\\\/\\\/www.expoflamenco.com\\\/archivo\\\/wp-content\\\/uploads\\\/2022\\\/11\\\/banner-cabecera-mobile.jpg\",\"contentUrl\":\"https:\\\/\\\/www.expoflamenco.com\\\/archivo\\\/wp-content\\\/uploads\\\/2022\\\/11\\\/banner-cabecera-mobile.jpg\",\"width\":299,\"height\":75,\"caption\":\"Expoflamenco\"},\"image\":{\"@id\":\"https:\\\/\\\/expoflamenco.com\\\/archivo\\\/#\\\/schema\\\/logo\\\/image\\\/\"},\"sameAs\":[\"https:\\\/\\\/www.facebook.com\\\/ExpoFlamenco\",\"https:\\\/\\\/x.com\\\/expoflamenco1\",\"https:\\\/\\\/www.instagram.com\\\/expoflamenco\\\/\",\"https:\\\/\\\/www.youtube.com\\\/expoflamenco\"]},{\"@type\":\"Person\",\"@id\":\"https:\\\/\\\/expoflamenco.com\\\/archivo\\\/#\\\/schema\\\/person\\\/41b6521f4897a6811872f1e2a0554083\",\"name\":\"Expoflamenco\",\"image\":{\"@type\":\"ImageObject\",\"inLanguage\":\"es\",\"@id\":\"https:\\\/\\\/secure.gravatar.com\\\/avatar\\\/9d843cd005fbb7439019d77d9d525d9a5177f873994fbb60a14dab6df3a60f72?s=96&r=g\",\"url\":\"https:\\\/\\\/secure.gravatar.com\\\/avatar\\\/9d843cd005fbb7439019d77d9d525d9a5177f873994fbb60a14dab6df3a60f72?s=96&r=g\",\"contentUrl\":\"https:\\\/\\\/secure.gravatar.com\\\/avatar\\\/9d843cd005fbb7439019d77d9d525d9a5177f873994fbb60a14dab6df3a60f72?s=96&r=g\",\"caption\":\"Expoflamenco\"},\"description\":\"Portal global de arte flamenco. El conocimiento y la pasi\u00f3n. La jondura y la pena. El pellizco y la fiesta. Patrimonio Cultural de la Humanidad.\",\"sameAs\":[\"http:\\\/\\\/wwww.expoflamenco.com\"],\"url\":\"https:\\\/\\\/expoflamenco.com\\\/archivo\\\/author\\\/expoflamenco\\\/\"}]}<\/script>\n<!-- \/ Yoast SEO plugin. -->","yoast_head_json":{"title":"Festival d\u2019hiver en Soustons, nuevo evento flamenco en Francia - Archivo Expoflamenco","description":"Nace el Festival d\u2019hiver en Soustons, Francia, de la mano de Arte Flamenco. Paula Comitre, Iv\u00e1n Vargas y Antonio Lizana protagonizan la programaci\u00f3n.","robots":{"index":"index","follow":"follow","max-snippet":"max-snippet:-1","max-image-preview":"max-image-preview:large","max-video-preview":"max-video-preview:-1"},"canonical":"https:\/\/expoflamenco.com\/archivo\/internacional\/festival-dhiver-en-soustons-nuevo-evento-flamenco-en-francia\/","og_locale":"es_ES","og_type":"article","og_title":"Festival d\u2019hiver en Soustons, nuevo evento flamenco en Francia - Archivo Expoflamenco","og_description":"Nace el Festival d\u2019hiver en Soustons, Francia, de la mano de Arte Flamenco. Paula Comitre, Iv\u00e1n Vargas y Antonio Lizana protagonizan la programaci\u00f3n.","og_url":"https:\/\/expoflamenco.com\/archivo\/internacional\/festival-dhiver-en-soustons-nuevo-evento-flamenco-en-francia\/","og_site_name":"Archivo Expoflamenco","article_publisher":"https:\/\/www.facebook.com\/ExpoFlamenco","article_published_time":"2022-12-12T20:36:52+00:00","article_modified_time":"2022-12-12T20:39:06+00:00","og_image":[{"width":1300,"height":800,"url":"https:\/\/expoflamenco.com\/archivo\/wp-content\/uploads\/2021\/04\/expoflamenco-gala-giraldillos-bienal2020-lope-vega-1-paula-comitre-foto-perezventana.jpg","type":"image\/jpeg"}],"author":"Expoflamenco","twitter_card":"summary_large_image","twitter_creator":"@expoflamenco1","twitter_site":"@expoflamenco1","twitter_misc":{"Escrito por":"Expoflamenco","Tiempo de lectura":"3 minutos"},"schema":{"@context":"https:\/\/schema.org","@graph":[{"@type":"Article","@id":"https:\/\/expoflamenco.com\/archivo\/internacional\/festival-dhiver-en-soustons-nuevo-evento-flamenco-en-francia\/#article","isPartOf":{"@id":"https:\/\/expoflamenco.com\/archivo\/internacional\/festival-dhiver-en-soustons-nuevo-evento-flamenco-en-francia\/"},"author":{"name":"Expoflamenco","@id":"https:\/\/expoflamenco.com\/archivo\/#\/schema\/person\/41b6521f4897a6811872f1e2a0554083"},"headline":"Festival d\u2019hiver en Soustons, nuevo evento flamenco en Francia","datePublished":"2022-12-12T20:36:52+00:00","dateModified":"2022-12-12T20:39:06+00:00","mainEntityOfPage":{"@id":"https:\/\/expoflamenco.com\/archivo\/internacional\/festival-dhiver-en-soustons-nuevo-evento-flamenco-en-francia\/"},"wordCount":631,"commentCount":0,"publisher":{"@id":"https:\/\/expoflamenco.com\/archivo\/#organization"},"image":{"@id":"https:\/\/expoflamenco.com\/archivo\/internacional\/festival-dhiver-en-soustons-nuevo-evento-flamenco-en-francia\/#primaryimage"},"thumbnailUrl":"https:\/\/expoflamenco.com\/archivo\/wp-content\/uploads\/2021\/04\/expoflamenco-gala-giraldillos-bienal2020-lope-vega-1-paula-comitre-foto-perezventana.jpg","keywords":["Antonio Lizana","Festival d\u2019hiver","flamenco","Francia","Iv\u00e1n Vargas","Paula Comitre","Soustons"],"articleSection":["Internacional"],"inLanguage":"es","potentialAction":[{"@type":"CommentAction","name":"Comment","target":["https:\/\/expoflamenco.com\/archivo\/internacional\/festival-dhiver-en-soustons-nuevo-evento-flamenco-en-francia\/#respond"]}]},{"@type":"WebPage","@id":"https:\/\/expoflamenco.com\/archivo\/internacional\/festival-dhiver-en-soustons-nuevo-evento-flamenco-en-francia\/","url":"https:\/\/expoflamenco.com\/archivo\/internacional\/festival-dhiver-en-soustons-nuevo-evento-flamenco-en-francia\/","name":"Festival d\u2019hiver en Soustons, nuevo evento flamenco en Francia - Archivo Expoflamenco","isPartOf":{"@id":"https:\/\/expoflamenco.com\/archivo\/#website"},"primaryImageOfPage":{"@id":"https:\/\/expoflamenco.com\/archivo\/internacional\/festival-dhiver-en-soustons-nuevo-evento-flamenco-en-francia\/#primaryimage"},"image":{"@id":"https:\/\/expoflamenco.com\/archivo\/internacional\/festival-dhiver-en-soustons-nuevo-evento-flamenco-en-francia\/#primaryimage"},"thumbnailUrl":"https:\/\/expoflamenco.com\/archivo\/wp-content\/uploads\/2021\/04\/expoflamenco-gala-giraldillos-bienal2020-lope-vega-1-paula-comitre-foto-perezventana.jpg","datePublished":"2022-12-12T20:36:52+00:00","dateModified":"2022-12-12T20:39:06+00:00","description":"Nace el Festival d\u2019hiver en Soustons, Francia, de la mano de Arte Flamenco. Paula Comitre, Iv\u00e1n Vargas y Antonio Lizana protagonizan la programaci\u00f3n.","breadcrumb":{"@id":"https:\/\/expoflamenco.com\/archivo\/internacional\/festival-dhiver-en-soustons-nuevo-evento-flamenco-en-francia\/#breadcrumb"},"inLanguage":"es","potentialAction":[{"@type":"ReadAction","target":["https:\/\/expoflamenco.com\/archivo\/internacional\/festival-dhiver-en-soustons-nuevo-evento-flamenco-en-francia\/"]}]},{"@type":"ImageObject","inLanguage":"es","@id":"https:\/\/expoflamenco.com\/archivo\/internacional\/festival-dhiver-en-soustons-nuevo-evento-flamenco-en-francia\/#primaryimage","url":"https:\/\/expoflamenco.com\/archivo\/wp-content\/uploads\/2021\/04\/expoflamenco-gala-giraldillos-bienal2020-lope-vega-1-paula-comitre-foto-perezventana.jpg","contentUrl":"https:\/\/expoflamenco.com\/archivo\/wp-content\/uploads\/2021\/04\/expoflamenco-gala-giraldillos-bienal2020-lope-vega-1-paula-comitre-foto-perezventana.jpg","width":1300,"height":800},{"@type":"BreadcrumbList","@id":"https:\/\/expoflamenco.com\/archivo\/internacional\/festival-dhiver-en-soustons-nuevo-evento-flamenco-en-francia\/#breadcrumb","itemListElement":[{"@type":"ListItem","position":1,"name":"Inicio","item":"https:\/\/expoflamenco.com\/archivo\/"},{"@type":"ListItem","position":2,"name":"Festival d\u2019hiver en Soustons, nuevo evento flamenco en Francia"}]},{"@type":"WebSite","@id":"https:\/\/expoflamenco.com\/archivo\/#website","url":"https:\/\/expoflamenco.com\/archivo\/","name":"Archivo Expoflamenco","description":"Portal de arte flamenco: noticias, entrevistas, blogs, cr\u00edticas, investigaci\u00f3n","publisher":{"@id":"https:\/\/expoflamenco.com\/archivo\/#organization"},"potentialAction":[{"@type":"SearchAction","target":{"@type":"EntryPoint","urlTemplate":"https:\/\/expoflamenco.com\/archivo\/?s={search_term_string}"},"query-input":{"@type":"PropertyValueSpecification","valueRequired":true,"valueName":"search_term_string"}}],"inLanguage":"es"},{"@type":"Organization","@id":"https:\/\/expoflamenco.com\/archivo\/#organization","name":"Expoflamenco","url":"https:\/\/expoflamenco.com\/archivo\/","logo":{"@type":"ImageObject","inLanguage":"es","@id":"https:\/\/expoflamenco.com\/archivo\/#\/schema\/logo\/image\/","url":"https:\/\/www.expoflamenco.com\/archivo\/wp-content\/uploads\/2022\/11\/banner-cabecera-mobile.jpg","contentUrl":"https:\/\/www.expoflamenco.com\/archivo\/wp-content\/uploads\/2022\/11\/banner-cabecera-mobile.jpg","width":299,"height":75,"caption":"Expoflamenco"},"image":{"@id":"https:\/\/expoflamenco.com\/archivo\/#\/schema\/logo\/image\/"},"sameAs":["https:\/\/www.facebook.com\/ExpoFlamenco","https:\/\/x.com\/expoflamenco1","https:\/\/www.instagram.com\/expoflamenco\/","https:\/\/www.youtube.com\/expoflamenco"]},{"@type":"Person","@id":"https:\/\/expoflamenco.com\/archivo\/#\/schema\/person\/41b6521f4897a6811872f1e2a0554083","name":"Expoflamenco","image":{"@type":"ImageObject","inLanguage":"es","@id":"https:\/\/secure.gravatar.com\/avatar\/9d843cd005fbb7439019d77d9d525d9a5177f873994fbb60a14dab6df3a60f72?s=96&r=g","url":"https:\/\/secure.gravatar.com\/avatar\/9d843cd005fbb7439019d77d9d525d9a5177f873994fbb60a14dab6df3a60f72?s=96&r=g","contentUrl":"https:\/\/secure.gravatar.com\/avatar\/9d843cd005fbb7439019d77d9d525d9a5177f873994fbb60a14dab6df3a60f72?s=96&r=g","caption":"Expoflamenco"},"description":"Portal global de arte flamenco. El conocimiento y la pasi\u00f3n. La jondura y la pena. El pellizco y la fiesta. Patrimonio Cultural de la Humanidad.","sameAs":["http:\/\/wwww.expoflamenco.com"],"url":"https:\/\/expoflamenco.com\/archivo\/author\/expoflamenco\/"}]}},"_links":{"self":[{"href":"https:\/\/expoflamenco.com\/archivo\/wp-json\/wp\/v2\/posts\/38604","targetHints":{"allow":["GET"]}}],"collection":[{"href":"https:\/\/expoflamenco.com\/archivo\/wp-json\/wp\/v2\/posts"}],"about":[{"href":"https:\/\/expoflamenco.com\/archivo\/wp-json\/wp\/v2\/types\/post"}],"author":[{"embeddable":true,"href":"https:\/\/expoflamenco.com\/archivo\/wp-json\/wp\/v2\/users\/4"}],"replies":[{"embeddable":true,"href":"https:\/\/expoflamenco.com\/archivo\/wp-json\/wp\/v2\/comments?post=38604"}],"version-history":[{"count":3,"href":"https:\/\/expoflamenco.com\/archivo\/wp-json\/wp\/v2\/posts\/38604\/revisions"}],"predecessor-version":[{"id":38607,"href":"https:\/\/expoflamenco.com\/archivo\/wp-json\/wp\/v2\/posts\/38604\/revisions\/38607"}],"wp:featuredmedia":[{"embeddable":true,"href":"https:\/\/expoflamenco.com\/archivo\/wp-json\/wp\/v2\/media\/25916"}],"wp:attachment":[{"href":"https:\/\/expoflamenco.com\/archivo\/wp-json\/wp\/v2\/media?parent=38604"}],"wp:term":[{"taxonomy":"category","embeddable":true,"href":"https:\/\/expoflamenco.com\/archivo\/wp-json\/wp\/v2\/categories?post=38604"},{"taxonomy":"post_tag","embeddable":true,"href":"https:\/\/expoflamenco.com\/archivo\/wp-json\/wp\/v2\/tags?post=38604"}],"curies":[{"name":"wp","href":"https:\/\/api.w.org\/{rel}","templated":true}]}}