{"id":36320,"date":"2022-08-30T10:07:54","date_gmt":"2022-08-30T08:07:54","guid":{"rendered":"https:\/\/www.expoflamenco.com\/archivo\/?p=36320"},"modified":"2022-10-17T22:07:27","modified_gmt":"2022-10-17T20:07:27","slug":"manolo-sanlucar-al-eterno-maestro-de-bajo-guia","status":"publish","type":"post","link":"https:\/\/expoflamenco.com\/archivo\/opinion-archivo\/manolo-sanlucar-al-eterno-maestro-de-bajo-guia\/","title":{"rendered":"Al eterno maestro de Bajo Gu\u00eda"},"content":{"rendered":"<p>En verano de 1991, en el aeropuerto de El Prat de Barcelona, regreso de un viaje con mis padres. De momento aparece un grupo de personas y entre ellos distingo a <strong>Manolo Sanl\u00facar<\/strong>. Ah\u00ed le digo a mi padre que me acompa\u00f1e a pedirle un aut\u00f3grafo. Mientras me firma con mucho cari\u00f1o, mi padre dice: \u201cAqu\u00ed un gran seguidor de su guitarra\u201d. A rengl\u00f3n seguido Manolo me da un abrazo y me dice: \u201cTen constancia y busca tu camino\u201d. A\u00f1os despu\u00e9s, en octubre de 2018 se celebra el <strong>III Festival Flamenco Ciudad de Huelva<\/strong>. Me acerco al final de su conferencia, le recuerdo la an\u00e9cdota anterior y me firma la car\u00e1tula de <em>Tauromagia<\/em>. Hoy no voy a escribir una semblanza. Desde mi humilde pluma, con respeto y cari\u00f1o, quiero homenajear y explicar lo que el maestro sanluque\u00f1o ha influido en mi forma de ver la m\u00fasica, el flamenco y nuestra cultura.<\/p>\n<p>&nbsp;<\/p>\n<p><strong>Manuel Mu\u00f1oz Alc\u00f3n<\/strong> nace un 21 de noviembre de 1943 en Sanlucar de Barrameda fruto del matrimonio entre <strong>Isidro Mu\u00f1oz Raposo<\/strong> y <strong>Josefa Alc\u00f3n Lareu<\/strong>. Su padre inicia a \u00e9l y a sus hermanos en el arte de la sonanta. Pero \u00e9l, r\u00e1pidamente, toma nota de las lecciones. Desde ese momento su hermano <strong>Isidro Mu\u00f1oz<\/strong> ser\u00eda su fiel compa\u00f1ero en la m\u00fasica y a la vez un enorme guitarrista. Manolo con prontitud comienza a definir su estilo. Y a la edad de ocho a\u00f1os recibe clases de <strong>Javier Molina<\/strong> en Jerez. El propio Manolo busca una bicicleta para ir de Sanl\u00facar a Jerez.<\/p>\n<p>&nbsp;<\/p>\n<p>Por sus buenas maneras guitarr\u00edsticas pronto se conoce en el mundo flamenco. La misma <strong>Ni\u00f1a de los Peines<\/strong> lo apadrina siendo un ni\u00f1o, pasando a formar parte de la compa\u00f1\u00eda de <strong>Pepe Pinto<\/strong>. A partir de ah\u00ed, Manolo vive entre el trabajo y su inquietud por la guitarra. Trabaja con <strong>Marchena<\/strong>, <strong>Manolo el Malague\u00f1o<\/strong> y <strong>La Paquera de Jerez<\/strong>. La Paquera lo incorpora al T<strong>ablao Las Brujas<\/strong> de Madrid junto a <strong>Terremoto<\/strong>, <strong>Romerito de Jerez<\/strong> o <strong>Chato de la Isla<\/strong>, entre otros. Adem\u00e1s conoce al maestro <strong>Alberto V\u00e9lez<\/strong>, que le hace crecer como guitarrista y con el que forja una maravillosa amistad. No obstante, el guitarrista sanluque\u00f1o no para de trabajar, como concertista, acompa\u00f1ando, creando e investigando. Como con <strong>Morente<\/strong>, <strong>Manuel Agujetas<\/strong>, <strong>Ni\u00f1a de la Puebla<\/strong>, <strong>Chano Lobato<\/strong>, <strong>Enrique Montoya<\/strong>, <strong>Peric\u00f3n de C\u00e1diz<\/strong>,<strong> Sordera de Jerez<\/strong>, <strong>Sara Baras<\/strong>, <strong>Agust\u00edn Diassera<\/strong>, <strong>Carmen Molina<\/strong>, <strong>Diego Carrasco<\/strong>, <strong>Tino Di Geraldo<\/strong>, <strong>Macanita<\/strong>, <strong>Enrique el Extreme\u00f1o<\/strong>, J<strong>os\u00e9 Merc\u00e9 <\/strong>o <strong>Jos\u00e9 Miguel \u00c9vora<\/strong>.<\/p>\n<p>&nbsp;<\/p>\n<p>Colabora e incluso tutela a otros guitarristas como <strong>Ni\u00f1o Manuel L\u00f3pez Romero<\/strong>, <strong>Jose Antonio Rodr\u00edguez<\/strong>, <strong>Chicuelo<\/strong>, <strong>Rafael Riqueni<\/strong>, <strong>Vicente Amigo<\/strong>, <strong>Juan Carlos Romero<\/strong>, <strong>Manuel de la Luz<\/strong>, <strong>Paco Vidal<\/strong>, <strong>David de Arahal<\/strong>, <strong>Francis G\u00f3mez<\/strong> o <strong>David Carmona<\/strong>, entre otros. Con <strong>Paco de Luc\u00eda<\/strong> tiene una relaci\u00f3n extraordinaria. Graban juntos la buler\u00eda <em>Compadres<\/em> del disco <em>Zyriab<\/em> del algecire\u00f1o y cuatro sevillanas antol\u00f3gicas para el documental de <em>Carlos Saura<\/em>. Adem\u00e1s de la relaci\u00f3n especial que tiene Manolo con el guitarrista <strong>Can Wang El Gitano de Pek\u00edn<\/strong>.<\/p>\n<p>&nbsp;<\/p>\n<p>&nbsp;<\/p>\n<blockquote><p><em>\u00abM\u00e1s all\u00e1 de las t\u00e9cnicas guitarr\u00edsticas, la limpia ejecuci\u00f3n o del virtuosismo, la obra del hijo del panadero es una declaraci\u00f3n de intenciones. Una b\u00fasqueda constante por documentar y dar a conocer nuestros or\u00edgenes. La b\u00fasqueda de nuestra identidad, de nuestra cultura. La b\u00fasqueda de Andaluc\u00eda\u00bb<\/em><\/p><\/blockquote>\n<p>&nbsp;<\/p>\n<p>&nbsp;<\/p>\n<p>Aprendo estudiando al maestro de Sanl\u00facar, su filosof\u00eda y la defensa de la identidad cultural. Tenemos <strong>un legado incre\u00edble, sublime, excelso, lleno de riquezas que debemos conservar.<\/strong> El propio Manolo deja una magna investigaci\u00f3n sobre la importancia de nuestra musica para las futuras generaciones, que transmite a quienes se acercan a escucharlo. Que est\u00e1 presente en sus trabajos discogr\u00e1ficos, escritos, sus conferencias y sus cursos. Por medio de sus obras recibe los reconocimientos m\u00e1s importantes: Medalla de Oro al M\u00e9rito en las Bellas Artes, Premio Nacional de Guitarra de la C\u00e1tedra de Flamencolog\u00eda de Jerez, Primer Premio del Concurso Nacional de Guitarra de C\u00f3rdoba, Comp\u00e1s del Cante o Medalla de Andaluc\u00eda, entre una larga lista. Aunque el sanluque\u00f1o jam\u00e1s deja de investigar, es un trabajador incansable.<\/p>\n<p>&nbsp;<\/p>\n<p>Escuchando su obra discogr\u00e1fica observo su inquietud por el conocimiento. M\u00e1s all\u00e1 de las t\u00e9cnicas guitarr\u00edsticas, la limpia ejecuci\u00f3n o del virtuosismo, la obra del hijo del panadero es una declaraci\u00f3n de intenciones. Una b\u00fasqueda constante por documentar y dar a conocer nuestros or\u00edgenes. La b\u00fasqueda de nuestra identidad, de nuestra cultura. La b\u00fasqueda de Andaluc\u00eda. Manolo lo lleva intr\u00ednseco y lo manifiesta a trav\u00e9s de su extraordinario legado.<\/p>\n<p>&nbsp;<\/p>\n<p>Cuando empiezo a tocar la guitarra, a los once a\u00f1os, mi padre me muestra un vinilo, <em>Ven y s\u00edgueme.<\/em> Y vaya elenco: <strong>Roc\u00edo Jurado<\/strong>,<strong> El Lebrijano<\/strong> y de segunda guitarra <strong>Enrique de Melchor<\/strong>. Es mi primer contacto con Manolo. Luego adquiero los tres vol\u00famenes de <em>Mundo y Formas de la Guitarra Flamenca<\/em>. Una obra did\u00e1ctico musical imprescindible, un legado para el estudio y conocimiento del instrumento. Manolo, a trav\u00e9s de su guitarra, emociona, alegra, estremece, pellizca. Una trilog\u00eda donde hace una exposici\u00f3n clara y detallada de la genealog\u00eda flamenca guitarrera. Un homenaje a grandes maestros. Me llaman mucho la atenci\u00f3n los temas <em>Garrot\u00edn del Calzoncillo<\/em> junto a su hermano Isidro y <em>Colombianas de Bajo Gu\u00eda<\/em>. En este segundo tema, como por medio de las seis cuerdas, Manolo transmite ese oleaje salinero que se abre hacia Do\u00f1ana. Paseos inspiradores por la playa entre compases aflamencados en busca de la identidad flamenca.<\/p>\n<p>&nbsp;<\/p>\n<p>Esa verdad que aflora entre las <em>Inspiraciones<\/em> de su <em>Recital Flamenco<\/em>. Esa verdad que vuela <em>Al Viento<\/em> para <em>Regresarte junto a Miguel Hern\u00e1ndez<\/em>. Esa verdad de aromas de <em>Candela<\/em> y <em>Azahares que<\/em> nos transmite el <em>Sentimiento<\/em> m\u00e1s puro de lo nuestro. Esa verdad llena de <em>Locura de brisa y trino<\/em>. Esa verdad que encierra los secretos de tu <em>Tauromagia<\/em>. Esa verdad es un aut\u00e9ntico <em>Testamento Andaluz,<\/em> por la que luchaste, por la que no dejaste de creer e incluso por la que lo dejaste todo. Esa verdad, tuya, nuestra, de nuestras ra\u00edces y de tu legado, est\u00e1 impresa en tu persona.<\/p>\n<p>&nbsp;<\/p>\n<p>&nbsp;<\/p>\n<blockquote><p><em>\u00abMe llaman la atenci\u00f3n los temas &#8216;Garrot\u00edn del Calzoncillo&#8217; junto a su hermano Isidro y &#8216;Colombianas de Bajo Gu\u00eda&#8217;. En este segundo tema Manolo transmite ese oleaje salinero que se abre hacia Do\u00f1ana. Paseos inspiradores por la playa entre compases aflamencados en busca de la identidad flamenca\u00bb<\/em><\/p><\/blockquote>\n<p>&nbsp;<\/p>\n<p>&nbsp;<\/p>\n<p>En tus obras vas m\u00e1s all\u00e1. En tus obras siempre pones la guitarra al servicio de la expresi\u00f3n flamenca. Con <em>Medea<\/em>, <em>Trebujena<\/em>, <em>Sole\u00e1<\/em>, <em>Aljibe<\/em>, <em>La Gallard<\/em>a o <em>M\u00fasica para Ocho Monumentos<\/em>, tu guitarra al servicio de una orquesta sinf\u00f3nica y viceversa. La expresi\u00f3n flamenco musical llevada al \u00e9xtasis. Donde se manifiestan todas tus investigaciones. De hecho, tu retirada en julio de 2013 en las Cuevas de Nerja no es casual, todo en consonancia con tus principios. Pero no solo nos regalaste una obra musical llena de flamencura y verdad. En tus libros encontramos tus cavilaciones, tus teor\u00edas y razonamientos. Ya lo dicen los propios t\u00edtulos: <em>Teor\u00eda y Sistema para la Guitarra Flamenca<\/em> y <em>El alma compartida<\/em>.<\/p>\n<p>&nbsp;<\/p>\n<p>Y aparte de todo eso, dedicaste tu vida, tus conocimientos, tus desvelos y desvar\u00edos a engrandecer nuestra cultura. Pusiste tu alma para engendrar una obra magna y sublime, <em>La Guitarra Flamenca, Manolo Sanl\u00facar<\/em>. M\u00e1s de quince a\u00f1os de trabajos, mas de cuarenta artistas confluyen en una enciclopedia audiovisual y maravillosa. La guitarra flamenca hace de maestra de ceremonias ante el cante y baile, para presentar los c\u00e1nones formales de los palos del flamenco. Una magn\u00e1nima obra did\u00e1ctica extra\u00edda de tus conocimientos e investigaciones. Nada m\u00e1s ni nada menos que <strong>una vida dedicada a nuestras ra\u00edces y a lo que tanto crees y defiendes.<\/strong><\/p>\n<p>&nbsp;<\/p>\n<p>Hoy disfrutas de una aut\u00e9ntica fiesta flamenca con tantos maestros y maestras de ese tablao celestial. Mientras tanto sigo escuchando tus obras. Esas <em>Colombianas de Bajo Gu\u00eda<\/em> que tanto disfruto. Me transporta la alegr\u00eda de tu toque. Ese amanecer ma\u00f1anero que inmortaliza las notas de tus escalas. La mec\u00eda de tus acordes del soniquete salinero. Y en la majestuosidad del triunfo una sinf\u00f3nica de jaleos y algarab\u00eda abren tu puerta, la <em>Puerta del Principe.<\/em><\/p>\n<p>&nbsp;<\/p>\n<p>&nbsp;<\/p>\n<blockquote><p><em>\u00abLe deben de haber dado la llave, el llavero y el candado. Porque a trav\u00e9s de su trabajo, constancia y esfuerzo ha elevado nuestro flamenco a un nivel alt\u00edsimo\u00bb<\/em><\/p><\/blockquote>\n<p>&nbsp;<\/p>\n<p>&nbsp;<\/p>\n<p>Tu legado est\u00e1 claro, seguir trabajando por dignificar nuestro flamenco en todas y cada una de sus expresiones. Esa m\u00fasica culta andaluza que tanto te gustaba y que debe convivir con la grandeza de las mejores m\u00fasicas. Manolo merece todos los honores.<\/p>\n<p>&nbsp;<\/p>\n<p>Le deben de haber dado la llave, el llavero y el candado. Porque a trav\u00e9s de su trabajo, constancia y esfuerzo ha elevado nuestro flamenco a un nivel alt\u00edsimo. Como he escrito anteriormente, la grandeza de tu humildad reside en la magnitud de tu legado. Y termino este escrito entre la emoci\u00f3n, la tristeza y la rabia.<\/p>\n<p>&nbsp;<\/p>\n","protected":false},"excerpt":{"rendered":"<p>Hoy disfrutas de una aut\u00e9ntica fiesta flamenca con tantos maestros de ese tablao celestial. Mientras tanto sigo escuchando tus obras. Esas Colombianas de Bajo Gu\u00eda que tanto disfruto. Me transporta la alegr\u00eda de tu toque. La mec\u00eda de tus acordes del soniquete salinero. Y en la majestuosidad del triunfo una sinf\u00f3nica de jaleos y algarab\u00eda abren tu Puerta del Principe.<\/p>\n","protected":false},"author":28,"featured_media":36321,"comment_status":"open","ping_status":"open","sticky":false,"template":"","format":"standard","meta":{"ngg_post_thumbnail":0,"footnotes":""},"categories":[4351,20],"tags":[76,118,5025,135,5026],"class_list":["post-36320","post","type-post","status-publish","format-standard","has-post-thumbnail","hentry","category-news-opinion","category-opinion-archivo","tag-flamenco","tag-guitarrista","tag-manolo-sanucar","tag-muerte","tag-semblanza"],"yoast_head":"<!-- This site is optimized with the Yoast SEO plugin v27.4 - https:\/\/yoast.com\/product\/yoast-seo-wordpress\/ -->\n<title>Al eterno maestro de Bajo Gu\u00eda - Archivo Expoflamenco<\/title>\n<meta name=\"description\" content=\"Manolo Sanl\u00facar, hoy disfrutas de una aut\u00e9ntica fiesta flamenca con tantos maestros de ese tablao celestial. Una sinf\u00f3nica de jaleos y algarab\u00eda abren tu Puerta del Principe.\" \/>\n<meta name=\"robots\" content=\"index, follow, max-snippet:-1, max-image-preview:large, max-video-preview:-1\" \/>\n<link rel=\"canonical\" href=\"https:\/\/expoflamenco.com\/archivo\/opinion-archivo\/manolo-sanlucar-al-eterno-maestro-de-bajo-guia\/\" \/>\n<meta property=\"og:locale\" content=\"es_ES\" \/>\n<meta property=\"og:type\" content=\"article\" \/>\n<meta property=\"og:title\" content=\"Al eterno maestro de Bajo Gu\u00eda - Archivo Expoflamenco\" \/>\n<meta property=\"og:description\" content=\"Manolo Sanl\u00facar, hoy disfrutas de una aut\u00e9ntica fiesta flamenca con tantos maestros de ese tablao celestial. Una sinf\u00f3nica de jaleos y algarab\u00eda abren tu Puerta del Principe.\" \/>\n<meta property=\"og:url\" content=\"https:\/\/expoflamenco.com\/archivo\/opinion-archivo\/manolo-sanlucar-al-eterno-maestro-de-bajo-guia\/\" \/>\n<meta property=\"og:site_name\" content=\"Archivo Expoflamenco\" \/>\n<meta property=\"article:publisher\" content=\"https:\/\/www.facebook.com\/ExpoFlamenco\" \/>\n<meta property=\"article:published_time\" content=\"2022-08-30T08:07:54+00:00\" \/>\n<meta property=\"article:modified_time\" content=\"2022-10-17T20:07:27+00:00\" \/>\n<meta property=\"og:image\" content=\"https:\/\/expoflamenco.com\/archivo\/wp-content\/uploads\/2022\/08\/expoflamenco-manolo-sanlucar-2b-foto-perezventana-ene21.jpg\" \/>\n\t<meta property=\"og:image:width\" content=\"1300\" \/>\n\t<meta property=\"og:image:height\" content=\"800\" \/>\n\t<meta property=\"og:image:type\" content=\"image\/jpeg\" \/>\n<meta name=\"author\" content=\"Irra Torres\" \/>\n<meta name=\"twitter:card\" content=\"summary_large_image\" \/>\n<meta name=\"twitter:creator\" content=\"@expoflamenco1\" \/>\n<meta name=\"twitter:site\" content=\"@expoflamenco1\" \/>\n<meta name=\"twitter:label1\" content=\"Escrito por\" \/>\n\t<meta name=\"twitter:data1\" content=\"Irra Torres\" \/>\n\t<meta name=\"twitter:label2\" content=\"Tiempo de lectura\" \/>\n\t<meta name=\"twitter:data2\" content=\"7 minutos\" \/>\n<script type=\"application\/ld+json\" class=\"yoast-schema-graph\">{\"@context\":\"https:\\\/\\\/schema.org\",\"@graph\":[{\"@type\":\"Article\",\"@id\":\"https:\\\/\\\/expoflamenco.com\\\/archivo\\\/opinion-archivo\\\/manolo-sanlucar-al-eterno-maestro-de-bajo-guia\\\/#article\",\"isPartOf\":{\"@id\":\"https:\\\/\\\/expoflamenco.com\\\/archivo\\\/opinion-archivo\\\/manolo-sanlucar-al-eterno-maestro-de-bajo-guia\\\/\"},\"author\":{\"name\":\"Irra Torres\",\"@id\":\"https:\\\/\\\/expoflamenco.com\\\/archivo\\\/#\\\/schema\\\/person\\\/1eef99c8400d79cfbbafc8c5b92d112a\"},\"headline\":\"Al eterno maestro de Bajo Gu\u00eda\",\"datePublished\":\"2022-08-30T08:07:54+00:00\",\"dateModified\":\"2022-10-17T20:07:27+00:00\",\"mainEntityOfPage\":{\"@id\":\"https:\\\/\\\/expoflamenco.com\\\/archivo\\\/opinion-archivo\\\/manolo-sanlucar-al-eterno-maestro-de-bajo-guia\\\/\"},\"wordCount\":1618,\"commentCount\":2,\"publisher\":{\"@id\":\"https:\\\/\\\/expoflamenco.com\\\/archivo\\\/#organization\"},\"image\":{\"@id\":\"https:\\\/\\\/expoflamenco.com\\\/archivo\\\/opinion-archivo\\\/manolo-sanlucar-al-eterno-maestro-de-bajo-guia\\\/#primaryimage\"},\"thumbnailUrl\":\"https:\\\/\\\/expoflamenco.com\\\/archivo\\\/wp-content\\\/uploads\\\/2022\\\/08\\\/expoflamenco-manolo-sanlucar-2b-foto-perezventana-ene21.jpg\",\"keywords\":[\"flamenco\",\"guitarrista\",\"Manolo Sanucar\",\"muerte\",\"semblanza\"],\"articleSection\":[\"NEWS Opini\u00f3n\",\"Opini\u00f3n\"],\"inLanguage\":\"es\",\"potentialAction\":[{\"@type\":\"CommentAction\",\"name\":\"Comment\",\"target\":[\"https:\\\/\\\/expoflamenco.com\\\/archivo\\\/opinion-archivo\\\/manolo-sanlucar-al-eterno-maestro-de-bajo-guia\\\/#respond\"]}]},{\"@type\":\"WebPage\",\"@id\":\"https:\\\/\\\/expoflamenco.com\\\/archivo\\\/opinion-archivo\\\/manolo-sanlucar-al-eterno-maestro-de-bajo-guia\\\/\",\"url\":\"https:\\\/\\\/expoflamenco.com\\\/archivo\\\/opinion-archivo\\\/manolo-sanlucar-al-eterno-maestro-de-bajo-guia\\\/\",\"name\":\"Al eterno maestro de Bajo Gu\u00eda - Archivo Expoflamenco\",\"isPartOf\":{\"@id\":\"https:\\\/\\\/expoflamenco.com\\\/archivo\\\/#website\"},\"primaryImageOfPage\":{\"@id\":\"https:\\\/\\\/expoflamenco.com\\\/archivo\\\/opinion-archivo\\\/manolo-sanlucar-al-eterno-maestro-de-bajo-guia\\\/#primaryimage\"},\"image\":{\"@id\":\"https:\\\/\\\/expoflamenco.com\\\/archivo\\\/opinion-archivo\\\/manolo-sanlucar-al-eterno-maestro-de-bajo-guia\\\/#primaryimage\"},\"thumbnailUrl\":\"https:\\\/\\\/expoflamenco.com\\\/archivo\\\/wp-content\\\/uploads\\\/2022\\\/08\\\/expoflamenco-manolo-sanlucar-2b-foto-perezventana-ene21.jpg\",\"datePublished\":\"2022-08-30T08:07:54+00:00\",\"dateModified\":\"2022-10-17T20:07:27+00:00\",\"description\":\"Manolo Sanl\u00facar, hoy disfrutas de una aut\u00e9ntica fiesta flamenca con tantos maestros de ese tablao celestial. Una sinf\u00f3nica de jaleos y algarab\u00eda abren tu Puerta del Principe.\",\"breadcrumb\":{\"@id\":\"https:\\\/\\\/expoflamenco.com\\\/archivo\\\/opinion-archivo\\\/manolo-sanlucar-al-eterno-maestro-de-bajo-guia\\\/#breadcrumb\"},\"inLanguage\":\"es\",\"potentialAction\":[{\"@type\":\"ReadAction\",\"target\":[\"https:\\\/\\\/expoflamenco.com\\\/archivo\\\/opinion-archivo\\\/manolo-sanlucar-al-eterno-maestro-de-bajo-guia\\\/\"]}]},{\"@type\":\"ImageObject\",\"inLanguage\":\"es\",\"@id\":\"https:\\\/\\\/expoflamenco.com\\\/archivo\\\/opinion-archivo\\\/manolo-sanlucar-al-eterno-maestro-de-bajo-guia\\\/#primaryimage\",\"url\":\"https:\\\/\\\/expoflamenco.com\\\/archivo\\\/wp-content\\\/uploads\\\/2022\\\/08\\\/expoflamenco-manolo-sanlucar-2b-foto-perezventana-ene21.jpg\",\"contentUrl\":\"https:\\\/\\\/expoflamenco.com\\\/archivo\\\/wp-content\\\/uploads\\\/2022\\\/08\\\/expoflamenco-manolo-sanlucar-2b-foto-perezventana-ene21.jpg\",\"width\":1300,\"height\":800},{\"@type\":\"BreadcrumbList\",\"@id\":\"https:\\\/\\\/expoflamenco.com\\\/archivo\\\/opinion-archivo\\\/manolo-sanlucar-al-eterno-maestro-de-bajo-guia\\\/#breadcrumb\",\"itemListElement\":[{\"@type\":\"ListItem\",\"position\":1,\"name\":\"Inicio\",\"item\":\"https:\\\/\\\/expoflamenco.com\\\/archivo\\\/\"},{\"@type\":\"ListItem\",\"position\":2,\"name\":\"Al eterno maestro de Bajo Gu\u00eda\"}]},{\"@type\":\"WebSite\",\"@id\":\"https:\\\/\\\/expoflamenco.com\\\/archivo\\\/#website\",\"url\":\"https:\\\/\\\/expoflamenco.com\\\/archivo\\\/\",\"name\":\"Archivo Expoflamenco\",\"description\":\"Portal de arte flamenco: noticias, entrevistas, blogs, cr\u00edticas, investigaci\u00f3n\",\"publisher\":{\"@id\":\"https:\\\/\\\/expoflamenco.com\\\/archivo\\\/#organization\"},\"potentialAction\":[{\"@type\":\"SearchAction\",\"target\":{\"@type\":\"EntryPoint\",\"urlTemplate\":\"https:\\\/\\\/expoflamenco.com\\\/archivo\\\/?s={search_term_string}\"},\"query-input\":{\"@type\":\"PropertyValueSpecification\",\"valueRequired\":true,\"valueName\":\"search_term_string\"}}],\"inLanguage\":\"es\"},{\"@type\":\"Organization\",\"@id\":\"https:\\\/\\\/expoflamenco.com\\\/archivo\\\/#organization\",\"name\":\"Expoflamenco\",\"url\":\"https:\\\/\\\/expoflamenco.com\\\/archivo\\\/\",\"logo\":{\"@type\":\"ImageObject\",\"inLanguage\":\"es\",\"@id\":\"https:\\\/\\\/expoflamenco.com\\\/archivo\\\/#\\\/schema\\\/logo\\\/image\\\/\",\"url\":\"https:\\\/\\\/www.expoflamenco.com\\\/archivo\\\/wp-content\\\/uploads\\\/2022\\\/11\\\/banner-cabecera-mobile.jpg\",\"contentUrl\":\"https:\\\/\\\/www.expoflamenco.com\\\/archivo\\\/wp-content\\\/uploads\\\/2022\\\/11\\\/banner-cabecera-mobile.jpg\",\"width\":299,\"height\":75,\"caption\":\"Expoflamenco\"},\"image\":{\"@id\":\"https:\\\/\\\/expoflamenco.com\\\/archivo\\\/#\\\/schema\\\/logo\\\/image\\\/\"},\"sameAs\":[\"https:\\\/\\\/www.facebook.com\\\/ExpoFlamenco\",\"https:\\\/\\\/x.com\\\/expoflamenco1\",\"https:\\\/\\\/www.instagram.com\\\/expoflamenco\\\/\",\"https:\\\/\\\/www.youtube.com\\\/expoflamenco\"]},{\"@type\":\"Person\",\"@id\":\"https:\\\/\\\/expoflamenco.com\\\/archivo\\\/#\\\/schema\\\/person\\\/1eef99c8400d79cfbbafc8c5b92d112a\",\"name\":\"Irra Torres\",\"image\":{\"@type\":\"ImageObject\",\"inLanguage\":\"es\",\"@id\":\"https:\\\/\\\/secure.gravatar.com\\\/avatar\\\/264d0103dbb34250116ca5a5bc1de97e4a8f1bbc30495b9da3a0603eb7fff1e6?s=96&r=g\",\"url\":\"https:\\\/\\\/secure.gravatar.com\\\/avatar\\\/264d0103dbb34250116ca5a5bc1de97e4a8f1bbc30495b9da3a0603eb7fff1e6?s=96&r=g\",\"contentUrl\":\"https:\\\/\\\/secure.gravatar.com\\\/avatar\\\/264d0103dbb34250116ca5a5bc1de97e4a8f1bbc30495b9da3a0603eb7fff1e6?s=96&r=g\",\"caption\":\"Irra Torres\"},\"description\":\"Huelva, 1977. Maestro y guitarrista apasionado del flamenco. Investigador y divulgador de nuestra cultura. El camino del comp\u00e1s le lleva a ser un docente con duende.\",\"url\":\"https:\\\/\\\/expoflamenco.com\\\/archivo\\\/author\\\/irratorres\\\/\"}]}<\/script>\n<!-- \/ Yoast SEO plugin. -->","yoast_head_json":{"title":"Al eterno maestro de Bajo Gu\u00eda - Archivo Expoflamenco","description":"Manolo Sanl\u00facar, hoy disfrutas de una aut\u00e9ntica fiesta flamenca con tantos maestros de ese tablao celestial. Una sinf\u00f3nica de jaleos y algarab\u00eda abren tu Puerta del Principe.","robots":{"index":"index","follow":"follow","max-snippet":"max-snippet:-1","max-image-preview":"max-image-preview:large","max-video-preview":"max-video-preview:-1"},"canonical":"https:\/\/expoflamenco.com\/archivo\/opinion-archivo\/manolo-sanlucar-al-eterno-maestro-de-bajo-guia\/","og_locale":"es_ES","og_type":"article","og_title":"Al eterno maestro de Bajo Gu\u00eda - Archivo Expoflamenco","og_description":"Manolo Sanl\u00facar, hoy disfrutas de una aut\u00e9ntica fiesta flamenca con tantos maestros de ese tablao celestial. Una sinf\u00f3nica de jaleos y algarab\u00eda abren tu Puerta del Principe.","og_url":"https:\/\/expoflamenco.com\/archivo\/opinion-archivo\/manolo-sanlucar-al-eterno-maestro-de-bajo-guia\/","og_site_name":"Archivo Expoflamenco","article_publisher":"https:\/\/www.facebook.com\/ExpoFlamenco","article_published_time":"2022-08-30T08:07:54+00:00","article_modified_time":"2022-10-17T20:07:27+00:00","og_image":[{"width":1300,"height":800,"url":"https:\/\/expoflamenco.com\/archivo\/wp-content\/uploads\/2022\/08\/expoflamenco-manolo-sanlucar-2b-foto-perezventana-ene21.jpg","type":"image\/jpeg"}],"author":"Irra Torres","twitter_card":"summary_large_image","twitter_creator":"@expoflamenco1","twitter_site":"@expoflamenco1","twitter_misc":{"Escrito por":"Irra Torres","Tiempo de lectura":"7 minutos"},"schema":{"@context":"https:\/\/schema.org","@graph":[{"@type":"Article","@id":"https:\/\/expoflamenco.com\/archivo\/opinion-archivo\/manolo-sanlucar-al-eterno-maestro-de-bajo-guia\/#article","isPartOf":{"@id":"https:\/\/expoflamenco.com\/archivo\/opinion-archivo\/manolo-sanlucar-al-eterno-maestro-de-bajo-guia\/"},"author":{"name":"Irra Torres","@id":"https:\/\/expoflamenco.com\/archivo\/#\/schema\/person\/1eef99c8400d79cfbbafc8c5b92d112a"},"headline":"Al eterno maestro de Bajo Gu\u00eda","datePublished":"2022-08-30T08:07:54+00:00","dateModified":"2022-10-17T20:07:27+00:00","mainEntityOfPage":{"@id":"https:\/\/expoflamenco.com\/archivo\/opinion-archivo\/manolo-sanlucar-al-eterno-maestro-de-bajo-guia\/"},"wordCount":1618,"commentCount":2,"publisher":{"@id":"https:\/\/expoflamenco.com\/archivo\/#organization"},"image":{"@id":"https:\/\/expoflamenco.com\/archivo\/opinion-archivo\/manolo-sanlucar-al-eterno-maestro-de-bajo-guia\/#primaryimage"},"thumbnailUrl":"https:\/\/expoflamenco.com\/archivo\/wp-content\/uploads\/2022\/08\/expoflamenco-manolo-sanlucar-2b-foto-perezventana-ene21.jpg","keywords":["flamenco","guitarrista","Manolo Sanucar","muerte","semblanza"],"articleSection":["NEWS Opini\u00f3n","Opini\u00f3n"],"inLanguage":"es","potentialAction":[{"@type":"CommentAction","name":"Comment","target":["https:\/\/expoflamenco.com\/archivo\/opinion-archivo\/manolo-sanlucar-al-eterno-maestro-de-bajo-guia\/#respond"]}]},{"@type":"WebPage","@id":"https:\/\/expoflamenco.com\/archivo\/opinion-archivo\/manolo-sanlucar-al-eterno-maestro-de-bajo-guia\/","url":"https:\/\/expoflamenco.com\/archivo\/opinion-archivo\/manolo-sanlucar-al-eterno-maestro-de-bajo-guia\/","name":"Al eterno maestro de Bajo Gu\u00eda - Archivo Expoflamenco","isPartOf":{"@id":"https:\/\/expoflamenco.com\/archivo\/#website"},"primaryImageOfPage":{"@id":"https:\/\/expoflamenco.com\/archivo\/opinion-archivo\/manolo-sanlucar-al-eterno-maestro-de-bajo-guia\/#primaryimage"},"image":{"@id":"https:\/\/expoflamenco.com\/archivo\/opinion-archivo\/manolo-sanlucar-al-eterno-maestro-de-bajo-guia\/#primaryimage"},"thumbnailUrl":"https:\/\/expoflamenco.com\/archivo\/wp-content\/uploads\/2022\/08\/expoflamenco-manolo-sanlucar-2b-foto-perezventana-ene21.jpg","datePublished":"2022-08-30T08:07:54+00:00","dateModified":"2022-10-17T20:07:27+00:00","description":"Manolo Sanl\u00facar, hoy disfrutas de una aut\u00e9ntica fiesta flamenca con tantos maestros de ese tablao celestial. Una sinf\u00f3nica de jaleos y algarab\u00eda abren tu Puerta del Principe.","breadcrumb":{"@id":"https:\/\/expoflamenco.com\/archivo\/opinion-archivo\/manolo-sanlucar-al-eterno-maestro-de-bajo-guia\/#breadcrumb"},"inLanguage":"es","potentialAction":[{"@type":"ReadAction","target":["https:\/\/expoflamenco.com\/archivo\/opinion-archivo\/manolo-sanlucar-al-eterno-maestro-de-bajo-guia\/"]}]},{"@type":"ImageObject","inLanguage":"es","@id":"https:\/\/expoflamenco.com\/archivo\/opinion-archivo\/manolo-sanlucar-al-eterno-maestro-de-bajo-guia\/#primaryimage","url":"https:\/\/expoflamenco.com\/archivo\/wp-content\/uploads\/2022\/08\/expoflamenco-manolo-sanlucar-2b-foto-perezventana-ene21.jpg","contentUrl":"https:\/\/expoflamenco.com\/archivo\/wp-content\/uploads\/2022\/08\/expoflamenco-manolo-sanlucar-2b-foto-perezventana-ene21.jpg","width":1300,"height":800},{"@type":"BreadcrumbList","@id":"https:\/\/expoflamenco.com\/archivo\/opinion-archivo\/manolo-sanlucar-al-eterno-maestro-de-bajo-guia\/#breadcrumb","itemListElement":[{"@type":"ListItem","position":1,"name":"Inicio","item":"https:\/\/expoflamenco.com\/archivo\/"},{"@type":"ListItem","position":2,"name":"Al eterno maestro de Bajo Gu\u00eda"}]},{"@type":"WebSite","@id":"https:\/\/expoflamenco.com\/archivo\/#website","url":"https:\/\/expoflamenco.com\/archivo\/","name":"Archivo Expoflamenco","description":"Portal de arte flamenco: noticias, entrevistas, blogs, cr\u00edticas, investigaci\u00f3n","publisher":{"@id":"https:\/\/expoflamenco.com\/archivo\/#organization"},"potentialAction":[{"@type":"SearchAction","target":{"@type":"EntryPoint","urlTemplate":"https:\/\/expoflamenco.com\/archivo\/?s={search_term_string}"},"query-input":{"@type":"PropertyValueSpecification","valueRequired":true,"valueName":"search_term_string"}}],"inLanguage":"es"},{"@type":"Organization","@id":"https:\/\/expoflamenco.com\/archivo\/#organization","name":"Expoflamenco","url":"https:\/\/expoflamenco.com\/archivo\/","logo":{"@type":"ImageObject","inLanguage":"es","@id":"https:\/\/expoflamenco.com\/archivo\/#\/schema\/logo\/image\/","url":"https:\/\/www.expoflamenco.com\/archivo\/wp-content\/uploads\/2022\/11\/banner-cabecera-mobile.jpg","contentUrl":"https:\/\/www.expoflamenco.com\/archivo\/wp-content\/uploads\/2022\/11\/banner-cabecera-mobile.jpg","width":299,"height":75,"caption":"Expoflamenco"},"image":{"@id":"https:\/\/expoflamenco.com\/archivo\/#\/schema\/logo\/image\/"},"sameAs":["https:\/\/www.facebook.com\/ExpoFlamenco","https:\/\/x.com\/expoflamenco1","https:\/\/www.instagram.com\/expoflamenco\/","https:\/\/www.youtube.com\/expoflamenco"]},{"@type":"Person","@id":"https:\/\/expoflamenco.com\/archivo\/#\/schema\/person\/1eef99c8400d79cfbbafc8c5b92d112a","name":"Irra Torres","image":{"@type":"ImageObject","inLanguage":"es","@id":"https:\/\/secure.gravatar.com\/avatar\/264d0103dbb34250116ca5a5bc1de97e4a8f1bbc30495b9da3a0603eb7fff1e6?s=96&r=g","url":"https:\/\/secure.gravatar.com\/avatar\/264d0103dbb34250116ca5a5bc1de97e4a8f1bbc30495b9da3a0603eb7fff1e6?s=96&r=g","contentUrl":"https:\/\/secure.gravatar.com\/avatar\/264d0103dbb34250116ca5a5bc1de97e4a8f1bbc30495b9da3a0603eb7fff1e6?s=96&r=g","caption":"Irra Torres"},"description":"Huelva, 1977. Maestro y guitarrista apasionado del flamenco. Investigador y divulgador de nuestra cultura. El camino del comp\u00e1s le lleva a ser un docente con duende.","url":"https:\/\/expoflamenco.com\/archivo\/author\/irratorres\/"}]}},"_links":{"self":[{"href":"https:\/\/expoflamenco.com\/archivo\/wp-json\/wp\/v2\/posts\/36320","targetHints":{"allow":["GET"]}}],"collection":[{"href":"https:\/\/expoflamenco.com\/archivo\/wp-json\/wp\/v2\/posts"}],"about":[{"href":"https:\/\/expoflamenco.com\/archivo\/wp-json\/wp\/v2\/types\/post"}],"author":[{"embeddable":true,"href":"https:\/\/expoflamenco.com\/archivo\/wp-json\/wp\/v2\/users\/28"}],"replies":[{"embeddable":true,"href":"https:\/\/expoflamenco.com\/archivo\/wp-json\/wp\/v2\/comments?post=36320"}],"version-history":[{"count":3,"href":"https:\/\/expoflamenco.com\/archivo\/wp-json\/wp\/v2\/posts\/36320\/revisions"}],"predecessor-version":[{"id":36325,"href":"https:\/\/expoflamenco.com\/archivo\/wp-json\/wp\/v2\/posts\/36320\/revisions\/36325"}],"wp:featuredmedia":[{"embeddable":true,"href":"https:\/\/expoflamenco.com\/archivo\/wp-json\/wp\/v2\/media\/36321"}],"wp:attachment":[{"href":"https:\/\/expoflamenco.com\/archivo\/wp-json\/wp\/v2\/media?parent=36320"}],"wp:term":[{"taxonomy":"category","embeddable":true,"href":"https:\/\/expoflamenco.com\/archivo\/wp-json\/wp\/v2\/categories?post=36320"},{"taxonomy":"post_tag","embeddable":true,"href":"https:\/\/expoflamenco.com\/archivo\/wp-json\/wp\/v2\/tags?post=36320"}],"curies":[{"name":"wp","href":"https:\/\/api.w.org\/{rel}","templated":true}]}}