{"id":35705,"date":"2022-07-28T23:01:26","date_gmt":"2022-07-28T21:01:26","guid":{"rendered":"https:\/\/www.expoflamenco.com\/archivo\/?p=35705"},"modified":"2022-07-31T00:08:15","modified_gmt":"2022-07-30T22:08:15","slug":"fernando-jimenez-lidera-la-fiesta-de-la-buleria-joven-de-jerez","status":"publish","type":"post","link":"https:\/\/expoflamenco.com\/archivo\/actualidad\/fernando-jimenez-lidera-la-fiesta-de-la-buleria-joven-de-jerez\/","title":{"rendered":"Fernando Jim\u00e9nez lidera la Fiesta de la Buler\u00eda Joven de Jerez"},"content":{"rendered":"<p>\u00bfEl flamenco se va a acabar? <strong>Fernando Jim\u00e9nez<\/strong> (Jerez, 1988) dice claramente que \u201cno, eso se lleva en la sangre y son nuestros genes, es una herencia que recibimos, nuestra Cultura y la manera de expresar nuestros sentimientos\u201d.<\/p>\n<p>&nbsp;<\/p>\n<p>\u00c9l es un bailaor cuyos movimientos nacen de las <strong>fiestas jerezanas<\/strong>, de esos dichos, bautizos o bodas en las que ve\u00eda salir a las gitanas mayores de <strong>Santiago<\/strong>. Fue en su d\u00eda el \u201cni\u00f1o\u201d que formaba parte del cuadro de la pe\u00f1a <strong>T\u00edo Jos\u00e9 de Paula<\/strong>, ese al que pertenec\u00edan nombres matriarcales que defend\u00edan el comp\u00e1s natural e improvisado que nada ten\u00eda que ver con los desplantes acad\u00e9micos. Sus inicios se traducen en ratos de privilegio que cualquier aficionado del mundo quisiera vivir. Ese Jerez que era a\u00fan m\u00e1s intenso en actividades que el de la actualidad.<\/p>\n<p>&nbsp;<\/p>\n<p>Su abuela <strong>Andrea<\/strong> <strong>Vargas Pantoja<\/strong> ten\u00eda un braceo muy especial, con tanto sabor como un buen guiso de berza jerezana. Fernando lleg\u00f3 a subirla a un escenario en alguna ocasi\u00f3n para que dejara destellos de sus or\u00edgenes en una declaraci\u00f3n de intenciones, sin complejos. \u00c9l es descendiente directo de <strong>T\u00eda Anica la Piri\u00f1aca<\/strong>, y por otro lado es familia de <strong>Jos\u00e9 Vargas El Mono<\/strong>.<\/p>\n<p>&nbsp;<\/p>\n<p>&nbsp;<\/p>\n<blockquote><p><em>\u00abFernando Jim\u00e9nez ser\u00e1 este a\u00f1o el encargado de bailar y dirigir el espect\u00e1culo Alfa &amp; Comp\u00e1s, que abre oficialmente la LV Fiesta de la Buler\u00eda de Jerez, el jueves 18 de agosto, en la Alameda Vieja\u00bb<\/em><\/p><\/blockquote>\n<p>&nbsp;<\/p>\n<p>&nbsp;<\/p>\n<p>Con diecisiete a\u00f1os cruz\u00f3 el charco por primera vez a Am\u00e9rica, llegando a visitar Jap\u00f3n hasta en cuatro ocasiones en los siguientes a\u00f1os. Europa se lo ha recorrido pr\u00e1cticamente al completo y compagina sus actuaciones en pe\u00f1as y algunos festivales con sus cursos de baile. En 2020 consigui\u00f3 el premio <strong>Revelaci\u00f3n del ciclo De Pe\u00f1a en Pe\u00f1a<\/strong> del Festival de Jerez, galard\u00f3n que le permiti\u00f3 estar al a\u00f1o siguiente en la muestra internacional con su propio espect\u00e1culo, al que titul\u00f3 <strong><em>Transiciones<\/em><\/strong>. Le fue bien, la cr\u00edtica especializada lo valor\u00f3 positivamente, pues Fernando no mostr\u00f3 algo que no es, evitando, a este efecto, llegar al p\u00fablico con un mensaje hueco y sopor\u00edfero.<\/p>\n<p>&nbsp;<\/p>\n<p>&nbsp;<\/p>\n<p><iframe loading=\"lazy\" title=\"Fernando Jim\u00e9nez: ensayo del espect\u00e1culo Alfa &amp; Comp\u00e1s\" width=\"1060\" height=\"596\" src=\"https:\/\/www.youtube.com\/embed\/hV-uGamp9_Y?feature=oembed&#038;enablejsapi=1&#038;origin=https:\/\/www.expoflamenco.com\/archivo\" frameborder=\"0\" allow=\"accelerometer; autoplay; clipboard-write; encrypted-media; gyroscope; picture-in-picture\" allowfullscreen><\/iframe><\/p>\n<p>&nbsp;<\/p>\n<p>&nbsp;<\/p>\n<p>Este a\u00f1o ser\u00e1 el encargado de bailar y dirigir el espect\u00e1culo <em><strong>Alfa &amp; Comp\u00e1s<\/strong><\/em>, que abre oficialmente la<strong> LV Fiesta de la Buler\u00eda de Jerez<\/strong>, el jueves <strong>18 de agosto<\/strong>, en la Alameda Vieja. Es la jornada dedicada a la juventud desde hace unos a\u00f1os y cuyo papel de l\u00edder han ocupado ya Pepe del Morao, Mar\u00eda Terremoto o Gema Moneo. En esta ocasi\u00f3n la responsabilidad ha reca\u00eddo en Fernando y para \u00e9l supone \u201cel acontecimiento m\u00e1s importante en mi vida art\u00edstica, me siento muy feliz por ello, pero no deja de ser una prueba de fuego que hay que vencer\u201d.<\/p>\n<p>&nbsp;<\/p>\n<p>La idea es \u201cdefender la continuidad del flamenco en el barrio de Santiago, al que por cierto se le dedica la edici\u00f3n y yo quiero que se compruebe que el cante y el baile de siempre tiene buena salud pero que tambi\u00e9n hay una corriente m\u00e1s musical que puede ser igual de v\u00e1lida que la parte cl\u00e1sica, un abanico amplio de formas y estilos\u201d. De ah\u00ed que cuente con <strong>Fernando Soto<\/strong> o <strong>Felipa del Moreno<\/strong>, que interpretar\u00e1n \u201cbuler\u00edas y cupl\u00e9s, incluso una balada flamenca con el viol\u00edn de Bernardo Parrilla\u201d y quiere \u201cque se disfrute de la frescura de un barrio que no deja de crear\u201d. Tambi\u00e9n estar\u00e1n <strong>Lela Soto y Maloko Soto<\/strong>, nietos de Manuel Sordera que llevan a gala el sello de su familia generaci\u00f3n tras generaci\u00f3n, \u201cporque quiero que se recuerde en este espect\u00e1culo a los que nos precedieron en el tiempo\u201d. La guitarra Manuel Morao, patriarca, estar\u00e1 representada por su nieto Pepe, y Jos\u00e9 G\u00e1lvez que se suma a la propuesta como referente de una \u00e9poca m\u00e1s contempor\u00e1nea.<\/p>\n<p>&nbsp;<\/p>\n<p>&nbsp;<\/p>\n<p><a href=\"https:\/\/www.expoflamenco.com\/archivo\/wp-content\/uploads\/2022\/07\/expoflamenco-fernando-jimenez-3-ensayo-alfa-y-compas-ago22-foto-juan-garrido.jpg\"><img loading=\"lazy\" decoding=\"async\" class=\"aligncenter size-full wp-image-35708\" src=\"https:\/\/www.expoflamenco.com\/archivo\/wp-content\/uploads\/2022\/07\/expoflamenco-fernando-jimenez-3-ensayo-alfa-y-compas-ago22-foto-juan-garrido.jpg\" alt=\"\" width=\"1300\" height=\"975\" srcset=\"https:\/\/expoflamenco.com\/archivo\/wp-content\/uploads\/2022\/07\/expoflamenco-fernando-jimenez-3-ensayo-alfa-y-compas-ago22-foto-juan-garrido.jpg 1300w, https:\/\/expoflamenco.com\/archivo\/wp-content\/uploads\/2022\/07\/expoflamenco-fernando-jimenez-3-ensayo-alfa-y-compas-ago22-foto-juan-garrido-300x225.jpg 300w, https:\/\/expoflamenco.com\/archivo\/wp-content\/uploads\/2022\/07\/expoflamenco-fernando-jimenez-3-ensayo-alfa-y-compas-ago22-foto-juan-garrido-1024x768.jpg 1024w, https:\/\/expoflamenco.com\/archivo\/wp-content\/uploads\/2022\/07\/expoflamenco-fernando-jimenez-3-ensayo-alfa-y-compas-ago22-foto-juan-garrido-768x576.jpg 768w\" sizes=\"auto, (max-width: 1300px) 100vw, 1300px\" \/><\/a><\/p>\n<p>&nbsp;<\/p>\n<p>&nbsp;<\/p>\n<p>El n\u00facleo duro del cante estar\u00e1 formado por <strong>Manuel de la Nina, Enrique Remache, Juan de la Mar\u00eda y Manuel Moneo Carrasco<\/strong>, en las voces masculinas, y <strong>Estefan\u00eda Zarzana, Junquera<\/strong> y las hermanas <strong>Coral y Ana de los Reyes<\/strong>, en las femeninas. Fernando ha contado para que se sumen al baile con <strong>Saray Garc\u00eda, Roc\u00edo Mar\u00edn y Merci del Ch\u00edcharo<\/strong>, y las guitarras fundamentales ser\u00e1n las de <strong>Fernando del Morao,<\/strong> sobrino de Mora\u00edto, y <strong>Javier Ib\u00e1\u00f1ez<\/strong>. <strong>Markito Carpio<\/strong> y <strong>El Pirulo<\/strong> estar\u00e1n a las palmas y comp\u00e1s, y <strong>Carlos Merino<\/strong> tocar\u00e1 la percusi\u00f3n.<\/p>\n<p>&nbsp;<\/p>\n<p>Como colaboraci\u00f3n especial aparece <strong>Jos\u00e9 Valencia<\/strong>, porque \u201cme gusta tambi\u00e9n contar con artistas que se sienten identificados con nosotros, al igual que nosotros con ellos. De sobra es conocida la vinculaci\u00f3n hist\u00f3rica de Jerez con Lebrija, desde aquella \u00e9poca que en los campos de la campi\u00f1a conviv\u00edan las familias y se mezclaban unos con otros. Es bueno que nos dejemos llevar por el buen cante de Jos\u00e9 que es un grande, uno de mis \u00eddolos\u201d, apunta el bailaor.<\/p>\n<p>&nbsp;<\/p>\n<p>El espect\u00e1culo forma parte de la semana de Fiesta de la Buler\u00eda, que tendr\u00e1 como aperitivo el espect\u00e1culo <em><strong>Toda una Vida<\/strong><\/em> con <strong>Mar\u00eda Vargas, Romerito de Jerez, \u00c1ngel Vargas<\/strong> y la familia del <strong>T\u00edo Juane<\/strong> con <strong>Nano de Jerez<\/strong>, el 17 de agosto en Alameda Vieja. El d\u00eda 19, en el mismo sitio, <strong>Manuel Li\u00f1\u00e1n<\/strong> encabeza la jornada dedicada al flamenco internacional con un gui\u00f1o muy especial al Festival Flamenco de Londres, con la presencia de <strong>Dolores Agujetas, David Carpio, Miguel \u00c1ngel Heredia, Gema Moneo<\/strong>\u2026 Y como colof\u00f3n, la noche principal con el espect\u00e1culo 55\u00ba25\u00ba de <strong>Antonio<\/strong> <strong>El Pipa<\/strong>, que contar\u00e1 con Luis El Zambo, Juana la del Pipa, Vicente Soto, Remedios Amaya, Pel\u00e9 de Navajita Plate\u00e1\u2026 entro otros.<\/p>\n<p>&nbsp;<\/p>\n<p>&nbsp;<\/p>\n<p><a href=\"https:\/\/www.expoflamenco.com\/archivo\/wp-content\/uploads\/2022\/07\/expoflamenco-fernando-jimenez-2-ensayo-alfa-y-compas-ago22-foto-juan-garrido.jpg\"><img loading=\"lazy\" decoding=\"async\" class=\"aligncenter size-full wp-image-35710\" src=\"https:\/\/www.expoflamenco.com\/archivo\/wp-content\/uploads\/2022\/07\/expoflamenco-fernando-jimenez-2-ensayo-alfa-y-compas-ago22-foto-juan-garrido.jpg\" alt=\"\" width=\"1300\" height=\"975\" srcset=\"https:\/\/expoflamenco.com\/archivo\/wp-content\/uploads\/2022\/07\/expoflamenco-fernando-jimenez-2-ensayo-alfa-y-compas-ago22-foto-juan-garrido.jpg 1300w, https:\/\/expoflamenco.com\/archivo\/wp-content\/uploads\/2022\/07\/expoflamenco-fernando-jimenez-2-ensayo-alfa-y-compas-ago22-foto-juan-garrido-300x225.jpg 300w, https:\/\/expoflamenco.com\/archivo\/wp-content\/uploads\/2022\/07\/expoflamenco-fernando-jimenez-2-ensayo-alfa-y-compas-ago22-foto-juan-garrido-1024x768.jpg 1024w, https:\/\/expoflamenco.com\/archivo\/wp-content\/uploads\/2022\/07\/expoflamenco-fernando-jimenez-2-ensayo-alfa-y-compas-ago22-foto-juan-garrido-768x576.jpg 768w\" sizes=\"auto, (max-width: 1300px) 100vw, 1300px\" \/><\/a><\/p>\n<p>&nbsp;<\/p>\n<p>&nbsp;<\/p>\n<p>&nbsp;<\/p>\n","protected":false},"excerpt":{"rendered":"<p>El bailaor Fernando Jim\u00e9nez ha sido designado por el Ayuntamiento de Jerez director de una propuesta que busca \u201cdefender la continuidad del flamenco en Santiago\u201d.<\/p>\n","protected":false},"author":8,"featured_media":35706,"comment_status":"open","ping_status":"open","sticky":false,"template":"","format":"standard","meta":{"ngg_post_thumbnail":0,"footnotes":""},"categories":[55,3813],"tags":[4957,2369,4956,76],"class_list":["post-35705","post","type-post","status-publish","format-standard","has-post-thumbnail","hentry","category-actualidad","category-news-actualidad","tag-alfa-compas","tag-fernando-jimenez","tag-fiesta-de-la-buleria-joven-de-jerez","tag-flamenco"],"yoast_head":"<!-- This site is optimized with the Yoast SEO plugin v27.4 - https:\/\/yoast.com\/product\/yoast-seo-wordpress\/ -->\n<title>Fernando Jim\u00e9nez lidera la Fiesta de la Buler\u00eda Joven de Jerez - Archivo Expoflamenco<\/title>\n<meta name=\"robots\" content=\"index, follow, max-snippet:-1, max-image-preview:large, max-video-preview:-1\" \/>\n<link rel=\"canonical\" href=\"https:\/\/expoflamenco.com\/archivo\/actualidad\/fernando-jimenez-lidera-la-fiesta-de-la-buleria-joven-de-jerez\/\" \/>\n<meta property=\"og:locale\" content=\"es_ES\" \/>\n<meta property=\"og:type\" content=\"article\" \/>\n<meta property=\"og:title\" content=\"Fernando Jim\u00e9nez lidera la Fiesta de la Buler\u00eda Joven de Jerez - Archivo Expoflamenco\" \/>\n<meta property=\"og:description\" content=\"El bailaor Fernando Jim\u00e9nez ha sido designado por el Ayuntamiento de Jerez director de una propuesta que busca \u201cdefender la continuidad del flamenco en Santiago\u201d.\" \/>\n<meta property=\"og:url\" content=\"https:\/\/expoflamenco.com\/archivo\/actualidad\/fernando-jimenez-lidera-la-fiesta-de-la-buleria-joven-de-jerez\/\" \/>\n<meta property=\"og:site_name\" content=\"Archivo Expoflamenco\" \/>\n<meta property=\"article:publisher\" content=\"https:\/\/www.facebook.com\/ExpoFlamenco\" \/>\n<meta property=\"article:published_time\" content=\"2022-07-28T21:01:26+00:00\" \/>\n<meta property=\"article:modified_time\" content=\"2022-07-30T22:08:15+00:00\" \/>\n<meta property=\"og:image\" content=\"https:\/\/expoflamenco.com\/archivo\/wp-content\/uploads\/2022\/07\/expoflamenco-fernando-jimenez-1-ensayo-alfa-y-compas-ago22-foto-juan-garrido.jpg\" \/>\n\t<meta property=\"og:image:width\" content=\"1300\" \/>\n\t<meta property=\"og:image:height\" content=\"800\" \/>\n\t<meta property=\"og:image:type\" content=\"image\/jpeg\" \/>\n<meta name=\"author\" content=\"Juan Garrido\" \/>\n<meta name=\"twitter:card\" content=\"summary_large_image\" \/>\n<meta name=\"twitter:creator\" content=\"@expoflamenco1\" \/>\n<meta name=\"twitter:site\" content=\"@expoflamenco1\" \/>\n<meta name=\"twitter:label1\" content=\"Escrito por\" \/>\n\t<meta name=\"twitter:data1\" content=\"Juan Garrido\" \/>\n\t<meta name=\"twitter:label2\" content=\"Tiempo de lectura\" \/>\n\t<meta name=\"twitter:data2\" content=\"5 minutos\" \/>\n<script type=\"application\/ld+json\" class=\"yoast-schema-graph\">{\"@context\":\"https:\\\/\\\/schema.org\",\"@graph\":[{\"@type\":\"Article\",\"@id\":\"https:\\\/\\\/expoflamenco.com\\\/archivo\\\/actualidad\\\/fernando-jimenez-lidera-la-fiesta-de-la-buleria-joven-de-jerez\\\/#article\",\"isPartOf\":{\"@id\":\"https:\\\/\\\/expoflamenco.com\\\/archivo\\\/actualidad\\\/fernando-jimenez-lidera-la-fiesta-de-la-buleria-joven-de-jerez\\\/\"},\"author\":{\"name\":\"Juan Garrido\",\"@id\":\"https:\\\/\\\/expoflamenco.com\\\/archivo\\\/#\\\/schema\\\/person\\\/c3e0e8ed559aa7131f2ba84c2746db96\"},\"headline\":\"Fernando Jim\u00e9nez lidera la Fiesta de la Buler\u00eda Joven de Jerez\",\"datePublished\":\"2022-07-28T21:01:26+00:00\",\"dateModified\":\"2022-07-30T22:08:15+00:00\",\"mainEntityOfPage\":{\"@id\":\"https:\\\/\\\/expoflamenco.com\\\/archivo\\\/actualidad\\\/fernando-jimenez-lidera-la-fiesta-de-la-buleria-joven-de-jerez\\\/\"},\"wordCount\":1038,\"commentCount\":0,\"publisher\":{\"@id\":\"https:\\\/\\\/expoflamenco.com\\\/archivo\\\/#organization\"},\"image\":{\"@id\":\"https:\\\/\\\/expoflamenco.com\\\/archivo\\\/actualidad\\\/fernando-jimenez-lidera-la-fiesta-de-la-buleria-joven-de-jerez\\\/#primaryimage\"},\"thumbnailUrl\":\"https:\\\/\\\/expoflamenco.com\\\/archivo\\\/wp-content\\\/uploads\\\/2022\\\/07\\\/expoflamenco-fernando-jimenez-1-ensayo-alfa-y-compas-ago22-foto-juan-garrido.jpg\",\"keywords\":[\"Alfa &amp; compas\",\"Fernando Jim\u00e9nez\",\"Fiesta de la Buler\u00eda Joven de Jerez\",\"flamenco\"],\"articleSection\":[\"Actualidad flamenca\",\"NEWS Actualidad\"],\"inLanguage\":\"es\",\"potentialAction\":[{\"@type\":\"CommentAction\",\"name\":\"Comment\",\"target\":[\"https:\\\/\\\/expoflamenco.com\\\/archivo\\\/actualidad\\\/fernando-jimenez-lidera-la-fiesta-de-la-buleria-joven-de-jerez\\\/#respond\"]}]},{\"@type\":\"WebPage\",\"@id\":\"https:\\\/\\\/expoflamenco.com\\\/archivo\\\/actualidad\\\/fernando-jimenez-lidera-la-fiesta-de-la-buleria-joven-de-jerez\\\/\",\"url\":\"https:\\\/\\\/expoflamenco.com\\\/archivo\\\/actualidad\\\/fernando-jimenez-lidera-la-fiesta-de-la-buleria-joven-de-jerez\\\/\",\"name\":\"Fernando Jim\u00e9nez lidera la Fiesta de la Buler\u00eda Joven de Jerez - Archivo Expoflamenco\",\"isPartOf\":{\"@id\":\"https:\\\/\\\/expoflamenco.com\\\/archivo\\\/#website\"},\"primaryImageOfPage\":{\"@id\":\"https:\\\/\\\/expoflamenco.com\\\/archivo\\\/actualidad\\\/fernando-jimenez-lidera-la-fiesta-de-la-buleria-joven-de-jerez\\\/#primaryimage\"},\"image\":{\"@id\":\"https:\\\/\\\/expoflamenco.com\\\/archivo\\\/actualidad\\\/fernando-jimenez-lidera-la-fiesta-de-la-buleria-joven-de-jerez\\\/#primaryimage\"},\"thumbnailUrl\":\"https:\\\/\\\/expoflamenco.com\\\/archivo\\\/wp-content\\\/uploads\\\/2022\\\/07\\\/expoflamenco-fernando-jimenez-1-ensayo-alfa-y-compas-ago22-foto-juan-garrido.jpg\",\"datePublished\":\"2022-07-28T21:01:26+00:00\",\"dateModified\":\"2022-07-30T22:08:15+00:00\",\"breadcrumb\":{\"@id\":\"https:\\\/\\\/expoflamenco.com\\\/archivo\\\/actualidad\\\/fernando-jimenez-lidera-la-fiesta-de-la-buleria-joven-de-jerez\\\/#breadcrumb\"},\"inLanguage\":\"es\",\"potentialAction\":[{\"@type\":\"ReadAction\",\"target\":[\"https:\\\/\\\/expoflamenco.com\\\/archivo\\\/actualidad\\\/fernando-jimenez-lidera-la-fiesta-de-la-buleria-joven-de-jerez\\\/\"]}]},{\"@type\":\"ImageObject\",\"inLanguage\":\"es\",\"@id\":\"https:\\\/\\\/expoflamenco.com\\\/archivo\\\/actualidad\\\/fernando-jimenez-lidera-la-fiesta-de-la-buleria-joven-de-jerez\\\/#primaryimage\",\"url\":\"https:\\\/\\\/expoflamenco.com\\\/archivo\\\/wp-content\\\/uploads\\\/2022\\\/07\\\/expoflamenco-fernando-jimenez-1-ensayo-alfa-y-compas-ago22-foto-juan-garrido.jpg\",\"contentUrl\":\"https:\\\/\\\/expoflamenco.com\\\/archivo\\\/wp-content\\\/uploads\\\/2022\\\/07\\\/expoflamenco-fernando-jimenez-1-ensayo-alfa-y-compas-ago22-foto-juan-garrido.jpg\",\"width\":1300,\"height\":800},{\"@type\":\"BreadcrumbList\",\"@id\":\"https:\\\/\\\/expoflamenco.com\\\/archivo\\\/actualidad\\\/fernando-jimenez-lidera-la-fiesta-de-la-buleria-joven-de-jerez\\\/#breadcrumb\",\"itemListElement\":[{\"@type\":\"ListItem\",\"position\":1,\"name\":\"Inicio\",\"item\":\"https:\\\/\\\/expoflamenco.com\\\/archivo\\\/\"},{\"@type\":\"ListItem\",\"position\":2,\"name\":\"Fernando Jim\u00e9nez lidera la Fiesta de la Buler\u00eda Joven de Jerez\"}]},{\"@type\":\"WebSite\",\"@id\":\"https:\\\/\\\/expoflamenco.com\\\/archivo\\\/#website\",\"url\":\"https:\\\/\\\/expoflamenco.com\\\/archivo\\\/\",\"name\":\"Archivo Expoflamenco\",\"description\":\"Portal de arte flamenco: noticias, entrevistas, blogs, cr\u00edticas, investigaci\u00f3n\",\"publisher\":{\"@id\":\"https:\\\/\\\/expoflamenco.com\\\/archivo\\\/#organization\"},\"potentialAction\":[{\"@type\":\"SearchAction\",\"target\":{\"@type\":\"EntryPoint\",\"urlTemplate\":\"https:\\\/\\\/expoflamenco.com\\\/archivo\\\/?s={search_term_string}\"},\"query-input\":{\"@type\":\"PropertyValueSpecification\",\"valueRequired\":true,\"valueName\":\"search_term_string\"}}],\"inLanguage\":\"es\"},{\"@type\":\"Organization\",\"@id\":\"https:\\\/\\\/expoflamenco.com\\\/archivo\\\/#organization\",\"name\":\"Expoflamenco\",\"url\":\"https:\\\/\\\/expoflamenco.com\\\/archivo\\\/\",\"logo\":{\"@type\":\"ImageObject\",\"inLanguage\":\"es\",\"@id\":\"https:\\\/\\\/expoflamenco.com\\\/archivo\\\/#\\\/schema\\\/logo\\\/image\\\/\",\"url\":\"https:\\\/\\\/www.expoflamenco.com\\\/archivo\\\/wp-content\\\/uploads\\\/2022\\\/11\\\/banner-cabecera-mobile.jpg\",\"contentUrl\":\"https:\\\/\\\/www.expoflamenco.com\\\/archivo\\\/wp-content\\\/uploads\\\/2022\\\/11\\\/banner-cabecera-mobile.jpg\",\"width\":299,\"height\":75,\"caption\":\"Expoflamenco\"},\"image\":{\"@id\":\"https:\\\/\\\/expoflamenco.com\\\/archivo\\\/#\\\/schema\\\/logo\\\/image\\\/\"},\"sameAs\":[\"https:\\\/\\\/www.facebook.com\\\/ExpoFlamenco\",\"https:\\\/\\\/x.com\\\/expoflamenco1\",\"https:\\\/\\\/www.instagram.com\\\/expoflamenco\\\/\",\"https:\\\/\\\/www.youtube.com\\\/expoflamenco\"]},{\"@type\":\"Person\",\"@id\":\"https:\\\/\\\/expoflamenco.com\\\/archivo\\\/#\\\/schema\\\/person\\\/c3e0e8ed559aa7131f2ba84c2746db96\",\"name\":\"Juan Garrido\",\"image\":{\"@type\":\"ImageObject\",\"inLanguage\":\"es\",\"@id\":\"https:\\\/\\\/secure.gravatar.com\\\/avatar\\\/cde61f855b1f0269469506af0531a09a34800e86c2e9dd1ee4638f37a09ae930?s=96&r=g\",\"url\":\"https:\\\/\\\/secure.gravatar.com\\\/avatar\\\/cde61f855b1f0269469506af0531a09a34800e86c2e9dd1ee4638f37a09ae930?s=96&r=g\",\"contentUrl\":\"https:\\\/\\\/secure.gravatar.com\\\/avatar\\\/cde61f855b1f0269469506af0531a09a34800e86c2e9dd1ee4638f37a09ae930?s=96&r=g\",\"caption\":\"Juan Garrido\"},\"description\":\"Jerez, 1991. Flamenco y comunicaci\u00f3n las 24 horas del d\u00eda. Desde 2012 en prensa escrita, tertulias radiof\u00f3nicas, programas de tv, presentaci\u00f3n de festivales, revistas especializadas... En mi familia todos bailamos por buler\u00edas, aunque yo soy el \u00fanico periodista.\",\"sameAs\":[\"http:\\\/\\\/www.jerezjondo.com\"],\"url\":\"https:\\\/\\\/expoflamenco.com\\\/archivo\\\/author\\\/juangarrido\\\/\"}]}<\/script>\n<!-- \/ Yoast SEO plugin. -->","yoast_head_json":{"title":"Fernando Jim\u00e9nez lidera la Fiesta de la Buler\u00eda Joven de Jerez - Archivo Expoflamenco","robots":{"index":"index","follow":"follow","max-snippet":"max-snippet:-1","max-image-preview":"max-image-preview:large","max-video-preview":"max-video-preview:-1"},"canonical":"https:\/\/expoflamenco.com\/archivo\/actualidad\/fernando-jimenez-lidera-la-fiesta-de-la-buleria-joven-de-jerez\/","og_locale":"es_ES","og_type":"article","og_title":"Fernando Jim\u00e9nez lidera la Fiesta de la Buler\u00eda Joven de Jerez - Archivo Expoflamenco","og_description":"El bailaor Fernando Jim\u00e9nez ha sido designado por el Ayuntamiento de Jerez director de una propuesta que busca \u201cdefender la continuidad del flamenco en Santiago\u201d.","og_url":"https:\/\/expoflamenco.com\/archivo\/actualidad\/fernando-jimenez-lidera-la-fiesta-de-la-buleria-joven-de-jerez\/","og_site_name":"Archivo Expoflamenco","article_publisher":"https:\/\/www.facebook.com\/ExpoFlamenco","article_published_time":"2022-07-28T21:01:26+00:00","article_modified_time":"2022-07-30T22:08:15+00:00","og_image":[{"width":1300,"height":800,"url":"https:\/\/expoflamenco.com\/archivo\/wp-content\/uploads\/2022\/07\/expoflamenco-fernando-jimenez-1-ensayo-alfa-y-compas-ago22-foto-juan-garrido.jpg","type":"image\/jpeg"}],"author":"Juan Garrido","twitter_card":"summary_large_image","twitter_creator":"@expoflamenco1","twitter_site":"@expoflamenco1","twitter_misc":{"Escrito por":"Juan Garrido","Tiempo de lectura":"5 minutos"},"schema":{"@context":"https:\/\/schema.org","@graph":[{"@type":"Article","@id":"https:\/\/expoflamenco.com\/archivo\/actualidad\/fernando-jimenez-lidera-la-fiesta-de-la-buleria-joven-de-jerez\/#article","isPartOf":{"@id":"https:\/\/expoflamenco.com\/archivo\/actualidad\/fernando-jimenez-lidera-la-fiesta-de-la-buleria-joven-de-jerez\/"},"author":{"name":"Juan Garrido","@id":"https:\/\/expoflamenco.com\/archivo\/#\/schema\/person\/c3e0e8ed559aa7131f2ba84c2746db96"},"headline":"Fernando Jim\u00e9nez lidera la Fiesta de la Buler\u00eda Joven de Jerez","datePublished":"2022-07-28T21:01:26+00:00","dateModified":"2022-07-30T22:08:15+00:00","mainEntityOfPage":{"@id":"https:\/\/expoflamenco.com\/archivo\/actualidad\/fernando-jimenez-lidera-la-fiesta-de-la-buleria-joven-de-jerez\/"},"wordCount":1038,"commentCount":0,"publisher":{"@id":"https:\/\/expoflamenco.com\/archivo\/#organization"},"image":{"@id":"https:\/\/expoflamenco.com\/archivo\/actualidad\/fernando-jimenez-lidera-la-fiesta-de-la-buleria-joven-de-jerez\/#primaryimage"},"thumbnailUrl":"https:\/\/expoflamenco.com\/archivo\/wp-content\/uploads\/2022\/07\/expoflamenco-fernando-jimenez-1-ensayo-alfa-y-compas-ago22-foto-juan-garrido.jpg","keywords":["Alfa &amp; compas","Fernando Jim\u00e9nez","Fiesta de la Buler\u00eda Joven de Jerez","flamenco"],"articleSection":["Actualidad flamenca","NEWS Actualidad"],"inLanguage":"es","potentialAction":[{"@type":"CommentAction","name":"Comment","target":["https:\/\/expoflamenco.com\/archivo\/actualidad\/fernando-jimenez-lidera-la-fiesta-de-la-buleria-joven-de-jerez\/#respond"]}]},{"@type":"WebPage","@id":"https:\/\/expoflamenco.com\/archivo\/actualidad\/fernando-jimenez-lidera-la-fiesta-de-la-buleria-joven-de-jerez\/","url":"https:\/\/expoflamenco.com\/archivo\/actualidad\/fernando-jimenez-lidera-la-fiesta-de-la-buleria-joven-de-jerez\/","name":"Fernando Jim\u00e9nez lidera la Fiesta de la Buler\u00eda Joven de Jerez - Archivo Expoflamenco","isPartOf":{"@id":"https:\/\/expoflamenco.com\/archivo\/#website"},"primaryImageOfPage":{"@id":"https:\/\/expoflamenco.com\/archivo\/actualidad\/fernando-jimenez-lidera-la-fiesta-de-la-buleria-joven-de-jerez\/#primaryimage"},"image":{"@id":"https:\/\/expoflamenco.com\/archivo\/actualidad\/fernando-jimenez-lidera-la-fiesta-de-la-buleria-joven-de-jerez\/#primaryimage"},"thumbnailUrl":"https:\/\/expoflamenco.com\/archivo\/wp-content\/uploads\/2022\/07\/expoflamenco-fernando-jimenez-1-ensayo-alfa-y-compas-ago22-foto-juan-garrido.jpg","datePublished":"2022-07-28T21:01:26+00:00","dateModified":"2022-07-30T22:08:15+00:00","breadcrumb":{"@id":"https:\/\/expoflamenco.com\/archivo\/actualidad\/fernando-jimenez-lidera-la-fiesta-de-la-buleria-joven-de-jerez\/#breadcrumb"},"inLanguage":"es","potentialAction":[{"@type":"ReadAction","target":["https:\/\/expoflamenco.com\/archivo\/actualidad\/fernando-jimenez-lidera-la-fiesta-de-la-buleria-joven-de-jerez\/"]}]},{"@type":"ImageObject","inLanguage":"es","@id":"https:\/\/expoflamenco.com\/archivo\/actualidad\/fernando-jimenez-lidera-la-fiesta-de-la-buleria-joven-de-jerez\/#primaryimage","url":"https:\/\/expoflamenco.com\/archivo\/wp-content\/uploads\/2022\/07\/expoflamenco-fernando-jimenez-1-ensayo-alfa-y-compas-ago22-foto-juan-garrido.jpg","contentUrl":"https:\/\/expoflamenco.com\/archivo\/wp-content\/uploads\/2022\/07\/expoflamenco-fernando-jimenez-1-ensayo-alfa-y-compas-ago22-foto-juan-garrido.jpg","width":1300,"height":800},{"@type":"BreadcrumbList","@id":"https:\/\/expoflamenco.com\/archivo\/actualidad\/fernando-jimenez-lidera-la-fiesta-de-la-buleria-joven-de-jerez\/#breadcrumb","itemListElement":[{"@type":"ListItem","position":1,"name":"Inicio","item":"https:\/\/expoflamenco.com\/archivo\/"},{"@type":"ListItem","position":2,"name":"Fernando Jim\u00e9nez lidera la Fiesta de la Buler\u00eda Joven de Jerez"}]},{"@type":"WebSite","@id":"https:\/\/expoflamenco.com\/archivo\/#website","url":"https:\/\/expoflamenco.com\/archivo\/","name":"Archivo Expoflamenco","description":"Portal de arte flamenco: noticias, entrevistas, blogs, cr\u00edticas, investigaci\u00f3n","publisher":{"@id":"https:\/\/expoflamenco.com\/archivo\/#organization"},"potentialAction":[{"@type":"SearchAction","target":{"@type":"EntryPoint","urlTemplate":"https:\/\/expoflamenco.com\/archivo\/?s={search_term_string}"},"query-input":{"@type":"PropertyValueSpecification","valueRequired":true,"valueName":"search_term_string"}}],"inLanguage":"es"},{"@type":"Organization","@id":"https:\/\/expoflamenco.com\/archivo\/#organization","name":"Expoflamenco","url":"https:\/\/expoflamenco.com\/archivo\/","logo":{"@type":"ImageObject","inLanguage":"es","@id":"https:\/\/expoflamenco.com\/archivo\/#\/schema\/logo\/image\/","url":"https:\/\/www.expoflamenco.com\/archivo\/wp-content\/uploads\/2022\/11\/banner-cabecera-mobile.jpg","contentUrl":"https:\/\/www.expoflamenco.com\/archivo\/wp-content\/uploads\/2022\/11\/banner-cabecera-mobile.jpg","width":299,"height":75,"caption":"Expoflamenco"},"image":{"@id":"https:\/\/expoflamenco.com\/archivo\/#\/schema\/logo\/image\/"},"sameAs":["https:\/\/www.facebook.com\/ExpoFlamenco","https:\/\/x.com\/expoflamenco1","https:\/\/www.instagram.com\/expoflamenco\/","https:\/\/www.youtube.com\/expoflamenco"]},{"@type":"Person","@id":"https:\/\/expoflamenco.com\/archivo\/#\/schema\/person\/c3e0e8ed559aa7131f2ba84c2746db96","name":"Juan Garrido","image":{"@type":"ImageObject","inLanguage":"es","@id":"https:\/\/secure.gravatar.com\/avatar\/cde61f855b1f0269469506af0531a09a34800e86c2e9dd1ee4638f37a09ae930?s=96&r=g","url":"https:\/\/secure.gravatar.com\/avatar\/cde61f855b1f0269469506af0531a09a34800e86c2e9dd1ee4638f37a09ae930?s=96&r=g","contentUrl":"https:\/\/secure.gravatar.com\/avatar\/cde61f855b1f0269469506af0531a09a34800e86c2e9dd1ee4638f37a09ae930?s=96&r=g","caption":"Juan Garrido"},"description":"Jerez, 1991. Flamenco y comunicaci\u00f3n las 24 horas del d\u00eda. Desde 2012 en prensa escrita, tertulias radiof\u00f3nicas, programas de tv, presentaci\u00f3n de festivales, revistas especializadas... En mi familia todos bailamos por buler\u00edas, aunque yo soy el \u00fanico periodista.","sameAs":["http:\/\/www.jerezjondo.com"],"url":"https:\/\/expoflamenco.com\/archivo\/author\/juangarrido\/"}]}},"_links":{"self":[{"href":"https:\/\/expoflamenco.com\/archivo\/wp-json\/wp\/v2\/posts\/35705","targetHints":{"allow":["GET"]}}],"collection":[{"href":"https:\/\/expoflamenco.com\/archivo\/wp-json\/wp\/v2\/posts"}],"about":[{"href":"https:\/\/expoflamenco.com\/archivo\/wp-json\/wp\/v2\/types\/post"}],"author":[{"embeddable":true,"href":"https:\/\/expoflamenco.com\/archivo\/wp-json\/wp\/v2\/users\/8"}],"replies":[{"embeddable":true,"href":"https:\/\/expoflamenco.com\/archivo\/wp-json\/wp\/v2\/comments?post=35705"}],"version-history":[{"count":1,"href":"https:\/\/expoflamenco.com\/archivo\/wp-json\/wp\/v2\/posts\/35705\/revisions"}],"predecessor-version":[{"id":35712,"href":"https:\/\/expoflamenco.com\/archivo\/wp-json\/wp\/v2\/posts\/35705\/revisions\/35712"}],"wp:featuredmedia":[{"embeddable":true,"href":"https:\/\/expoflamenco.com\/archivo\/wp-json\/wp\/v2\/media\/35706"}],"wp:attachment":[{"href":"https:\/\/expoflamenco.com\/archivo\/wp-json\/wp\/v2\/media?parent=35705"}],"wp:term":[{"taxonomy":"category","embeddable":true,"href":"https:\/\/expoflamenco.com\/archivo\/wp-json\/wp\/v2\/categories?post=35705"},{"taxonomy":"post_tag","embeddable":true,"href":"https:\/\/expoflamenco.com\/archivo\/wp-json\/wp\/v2\/tags?post=35705"}],"curies":[{"name":"wp","href":"https:\/\/api.w.org\/{rel}","templated":true}]}}