{"id":33254,"date":"2022-04-06T10:30:57","date_gmt":"2022-04-06T08:30:57","guid":{"rendered":"https:\/\/www.expoflamenco.com\/archivo\/?p=33254"},"modified":"2022-07-24T12:12:56","modified_gmt":"2022-07-24T10:12:56","slug":"el-41o-festival-de-la-guitarra-de-cordoba-se-celebra-del-1-al-9-de-julio","status":"publish","type":"post","link":"https:\/\/expoflamenco.com\/archivo\/actualidad\/el-41o-festival-de-la-guitarra-de-cordoba-se-celebra-del-1-al-9-de-julio\/","title":{"rendered":"El 41\u00ba Festival de la Guitarra de C\u00f3rdoba se celebra del 1 al 9 de julio"},"content":{"rendered":"<div class=\"page\" title=\"Page 3\">\n<div class=\"layoutArea\">\n<div class=\"column\">\n<p>El <a href=\"https:\/\/teatrocordoba.es\/festival-guitarra-cordoba\/\" target=\"_blank\" rel=\"noopener\">Festival de la Guitarra de Co\u0301rdoba<\/a>, una cita cultural con cara\u0301cter monogra\u0301fico y diversas manifestaciones musicales y arti\u0301sticas en torno a este instrumento, considerado como uno de los festivales de guitarra ma\u0301s importantes del mundo, celebra su 41\u00ba edicio\u0301n del 1 al 9 de julio de 2022 con un claro deseo de volver a reunir a guitarristas y pu\u0301blico en una nueva normalidad, cada vez un poco ma\u0301s cercana.<\/p>\n<p>&nbsp;<\/p>\n<p>En su comunicado p\u00fablico, los organizadores anuncian el deseo de volver a recuperar el Programa Formativo, tras dos an\u0303os ausente. Volver a recibir a alumnos que viajan desde distintos pai\u0301ses. Volver a percibir la vibracio\u0301n del pu\u0301blico en el Gran Teatro, en el Teatro Go\u0301ngora, en La Axerqui\u0301a, en una plaza reco\u0301ndita, o en la intimidad de un patio cordobe\u0301s. Volver a nuestras rai\u0301ces, a las del Festival de la Guitarra de Co\u0301rdoba, con su cara\u0301cter diverso, aglutinando guitarristas de distintos estilos, de distintas culturas y procedencia.<\/p>\n<p>&nbsp;<\/p>\n<p>El Festival de la Guitarra, por tanto, mantiene sus grandes a\u0301reas de programacio\u0301n: el Programa Formativo, con cursos a cargo de eminentes especialistas en guitarra cla\u0301sica, flamenca, contempora\u0301nea y cursos de baile. En esta edicio\u0301n en el a\u0301rea de Guitarra cla\u0301sica el profesorado estara\u0301 conformado como siempre por destacadi\u0301simos nombres: Joaqui\u0301n Clerch, David Russell y Ricardo Galle\u0301n.<\/p>\n<p>&nbsp;<\/p>\n<p>El <strong>a\u0301rea de Guitarra flamenca<\/strong>, pilar fundamental del Festival, reu\u0301ne a tres importantes guitarristas flamencos, no so\u0301lo por su reconocimiento como concertistas, sino por su contrastada calidad creadora y docente, que transmitira\u0301n a sus alumnos conocimientos pra\u0301cticos de te\u0301cnica, expresio\u0301n y este\u0301tica en la guitarra de concierto, de la mano de <strong>Jose\u0301 Antonio Rodri\u0301guez<\/strong>, de la influencia y evolucio\u0301n ri\u0301tmica y armo\u0301nica de la guitarra de Moro\u0301n, a cargo de <strong>Dani de Moro\u0301n<\/strong>, y del acompan\u0303amiento al cante con <strong>Manolo Franco<\/strong>.<\/p>\n<\/div>\n<\/div>\n<p>&nbsp;<\/p>\n<p>&nbsp;<\/p>\n<blockquote><p><em>\u00abEl a\u0301rea formativa se completa con clases magistrales del cantaor <strong>David Pino<\/strong> y el musico\u0301logo <strong>Faustino Nu\u0301n\u0303ez<\/strong>, que nos guiara\u0301n con el cante y la guitarra por los elementos con los que los flamencos construyen su mu\u0301sica a trave\u0301s de Los palos del flamenco de la A la Z\u00bb<\/em><\/p><\/blockquote>\n<p>&nbsp;<\/p>\n<div class=\"layoutArea\">\n<div class=\"column\">\n<p>&nbsp;<\/p>\n<p>Las clases de baile flamenco sustentan otro de los ejes formativos del Festival, en su doble vertiente: como expresio\u0301n arti\u0301stica del Arte Flamenco y por su i\u0301ntima sintoni\u0301a con la guitarra. Una bailaora y un bailaor, ambos premiados en el Concurso Nacional de Arte Flamenco de Co\u0301rdoba, son los encargados de impartir clases en este a\u0301rea: <strong>Mercedes de Co\u0301rdoba<\/strong>, cuyo trabajo con el alumnado estara\u0301 centrado en la coreografi\u0301a del Romance, y <strong>Marcos Flores<\/strong>, que se ocupara\u0301 de la te\u0301cnica y coreografi\u0301a de La Farruca.<\/p>\n<p>&nbsp;<\/p>\n<div class=\"page\" title=\"Page 4\">\n<div class=\"layoutArea\">\n<div class=\"column\">\n<p>Se completa el a\u0301rea formativa con tres clases magistrales de afamados especialistas en sus respectivos campos: el cantaor <strong>David Pino<\/strong> y el musico\u0301logo <strong>Faustino Nu\u0301n\u0303ez<\/strong> nos guiara\u0301n con el cante y la guitarra por los elementos con los que los flamencos construyen su mu\u0301sica a trave\u0301s de Los palos del flamenco de la A la Z. El violinista <strong>Vasilis Kostas<\/strong> y el laudista <strong>Laith Sidiq<\/strong> mostrara\u0301n las herramientas creativas y las formas de unir los mundos musicales de la improvisacio\u0301n y la composicio\u0301n tradicional griega, a\u0301rabe y contempora\u0301nea. Por u\u0301ltimo, cerrara\u0301 este apartado el jazz con tres de los mejores guitarristas en el panorama del jazz contempora\u0301neo: <strong>Peter Bernstein, Mark Whitfield<\/strong> y <strong>Jesse Van Ruller.<\/strong><\/p>\n<p>&nbsp;<\/p>\n<p>En el programa de conciertos y especta\u0301culos tienen cabida muy distintos estilos musicales con la guitarra como protagonista. En esta edicio\u0301n, adema\u0301s de los escenarios habituales del Festival en los teatros pu\u0301blicos de Co\u0301rdoba (Gran Teatro, Teatro Go\u0301ngora y Teatro de la Axerqui\u0301a), se incorporan ocho espacios para acoger otros tantos conciertos en lugares de valor patrimonial indiscutible: la Plaza de San Agusti\u0301n, el Patio de los Naranjos de la Mezquita-Catedral.<\/p>\n<p>&nbsp;<\/p>\n<\/div>\n<\/div>\n<p>&nbsp;<\/p>\n<div class=\"layoutArea\">\n<p><a href=\"https:\/\/www.expoflamenco.com\/archivo\/wp-content\/uploads\/2022\/04\/expoflamenco-cartel41-festival-guitarra-cordoba.jpg\"><img loading=\"lazy\" decoding=\"async\" class=\"aligncenter size-full wp-image-33264\" src=\"https:\/\/www.expoflamenco.com\/archivo\/wp-content\/uploads\/2022\/04\/expoflamenco-cartel41-festival-guitarra-cordoba.jpg\" alt=\"\" width=\"1500\" height=\"602\" srcset=\"https:\/\/expoflamenco.com\/archivo\/wp-content\/uploads\/2022\/04\/expoflamenco-cartel41-festival-guitarra-cordoba.jpg 1500w, https:\/\/expoflamenco.com\/archivo\/wp-content\/uploads\/2022\/04\/expoflamenco-cartel41-festival-guitarra-cordoba-300x120.jpg 300w, https:\/\/expoflamenco.com\/archivo\/wp-content\/uploads\/2022\/04\/expoflamenco-cartel41-festival-guitarra-cordoba-1024x411.jpg 1024w, https:\/\/expoflamenco.com\/archivo\/wp-content\/uploads\/2022\/04\/expoflamenco-cartel41-festival-guitarra-cordoba-768x308.jpg 768w, https:\/\/expoflamenco.com\/archivo\/wp-content\/uploads\/2022\/04\/expoflamenco-cartel41-festival-guitarra-cordoba-1300x522.jpg 1300w\" sizes=\"auto, (max-width: 1500px) 100vw, 1500px\" \/><\/a><\/p>\n<p>&nbsp;<\/p>\n<div class=\"column\">\n<p>&nbsp;<\/p>\n<p>El Programa <strong>Patios de Guitarra<\/strong> mostrara\u0301 un total de seis conciertos, en los que participara\u0301n, adema\u0301s de mu\u0301sicos de otras disciplinas, un total de once guitarristas cla\u0301sicos y flamencos, abrazados por patios como los de La Posada del Potro, Palacio de Orive, Palacio de Viana, Casa A\u0301rabe, Casa de las Campanas y Museo Arqueolo\u0301gico .<\/p>\n<p>&nbsp;<\/p>\n<p>Ocho propuestas arti\u0301sticas tendra\u0301n lugar en el Gran Teatro. El jazz, con guitarristas como John Scofield, Peter Berstein, Mark Whitefield, Jesse Van Ruller y Al Di Meola. Los temas musicales de autores e inte\u0301rpretes de ampli\u0301simo recorrido y sus nuevos trabajos como los de Juan Perro, Coque Malla y el joven A\u0301lvaro Lafuente, ma\u0301s conocido por Guitarricadelafuente. El baile flamenco de <strong>Sara Baras<\/strong> y la mu\u0301sica cla\u0301sica, interpretada por la Orquesta Joven de Andaluci\u0301a y la guitarrista Mari\u0301a Esther Guzma\u0301n, muestran un abanico de posibilidades para el disfrute de la buena mu\u0301sica.<\/p>\n<div class=\"page\" title=\"Page 5\">\n<div class=\"layoutArea\">\n<div class=\"column\">\n<p>&nbsp;<\/p>\n<p>El Teatro al aire libre de la Axerqui\u0301a presenta un total de cinco conciertos con variedad de estilos. Abre el programa la banda cordobesa <strong>Medina Azahara<\/strong> presentando su nuevo a\u0301lbum de estudio, <em>Llego\u0301 el di\u0301a<\/em>, en el que la mejor banda de rock andaluz interpreta las grandes canciones de Triana. La banda presenta un especta\u0301culo en el que revivira\u0301 el alma y el espi\u0301ritu del mi\u0301tico tri\u0301o sevillano, que marco\u0301 un antes y un despue\u0301s en la historia del rock espan\u0303ol de los 80.<\/p>\n<p>&nbsp;<\/p>\n<p>Por u\u0301ltimo, el Festival cierra su programacio\u0301n acogiendo a una figura mundialmente reconocida y que por primera vez nos visita. Se trata de <strong>Alan Parsons<\/strong>, productor, ingeniero de sonido, cantante, teclista y guitarrista. Durante su carrera ha cosechado 14 nominaciones a los Grammy Awards, el u\u0301ltimo en 2018 por <em>Eye In The Sky &#8211; 35th Anniversary Edition<\/em>. Este verano retoma la gira que ha tenido que posponer durante los dos u\u0301ltimos an\u0303os. Y Co\u0301rdoba sera\u0301 la segunda ciudad espan\u0303ola que visite en el mes de julio.<\/p>\n<p>&nbsp;<\/p>\n<p>En <a href=\"https:\/\/teatrocordoba.es\/festival-guitarra-cordoba\/conciertos-y-espectaculos-2022\/\" target=\"_blank\" rel=\"noopener\">este enlace<\/a> pueden ver el programa completo del 41\u00ba Festival de la Guitarra de C\u00f3rdoba.<\/p>\n<\/div>\n<p>&nbsp;<\/p>\n<h6 style=\"text-align: right;\">Imagen superior: Jose Mar\u00eda Bellido, alcalde de C\u00f3rdoba, y Marian Aguilar Rider, presidenta del IMAE &#8211; Teatros de C\u00f3rdoba y teniente de alcalde de Promoci\u00f3n, Cultura y Patrimonio Hist\u00f3rico. Foto: Festival de la Guitarra de Cordoba<\/h6>\n<p>&nbsp;<\/p>\n<p>&nbsp;<\/p>\n<\/div>\n<\/div>\n<\/div>\n<\/div>\n<\/div>\n<\/div>\n<\/div>\n<\/div>\n","protected":false},"excerpt":{"rendered":"<p>El \u00c1rea de Guitarra flamenca reu\u0301ne a tres importantes guitarristas flamencos: Jos\u00e9 Antonio Rodr\u00edguez, Dani de Mor\u00f3n y Manolo Franco. Las clases de baile flamenco corren a cargo de Mercedes de C\u00f3rdoba y Marcos Flores. <\/p>\n","protected":false},"author":4,"featured_media":33256,"comment_status":"open","ping_status":"open","sticky":false,"template":"","format":"standard","meta":{"ngg_post_thumbnail":0,"footnotes":""},"categories":[55,3813],"tags":[76],"class_list":["post-33254","post","type-post","status-publish","format-standard","has-post-thumbnail","hentry","category-actualidad","category-news-actualidad","tag-flamenco"],"yoast_head":"<!-- This site is optimized with the Yoast SEO plugin v27.4 - https:\/\/yoast.com\/product\/yoast-seo-wordpress\/ -->\n<title>El 41\u00ba Festival de la Guitarra de C\u00f3rdoba se celebra del 1 al 9 de julio - Archivo Expoflamenco<\/title>\n<meta name=\"description\" content=\"El \u00c1rea de Guitarra flamenca reu\u0301ne a tres importantes guitarristas flamencos: Jos\u00e9 Antonio Rodr\u00edguez, Dani de Mor\u00f3n y Manolo Franco.\" \/>\n<meta name=\"robots\" content=\"index, follow, max-snippet:-1, max-image-preview:large, max-video-preview:-1\" \/>\n<link rel=\"canonical\" href=\"https:\/\/expoflamenco.com\/archivo\/actualidad\/el-41o-festival-de-la-guitarra-de-cordoba-se-celebra-del-1-al-9-de-julio\/\" \/>\n<meta property=\"og:locale\" content=\"es_ES\" \/>\n<meta property=\"og:type\" content=\"article\" \/>\n<meta property=\"og:title\" content=\"El 41\u00ba Festival de la Guitarra de C\u00f3rdoba se celebra del 1 al 9 de julio - Archivo Expoflamenco\" \/>\n<meta property=\"og:description\" content=\"El \u00c1rea de Guitarra flamenca reu\u0301ne a tres importantes guitarristas flamencos: Jos\u00e9 Antonio Rodr\u00edguez, Dani de Mor\u00f3n y Manolo Franco.\" \/>\n<meta property=\"og:url\" content=\"https:\/\/expoflamenco.com\/archivo\/actualidad\/el-41o-festival-de-la-guitarra-de-cordoba-se-celebra-del-1-al-9-de-julio\/\" \/>\n<meta property=\"og:site_name\" content=\"Archivo Expoflamenco\" \/>\n<meta property=\"article:publisher\" content=\"https:\/\/www.facebook.com\/ExpoFlamenco\" \/>\n<meta property=\"article:published_time\" content=\"2022-04-06T08:30:57+00:00\" \/>\n<meta property=\"article:modified_time\" content=\"2022-07-24T10:12:56+00:00\" \/>\n<meta property=\"og:image\" content=\"https:\/\/expoflamenco.com\/archivo\/wp-content\/uploads\/2022\/04\/expoflamenco-presentacion-41-festival-guitarra-cordoba.jpg\" \/>\n\t<meta property=\"og:image:width\" content=\"1300\" \/>\n\t<meta property=\"og:image:height\" content=\"800\" \/>\n\t<meta property=\"og:image:type\" content=\"image\/jpeg\" \/>\n<meta name=\"author\" content=\"Expoflamenco\" \/>\n<meta name=\"twitter:card\" content=\"summary_large_image\" \/>\n<meta name=\"twitter:creator\" content=\"@expoflamenco1\" \/>\n<meta name=\"twitter:site\" content=\"@expoflamenco1\" \/>\n<meta name=\"twitter:label1\" content=\"Escrito por\" \/>\n\t<meta name=\"twitter:data1\" content=\"Expoflamenco\" \/>\n\t<meta name=\"twitter:label2\" content=\"Tiempo de lectura\" \/>\n\t<meta name=\"twitter:data2\" content=\"5 minutos\" \/>\n<script type=\"application\/ld+json\" class=\"yoast-schema-graph\">{\"@context\":\"https:\\\/\\\/schema.org\",\"@graph\":[{\"@type\":\"Article\",\"@id\":\"https:\\\/\\\/expoflamenco.com\\\/archivo\\\/actualidad\\\/el-41o-festival-de-la-guitarra-de-cordoba-se-celebra-del-1-al-9-de-julio\\\/#article\",\"isPartOf\":{\"@id\":\"https:\\\/\\\/expoflamenco.com\\\/archivo\\\/actualidad\\\/el-41o-festival-de-la-guitarra-de-cordoba-se-celebra-del-1-al-9-de-julio\\\/\"},\"author\":{\"name\":\"Expoflamenco\",\"@id\":\"https:\\\/\\\/expoflamenco.com\\\/archivo\\\/#\\\/schema\\\/person\\\/41b6521f4897a6811872f1e2a0554083\"},\"headline\":\"El 41\u00ba Festival de la Guitarra de C\u00f3rdoba se celebra del 1 al 9 de julio\",\"datePublished\":\"2022-04-06T08:30:57+00:00\",\"dateModified\":\"2022-07-24T10:12:56+00:00\",\"mainEntityOfPage\":{\"@id\":\"https:\\\/\\\/expoflamenco.com\\\/archivo\\\/actualidad\\\/el-41o-festival-de-la-guitarra-de-cordoba-se-celebra-del-1-al-9-de-julio\\\/\"},\"wordCount\":1133,\"commentCount\":0,\"publisher\":{\"@id\":\"https:\\\/\\\/expoflamenco.com\\\/archivo\\\/#organization\"},\"image\":{\"@id\":\"https:\\\/\\\/expoflamenco.com\\\/archivo\\\/actualidad\\\/el-41o-festival-de-la-guitarra-de-cordoba-se-celebra-del-1-al-9-de-julio\\\/#primaryimage\"},\"thumbnailUrl\":\"https:\\\/\\\/expoflamenco.com\\\/archivo\\\/wp-content\\\/uploads\\\/2022\\\/04\\\/expoflamenco-presentacion-41-festival-guitarra-cordoba.jpg\",\"keywords\":[\"flamenco\"],\"articleSection\":[\"Actualidad flamenca\",\"NEWS Actualidad\"],\"inLanguage\":\"es\",\"potentialAction\":[{\"@type\":\"CommentAction\",\"name\":\"Comment\",\"target\":[\"https:\\\/\\\/expoflamenco.com\\\/archivo\\\/actualidad\\\/el-41o-festival-de-la-guitarra-de-cordoba-se-celebra-del-1-al-9-de-julio\\\/#respond\"]}]},{\"@type\":\"WebPage\",\"@id\":\"https:\\\/\\\/expoflamenco.com\\\/archivo\\\/actualidad\\\/el-41o-festival-de-la-guitarra-de-cordoba-se-celebra-del-1-al-9-de-julio\\\/\",\"url\":\"https:\\\/\\\/expoflamenco.com\\\/archivo\\\/actualidad\\\/el-41o-festival-de-la-guitarra-de-cordoba-se-celebra-del-1-al-9-de-julio\\\/\",\"name\":\"El 41\u00ba Festival de la Guitarra de C\u00f3rdoba se celebra del 1 al 9 de julio - Archivo Expoflamenco\",\"isPartOf\":{\"@id\":\"https:\\\/\\\/expoflamenco.com\\\/archivo\\\/#website\"},\"primaryImageOfPage\":{\"@id\":\"https:\\\/\\\/expoflamenco.com\\\/archivo\\\/actualidad\\\/el-41o-festival-de-la-guitarra-de-cordoba-se-celebra-del-1-al-9-de-julio\\\/#primaryimage\"},\"image\":{\"@id\":\"https:\\\/\\\/expoflamenco.com\\\/archivo\\\/actualidad\\\/el-41o-festival-de-la-guitarra-de-cordoba-se-celebra-del-1-al-9-de-julio\\\/#primaryimage\"},\"thumbnailUrl\":\"https:\\\/\\\/expoflamenco.com\\\/archivo\\\/wp-content\\\/uploads\\\/2022\\\/04\\\/expoflamenco-presentacion-41-festival-guitarra-cordoba.jpg\",\"datePublished\":\"2022-04-06T08:30:57+00:00\",\"dateModified\":\"2022-07-24T10:12:56+00:00\",\"description\":\"El \u00c1rea de Guitarra flamenca reu\u0301ne a tres importantes guitarristas flamencos: Jos\u00e9 Antonio Rodr\u00edguez, Dani de Mor\u00f3n y Manolo Franco.\",\"breadcrumb\":{\"@id\":\"https:\\\/\\\/expoflamenco.com\\\/archivo\\\/actualidad\\\/el-41o-festival-de-la-guitarra-de-cordoba-se-celebra-del-1-al-9-de-julio\\\/#breadcrumb\"},\"inLanguage\":\"es\",\"potentialAction\":[{\"@type\":\"ReadAction\",\"target\":[\"https:\\\/\\\/expoflamenco.com\\\/archivo\\\/actualidad\\\/el-41o-festival-de-la-guitarra-de-cordoba-se-celebra-del-1-al-9-de-julio\\\/\"]}]},{\"@type\":\"ImageObject\",\"inLanguage\":\"es\",\"@id\":\"https:\\\/\\\/expoflamenco.com\\\/archivo\\\/actualidad\\\/el-41o-festival-de-la-guitarra-de-cordoba-se-celebra-del-1-al-9-de-julio\\\/#primaryimage\",\"url\":\"https:\\\/\\\/expoflamenco.com\\\/archivo\\\/wp-content\\\/uploads\\\/2022\\\/04\\\/expoflamenco-presentacion-41-festival-guitarra-cordoba.jpg\",\"contentUrl\":\"https:\\\/\\\/expoflamenco.com\\\/archivo\\\/wp-content\\\/uploads\\\/2022\\\/04\\\/expoflamenco-presentacion-41-festival-guitarra-cordoba.jpg\",\"width\":1300,\"height\":800},{\"@type\":\"BreadcrumbList\",\"@id\":\"https:\\\/\\\/expoflamenco.com\\\/archivo\\\/actualidad\\\/el-41o-festival-de-la-guitarra-de-cordoba-se-celebra-del-1-al-9-de-julio\\\/#breadcrumb\",\"itemListElement\":[{\"@type\":\"ListItem\",\"position\":1,\"name\":\"Inicio\",\"item\":\"https:\\\/\\\/expoflamenco.com\\\/archivo\\\/\"},{\"@type\":\"ListItem\",\"position\":2,\"name\":\"El 41\u00ba Festival de la Guitarra de C\u00f3rdoba se celebra del 1 al 9 de julio\"}]},{\"@type\":\"WebSite\",\"@id\":\"https:\\\/\\\/expoflamenco.com\\\/archivo\\\/#website\",\"url\":\"https:\\\/\\\/expoflamenco.com\\\/archivo\\\/\",\"name\":\"Archivo Expoflamenco\",\"description\":\"Portal de arte flamenco: noticias, entrevistas, blogs, cr\u00edticas, investigaci\u00f3n\",\"publisher\":{\"@id\":\"https:\\\/\\\/expoflamenco.com\\\/archivo\\\/#organization\"},\"potentialAction\":[{\"@type\":\"SearchAction\",\"target\":{\"@type\":\"EntryPoint\",\"urlTemplate\":\"https:\\\/\\\/expoflamenco.com\\\/archivo\\\/?s={search_term_string}\"},\"query-input\":{\"@type\":\"PropertyValueSpecification\",\"valueRequired\":true,\"valueName\":\"search_term_string\"}}],\"inLanguage\":\"es\"},{\"@type\":\"Organization\",\"@id\":\"https:\\\/\\\/expoflamenco.com\\\/archivo\\\/#organization\",\"name\":\"Expoflamenco\",\"url\":\"https:\\\/\\\/expoflamenco.com\\\/archivo\\\/\",\"logo\":{\"@type\":\"ImageObject\",\"inLanguage\":\"es\",\"@id\":\"https:\\\/\\\/expoflamenco.com\\\/archivo\\\/#\\\/schema\\\/logo\\\/image\\\/\",\"url\":\"https:\\\/\\\/www.expoflamenco.com\\\/archivo\\\/wp-content\\\/uploads\\\/2022\\\/11\\\/banner-cabecera-mobile.jpg\",\"contentUrl\":\"https:\\\/\\\/www.expoflamenco.com\\\/archivo\\\/wp-content\\\/uploads\\\/2022\\\/11\\\/banner-cabecera-mobile.jpg\",\"width\":299,\"height\":75,\"caption\":\"Expoflamenco\"},\"image\":{\"@id\":\"https:\\\/\\\/expoflamenco.com\\\/archivo\\\/#\\\/schema\\\/logo\\\/image\\\/\"},\"sameAs\":[\"https:\\\/\\\/www.facebook.com\\\/ExpoFlamenco\",\"https:\\\/\\\/x.com\\\/expoflamenco1\",\"https:\\\/\\\/www.instagram.com\\\/expoflamenco\\\/\",\"https:\\\/\\\/www.youtube.com\\\/expoflamenco\"]},{\"@type\":\"Person\",\"@id\":\"https:\\\/\\\/expoflamenco.com\\\/archivo\\\/#\\\/schema\\\/person\\\/41b6521f4897a6811872f1e2a0554083\",\"name\":\"Expoflamenco\",\"image\":{\"@type\":\"ImageObject\",\"inLanguage\":\"es\",\"@id\":\"https:\\\/\\\/secure.gravatar.com\\\/avatar\\\/9d843cd005fbb7439019d77d9d525d9a5177f873994fbb60a14dab6df3a60f72?s=96&r=g\",\"url\":\"https:\\\/\\\/secure.gravatar.com\\\/avatar\\\/9d843cd005fbb7439019d77d9d525d9a5177f873994fbb60a14dab6df3a60f72?s=96&r=g\",\"contentUrl\":\"https:\\\/\\\/secure.gravatar.com\\\/avatar\\\/9d843cd005fbb7439019d77d9d525d9a5177f873994fbb60a14dab6df3a60f72?s=96&r=g\",\"caption\":\"Expoflamenco\"},\"description\":\"Portal global de arte flamenco. El conocimiento y la pasi\u00f3n. La jondura y la pena. El pellizco y la fiesta. Patrimonio Cultural de la Humanidad.\",\"sameAs\":[\"http:\\\/\\\/wwww.expoflamenco.com\"],\"url\":\"https:\\\/\\\/expoflamenco.com\\\/archivo\\\/author\\\/expoflamenco\\\/\"}]}<\/script>\n<!-- \/ Yoast SEO plugin. -->","yoast_head_json":{"title":"El 41\u00ba Festival de la Guitarra de C\u00f3rdoba se celebra del 1 al 9 de julio - Archivo Expoflamenco","description":"El \u00c1rea de Guitarra flamenca reu\u0301ne a tres importantes guitarristas flamencos: Jos\u00e9 Antonio Rodr\u00edguez, Dani de Mor\u00f3n y Manolo Franco.","robots":{"index":"index","follow":"follow","max-snippet":"max-snippet:-1","max-image-preview":"max-image-preview:large","max-video-preview":"max-video-preview:-1"},"canonical":"https:\/\/expoflamenco.com\/archivo\/actualidad\/el-41o-festival-de-la-guitarra-de-cordoba-se-celebra-del-1-al-9-de-julio\/","og_locale":"es_ES","og_type":"article","og_title":"El 41\u00ba Festival de la Guitarra de C\u00f3rdoba se celebra del 1 al 9 de julio - Archivo Expoflamenco","og_description":"El \u00c1rea de Guitarra flamenca reu\u0301ne a tres importantes guitarristas flamencos: Jos\u00e9 Antonio Rodr\u00edguez, Dani de Mor\u00f3n y Manolo Franco.","og_url":"https:\/\/expoflamenco.com\/archivo\/actualidad\/el-41o-festival-de-la-guitarra-de-cordoba-se-celebra-del-1-al-9-de-julio\/","og_site_name":"Archivo Expoflamenco","article_publisher":"https:\/\/www.facebook.com\/ExpoFlamenco","article_published_time":"2022-04-06T08:30:57+00:00","article_modified_time":"2022-07-24T10:12:56+00:00","og_image":[{"width":1300,"height":800,"url":"https:\/\/expoflamenco.com\/archivo\/wp-content\/uploads\/2022\/04\/expoflamenco-presentacion-41-festival-guitarra-cordoba.jpg","type":"image\/jpeg"}],"author":"Expoflamenco","twitter_card":"summary_large_image","twitter_creator":"@expoflamenco1","twitter_site":"@expoflamenco1","twitter_misc":{"Escrito por":"Expoflamenco","Tiempo de lectura":"5 minutos"},"schema":{"@context":"https:\/\/schema.org","@graph":[{"@type":"Article","@id":"https:\/\/expoflamenco.com\/archivo\/actualidad\/el-41o-festival-de-la-guitarra-de-cordoba-se-celebra-del-1-al-9-de-julio\/#article","isPartOf":{"@id":"https:\/\/expoflamenco.com\/archivo\/actualidad\/el-41o-festival-de-la-guitarra-de-cordoba-se-celebra-del-1-al-9-de-julio\/"},"author":{"name":"Expoflamenco","@id":"https:\/\/expoflamenco.com\/archivo\/#\/schema\/person\/41b6521f4897a6811872f1e2a0554083"},"headline":"El 41\u00ba Festival de la Guitarra de C\u00f3rdoba se celebra del 1 al 9 de julio","datePublished":"2022-04-06T08:30:57+00:00","dateModified":"2022-07-24T10:12:56+00:00","mainEntityOfPage":{"@id":"https:\/\/expoflamenco.com\/archivo\/actualidad\/el-41o-festival-de-la-guitarra-de-cordoba-se-celebra-del-1-al-9-de-julio\/"},"wordCount":1133,"commentCount":0,"publisher":{"@id":"https:\/\/expoflamenco.com\/archivo\/#organization"},"image":{"@id":"https:\/\/expoflamenco.com\/archivo\/actualidad\/el-41o-festival-de-la-guitarra-de-cordoba-se-celebra-del-1-al-9-de-julio\/#primaryimage"},"thumbnailUrl":"https:\/\/expoflamenco.com\/archivo\/wp-content\/uploads\/2022\/04\/expoflamenco-presentacion-41-festival-guitarra-cordoba.jpg","keywords":["flamenco"],"articleSection":["Actualidad flamenca","NEWS Actualidad"],"inLanguage":"es","potentialAction":[{"@type":"CommentAction","name":"Comment","target":["https:\/\/expoflamenco.com\/archivo\/actualidad\/el-41o-festival-de-la-guitarra-de-cordoba-se-celebra-del-1-al-9-de-julio\/#respond"]}]},{"@type":"WebPage","@id":"https:\/\/expoflamenco.com\/archivo\/actualidad\/el-41o-festival-de-la-guitarra-de-cordoba-se-celebra-del-1-al-9-de-julio\/","url":"https:\/\/expoflamenco.com\/archivo\/actualidad\/el-41o-festival-de-la-guitarra-de-cordoba-se-celebra-del-1-al-9-de-julio\/","name":"El 41\u00ba Festival de la Guitarra de C\u00f3rdoba se celebra del 1 al 9 de julio - Archivo Expoflamenco","isPartOf":{"@id":"https:\/\/expoflamenco.com\/archivo\/#website"},"primaryImageOfPage":{"@id":"https:\/\/expoflamenco.com\/archivo\/actualidad\/el-41o-festival-de-la-guitarra-de-cordoba-se-celebra-del-1-al-9-de-julio\/#primaryimage"},"image":{"@id":"https:\/\/expoflamenco.com\/archivo\/actualidad\/el-41o-festival-de-la-guitarra-de-cordoba-se-celebra-del-1-al-9-de-julio\/#primaryimage"},"thumbnailUrl":"https:\/\/expoflamenco.com\/archivo\/wp-content\/uploads\/2022\/04\/expoflamenco-presentacion-41-festival-guitarra-cordoba.jpg","datePublished":"2022-04-06T08:30:57+00:00","dateModified":"2022-07-24T10:12:56+00:00","description":"El \u00c1rea de Guitarra flamenca reu\u0301ne a tres importantes guitarristas flamencos: Jos\u00e9 Antonio Rodr\u00edguez, Dani de Mor\u00f3n y Manolo Franco.","breadcrumb":{"@id":"https:\/\/expoflamenco.com\/archivo\/actualidad\/el-41o-festival-de-la-guitarra-de-cordoba-se-celebra-del-1-al-9-de-julio\/#breadcrumb"},"inLanguage":"es","potentialAction":[{"@type":"ReadAction","target":["https:\/\/expoflamenco.com\/archivo\/actualidad\/el-41o-festival-de-la-guitarra-de-cordoba-se-celebra-del-1-al-9-de-julio\/"]}]},{"@type":"ImageObject","inLanguage":"es","@id":"https:\/\/expoflamenco.com\/archivo\/actualidad\/el-41o-festival-de-la-guitarra-de-cordoba-se-celebra-del-1-al-9-de-julio\/#primaryimage","url":"https:\/\/expoflamenco.com\/archivo\/wp-content\/uploads\/2022\/04\/expoflamenco-presentacion-41-festival-guitarra-cordoba.jpg","contentUrl":"https:\/\/expoflamenco.com\/archivo\/wp-content\/uploads\/2022\/04\/expoflamenco-presentacion-41-festival-guitarra-cordoba.jpg","width":1300,"height":800},{"@type":"BreadcrumbList","@id":"https:\/\/expoflamenco.com\/archivo\/actualidad\/el-41o-festival-de-la-guitarra-de-cordoba-se-celebra-del-1-al-9-de-julio\/#breadcrumb","itemListElement":[{"@type":"ListItem","position":1,"name":"Inicio","item":"https:\/\/expoflamenco.com\/archivo\/"},{"@type":"ListItem","position":2,"name":"El 41\u00ba Festival de la Guitarra de C\u00f3rdoba se celebra del 1 al 9 de julio"}]},{"@type":"WebSite","@id":"https:\/\/expoflamenco.com\/archivo\/#website","url":"https:\/\/expoflamenco.com\/archivo\/","name":"Archivo Expoflamenco","description":"Portal de arte flamenco: noticias, entrevistas, blogs, cr\u00edticas, investigaci\u00f3n","publisher":{"@id":"https:\/\/expoflamenco.com\/archivo\/#organization"},"potentialAction":[{"@type":"SearchAction","target":{"@type":"EntryPoint","urlTemplate":"https:\/\/expoflamenco.com\/archivo\/?s={search_term_string}"},"query-input":{"@type":"PropertyValueSpecification","valueRequired":true,"valueName":"search_term_string"}}],"inLanguage":"es"},{"@type":"Organization","@id":"https:\/\/expoflamenco.com\/archivo\/#organization","name":"Expoflamenco","url":"https:\/\/expoflamenco.com\/archivo\/","logo":{"@type":"ImageObject","inLanguage":"es","@id":"https:\/\/expoflamenco.com\/archivo\/#\/schema\/logo\/image\/","url":"https:\/\/www.expoflamenco.com\/archivo\/wp-content\/uploads\/2022\/11\/banner-cabecera-mobile.jpg","contentUrl":"https:\/\/www.expoflamenco.com\/archivo\/wp-content\/uploads\/2022\/11\/banner-cabecera-mobile.jpg","width":299,"height":75,"caption":"Expoflamenco"},"image":{"@id":"https:\/\/expoflamenco.com\/archivo\/#\/schema\/logo\/image\/"},"sameAs":["https:\/\/www.facebook.com\/ExpoFlamenco","https:\/\/x.com\/expoflamenco1","https:\/\/www.instagram.com\/expoflamenco\/","https:\/\/www.youtube.com\/expoflamenco"]},{"@type":"Person","@id":"https:\/\/expoflamenco.com\/archivo\/#\/schema\/person\/41b6521f4897a6811872f1e2a0554083","name":"Expoflamenco","image":{"@type":"ImageObject","inLanguage":"es","@id":"https:\/\/secure.gravatar.com\/avatar\/9d843cd005fbb7439019d77d9d525d9a5177f873994fbb60a14dab6df3a60f72?s=96&r=g","url":"https:\/\/secure.gravatar.com\/avatar\/9d843cd005fbb7439019d77d9d525d9a5177f873994fbb60a14dab6df3a60f72?s=96&r=g","contentUrl":"https:\/\/secure.gravatar.com\/avatar\/9d843cd005fbb7439019d77d9d525d9a5177f873994fbb60a14dab6df3a60f72?s=96&r=g","caption":"Expoflamenco"},"description":"Portal global de arte flamenco. El conocimiento y la pasi\u00f3n. La jondura y la pena. El pellizco y la fiesta. Patrimonio Cultural de la Humanidad.","sameAs":["http:\/\/wwww.expoflamenco.com"],"url":"https:\/\/expoflamenco.com\/archivo\/author\/expoflamenco\/"}]}},"_links":{"self":[{"href":"https:\/\/expoflamenco.com\/archivo\/wp-json\/wp\/v2\/posts\/33254","targetHints":{"allow":["GET"]}}],"collection":[{"href":"https:\/\/expoflamenco.com\/archivo\/wp-json\/wp\/v2\/posts"}],"about":[{"href":"https:\/\/expoflamenco.com\/archivo\/wp-json\/wp\/v2\/types\/post"}],"author":[{"embeddable":true,"href":"https:\/\/expoflamenco.com\/archivo\/wp-json\/wp\/v2\/users\/4"}],"replies":[{"embeddable":true,"href":"https:\/\/expoflamenco.com\/archivo\/wp-json\/wp\/v2\/comments?post=33254"}],"version-history":[{"count":4,"href":"https:\/\/expoflamenco.com\/archivo\/wp-json\/wp\/v2\/posts\/33254\/revisions"}],"predecessor-version":[{"id":33267,"href":"https:\/\/expoflamenco.com\/archivo\/wp-json\/wp\/v2\/posts\/33254\/revisions\/33267"}],"wp:featuredmedia":[{"embeddable":true,"href":"https:\/\/expoflamenco.com\/archivo\/wp-json\/wp\/v2\/media\/33256"}],"wp:attachment":[{"href":"https:\/\/expoflamenco.com\/archivo\/wp-json\/wp\/v2\/media?parent=33254"}],"wp:term":[{"taxonomy":"category","embeddable":true,"href":"https:\/\/expoflamenco.com\/archivo\/wp-json\/wp\/v2\/categories?post=33254"},{"taxonomy":"post_tag","embeddable":true,"href":"https:\/\/expoflamenco.com\/archivo\/wp-json\/wp\/v2\/tags?post=33254"}],"curies":[{"name":"wp","href":"https:\/\/api.w.org\/{rel}","templated":true}]}}