{"id":23777,"date":"2020-12-21T12:59:25","date_gmt":"2020-12-21T11:59:25","guid":{"rendered":"https:\/\/www.expoflamenco.com\/archivo\/?p=23777"},"modified":"2020-12-21T12:59:25","modified_gmt":"2020-12-21T11:59:25","slug":"desfiles-virtuales-en-we-love-flamenco-2021","status":"publish","type":"post","link":"https:\/\/expoflamenco.com\/archivo\/actualidad\/desfiles-virtuales-en-we-love-flamenco-2021\/","title":{"rendered":"Desfiles virtuales en We Love Flamenco 2021"},"content":{"rendered":"<p class=\"p1\">Una de las citas m\u00e1s esperadas cada a\u00f1o en la moda flamenca es la pasarela <a href=\"https:\/\/www.expoflamenco.com\/archivo\/actualidad\/we-love-flamenco-2020-pasarela-de-moda-flamenca\"><span class=\"s1\">We Love Flamenco<\/span><\/a>. La novena edici\u00f3n tiene lugar del 12 al 17 de enero de 2021 en el <a href=\"https:\/\/www.grandluxuryhotels.com\/hotel\/hotel-alfonso-xiii-a-luxury-collection-hotel?gclid=CjwKCAiArIH_BRB2EiwALfbH1AwKh_96dfZDAY87IPgVvyLkn1U0sOB4tiZ6nAkZ0omVHLvpj1wj6RoCKMEQAvD_BwE\" target=\"_blank\" rel=\"noopener noreferrer\">Hotel Alfonso XIII<\/a> de Sevilla y ser\u00e1 distinta para adaptarse a la pandemia causada por la Covid-19. Ser\u00e1n desfiles virtuales que se podr\u00e1n seguir \u00edntegramente online a trav\u00e9s del canal de YouTube de la organizaci\u00f3n.<\/p>\n<p class=\"p1\">\u00abLa novena edici\u00f3n de&nbsp;We Love Flamenco&nbsp;es la edici\u00f3n de las circunstancias y es la mejor forma de mantener viva la moda flamenca\u00bb, ha citado la modelo <strong>Laura S\u00e1nchez<\/strong>, directora de la pasarela, durante la presentaci\u00f3n del evento. Junto a S\u00e1nchez ha estado <strong>Javier Villa<\/strong>, tambi\u00e9n director del evento, en un acto en el que se han presentado el cartel y el programa completo de los desfiles.<span class=\"Apple-converted-space\">&nbsp;<\/span><\/p>\n<p class=\"p1\">El sector de la moda en general y de la moda flamenca en particular ha sufrido, como no pod\u00eda ser de otra forma, el impacto de la Covid-19. Pero desde We Love Flamenco han tenido claro que ten\u00edan que seguir adelante con la pasarela para mandar un mensaje de esperanza y apoyo al sector.<\/p>\n<p>&nbsp;<\/p>\n<blockquote><p><em>\u00abDesde We Love Flamenco piensan que los dise\u00f1adores necesitan ahora m\u00e1s que nunca un impulso y apoyo, y por ello su participaci\u00f3n en esta edici\u00f3n ser\u00e1 gratuita\u00bb<\/em><\/p><\/blockquote>\n<p>&nbsp;<\/p>\n<p class=\"p1\">\u00abDe los cobardes no se ha escrito nada y de los valientes se va a escribir mucho en los pr\u00f3ximos d\u00edas\u00bb, ha comentado Laura S\u00e1nchez durante la presentaci\u00f3n. \u00abHemos hecho lo imposible para que este evento se pueda llevar a cabo y con \u00e9l podamos transmitir algo de alegr\u00eda y esperanza. Esta edici\u00f3n es especial y hemos trabajado mucho para que sea una realidad\u00bb, ha apuntado Javier Villa.<\/p>\n<p class=\"p1\">El 2021 est\u00e1 repleto de incertidumbre para el sector, teniendo en cuenta que poco se sabe sobre el futuro pr\u00f3ximo y que eventos como la Feria de Abril de Sevilla ya han sido cancelados. Desde We Love Flamenco piensan que los dise\u00f1adores necesitan ahora m\u00e1s que nunca un impulso y apoyo, y por ello su participaci\u00f3n en esta edici\u00f3n ser\u00e1 gratuita. Los dise\u00f1adores interesados en participar solo tendr\u00e1n que hacer un donativo a la <a href=\"https:\/\/fundacionsandraibarra.org\/\" target=\"_blank\" rel=\"noopener noreferrer\">Fundaci\u00f3n Sandra Ibarra<\/a>. \u00abEste a\u00f1o no veremos desfilar a esas mujeres poderosas, pero estoy segura de que las volveremos a ver entre volantes\u00bb, ha afirmado Laura S\u00e1nchez.<\/p>\n<p class=\"p1\">En la novena edici\u00f3n, la elaboraci\u00f3n del cartel ha estado a cargo de <strong>Toni Ben\u00edtez<\/strong>. Un cartel minimalista en el que se aprecia el boceto de una flamenca sobre un fondo blanco, acompa\u00f1ado de anotaciones que el propio Ben\u00edtez hac\u00eda en los dise\u00f1os de sus clientas.<\/p>\n<p>&nbsp;<\/p>\n<p><a href=\"https:\/\/www.expoflamenco.com\/archivo\/wp-content\/uploads\/2020\/12\/expoflamenco-cartel-pasarela-moda-we-love-flamenco.jpg\"><img loading=\"lazy\" decoding=\"async\" class=\"aligncenter size-full wp-image-23778\" src=\"https:\/\/www.expoflamenco.com\/archivo\/wp-content\/uploads\/2020\/12\/expoflamenco-cartel-pasarela-moda-we-love-flamenco.jpg\" alt=\"\" width=\"1074\" height=\"1072\" srcset=\"https:\/\/expoflamenco.com\/archivo\/wp-content\/uploads\/2020\/12\/expoflamenco-cartel-pasarela-moda-we-love-flamenco.jpg 1074w, https:\/\/expoflamenco.com\/archivo\/wp-content\/uploads\/2020\/12\/expoflamenco-cartel-pasarela-moda-we-love-flamenco-300x300.jpg 300w, https:\/\/expoflamenco.com\/archivo\/wp-content\/uploads\/2020\/12\/expoflamenco-cartel-pasarela-moda-we-love-flamenco-1024x1022.jpg 1024w, https:\/\/expoflamenco.com\/archivo\/wp-content\/uploads\/2020\/12\/expoflamenco-cartel-pasarela-moda-we-love-flamenco-150x150.jpg 150w, https:\/\/expoflamenco.com\/archivo\/wp-content\/uploads\/2020\/12\/expoflamenco-cartel-pasarela-moda-we-love-flamenco-768x767.jpg 768w, https:\/\/expoflamenco.com\/archivo\/wp-content\/uploads\/2020\/12\/expoflamenco-cartel-pasarela-moda-we-love-flamenco-675x675.jpg 675w, https:\/\/expoflamenco.com\/archivo\/wp-content\/uploads\/2020\/12\/expoflamenco-cartel-pasarela-moda-we-love-flamenco-114x114.jpg 114w, https:\/\/expoflamenco.com\/archivo\/wp-content\/uploads\/2020\/12\/expoflamenco-cartel-pasarela-moda-we-love-flamenco-600x599.jpg 600w, https:\/\/expoflamenco.com\/archivo\/wp-content\/uploads\/2020\/12\/expoflamenco-cartel-pasarela-moda-we-love-flamenco-100x100.jpg 100w\" sizes=\"auto, (max-width: 1074px) 100vw, 1074px\" \/><\/a><\/p>\n<p>&nbsp;<\/p>\n<p class=\"p1\">\u00abDespu\u00e9s de tantos meses de esfuerzo, estoy muy orgullosa de la respuesta de los dise\u00f1adores y de los fieles patrocinadores. Este a\u00f1o, m\u00e1s que nunca, tocaba arrimar el hombro y hacer un gran esfuerzo porque, en ning\u00fan momento, se me ha pasado por la cabeza que la moda flamenca vaya a morir\u00bb, ha asegurado Laura S\u00e1nchez.<\/p>\n<p class=\"p1\">La novedad principal es que los desfiles ser\u00e1n virtuales. Se celebrar\u00e1n en el Hotel Alfonso XIII, como en a\u00f1os anteriores, pero se podr\u00e1n seguir a trav\u00e9s del canal de YouTube de la pasarela y posteriormente en su web. Sobre la pasarela se podr\u00e1n ver las propuestas que los dise\u00f1adores hicieron en 2020, aunque con alguna que otra sorpresa. \u00abEn cuanto les dijimos que este a\u00f1o habr\u00eda We Love Flamenco todos los dise\u00f1adores se pusieron manos a la obra. Son creativos y necesitan crear. No van a presentar una colecci\u00f3n completamente nueva, pero seguro que traen novedades y se reinventa\u00bb, han contado desde la organizaci\u00f3n.<span class=\"Apple-converted-space\">&nbsp;<\/span><\/p>\n<p class=\"p1\">\u00abLos dise\u00f1adores vuelen con energ\u00eda para hacer ver, tanto a Sevilla como al mundo, que la moda flamenca es un sector important\u00edsimo para Andaluc\u00eda y que sus empresas siguen ah\u00ed, reinvent\u00e1ndose en estos tiempos y con la esperanza de que pronto sus clientas volver\u00e1n a vestir el traje de flamenca\u00bb, ha expuesto Javier Villa.<\/p>\n<p class=\"p1\">Para finalizar, la propia Laura S\u00e1nchez ha recalcado el car\u00e1cter ben\u00e9fico de esta novena edici\u00f3n, pues al no haber venta de entradas, se reduce a las aportaciones de las marcas y dise\u00f1adores participantes e ir\u00e1 destinado a la Fundaci\u00f3n Sandra Ibarra Frente al C\u00e1ncer.<\/p>\n<p>&nbsp;<\/p>\n<h3 class=\"p1\"><b>Programa completo de los desfiles de We Love Flamenco<\/b><\/h3>\n<p class=\"p1\"><b>12 enero<\/b><\/p>\n<p class=\"p1\">Roc\u00edo Peralta<\/p>\n<p class=\"p1\">Juan Foronda y Rafa D\u00edaz<\/p>\n<p class=\"p1\"><b>13 enero<\/b><\/p>\n<p class=\"p1\">Por determinar<\/p>\n<p class=\"p1\"><b>14 de enero<\/b><\/p>\n<p class=\"p1\">Ana Ferreiro<\/p>\n<p class=\"p1\">\u00c1ngela y Adela<\/p>\n<p class=\"p1\">Flamenca Pol N\u00fa\u00f1ez<\/p>\n<p class=\"p1\">Pepa Garrido<\/p>\n<p class=\"p1\"><b>15 de enero<\/b><\/p>\n<p class=\"p1\">Mario Gallardo<\/p>\n<p class=\"p1\">Lola Azahares<\/p>\n<p class=\"p1\">Roc\u00edo Olmedo<\/p>\n<p class=\"p1\">Pablo Retamero y Juanjo Bernal<\/p>\n<p class=\"p1\"><b>16 de enero<\/b><\/p>\n<p class=\"p1\">NOTELODIGO<\/p>\n<p class=\"p1\">M\u00f3nica M\u00e9ndez<\/p>\n<p class=\"p1\">El Ajol\u00ed<\/p>\n<p class=\"p1\">Carmen Acedo<\/p>\n<p class=\"p1\">Santana Dise\u00f1os<\/p>\n<p class=\"p1\">Jos\u00e9 Hidalgo<\/p>\n<p class=\"p1\"><b>17 de enero<\/b><\/p>\n<p class=\"p1\">Luc\u00eda Herreros<\/p>\n<p class=\"p1\">Ventura<\/p>\n<p class=\"p1\">Daniel Robles<\/p>\n<p class=\"p1\">Manuela Mart\u00ednez<\/p>\n<p class=\"p1\">Javier Mojarro<\/p>\n<p class=\"p1\">Jos\u00e9 Manuel Valencia<\/p>\n<p>&nbsp;<\/p>\n","protected":false},"excerpt":{"rendered":"<p>La novena edici\u00f3n de la pasarela de moda We Love Flamenco se celebra del 12 al 17 de enero en el Hotel Alfonso XIII (Sevilla) y se podr\u00e1 seguir online a trav\u00e9s de YouTube.<\/p>\n","protected":false},"author":4,"featured_media":23780,"comment_status":"open","ping_status":"open","sticky":false,"template":"","format":"standard","meta":{"ngg_post_thumbnail":0,"footnotes":""},"categories":[55],"tags":[76,2828,3203,153,3202],"class_list":["post-23777","post","type-post","status-publish","format-standard","has-post-thumbnail","hentry","category-actualidad","tag-flamenco","tag-hotel-alfonso-xiii","tag-pasarela-de-moda","tag-sevilla","tag-we-love-flamenco"],"yoast_head":"<!-- This site is optimized with the Yoast SEO plugin v27.4 - https:\/\/yoast.com\/product\/yoast-seo-wordpress\/ -->\n<title>Desfiles virtuales en We Love Flamenco 2021 - Archivo Expoflamenco<\/title>\n<meta name=\"robots\" content=\"index, follow, max-snippet:-1, max-image-preview:large, max-video-preview:-1\" \/>\n<link rel=\"canonical\" href=\"https:\/\/expoflamenco.com\/archivo\/actualidad\/desfiles-virtuales-en-we-love-flamenco-2021\/\" \/>\n<meta property=\"og:locale\" content=\"es_ES\" \/>\n<meta property=\"og:type\" content=\"article\" \/>\n<meta property=\"og:title\" content=\"Desfiles virtuales en We Love Flamenco 2021 - Archivo Expoflamenco\" \/>\n<meta property=\"og:description\" content=\"La novena edici\u00f3n de la pasarela de moda We Love Flamenco se celebra del 12 al 17 de enero en el Hotel Alfonso XIII (Sevilla) y se podr\u00e1 seguir online a trav\u00e9s de YouTube.\" \/>\n<meta property=\"og:url\" content=\"https:\/\/expoflamenco.com\/archivo\/actualidad\/desfiles-virtuales-en-we-love-flamenco-2021\/\" \/>\n<meta property=\"og:site_name\" content=\"Archivo Expoflamenco\" \/>\n<meta property=\"article:publisher\" content=\"https:\/\/www.facebook.com\/ExpoFlamenco\" \/>\n<meta property=\"article:published_time\" content=\"2020-12-21T11:59:25+00:00\" \/>\n<meta property=\"og:image\" content=\"https:\/\/expoflamenco.com\/archivo\/wp-content\/uploads\/2020\/12\/expoflamenco-cartel-pasarela-moda-we-love-flamenco-2020.jpg\" \/>\n\t<meta property=\"og:image:width\" content=\"1300\" \/>\n\t<meta property=\"og:image:height\" content=\"800\" \/>\n\t<meta property=\"og:image:type\" content=\"image\/jpeg\" \/>\n<meta name=\"author\" content=\"Expoflamenco\" \/>\n<meta name=\"twitter:card\" content=\"summary_large_image\" \/>\n<meta name=\"twitter:creator\" content=\"@expoflamenco1\" \/>\n<meta name=\"twitter:site\" content=\"@expoflamenco1\" \/>\n<meta name=\"twitter:label1\" content=\"Escrito por\" \/>\n\t<meta name=\"twitter:data1\" content=\"Expoflamenco\" \/>\n\t<meta name=\"twitter:label2\" content=\"Tiempo de lectura\" \/>\n\t<meta name=\"twitter:data2\" content=\"4 minutos\" \/>\n<script type=\"application\/ld+json\" class=\"yoast-schema-graph\">{\"@context\":\"https:\\\/\\\/schema.org\",\"@graph\":[{\"@type\":\"Article\",\"@id\":\"https:\\\/\\\/expoflamenco.com\\\/archivo\\\/actualidad\\\/desfiles-virtuales-en-we-love-flamenco-2021\\\/#article\",\"isPartOf\":{\"@id\":\"https:\\\/\\\/expoflamenco.com\\\/archivo\\\/actualidad\\\/desfiles-virtuales-en-we-love-flamenco-2021\\\/\"},\"author\":{\"name\":\"Expoflamenco\",\"@id\":\"https:\\\/\\\/expoflamenco.com\\\/archivo\\\/#\\\/schema\\\/person\\\/41b6521f4897a6811872f1e2a0554083\"},\"headline\":\"Desfiles virtuales en We Love Flamenco 2021\",\"datePublished\":\"2020-12-21T11:59:25+00:00\",\"mainEntityOfPage\":{\"@id\":\"https:\\\/\\\/expoflamenco.com\\\/archivo\\\/actualidad\\\/desfiles-virtuales-en-we-love-flamenco-2021\\\/\"},\"wordCount\":855,\"commentCount\":0,\"publisher\":{\"@id\":\"https:\\\/\\\/expoflamenco.com\\\/archivo\\\/#organization\"},\"image\":{\"@id\":\"https:\\\/\\\/expoflamenco.com\\\/archivo\\\/actualidad\\\/desfiles-virtuales-en-we-love-flamenco-2021\\\/#primaryimage\"},\"thumbnailUrl\":\"https:\\\/\\\/expoflamenco.com\\\/archivo\\\/wp-content\\\/uploads\\\/2020\\\/12\\\/expoflamenco-cartel-pasarela-moda-we-love-flamenco-2020.jpg\",\"keywords\":[\"flamenco\",\"Hotel Alfonso XIII\",\"pasarela de moda\",\"Sevilla\",\"We Love Flamenco\"],\"articleSection\":[\"Actualidad flamenca\"],\"inLanguage\":\"es\",\"potentialAction\":[{\"@type\":\"CommentAction\",\"name\":\"Comment\",\"target\":[\"https:\\\/\\\/expoflamenco.com\\\/archivo\\\/actualidad\\\/desfiles-virtuales-en-we-love-flamenco-2021\\\/#respond\"]}]},{\"@type\":\"WebPage\",\"@id\":\"https:\\\/\\\/expoflamenco.com\\\/archivo\\\/actualidad\\\/desfiles-virtuales-en-we-love-flamenco-2021\\\/\",\"url\":\"https:\\\/\\\/expoflamenco.com\\\/archivo\\\/actualidad\\\/desfiles-virtuales-en-we-love-flamenco-2021\\\/\",\"name\":\"Desfiles virtuales en We Love Flamenco 2021 - Archivo Expoflamenco\",\"isPartOf\":{\"@id\":\"https:\\\/\\\/expoflamenco.com\\\/archivo\\\/#website\"},\"primaryImageOfPage\":{\"@id\":\"https:\\\/\\\/expoflamenco.com\\\/archivo\\\/actualidad\\\/desfiles-virtuales-en-we-love-flamenco-2021\\\/#primaryimage\"},\"image\":{\"@id\":\"https:\\\/\\\/expoflamenco.com\\\/archivo\\\/actualidad\\\/desfiles-virtuales-en-we-love-flamenco-2021\\\/#primaryimage\"},\"thumbnailUrl\":\"https:\\\/\\\/expoflamenco.com\\\/archivo\\\/wp-content\\\/uploads\\\/2020\\\/12\\\/expoflamenco-cartel-pasarela-moda-we-love-flamenco-2020.jpg\",\"datePublished\":\"2020-12-21T11:59:25+00:00\",\"breadcrumb\":{\"@id\":\"https:\\\/\\\/expoflamenco.com\\\/archivo\\\/actualidad\\\/desfiles-virtuales-en-we-love-flamenco-2021\\\/#breadcrumb\"},\"inLanguage\":\"es\",\"potentialAction\":[{\"@type\":\"ReadAction\",\"target\":[\"https:\\\/\\\/expoflamenco.com\\\/archivo\\\/actualidad\\\/desfiles-virtuales-en-we-love-flamenco-2021\\\/\"]}]},{\"@type\":\"ImageObject\",\"inLanguage\":\"es\",\"@id\":\"https:\\\/\\\/expoflamenco.com\\\/archivo\\\/actualidad\\\/desfiles-virtuales-en-we-love-flamenco-2021\\\/#primaryimage\",\"url\":\"https:\\\/\\\/expoflamenco.com\\\/archivo\\\/wp-content\\\/uploads\\\/2020\\\/12\\\/expoflamenco-cartel-pasarela-moda-we-love-flamenco-2020.jpg\",\"contentUrl\":\"https:\\\/\\\/expoflamenco.com\\\/archivo\\\/wp-content\\\/uploads\\\/2020\\\/12\\\/expoflamenco-cartel-pasarela-moda-we-love-flamenco-2020.jpg\",\"width\":1300,\"height\":800},{\"@type\":\"BreadcrumbList\",\"@id\":\"https:\\\/\\\/expoflamenco.com\\\/archivo\\\/actualidad\\\/desfiles-virtuales-en-we-love-flamenco-2021\\\/#breadcrumb\",\"itemListElement\":[{\"@type\":\"ListItem\",\"position\":1,\"name\":\"Inicio\",\"item\":\"https:\\\/\\\/expoflamenco.com\\\/archivo\\\/\"},{\"@type\":\"ListItem\",\"position\":2,\"name\":\"Desfiles virtuales en We Love Flamenco 2021\"}]},{\"@type\":\"WebSite\",\"@id\":\"https:\\\/\\\/expoflamenco.com\\\/archivo\\\/#website\",\"url\":\"https:\\\/\\\/expoflamenco.com\\\/archivo\\\/\",\"name\":\"Archivo Expoflamenco\",\"description\":\"Portal de arte flamenco: noticias, entrevistas, blogs, cr\u00edticas, investigaci\u00f3n\",\"publisher\":{\"@id\":\"https:\\\/\\\/expoflamenco.com\\\/archivo\\\/#organization\"},\"potentialAction\":[{\"@type\":\"SearchAction\",\"target\":{\"@type\":\"EntryPoint\",\"urlTemplate\":\"https:\\\/\\\/expoflamenco.com\\\/archivo\\\/?s={search_term_string}\"},\"query-input\":{\"@type\":\"PropertyValueSpecification\",\"valueRequired\":true,\"valueName\":\"search_term_string\"}}],\"inLanguage\":\"es\"},{\"@type\":\"Organization\",\"@id\":\"https:\\\/\\\/expoflamenco.com\\\/archivo\\\/#organization\",\"name\":\"Expoflamenco\",\"url\":\"https:\\\/\\\/expoflamenco.com\\\/archivo\\\/\",\"logo\":{\"@type\":\"ImageObject\",\"inLanguage\":\"es\",\"@id\":\"https:\\\/\\\/expoflamenco.com\\\/archivo\\\/#\\\/schema\\\/logo\\\/image\\\/\",\"url\":\"https:\\\/\\\/www.expoflamenco.com\\\/archivo\\\/wp-content\\\/uploads\\\/2022\\\/11\\\/banner-cabecera-mobile.jpg\",\"contentUrl\":\"https:\\\/\\\/www.expoflamenco.com\\\/archivo\\\/wp-content\\\/uploads\\\/2022\\\/11\\\/banner-cabecera-mobile.jpg\",\"width\":299,\"height\":75,\"caption\":\"Expoflamenco\"},\"image\":{\"@id\":\"https:\\\/\\\/expoflamenco.com\\\/archivo\\\/#\\\/schema\\\/logo\\\/image\\\/\"},\"sameAs\":[\"https:\\\/\\\/www.facebook.com\\\/ExpoFlamenco\",\"https:\\\/\\\/x.com\\\/expoflamenco1\",\"https:\\\/\\\/www.instagram.com\\\/expoflamenco\\\/\",\"https:\\\/\\\/www.youtube.com\\\/expoflamenco\"]},{\"@type\":\"Person\",\"@id\":\"https:\\\/\\\/expoflamenco.com\\\/archivo\\\/#\\\/schema\\\/person\\\/41b6521f4897a6811872f1e2a0554083\",\"name\":\"Expoflamenco\",\"image\":{\"@type\":\"ImageObject\",\"inLanguage\":\"es\",\"@id\":\"https:\\\/\\\/secure.gravatar.com\\\/avatar\\\/9d843cd005fbb7439019d77d9d525d9a5177f873994fbb60a14dab6df3a60f72?s=96&r=g\",\"url\":\"https:\\\/\\\/secure.gravatar.com\\\/avatar\\\/9d843cd005fbb7439019d77d9d525d9a5177f873994fbb60a14dab6df3a60f72?s=96&r=g\",\"contentUrl\":\"https:\\\/\\\/secure.gravatar.com\\\/avatar\\\/9d843cd005fbb7439019d77d9d525d9a5177f873994fbb60a14dab6df3a60f72?s=96&r=g\",\"caption\":\"Expoflamenco\"},\"description\":\"Portal global de arte flamenco. El conocimiento y la pasi\u00f3n. La jondura y la pena. El pellizco y la fiesta. Patrimonio Cultural de la Humanidad.\",\"sameAs\":[\"http:\\\/\\\/wwww.expoflamenco.com\"],\"url\":\"https:\\\/\\\/expoflamenco.com\\\/archivo\\\/author\\\/expoflamenco\\\/\"}]}<\/script>\n<!-- \/ Yoast SEO plugin. -->","yoast_head_json":{"title":"Desfiles virtuales en We Love Flamenco 2021 - Archivo Expoflamenco","robots":{"index":"index","follow":"follow","max-snippet":"max-snippet:-1","max-image-preview":"max-image-preview:large","max-video-preview":"max-video-preview:-1"},"canonical":"https:\/\/expoflamenco.com\/archivo\/actualidad\/desfiles-virtuales-en-we-love-flamenco-2021\/","og_locale":"es_ES","og_type":"article","og_title":"Desfiles virtuales en We Love Flamenco 2021 - Archivo Expoflamenco","og_description":"La novena edici\u00f3n de la pasarela de moda We Love Flamenco se celebra del 12 al 17 de enero en el Hotel Alfonso XIII (Sevilla) y se podr\u00e1 seguir online a trav\u00e9s de YouTube.","og_url":"https:\/\/expoflamenco.com\/archivo\/actualidad\/desfiles-virtuales-en-we-love-flamenco-2021\/","og_site_name":"Archivo Expoflamenco","article_publisher":"https:\/\/www.facebook.com\/ExpoFlamenco","article_published_time":"2020-12-21T11:59:25+00:00","og_image":[{"width":1300,"height":800,"url":"https:\/\/expoflamenco.com\/archivo\/wp-content\/uploads\/2020\/12\/expoflamenco-cartel-pasarela-moda-we-love-flamenco-2020.jpg","type":"image\/jpeg"}],"author":"Expoflamenco","twitter_card":"summary_large_image","twitter_creator":"@expoflamenco1","twitter_site":"@expoflamenco1","twitter_misc":{"Escrito por":"Expoflamenco","Tiempo de lectura":"4 minutos"},"schema":{"@context":"https:\/\/schema.org","@graph":[{"@type":"Article","@id":"https:\/\/expoflamenco.com\/archivo\/actualidad\/desfiles-virtuales-en-we-love-flamenco-2021\/#article","isPartOf":{"@id":"https:\/\/expoflamenco.com\/archivo\/actualidad\/desfiles-virtuales-en-we-love-flamenco-2021\/"},"author":{"name":"Expoflamenco","@id":"https:\/\/expoflamenco.com\/archivo\/#\/schema\/person\/41b6521f4897a6811872f1e2a0554083"},"headline":"Desfiles virtuales en We Love Flamenco 2021","datePublished":"2020-12-21T11:59:25+00:00","mainEntityOfPage":{"@id":"https:\/\/expoflamenco.com\/archivo\/actualidad\/desfiles-virtuales-en-we-love-flamenco-2021\/"},"wordCount":855,"commentCount":0,"publisher":{"@id":"https:\/\/expoflamenco.com\/archivo\/#organization"},"image":{"@id":"https:\/\/expoflamenco.com\/archivo\/actualidad\/desfiles-virtuales-en-we-love-flamenco-2021\/#primaryimage"},"thumbnailUrl":"https:\/\/expoflamenco.com\/archivo\/wp-content\/uploads\/2020\/12\/expoflamenco-cartel-pasarela-moda-we-love-flamenco-2020.jpg","keywords":["flamenco","Hotel Alfonso XIII","pasarela de moda","Sevilla","We Love Flamenco"],"articleSection":["Actualidad flamenca"],"inLanguage":"es","potentialAction":[{"@type":"CommentAction","name":"Comment","target":["https:\/\/expoflamenco.com\/archivo\/actualidad\/desfiles-virtuales-en-we-love-flamenco-2021\/#respond"]}]},{"@type":"WebPage","@id":"https:\/\/expoflamenco.com\/archivo\/actualidad\/desfiles-virtuales-en-we-love-flamenco-2021\/","url":"https:\/\/expoflamenco.com\/archivo\/actualidad\/desfiles-virtuales-en-we-love-flamenco-2021\/","name":"Desfiles virtuales en We Love Flamenco 2021 - Archivo Expoflamenco","isPartOf":{"@id":"https:\/\/expoflamenco.com\/archivo\/#website"},"primaryImageOfPage":{"@id":"https:\/\/expoflamenco.com\/archivo\/actualidad\/desfiles-virtuales-en-we-love-flamenco-2021\/#primaryimage"},"image":{"@id":"https:\/\/expoflamenco.com\/archivo\/actualidad\/desfiles-virtuales-en-we-love-flamenco-2021\/#primaryimage"},"thumbnailUrl":"https:\/\/expoflamenco.com\/archivo\/wp-content\/uploads\/2020\/12\/expoflamenco-cartel-pasarela-moda-we-love-flamenco-2020.jpg","datePublished":"2020-12-21T11:59:25+00:00","breadcrumb":{"@id":"https:\/\/expoflamenco.com\/archivo\/actualidad\/desfiles-virtuales-en-we-love-flamenco-2021\/#breadcrumb"},"inLanguage":"es","potentialAction":[{"@type":"ReadAction","target":["https:\/\/expoflamenco.com\/archivo\/actualidad\/desfiles-virtuales-en-we-love-flamenco-2021\/"]}]},{"@type":"ImageObject","inLanguage":"es","@id":"https:\/\/expoflamenco.com\/archivo\/actualidad\/desfiles-virtuales-en-we-love-flamenco-2021\/#primaryimage","url":"https:\/\/expoflamenco.com\/archivo\/wp-content\/uploads\/2020\/12\/expoflamenco-cartel-pasarela-moda-we-love-flamenco-2020.jpg","contentUrl":"https:\/\/expoflamenco.com\/archivo\/wp-content\/uploads\/2020\/12\/expoflamenco-cartel-pasarela-moda-we-love-flamenco-2020.jpg","width":1300,"height":800},{"@type":"BreadcrumbList","@id":"https:\/\/expoflamenco.com\/archivo\/actualidad\/desfiles-virtuales-en-we-love-flamenco-2021\/#breadcrumb","itemListElement":[{"@type":"ListItem","position":1,"name":"Inicio","item":"https:\/\/expoflamenco.com\/archivo\/"},{"@type":"ListItem","position":2,"name":"Desfiles virtuales en We Love Flamenco 2021"}]},{"@type":"WebSite","@id":"https:\/\/expoflamenco.com\/archivo\/#website","url":"https:\/\/expoflamenco.com\/archivo\/","name":"Archivo Expoflamenco","description":"Portal de arte flamenco: noticias, entrevistas, blogs, cr\u00edticas, investigaci\u00f3n","publisher":{"@id":"https:\/\/expoflamenco.com\/archivo\/#organization"},"potentialAction":[{"@type":"SearchAction","target":{"@type":"EntryPoint","urlTemplate":"https:\/\/expoflamenco.com\/archivo\/?s={search_term_string}"},"query-input":{"@type":"PropertyValueSpecification","valueRequired":true,"valueName":"search_term_string"}}],"inLanguage":"es"},{"@type":"Organization","@id":"https:\/\/expoflamenco.com\/archivo\/#organization","name":"Expoflamenco","url":"https:\/\/expoflamenco.com\/archivo\/","logo":{"@type":"ImageObject","inLanguage":"es","@id":"https:\/\/expoflamenco.com\/archivo\/#\/schema\/logo\/image\/","url":"https:\/\/www.expoflamenco.com\/archivo\/wp-content\/uploads\/2022\/11\/banner-cabecera-mobile.jpg","contentUrl":"https:\/\/www.expoflamenco.com\/archivo\/wp-content\/uploads\/2022\/11\/banner-cabecera-mobile.jpg","width":299,"height":75,"caption":"Expoflamenco"},"image":{"@id":"https:\/\/expoflamenco.com\/archivo\/#\/schema\/logo\/image\/"},"sameAs":["https:\/\/www.facebook.com\/ExpoFlamenco","https:\/\/x.com\/expoflamenco1","https:\/\/www.instagram.com\/expoflamenco\/","https:\/\/www.youtube.com\/expoflamenco"]},{"@type":"Person","@id":"https:\/\/expoflamenco.com\/archivo\/#\/schema\/person\/41b6521f4897a6811872f1e2a0554083","name":"Expoflamenco","image":{"@type":"ImageObject","inLanguage":"es","@id":"https:\/\/secure.gravatar.com\/avatar\/9d843cd005fbb7439019d77d9d525d9a5177f873994fbb60a14dab6df3a60f72?s=96&r=g","url":"https:\/\/secure.gravatar.com\/avatar\/9d843cd005fbb7439019d77d9d525d9a5177f873994fbb60a14dab6df3a60f72?s=96&r=g","contentUrl":"https:\/\/secure.gravatar.com\/avatar\/9d843cd005fbb7439019d77d9d525d9a5177f873994fbb60a14dab6df3a60f72?s=96&r=g","caption":"Expoflamenco"},"description":"Portal global de arte flamenco. El conocimiento y la pasi\u00f3n. La jondura y la pena. El pellizco y la fiesta. Patrimonio Cultural de la Humanidad.","sameAs":["http:\/\/wwww.expoflamenco.com"],"url":"https:\/\/expoflamenco.com\/archivo\/author\/expoflamenco\/"}]}},"_links":{"self":[{"href":"https:\/\/expoflamenco.com\/archivo\/wp-json\/wp\/v2\/posts\/23777","targetHints":{"allow":["GET"]}}],"collection":[{"href":"https:\/\/expoflamenco.com\/archivo\/wp-json\/wp\/v2\/posts"}],"about":[{"href":"https:\/\/expoflamenco.com\/archivo\/wp-json\/wp\/v2\/types\/post"}],"author":[{"embeddable":true,"href":"https:\/\/expoflamenco.com\/archivo\/wp-json\/wp\/v2\/users\/4"}],"replies":[{"embeddable":true,"href":"https:\/\/expoflamenco.com\/archivo\/wp-json\/wp\/v2\/comments?post=23777"}],"version-history":[{"count":1,"href":"https:\/\/expoflamenco.com\/archivo\/wp-json\/wp\/v2\/posts\/23777\/revisions"}],"predecessor-version":[{"id":23782,"href":"https:\/\/expoflamenco.com\/archivo\/wp-json\/wp\/v2\/posts\/23777\/revisions\/23782"}],"wp:featuredmedia":[{"embeddable":true,"href":"https:\/\/expoflamenco.com\/archivo\/wp-json\/wp\/v2\/media\/23780"}],"wp:attachment":[{"href":"https:\/\/expoflamenco.com\/archivo\/wp-json\/wp\/v2\/media?parent=23777"}],"wp:term":[{"taxonomy":"category","embeddable":true,"href":"https:\/\/expoflamenco.com\/archivo\/wp-json\/wp\/v2\/categories?post=23777"},{"taxonomy":"post_tag","embeddable":true,"href":"https:\/\/expoflamenco.com\/archivo\/wp-json\/wp\/v2\/tags?post=23777"}],"curies":[{"name":"wp","href":"https:\/\/api.w.org\/{rel}","templated":true}]}}