{"id":22778,"date":"2020-10-31T12:21:17","date_gmt":"2020-10-31T11:21:17","guid":{"rendered":"https:\/\/www.expoflamenco.com\/archivo\/?p=22778"},"modified":"2020-10-31T12:21:17","modified_gmt":"2020-10-31T11:21:17","slug":"union-flamenca-lamenta-la-ausencia-del-giraldillo-al-toque-en-la-bienal","status":"publish","type":"post","link":"https:\/\/expoflamenco.com\/archivo\/actualidad\/union-flamenca-lamenta-la-ausencia-del-giraldillo-al-toque-en-la-bienal\/","title":{"rendered":"Uni\u00f3n Flamenca lamenta la ausencia del Giraldillo al Toque en La Bienal"},"content":{"rendered":"<div class=\"page\" title=\"Page 1\">\n<div class=\"layoutArea\">\n<div class=\"column\">\n<p>Despue\u0301s de recibir numerosas quejas no solo por parte de sus socios, sino de muchos artistas profesionales del flamenco, <a href=\"https:\/\/unionflamenca.org\/\" target=\"_blank\" rel=\"noopener noreferrer\">Unio\u0301n Flamenca<\/a> ha publicado en su web el texto <strong><em>Giraldillo al extravi\u0301o<\/em><\/strong>, en el que lamentan que este an\u0303o el premio concedido por la <a href=\"http:\/\/www.labienal.com\/\" target=\"_blank\" rel=\"noopener noreferrer\">Bienal de Flamenco<\/a> al mejor guitarrista haya quedado desierto.<\/p>\n<p>El texto ha sido elaborado por uno de los socios fundadores de Unio\u0301n Flamenca, el guitarrista <strong>Juan Carlos Romero,<\/strong> y ha sido firmado por 31 guitarristas ma\u0301s: Manolo Sanlu\u0301car, Tomatito, Vi\u0301ctor Monje &#8216;Serranito&#8217;, Juan Manuel Can\u0303izares, Jose\u0301 Antonio Rodri\u0301guez, Manolo Franco, Nin\u0303o de Pura, Antonio Rey, Diego del Morao, Paco Jarana, Salvador Gutie\u0301rrez, Salvador Patino, Manuel de la Luz, Dani de Moro\u0301n, Jose\u0301 Mari\u0301a Bandera, Ricardo Moreno, Jose\u0301 Quevedo &#8216;Bolita&#8217;, Jose\u0301 Carlos Go\u0301mez, Curro de Mari\u0301a, Jose\u0301 del Tomate, Paco Cruz, Jose Luis Lastre, Juan Go\u0301mez Gorjo\u0301n &#8216;Chicuelo&#8217;, Juan Campallo, Gaspar Rodri\u0301guez, Roman, Francisco Vinuesa, Jos\u00e9 Naranjo Ferna\u0301ndez, Andre\u0301s Cansino Pozo, Agusti\u0301n Carbonell &#8216;Bola&#8217;, Carlos Haro Sanchez y Jose Antonio Conejo &#8216;Nin\u0303o Chaparro&#8217;.<\/p>\n<p>Unio\u0301n Flamenca ha expuesto las reflexiones que Romero plantea en su escrito como \u201cla desilusio\u0301n y el menosprecio causados a los guitarristas que este an\u0303o han participado y a los que, no habiendo estado, tambie\u0301n han sentido como propio\u201d. Adema\u0301s, critica el \u201cninguneo\u201d practicado por el festival sin entender las razones que lo han llevado a tomar tal decisio\u0301n.<\/p>\n<p>Por u\u0301ltimo, Unio\u0301n Flamenca ha invitado al resto de \u201cartistas del flamenco, sean o no guitarristas\u201d, a sumarse a este escrito mediante un correo a info@unionfamenca.org.<\/p>\n<\/div>\n<p>&nbsp;<\/p>\n<h2>Giraldillo al extrav\u00edo<\/h2>\n<p><em>En la \u00faltima edici\u00f3n de la Bienal de Flamenco de Sevilla nos hemos encontrado con una ins\u00f3lita noticia: quedaba sin su tradicional galard\u00f3n la guitarra flamenca de concierto, el conocido como Giraldillo al Toque, resultando reconocidas y valoradas las dem\u00e1s especialidades. \u00bfPor qu\u00e9? No acertamos a encontrar una respuesta coherente a esta abrupta supresi\u00f3n que no desemboque en la insensibilidad, la torpeza, la arrogancia o la modorra, vaya usted a saber. Lo que s\u00ed sabemos es la desilusi\u00f3n y el menosprecio causados a los guitarristas que este a\u00f1o han participado y a los que no habiendo estado tambi\u00e9n han sentido como propio.<\/em><\/p>\n<p><em>Hay que hacer un esfuerzo de contenci\u00f3n para que la indignaci\u00f3n no se desborde y una queja absolutamente justa pueda quedar manchada por alg\u00fan exceso verbal. Pero hay que decir con total sinceridad que causa sonrojo y un cierto desasosiego tener que recordar a toda una Bienal de Sevilla el caudal de riqueza art\u00edstica que la guitarra, los guitarristas, han aportado hist\u00f3ricamente al flamenco. Ellos fueron sus arquitectos principales, los responsables fundamentales de su crecimiento y consolidaci\u00f3n. Fueron ellos los que conformaron los estilos, las armonizaron, establecieron las tonalidades, los ritmos, introdujeron el orden y la disciplina musical.<\/em><\/p>\n<p><em>Ha costado muchos a\u00f1os y humillaciones, talento e ingenio desde aquellos legendarios maestros hasta nuestros d\u00edas para ser reconocidos en todo el mundo como concertistas a la altura de los m\u00e1s grandes solistas de cualquier g\u00e9nero y ahora nos llega la Bienal de Sevilla y los margina de sus reconocimientos ninguneando su participaci\u00f3n en el evento y silenciando el valor de su trabajo. \u00bfAlguien entiende este enojoso y lamentable episodio?<\/em><\/p>\n<p><em>Cuerpo a tierra, que vienen los nuestros.<\/em><\/p>\n<p>&nbsp;<\/p>\n<div class=\"column\">\n<p>&nbsp;<\/p>\n<\/div>\n<\/div>\n<\/div>\n","protected":false},"excerpt":{"rendered":"<p>La asociaci\u00f3n de artistas profesionales del flamenco ha recogido el malestar de muchos de sus socios, que critican que en esta edici\u00f3n este premio haya quedado desierto. Uni\u00f3n Flamenca ha publicado el documento &#8216;Giraldillo al extrav\u00edo&#8217;, que han firmado m\u00e1s de treinta guitarristas.<\/p>\n","protected":false},"author":4,"featured_media":22779,"comment_status":"open","ping_status":"open","sticky":false,"template":"","format":"standard","meta":{"ngg_post_thumbnail":0,"footnotes":""},"categories":[55],"tags":[76,3077,3078,153,2540],"class_list":["post-22778","post","type-post","status-publish","format-standard","has-post-thumbnail","hentry","category-actualidad","tag-flamenco","tag-giraldillo-al-extravio","tag-giraldillo-al-toque","tag-sevilla","tag-union-flamenca"],"yoast_head":"<!-- This site is optimized with the Yoast SEO plugin v27.4 - https:\/\/yoast.com\/product\/yoast-seo-wordpress\/ -->\n<title>Uni\u00f3n Flamenca lamenta la ausencia del Giraldillo al Toque en La Bienal - Archivo Expoflamenco<\/title>\n<meta name=\"description\" content=\"Uni\u00f3n Flamenca ha publicado el documento &#039;Giraldillo al extrav\u00edo&#039;, que han firmado m\u00e1s de treinta guitarristas.\" \/>\n<meta name=\"robots\" content=\"index, follow, max-snippet:-1, max-image-preview:large, max-video-preview:-1\" \/>\n<link rel=\"canonical\" href=\"https:\/\/expoflamenco.com\/archivo\/actualidad\/union-flamenca-lamenta-la-ausencia-del-giraldillo-al-toque-en-la-bienal\/\" \/>\n<meta property=\"og:locale\" content=\"es_ES\" \/>\n<meta property=\"og:type\" content=\"article\" \/>\n<meta property=\"og:title\" content=\"Uni\u00f3n Flamenca lamenta la ausencia del Giraldillo al Toque en La Bienal - Archivo Expoflamenco\" \/>\n<meta property=\"og:description\" content=\"Uni\u00f3n Flamenca ha publicado el documento &#039;Giraldillo al extrav\u00edo&#039;, que han firmado m\u00e1s de treinta guitarristas.\" \/>\n<meta property=\"og:url\" content=\"https:\/\/expoflamenco.com\/archivo\/actualidad\/union-flamenca-lamenta-la-ausencia-del-giraldillo-al-toque-en-la-bienal\/\" \/>\n<meta property=\"og:site_name\" content=\"Archivo Expoflamenco\" \/>\n<meta property=\"article:publisher\" content=\"https:\/\/www.facebook.com\/ExpoFlamenco\" \/>\n<meta property=\"article:published_time\" content=\"2020-10-31T11:21:17+00:00\" \/>\n<meta property=\"og:image\" content=\"https:\/\/expoflamenco.com\/archivo\/wp-content\/uploads\/2020\/10\/expoflamenco-giraldillo-al-toque-bienal-2020-union-flamenca.jpg\" \/>\n\t<meta property=\"og:image:width\" content=\"1300\" \/>\n\t<meta property=\"og:image:height\" content=\"800\" \/>\n\t<meta property=\"og:image:type\" content=\"image\/jpeg\" \/>\n<meta name=\"author\" content=\"Expoflamenco\" \/>\n<meta name=\"twitter:card\" content=\"summary_large_image\" \/>\n<meta name=\"twitter:creator\" content=\"@expoflamenco1\" \/>\n<meta name=\"twitter:site\" content=\"@expoflamenco1\" \/>\n<meta name=\"twitter:label1\" content=\"Escrito por\" \/>\n\t<meta name=\"twitter:data1\" content=\"Expoflamenco\" \/>\n\t<meta name=\"twitter:label2\" content=\"Tiempo de lectura\" \/>\n\t<meta name=\"twitter:data2\" content=\"3 minutos\" \/>\n<script type=\"application\/ld+json\" class=\"yoast-schema-graph\">{\"@context\":\"https:\\\/\\\/schema.org\",\"@graph\":[{\"@type\":\"Article\",\"@id\":\"https:\\\/\\\/expoflamenco.com\\\/archivo\\\/actualidad\\\/union-flamenca-lamenta-la-ausencia-del-giraldillo-al-toque-en-la-bienal\\\/#article\",\"isPartOf\":{\"@id\":\"https:\\\/\\\/expoflamenco.com\\\/archivo\\\/actualidad\\\/union-flamenca-lamenta-la-ausencia-del-giraldillo-al-toque-en-la-bienal\\\/\"},\"author\":{\"name\":\"Expoflamenco\",\"@id\":\"https:\\\/\\\/expoflamenco.com\\\/archivo\\\/#\\\/schema\\\/person\\\/41b6521f4897a6811872f1e2a0554083\"},\"headline\":\"Uni\u00f3n Flamenca lamenta la ausencia del Giraldillo al Toque en La Bienal\",\"datePublished\":\"2020-10-31T11:21:17+00:00\",\"mainEntityOfPage\":{\"@id\":\"https:\\\/\\\/expoflamenco.com\\\/archivo\\\/actualidad\\\/union-flamenca-lamenta-la-ausencia-del-giraldillo-al-toque-en-la-bienal\\\/\"},\"wordCount\":598,\"commentCount\":0,\"publisher\":{\"@id\":\"https:\\\/\\\/expoflamenco.com\\\/archivo\\\/#organization\"},\"image\":{\"@id\":\"https:\\\/\\\/expoflamenco.com\\\/archivo\\\/actualidad\\\/union-flamenca-lamenta-la-ausencia-del-giraldillo-al-toque-en-la-bienal\\\/#primaryimage\"},\"thumbnailUrl\":\"https:\\\/\\\/expoflamenco.com\\\/archivo\\\/wp-content\\\/uploads\\\/2020\\\/10\\\/expoflamenco-giraldillo-al-toque-bienal-2020-union-flamenca.jpg\",\"keywords\":[\"flamenco\",\"Giraldillo al extrav\u00edo\",\"Giraldillo al toque\",\"Sevilla\",\"Uni\u00f3n Flamenca\"],\"articleSection\":[\"Actualidad flamenca\"],\"inLanguage\":\"es\",\"potentialAction\":[{\"@type\":\"CommentAction\",\"name\":\"Comment\",\"target\":[\"https:\\\/\\\/expoflamenco.com\\\/archivo\\\/actualidad\\\/union-flamenca-lamenta-la-ausencia-del-giraldillo-al-toque-en-la-bienal\\\/#respond\"]}]},{\"@type\":\"WebPage\",\"@id\":\"https:\\\/\\\/expoflamenco.com\\\/archivo\\\/actualidad\\\/union-flamenca-lamenta-la-ausencia-del-giraldillo-al-toque-en-la-bienal\\\/\",\"url\":\"https:\\\/\\\/expoflamenco.com\\\/archivo\\\/actualidad\\\/union-flamenca-lamenta-la-ausencia-del-giraldillo-al-toque-en-la-bienal\\\/\",\"name\":\"Uni\u00f3n Flamenca lamenta la ausencia del Giraldillo al Toque en La Bienal - Archivo Expoflamenco\",\"isPartOf\":{\"@id\":\"https:\\\/\\\/expoflamenco.com\\\/archivo\\\/#website\"},\"primaryImageOfPage\":{\"@id\":\"https:\\\/\\\/expoflamenco.com\\\/archivo\\\/actualidad\\\/union-flamenca-lamenta-la-ausencia-del-giraldillo-al-toque-en-la-bienal\\\/#primaryimage\"},\"image\":{\"@id\":\"https:\\\/\\\/expoflamenco.com\\\/archivo\\\/actualidad\\\/union-flamenca-lamenta-la-ausencia-del-giraldillo-al-toque-en-la-bienal\\\/#primaryimage\"},\"thumbnailUrl\":\"https:\\\/\\\/expoflamenco.com\\\/archivo\\\/wp-content\\\/uploads\\\/2020\\\/10\\\/expoflamenco-giraldillo-al-toque-bienal-2020-union-flamenca.jpg\",\"datePublished\":\"2020-10-31T11:21:17+00:00\",\"description\":\"Uni\u00f3n Flamenca ha publicado el documento 'Giraldillo al extrav\u00edo', que han firmado m\u00e1s de treinta guitarristas.\",\"breadcrumb\":{\"@id\":\"https:\\\/\\\/expoflamenco.com\\\/archivo\\\/actualidad\\\/union-flamenca-lamenta-la-ausencia-del-giraldillo-al-toque-en-la-bienal\\\/#breadcrumb\"},\"inLanguage\":\"es\",\"potentialAction\":[{\"@type\":\"ReadAction\",\"target\":[\"https:\\\/\\\/expoflamenco.com\\\/archivo\\\/actualidad\\\/union-flamenca-lamenta-la-ausencia-del-giraldillo-al-toque-en-la-bienal\\\/\"]}]},{\"@type\":\"ImageObject\",\"inLanguage\":\"es\",\"@id\":\"https:\\\/\\\/expoflamenco.com\\\/archivo\\\/actualidad\\\/union-flamenca-lamenta-la-ausencia-del-giraldillo-al-toque-en-la-bienal\\\/#primaryimage\",\"url\":\"https:\\\/\\\/expoflamenco.com\\\/archivo\\\/wp-content\\\/uploads\\\/2020\\\/10\\\/expoflamenco-giraldillo-al-toque-bienal-2020-union-flamenca.jpg\",\"contentUrl\":\"https:\\\/\\\/expoflamenco.com\\\/archivo\\\/wp-content\\\/uploads\\\/2020\\\/10\\\/expoflamenco-giraldillo-al-toque-bienal-2020-union-flamenca.jpg\",\"width\":1300,\"height\":800},{\"@type\":\"BreadcrumbList\",\"@id\":\"https:\\\/\\\/expoflamenco.com\\\/archivo\\\/actualidad\\\/union-flamenca-lamenta-la-ausencia-del-giraldillo-al-toque-en-la-bienal\\\/#breadcrumb\",\"itemListElement\":[{\"@type\":\"ListItem\",\"position\":1,\"name\":\"Inicio\",\"item\":\"https:\\\/\\\/expoflamenco.com\\\/archivo\\\/\"},{\"@type\":\"ListItem\",\"position\":2,\"name\":\"Uni\u00f3n Flamenca lamenta la ausencia del Giraldillo al Toque en La Bienal\"}]},{\"@type\":\"WebSite\",\"@id\":\"https:\\\/\\\/expoflamenco.com\\\/archivo\\\/#website\",\"url\":\"https:\\\/\\\/expoflamenco.com\\\/archivo\\\/\",\"name\":\"Archivo Expoflamenco\",\"description\":\"Portal de arte flamenco: noticias, entrevistas, blogs, cr\u00edticas, investigaci\u00f3n\",\"publisher\":{\"@id\":\"https:\\\/\\\/expoflamenco.com\\\/archivo\\\/#organization\"},\"potentialAction\":[{\"@type\":\"SearchAction\",\"target\":{\"@type\":\"EntryPoint\",\"urlTemplate\":\"https:\\\/\\\/expoflamenco.com\\\/archivo\\\/?s={search_term_string}\"},\"query-input\":{\"@type\":\"PropertyValueSpecification\",\"valueRequired\":true,\"valueName\":\"search_term_string\"}}],\"inLanguage\":\"es\"},{\"@type\":\"Organization\",\"@id\":\"https:\\\/\\\/expoflamenco.com\\\/archivo\\\/#organization\",\"name\":\"Expoflamenco\",\"url\":\"https:\\\/\\\/expoflamenco.com\\\/archivo\\\/\",\"logo\":{\"@type\":\"ImageObject\",\"inLanguage\":\"es\",\"@id\":\"https:\\\/\\\/expoflamenco.com\\\/archivo\\\/#\\\/schema\\\/logo\\\/image\\\/\",\"url\":\"https:\\\/\\\/www.expoflamenco.com\\\/archivo\\\/wp-content\\\/uploads\\\/2022\\\/11\\\/banner-cabecera-mobile.jpg\",\"contentUrl\":\"https:\\\/\\\/www.expoflamenco.com\\\/archivo\\\/wp-content\\\/uploads\\\/2022\\\/11\\\/banner-cabecera-mobile.jpg\",\"width\":299,\"height\":75,\"caption\":\"Expoflamenco\"},\"image\":{\"@id\":\"https:\\\/\\\/expoflamenco.com\\\/archivo\\\/#\\\/schema\\\/logo\\\/image\\\/\"},\"sameAs\":[\"https:\\\/\\\/www.facebook.com\\\/ExpoFlamenco\",\"https:\\\/\\\/x.com\\\/expoflamenco1\",\"https:\\\/\\\/www.instagram.com\\\/expoflamenco\\\/\",\"https:\\\/\\\/www.youtube.com\\\/expoflamenco\"]},{\"@type\":\"Person\",\"@id\":\"https:\\\/\\\/expoflamenco.com\\\/archivo\\\/#\\\/schema\\\/person\\\/41b6521f4897a6811872f1e2a0554083\",\"name\":\"Expoflamenco\",\"image\":{\"@type\":\"ImageObject\",\"inLanguage\":\"es\",\"@id\":\"https:\\\/\\\/secure.gravatar.com\\\/avatar\\\/9d843cd005fbb7439019d77d9d525d9a5177f873994fbb60a14dab6df3a60f72?s=96&r=g\",\"url\":\"https:\\\/\\\/secure.gravatar.com\\\/avatar\\\/9d843cd005fbb7439019d77d9d525d9a5177f873994fbb60a14dab6df3a60f72?s=96&r=g\",\"contentUrl\":\"https:\\\/\\\/secure.gravatar.com\\\/avatar\\\/9d843cd005fbb7439019d77d9d525d9a5177f873994fbb60a14dab6df3a60f72?s=96&r=g\",\"caption\":\"Expoflamenco\"},\"description\":\"Portal global de arte flamenco. El conocimiento y la pasi\u00f3n. La jondura y la pena. El pellizco y la fiesta. Patrimonio Cultural de la Humanidad.\",\"sameAs\":[\"http:\\\/\\\/wwww.expoflamenco.com\"],\"url\":\"https:\\\/\\\/expoflamenco.com\\\/archivo\\\/author\\\/expoflamenco\\\/\"}]}<\/script>\n<!-- \/ Yoast SEO plugin. -->","yoast_head_json":{"title":"Uni\u00f3n Flamenca lamenta la ausencia del Giraldillo al Toque en La Bienal - Archivo Expoflamenco","description":"Uni\u00f3n Flamenca ha publicado el documento 'Giraldillo al extrav\u00edo', que han firmado m\u00e1s de treinta guitarristas.","robots":{"index":"index","follow":"follow","max-snippet":"max-snippet:-1","max-image-preview":"max-image-preview:large","max-video-preview":"max-video-preview:-1"},"canonical":"https:\/\/expoflamenco.com\/archivo\/actualidad\/union-flamenca-lamenta-la-ausencia-del-giraldillo-al-toque-en-la-bienal\/","og_locale":"es_ES","og_type":"article","og_title":"Uni\u00f3n Flamenca lamenta la ausencia del Giraldillo al Toque en La Bienal - Archivo Expoflamenco","og_description":"Uni\u00f3n Flamenca ha publicado el documento 'Giraldillo al extrav\u00edo', que han firmado m\u00e1s de treinta guitarristas.","og_url":"https:\/\/expoflamenco.com\/archivo\/actualidad\/union-flamenca-lamenta-la-ausencia-del-giraldillo-al-toque-en-la-bienal\/","og_site_name":"Archivo Expoflamenco","article_publisher":"https:\/\/www.facebook.com\/ExpoFlamenco","article_published_time":"2020-10-31T11:21:17+00:00","og_image":[{"width":1300,"height":800,"url":"https:\/\/expoflamenco.com\/archivo\/wp-content\/uploads\/2020\/10\/expoflamenco-giraldillo-al-toque-bienal-2020-union-flamenca.jpg","type":"image\/jpeg"}],"author":"Expoflamenco","twitter_card":"summary_large_image","twitter_creator":"@expoflamenco1","twitter_site":"@expoflamenco1","twitter_misc":{"Escrito por":"Expoflamenco","Tiempo de lectura":"3 minutos"},"schema":{"@context":"https:\/\/schema.org","@graph":[{"@type":"Article","@id":"https:\/\/expoflamenco.com\/archivo\/actualidad\/union-flamenca-lamenta-la-ausencia-del-giraldillo-al-toque-en-la-bienal\/#article","isPartOf":{"@id":"https:\/\/expoflamenco.com\/archivo\/actualidad\/union-flamenca-lamenta-la-ausencia-del-giraldillo-al-toque-en-la-bienal\/"},"author":{"name":"Expoflamenco","@id":"https:\/\/expoflamenco.com\/archivo\/#\/schema\/person\/41b6521f4897a6811872f1e2a0554083"},"headline":"Uni\u00f3n Flamenca lamenta la ausencia del Giraldillo al Toque en La Bienal","datePublished":"2020-10-31T11:21:17+00:00","mainEntityOfPage":{"@id":"https:\/\/expoflamenco.com\/archivo\/actualidad\/union-flamenca-lamenta-la-ausencia-del-giraldillo-al-toque-en-la-bienal\/"},"wordCount":598,"commentCount":0,"publisher":{"@id":"https:\/\/expoflamenco.com\/archivo\/#organization"},"image":{"@id":"https:\/\/expoflamenco.com\/archivo\/actualidad\/union-flamenca-lamenta-la-ausencia-del-giraldillo-al-toque-en-la-bienal\/#primaryimage"},"thumbnailUrl":"https:\/\/expoflamenco.com\/archivo\/wp-content\/uploads\/2020\/10\/expoflamenco-giraldillo-al-toque-bienal-2020-union-flamenca.jpg","keywords":["flamenco","Giraldillo al extrav\u00edo","Giraldillo al toque","Sevilla","Uni\u00f3n Flamenca"],"articleSection":["Actualidad flamenca"],"inLanguage":"es","potentialAction":[{"@type":"CommentAction","name":"Comment","target":["https:\/\/expoflamenco.com\/archivo\/actualidad\/union-flamenca-lamenta-la-ausencia-del-giraldillo-al-toque-en-la-bienal\/#respond"]}]},{"@type":"WebPage","@id":"https:\/\/expoflamenco.com\/archivo\/actualidad\/union-flamenca-lamenta-la-ausencia-del-giraldillo-al-toque-en-la-bienal\/","url":"https:\/\/expoflamenco.com\/archivo\/actualidad\/union-flamenca-lamenta-la-ausencia-del-giraldillo-al-toque-en-la-bienal\/","name":"Uni\u00f3n Flamenca lamenta la ausencia del Giraldillo al Toque en La Bienal - Archivo Expoflamenco","isPartOf":{"@id":"https:\/\/expoflamenco.com\/archivo\/#website"},"primaryImageOfPage":{"@id":"https:\/\/expoflamenco.com\/archivo\/actualidad\/union-flamenca-lamenta-la-ausencia-del-giraldillo-al-toque-en-la-bienal\/#primaryimage"},"image":{"@id":"https:\/\/expoflamenco.com\/archivo\/actualidad\/union-flamenca-lamenta-la-ausencia-del-giraldillo-al-toque-en-la-bienal\/#primaryimage"},"thumbnailUrl":"https:\/\/expoflamenco.com\/archivo\/wp-content\/uploads\/2020\/10\/expoflamenco-giraldillo-al-toque-bienal-2020-union-flamenca.jpg","datePublished":"2020-10-31T11:21:17+00:00","description":"Uni\u00f3n Flamenca ha publicado el documento 'Giraldillo al extrav\u00edo', que han firmado m\u00e1s de treinta guitarristas.","breadcrumb":{"@id":"https:\/\/expoflamenco.com\/archivo\/actualidad\/union-flamenca-lamenta-la-ausencia-del-giraldillo-al-toque-en-la-bienal\/#breadcrumb"},"inLanguage":"es","potentialAction":[{"@type":"ReadAction","target":["https:\/\/expoflamenco.com\/archivo\/actualidad\/union-flamenca-lamenta-la-ausencia-del-giraldillo-al-toque-en-la-bienal\/"]}]},{"@type":"ImageObject","inLanguage":"es","@id":"https:\/\/expoflamenco.com\/archivo\/actualidad\/union-flamenca-lamenta-la-ausencia-del-giraldillo-al-toque-en-la-bienal\/#primaryimage","url":"https:\/\/expoflamenco.com\/archivo\/wp-content\/uploads\/2020\/10\/expoflamenco-giraldillo-al-toque-bienal-2020-union-flamenca.jpg","contentUrl":"https:\/\/expoflamenco.com\/archivo\/wp-content\/uploads\/2020\/10\/expoflamenco-giraldillo-al-toque-bienal-2020-union-flamenca.jpg","width":1300,"height":800},{"@type":"BreadcrumbList","@id":"https:\/\/expoflamenco.com\/archivo\/actualidad\/union-flamenca-lamenta-la-ausencia-del-giraldillo-al-toque-en-la-bienal\/#breadcrumb","itemListElement":[{"@type":"ListItem","position":1,"name":"Inicio","item":"https:\/\/expoflamenco.com\/archivo\/"},{"@type":"ListItem","position":2,"name":"Uni\u00f3n Flamenca lamenta la ausencia del Giraldillo al Toque en La Bienal"}]},{"@type":"WebSite","@id":"https:\/\/expoflamenco.com\/archivo\/#website","url":"https:\/\/expoflamenco.com\/archivo\/","name":"Archivo Expoflamenco","description":"Portal de arte flamenco: noticias, entrevistas, blogs, cr\u00edticas, investigaci\u00f3n","publisher":{"@id":"https:\/\/expoflamenco.com\/archivo\/#organization"},"potentialAction":[{"@type":"SearchAction","target":{"@type":"EntryPoint","urlTemplate":"https:\/\/expoflamenco.com\/archivo\/?s={search_term_string}"},"query-input":{"@type":"PropertyValueSpecification","valueRequired":true,"valueName":"search_term_string"}}],"inLanguage":"es"},{"@type":"Organization","@id":"https:\/\/expoflamenco.com\/archivo\/#organization","name":"Expoflamenco","url":"https:\/\/expoflamenco.com\/archivo\/","logo":{"@type":"ImageObject","inLanguage":"es","@id":"https:\/\/expoflamenco.com\/archivo\/#\/schema\/logo\/image\/","url":"https:\/\/www.expoflamenco.com\/archivo\/wp-content\/uploads\/2022\/11\/banner-cabecera-mobile.jpg","contentUrl":"https:\/\/www.expoflamenco.com\/archivo\/wp-content\/uploads\/2022\/11\/banner-cabecera-mobile.jpg","width":299,"height":75,"caption":"Expoflamenco"},"image":{"@id":"https:\/\/expoflamenco.com\/archivo\/#\/schema\/logo\/image\/"},"sameAs":["https:\/\/www.facebook.com\/ExpoFlamenco","https:\/\/x.com\/expoflamenco1","https:\/\/www.instagram.com\/expoflamenco\/","https:\/\/www.youtube.com\/expoflamenco"]},{"@type":"Person","@id":"https:\/\/expoflamenco.com\/archivo\/#\/schema\/person\/41b6521f4897a6811872f1e2a0554083","name":"Expoflamenco","image":{"@type":"ImageObject","inLanguage":"es","@id":"https:\/\/secure.gravatar.com\/avatar\/9d843cd005fbb7439019d77d9d525d9a5177f873994fbb60a14dab6df3a60f72?s=96&r=g","url":"https:\/\/secure.gravatar.com\/avatar\/9d843cd005fbb7439019d77d9d525d9a5177f873994fbb60a14dab6df3a60f72?s=96&r=g","contentUrl":"https:\/\/secure.gravatar.com\/avatar\/9d843cd005fbb7439019d77d9d525d9a5177f873994fbb60a14dab6df3a60f72?s=96&r=g","caption":"Expoflamenco"},"description":"Portal global de arte flamenco. El conocimiento y la pasi\u00f3n. La jondura y la pena. El pellizco y la fiesta. Patrimonio Cultural de la Humanidad.","sameAs":["http:\/\/wwww.expoflamenco.com"],"url":"https:\/\/expoflamenco.com\/archivo\/author\/expoflamenco\/"}]}},"_links":{"self":[{"href":"https:\/\/expoflamenco.com\/archivo\/wp-json\/wp\/v2\/posts\/22778","targetHints":{"allow":["GET"]}}],"collection":[{"href":"https:\/\/expoflamenco.com\/archivo\/wp-json\/wp\/v2\/posts"}],"about":[{"href":"https:\/\/expoflamenco.com\/archivo\/wp-json\/wp\/v2\/types\/post"}],"author":[{"embeddable":true,"href":"https:\/\/expoflamenco.com\/archivo\/wp-json\/wp\/v2\/users\/4"}],"replies":[{"embeddable":true,"href":"https:\/\/expoflamenco.com\/archivo\/wp-json\/wp\/v2\/comments?post=22778"}],"version-history":[{"count":1,"href":"https:\/\/expoflamenco.com\/archivo\/wp-json\/wp\/v2\/posts\/22778\/revisions"}],"predecessor-version":[{"id":22781,"href":"https:\/\/expoflamenco.com\/archivo\/wp-json\/wp\/v2\/posts\/22778\/revisions\/22781"}],"wp:featuredmedia":[{"embeddable":true,"href":"https:\/\/expoflamenco.com\/archivo\/wp-json\/wp\/v2\/media\/22779"}],"wp:attachment":[{"href":"https:\/\/expoflamenco.com\/archivo\/wp-json\/wp\/v2\/media?parent=22778"}],"wp:term":[{"taxonomy":"category","embeddable":true,"href":"https:\/\/expoflamenco.com\/archivo\/wp-json\/wp\/v2\/categories?post=22778"},{"taxonomy":"post_tag","embeddable":true,"href":"https:\/\/expoflamenco.com\/archivo\/wp-json\/wp\/v2\/tags?post=22778"}],"curies":[{"name":"wp","href":"https:\/\/api.w.org\/{rel}","templated":true}]}}