{"id":22393,"date":"2020-10-15T11:16:28","date_gmt":"2020-10-15T09:16:28","guid":{"rendered":"https:\/\/www.expoflamenco.com\/archivo\/?p=22393"},"modified":"2020-10-15T11:16:28","modified_gmt":"2020-10-15T09:16:28","slug":"reconocimientos-flamencos-en-vida-por-favor","status":"publish","type":"post","link":"https:\/\/expoflamenco.com\/archivo\/bordonazo\/reconocimientos-flamencos-en-vida-por-favor\/","title":{"rendered":"En vida, por favor"},"content":{"rendered":"<p class=\"p1\"><strong>Manuel Herrera<\/strong> ha tenido algunos reconocimientos, aunque pocos para la labor que llev\u00f3 a cabo durante casi toda su vida en favor de nuestro arte. Pero ha muerto y ahora hasta han dicho que fue el padre de la Bienal, cuando se sabe de sobra que fue <strong>Jos\u00e9 Luis Ortiz Nuevo<\/strong>. En todo caso, Herrera fue uno de los padres del festival sevillano porque estaba en la <a href=\"https:\/\/www.sevillafederacionflamenca.com\/\" target=\"_blank\" rel=\"noopener noreferrer\">Federaci\u00f3n Provincial de Sevilla de Entidades Flamencas<\/a> y esta instituci\u00f3n fue vital en el asunto. Yo estaba el d\u00eda en que se fragu\u00f3 todo en <a href=\"http:\/\/www.xn--peaflamencatorresmacarena-9nc.com\/\" target=\"_blank\" rel=\"noopener noreferrer\">Torres Macarena<\/a>, de donde en verdad parti\u00f3 la idea de crear un concurso de cante, el Giraldillo, que compitiera con el de C\u00f3rdoba porque le estaba comiendo el terreno a Sevilla.<\/p>\n<p class=\"p1\">Estaba porque en 1979 era presidente de la <strong>Pe\u00f1a Flamenca Antonio Chac\u00f3n<\/strong> de Palmete, mi barrio. Ten\u00eda solo 21 a\u00f1os, pero andaba ya muy metido en el mundo del flamenco, sobre todo en el de las pe\u00f1as, y fue el presidente de esta pe\u00f1a macarena, <strong>Manuel Centeno Fern\u00e1ndez<\/strong>, quien dio la idea de crear el certamen que luego deriv\u00f3 en lo que hoy es la <a href=\"http:\/\/www.labienal.com\/\" target=\"_blank\" rel=\"noopener noreferrer\">Bienal de Flamenco<\/a> a trav\u00e9s de un patronato del que nadie habla. Nunca voy a decir que fui uno de los padres de la Bienal, porque no ser\u00eda cierto, pero s\u00ed que mi voto sirvi\u00f3 para que se creara.<\/p>\n<p>&nbsp;<\/p>\n<blockquote><p><em>\u00abFue el presidente de la Pe\u00f1a Flamenca Torres Macarena, Manuel Centeno Fern\u00e1ndez, quien dio la idea de crear el certamen que luego deriv\u00f3 en lo que hoy es la Bienal de Flamenco\u00bb<\/em><\/p><\/blockquote>\n<p>&nbsp;<\/p>\n<p class=\"p1\">Es justo reconocer la importancia de las pe\u00f1as en la creaci\u00f3n de la Bienal, y el papel de Manuel Herrera y <strong>Paco Cabrera de la Aurora<\/strong>, entre otros, pero no es justo que se ignore a Ortiz Nuevo de esa manera, ni a don Manuel Centeno. En vez de rendirle un gran homenaje en Sevilla, en la Bienal o fuera de ella, que eso s\u00ed que ser\u00eda justo. Me refiero a Jos\u00e9 Luis Ortiz Nuevo, que ahora vive de nuevo en su pueblo, Archidona (M\u00e1laga), rumiando recuerdos y trabajando por reivindicar el papel de la mujer en el flamenco, como si nunca lo hubiera tenido, cuando a mediados del siglo XIX los productores europeos buscaban a la isle\u00f1a <strong>Mar\u00eda Borrico<\/strong> para que cantara en teatros de Europa.<\/p>\n<p class=\"p1\">\u00bfAlguien le ha agradecido al trianero <strong>Emilio Jim\u00e9nez D\u00edaz<\/strong> la labor que llev\u00f3 a cabo con el flamenco en Sevilla? \u00c9l s\u00ed que fue uno de los dos o tres padres de la Bienal y no le mandan ni una entrada. Y no solo eso, sino que dirigi\u00f3 durante a\u00f1os <strong><i>Sevilla Flamenca<\/i><\/strong> y cre\u00f3 el primer suplemento de flamenco en un peri\u00f3dico, el <strong><i>Correo Flamenco<\/i><\/strong>, en el Correo de Andaluc\u00eda, donde por cierto comenc\u00e9 a escribir sobre este arte en 1984, gracias a \u00e9l.<\/p>\n<p class=\"p1\">\u00bfPor qu\u00e9 no les agradecemos en vida el trabajo que hicieron? \u00bfPor qu\u00e9 se tienen que morir las personas con la pena de no ser reconocidas cuando a\u00fan pueden disfrutar los homenajes? Y no lo digo solo por Manuel Herrera, que ha tenido importantes reconocimientos en vida.<\/p>\n<p>&nbsp;<\/p>\n<h6 style=\"text-align: right;\">Imagen superior: Recital de El Pele, foto de Claudia Ruiz Caro &#8211; Bienal de Flamenco<\/h6>\n<p>&nbsp;<\/p>\n","protected":false},"excerpt":{"rendered":"<p>\u00bfPor qu\u00e9 no les agradecemos en vida el trabajo que hicieron? \u00bfPor qu\u00e9 se tienen que morir las personas con la pena de no ser reconocidas cuando a\u00fan pueden disfrutar los homenajes? Y no lo digo solo por Manuel Herrera Rodas, que ha tenido importantes reconocimientos en vida.<\/p>\n","protected":false},"author":6,"featured_media":21675,"comment_status":"open","ping_status":"open","sticky":false,"template":"","format":"standard","meta":{"ngg_post_thumbnail":0,"footnotes":""},"categories":[122],"tags":[76,3014],"class_list":["post-22393","post","type-post","status-publish","format-standard","has-post-thumbnail","hentry","category-bordonazo","tag-flamenco","tag-manuel-herrera-rodas"],"yoast_head":"<!-- This site is optimized with the Yoast SEO plugin v27.4 - https:\/\/yoast.com\/product\/yoast-seo-wordpress\/ -->\n<title>En vida, por favor - Archivo Expoflamenco<\/title>\n<meta name=\"robots\" content=\"index, follow, max-snippet:-1, max-image-preview:large, max-video-preview:-1\" \/>\n<link rel=\"canonical\" href=\"https:\/\/expoflamenco.com\/archivo\/bordonazo\/reconocimientos-flamencos-en-vida-por-favor\/\" \/>\n<meta property=\"og:locale\" content=\"es_ES\" \/>\n<meta property=\"og:type\" content=\"article\" \/>\n<meta property=\"og:title\" content=\"En vida, por favor - Archivo Expoflamenco\" \/>\n<meta property=\"og:description\" content=\"\u00bfPor qu\u00e9 no les agradecemos en vida el trabajo que hicieron? \u00bfPor qu\u00e9 se tienen que morir las personas con la pena de no ser reconocidas cuando a\u00fan pueden disfrutar los homenajes? Y no lo digo solo por Manuel Herrera Rodas, que ha tenido importantes reconocimientos en vida.\" \/>\n<meta property=\"og:url\" content=\"https:\/\/expoflamenco.com\/archivo\/bordonazo\/reconocimientos-flamencos-en-vida-por-favor\/\" \/>\n<meta property=\"og:site_name\" content=\"Archivo Expoflamenco\" \/>\n<meta property=\"article:publisher\" content=\"https:\/\/www.facebook.com\/ExpoFlamenco\" \/>\n<meta property=\"article:published_time\" content=\"2020-10-15T09:16:28+00:00\" \/>\n<meta property=\"og:image\" content=\"https:\/\/expoflamenco.com\/archivo\/wp-content\/uploads\/2020\/09\/expoflamenco-el-pele-2-bienal-sevilla-2020-teatro-lope-vega-foto-claudia-ruiz-caro.jpg\" \/>\n\t<meta property=\"og:image:width\" content=\"1300\" \/>\n\t<meta property=\"og:image:height\" content=\"800\" \/>\n\t<meta property=\"og:image:type\" content=\"image\/jpeg\" \/>\n<meta name=\"author\" content=\"Manuel Boh\u00f3rquez\" \/>\n<meta name=\"twitter:card\" content=\"summary_large_image\" \/>\n<meta name=\"twitter:creator\" content=\"@expoflamenco1\" \/>\n<meta name=\"twitter:site\" content=\"@expoflamenco1\" \/>\n<meta name=\"twitter:label1\" content=\"Escrito por\" \/>\n\t<meta name=\"twitter:data1\" content=\"Manuel Boh\u00f3rquez\" \/>\n\t<meta name=\"twitter:label2\" content=\"Tiempo de lectura\" \/>\n\t<meta name=\"twitter:data2\" content=\"3 minutos\" \/>\n<script type=\"application\/ld+json\" class=\"yoast-schema-graph\">{\"@context\":\"https:\\\/\\\/schema.org\",\"@graph\":[{\"@type\":\"Article\",\"@id\":\"https:\\\/\\\/expoflamenco.com\\\/archivo\\\/bordonazo\\\/reconocimientos-flamencos-en-vida-por-favor\\\/#article\",\"isPartOf\":{\"@id\":\"https:\\\/\\\/expoflamenco.com\\\/archivo\\\/bordonazo\\\/reconocimientos-flamencos-en-vida-por-favor\\\/\"},\"author\":{\"name\":\"Manuel Boh\u00f3rquez\",\"@id\":\"https:\\\/\\\/expoflamenco.com\\\/archivo\\\/#\\\/schema\\\/person\\\/608d65b2c159f7b5b632f1365c15030f\"},\"headline\":\"En vida, por favor\",\"datePublished\":\"2020-10-15T09:16:28+00:00\",\"mainEntityOfPage\":{\"@id\":\"https:\\\/\\\/expoflamenco.com\\\/archivo\\\/bordonazo\\\/reconocimientos-flamencos-en-vida-por-favor\\\/\"},\"wordCount\":564,\"commentCount\":0,\"publisher\":{\"@id\":\"https:\\\/\\\/expoflamenco.com\\\/archivo\\\/#organization\"},\"image\":{\"@id\":\"https:\\\/\\\/expoflamenco.com\\\/archivo\\\/bordonazo\\\/reconocimientos-flamencos-en-vida-por-favor\\\/#primaryimage\"},\"thumbnailUrl\":\"https:\\\/\\\/expoflamenco.com\\\/archivo\\\/wp-content\\\/uploads\\\/2020\\\/09\\\/expoflamenco-el-pele-2-bienal-sevilla-2020-teatro-lope-vega-foto-claudia-ruiz-caro.jpg\",\"keywords\":[\"flamenco\",\"Manuel Herrera Rodas\"],\"articleSection\":[\"Bordonazo NEW\"],\"inLanguage\":\"es\",\"potentialAction\":[{\"@type\":\"CommentAction\",\"name\":\"Comment\",\"target\":[\"https:\\\/\\\/expoflamenco.com\\\/archivo\\\/bordonazo\\\/reconocimientos-flamencos-en-vida-por-favor\\\/#respond\"]}]},{\"@type\":\"WebPage\",\"@id\":\"https:\\\/\\\/expoflamenco.com\\\/archivo\\\/bordonazo\\\/reconocimientos-flamencos-en-vida-por-favor\\\/\",\"url\":\"https:\\\/\\\/expoflamenco.com\\\/archivo\\\/bordonazo\\\/reconocimientos-flamencos-en-vida-por-favor\\\/\",\"name\":\"En vida, por favor - Archivo Expoflamenco\",\"isPartOf\":{\"@id\":\"https:\\\/\\\/expoflamenco.com\\\/archivo\\\/#website\"},\"primaryImageOfPage\":{\"@id\":\"https:\\\/\\\/expoflamenco.com\\\/archivo\\\/bordonazo\\\/reconocimientos-flamencos-en-vida-por-favor\\\/#primaryimage\"},\"image\":{\"@id\":\"https:\\\/\\\/expoflamenco.com\\\/archivo\\\/bordonazo\\\/reconocimientos-flamencos-en-vida-por-favor\\\/#primaryimage\"},\"thumbnailUrl\":\"https:\\\/\\\/expoflamenco.com\\\/archivo\\\/wp-content\\\/uploads\\\/2020\\\/09\\\/expoflamenco-el-pele-2-bienal-sevilla-2020-teatro-lope-vega-foto-claudia-ruiz-caro.jpg\",\"datePublished\":\"2020-10-15T09:16:28+00:00\",\"breadcrumb\":{\"@id\":\"https:\\\/\\\/expoflamenco.com\\\/archivo\\\/bordonazo\\\/reconocimientos-flamencos-en-vida-por-favor\\\/#breadcrumb\"},\"inLanguage\":\"es\",\"potentialAction\":[{\"@type\":\"ReadAction\",\"target\":[\"https:\\\/\\\/expoflamenco.com\\\/archivo\\\/bordonazo\\\/reconocimientos-flamencos-en-vida-por-favor\\\/\"]}]},{\"@type\":\"ImageObject\",\"inLanguage\":\"es\",\"@id\":\"https:\\\/\\\/expoflamenco.com\\\/archivo\\\/bordonazo\\\/reconocimientos-flamencos-en-vida-por-favor\\\/#primaryimage\",\"url\":\"https:\\\/\\\/expoflamenco.com\\\/archivo\\\/wp-content\\\/uploads\\\/2020\\\/09\\\/expoflamenco-el-pele-2-bienal-sevilla-2020-teatro-lope-vega-foto-claudia-ruiz-caro.jpg\",\"contentUrl\":\"https:\\\/\\\/expoflamenco.com\\\/archivo\\\/wp-content\\\/uploads\\\/2020\\\/09\\\/expoflamenco-el-pele-2-bienal-sevilla-2020-teatro-lope-vega-foto-claudia-ruiz-caro.jpg\",\"width\":1300,\"height\":800,\"caption\":\"El Pele, 'A sangre'. Teatro Lope de Vega. Bienal de Sevilla. Foto: Claudia Ruiz Caro\"},{\"@type\":\"BreadcrumbList\",\"@id\":\"https:\\\/\\\/expoflamenco.com\\\/archivo\\\/bordonazo\\\/reconocimientos-flamencos-en-vida-por-favor\\\/#breadcrumb\",\"itemListElement\":[{\"@type\":\"ListItem\",\"position\":1,\"name\":\"Inicio\",\"item\":\"https:\\\/\\\/expoflamenco.com\\\/archivo\\\/\"},{\"@type\":\"ListItem\",\"position\":2,\"name\":\"En vida, por favor\"}]},{\"@type\":\"WebSite\",\"@id\":\"https:\\\/\\\/expoflamenco.com\\\/archivo\\\/#website\",\"url\":\"https:\\\/\\\/expoflamenco.com\\\/archivo\\\/\",\"name\":\"Archivo Expoflamenco\",\"description\":\"Portal de arte flamenco: noticias, entrevistas, blogs, cr\u00edticas, investigaci\u00f3n\",\"publisher\":{\"@id\":\"https:\\\/\\\/expoflamenco.com\\\/archivo\\\/#organization\"},\"potentialAction\":[{\"@type\":\"SearchAction\",\"target\":{\"@type\":\"EntryPoint\",\"urlTemplate\":\"https:\\\/\\\/expoflamenco.com\\\/archivo\\\/?s={search_term_string}\"},\"query-input\":{\"@type\":\"PropertyValueSpecification\",\"valueRequired\":true,\"valueName\":\"search_term_string\"}}],\"inLanguage\":\"es\"},{\"@type\":\"Organization\",\"@id\":\"https:\\\/\\\/expoflamenco.com\\\/archivo\\\/#organization\",\"name\":\"Expoflamenco\",\"url\":\"https:\\\/\\\/expoflamenco.com\\\/archivo\\\/\",\"logo\":{\"@type\":\"ImageObject\",\"inLanguage\":\"es\",\"@id\":\"https:\\\/\\\/expoflamenco.com\\\/archivo\\\/#\\\/schema\\\/logo\\\/image\\\/\",\"url\":\"https:\\\/\\\/www.expoflamenco.com\\\/archivo\\\/wp-content\\\/uploads\\\/2022\\\/11\\\/banner-cabecera-mobile.jpg\",\"contentUrl\":\"https:\\\/\\\/www.expoflamenco.com\\\/archivo\\\/wp-content\\\/uploads\\\/2022\\\/11\\\/banner-cabecera-mobile.jpg\",\"width\":299,\"height\":75,\"caption\":\"Expoflamenco\"},\"image\":{\"@id\":\"https:\\\/\\\/expoflamenco.com\\\/archivo\\\/#\\\/schema\\\/logo\\\/image\\\/\"},\"sameAs\":[\"https:\\\/\\\/www.facebook.com\\\/ExpoFlamenco\",\"https:\\\/\\\/x.com\\\/expoflamenco1\",\"https:\\\/\\\/www.instagram.com\\\/expoflamenco\\\/\",\"https:\\\/\\\/www.youtube.com\\\/expoflamenco\"]},{\"@type\":\"Person\",\"@id\":\"https:\\\/\\\/expoflamenco.com\\\/archivo\\\/#\\\/schema\\\/person\\\/608d65b2c159f7b5b632f1365c15030f\",\"name\":\"Manuel Boh\u00f3rquez\",\"image\":{\"@type\":\"ImageObject\",\"inLanguage\":\"es\",\"@id\":\"https:\\\/\\\/secure.gravatar.com\\\/avatar\\\/e4c8fcbcd4cb54196f6756c157a4aba7f9698d5a2261e73a15b5bf66f4495366?s=96&r=g\",\"url\":\"https:\\\/\\\/secure.gravatar.com\\\/avatar\\\/e4c8fcbcd4cb54196f6756c157a4aba7f9698d5a2261e73a15b5bf66f4495366?s=96&r=g\",\"contentUrl\":\"https:\\\/\\\/secure.gravatar.com\\\/avatar\\\/e4c8fcbcd4cb54196f6756c157a4aba7f9698d5a2261e73a15b5bf66f4495366?s=96&r=g\",\"caption\":\"Manuel Boh\u00f3rquez\"},\"description\":\"Arahal, Sevilla, 1958. Cr\u00edtico de flamenco, periodista y escritor. 40 a\u00f1os de investigaci\u00f3n flamenca en El Correo de Andaluc\u00eda. Autor de biograf\u00edas de la Ni\u00f1a de los Peines, Carbonerillo, Manuel Escacena, Tom\u00e1s Pav\u00f3n, Fernando el de Triana, Manuel Gerena, Canario de \u00c1lora...\",\"sameAs\":[\"http:\\\/\\\/www.manuelbohorquez.com\"],\"url\":\"https:\\\/\\\/expoflamenco.com\\\/archivo\\\/author\\\/manuelbohorquez\\\/\"}]}<\/script>\n<!-- \/ Yoast SEO plugin. -->","yoast_head_json":{"title":"En vida, por favor - Archivo Expoflamenco","robots":{"index":"index","follow":"follow","max-snippet":"max-snippet:-1","max-image-preview":"max-image-preview:large","max-video-preview":"max-video-preview:-1"},"canonical":"https:\/\/expoflamenco.com\/archivo\/bordonazo\/reconocimientos-flamencos-en-vida-por-favor\/","og_locale":"es_ES","og_type":"article","og_title":"En vida, por favor - Archivo Expoflamenco","og_description":"\u00bfPor qu\u00e9 no les agradecemos en vida el trabajo que hicieron? \u00bfPor qu\u00e9 se tienen que morir las personas con la pena de no ser reconocidas cuando a\u00fan pueden disfrutar los homenajes? Y no lo digo solo por Manuel Herrera Rodas, que ha tenido importantes reconocimientos en vida.","og_url":"https:\/\/expoflamenco.com\/archivo\/bordonazo\/reconocimientos-flamencos-en-vida-por-favor\/","og_site_name":"Archivo Expoflamenco","article_publisher":"https:\/\/www.facebook.com\/ExpoFlamenco","article_published_time":"2020-10-15T09:16:28+00:00","og_image":[{"width":1300,"height":800,"url":"https:\/\/expoflamenco.com\/archivo\/wp-content\/uploads\/2020\/09\/expoflamenco-el-pele-2-bienal-sevilla-2020-teatro-lope-vega-foto-claudia-ruiz-caro.jpg","type":"image\/jpeg"}],"author":"Manuel Boh\u00f3rquez","twitter_card":"summary_large_image","twitter_creator":"@expoflamenco1","twitter_site":"@expoflamenco1","twitter_misc":{"Escrito por":"Manuel Boh\u00f3rquez","Tiempo de lectura":"3 minutos"},"schema":{"@context":"https:\/\/schema.org","@graph":[{"@type":"Article","@id":"https:\/\/expoflamenco.com\/archivo\/bordonazo\/reconocimientos-flamencos-en-vida-por-favor\/#article","isPartOf":{"@id":"https:\/\/expoflamenco.com\/archivo\/bordonazo\/reconocimientos-flamencos-en-vida-por-favor\/"},"author":{"name":"Manuel Boh\u00f3rquez","@id":"https:\/\/expoflamenco.com\/archivo\/#\/schema\/person\/608d65b2c159f7b5b632f1365c15030f"},"headline":"En vida, por favor","datePublished":"2020-10-15T09:16:28+00:00","mainEntityOfPage":{"@id":"https:\/\/expoflamenco.com\/archivo\/bordonazo\/reconocimientos-flamencos-en-vida-por-favor\/"},"wordCount":564,"commentCount":0,"publisher":{"@id":"https:\/\/expoflamenco.com\/archivo\/#organization"},"image":{"@id":"https:\/\/expoflamenco.com\/archivo\/bordonazo\/reconocimientos-flamencos-en-vida-por-favor\/#primaryimage"},"thumbnailUrl":"https:\/\/expoflamenco.com\/archivo\/wp-content\/uploads\/2020\/09\/expoflamenco-el-pele-2-bienal-sevilla-2020-teatro-lope-vega-foto-claudia-ruiz-caro.jpg","keywords":["flamenco","Manuel Herrera Rodas"],"articleSection":["Bordonazo NEW"],"inLanguage":"es","potentialAction":[{"@type":"CommentAction","name":"Comment","target":["https:\/\/expoflamenco.com\/archivo\/bordonazo\/reconocimientos-flamencos-en-vida-por-favor\/#respond"]}]},{"@type":"WebPage","@id":"https:\/\/expoflamenco.com\/archivo\/bordonazo\/reconocimientos-flamencos-en-vida-por-favor\/","url":"https:\/\/expoflamenco.com\/archivo\/bordonazo\/reconocimientos-flamencos-en-vida-por-favor\/","name":"En vida, por favor - Archivo Expoflamenco","isPartOf":{"@id":"https:\/\/expoflamenco.com\/archivo\/#website"},"primaryImageOfPage":{"@id":"https:\/\/expoflamenco.com\/archivo\/bordonazo\/reconocimientos-flamencos-en-vida-por-favor\/#primaryimage"},"image":{"@id":"https:\/\/expoflamenco.com\/archivo\/bordonazo\/reconocimientos-flamencos-en-vida-por-favor\/#primaryimage"},"thumbnailUrl":"https:\/\/expoflamenco.com\/archivo\/wp-content\/uploads\/2020\/09\/expoflamenco-el-pele-2-bienal-sevilla-2020-teatro-lope-vega-foto-claudia-ruiz-caro.jpg","datePublished":"2020-10-15T09:16:28+00:00","breadcrumb":{"@id":"https:\/\/expoflamenco.com\/archivo\/bordonazo\/reconocimientos-flamencos-en-vida-por-favor\/#breadcrumb"},"inLanguage":"es","potentialAction":[{"@type":"ReadAction","target":["https:\/\/expoflamenco.com\/archivo\/bordonazo\/reconocimientos-flamencos-en-vida-por-favor\/"]}]},{"@type":"ImageObject","inLanguage":"es","@id":"https:\/\/expoflamenco.com\/archivo\/bordonazo\/reconocimientos-flamencos-en-vida-por-favor\/#primaryimage","url":"https:\/\/expoflamenco.com\/archivo\/wp-content\/uploads\/2020\/09\/expoflamenco-el-pele-2-bienal-sevilla-2020-teatro-lope-vega-foto-claudia-ruiz-caro.jpg","contentUrl":"https:\/\/expoflamenco.com\/archivo\/wp-content\/uploads\/2020\/09\/expoflamenco-el-pele-2-bienal-sevilla-2020-teatro-lope-vega-foto-claudia-ruiz-caro.jpg","width":1300,"height":800,"caption":"El Pele, 'A sangre'. Teatro Lope de Vega. Bienal de Sevilla. Foto: Claudia Ruiz Caro"},{"@type":"BreadcrumbList","@id":"https:\/\/expoflamenco.com\/archivo\/bordonazo\/reconocimientos-flamencos-en-vida-por-favor\/#breadcrumb","itemListElement":[{"@type":"ListItem","position":1,"name":"Inicio","item":"https:\/\/expoflamenco.com\/archivo\/"},{"@type":"ListItem","position":2,"name":"En vida, por favor"}]},{"@type":"WebSite","@id":"https:\/\/expoflamenco.com\/archivo\/#website","url":"https:\/\/expoflamenco.com\/archivo\/","name":"Archivo Expoflamenco","description":"Portal de arte flamenco: noticias, entrevistas, blogs, cr\u00edticas, investigaci\u00f3n","publisher":{"@id":"https:\/\/expoflamenco.com\/archivo\/#organization"},"potentialAction":[{"@type":"SearchAction","target":{"@type":"EntryPoint","urlTemplate":"https:\/\/expoflamenco.com\/archivo\/?s={search_term_string}"},"query-input":{"@type":"PropertyValueSpecification","valueRequired":true,"valueName":"search_term_string"}}],"inLanguage":"es"},{"@type":"Organization","@id":"https:\/\/expoflamenco.com\/archivo\/#organization","name":"Expoflamenco","url":"https:\/\/expoflamenco.com\/archivo\/","logo":{"@type":"ImageObject","inLanguage":"es","@id":"https:\/\/expoflamenco.com\/archivo\/#\/schema\/logo\/image\/","url":"https:\/\/www.expoflamenco.com\/archivo\/wp-content\/uploads\/2022\/11\/banner-cabecera-mobile.jpg","contentUrl":"https:\/\/www.expoflamenco.com\/archivo\/wp-content\/uploads\/2022\/11\/banner-cabecera-mobile.jpg","width":299,"height":75,"caption":"Expoflamenco"},"image":{"@id":"https:\/\/expoflamenco.com\/archivo\/#\/schema\/logo\/image\/"},"sameAs":["https:\/\/www.facebook.com\/ExpoFlamenco","https:\/\/x.com\/expoflamenco1","https:\/\/www.instagram.com\/expoflamenco\/","https:\/\/www.youtube.com\/expoflamenco"]},{"@type":"Person","@id":"https:\/\/expoflamenco.com\/archivo\/#\/schema\/person\/608d65b2c159f7b5b632f1365c15030f","name":"Manuel Boh\u00f3rquez","image":{"@type":"ImageObject","inLanguage":"es","@id":"https:\/\/secure.gravatar.com\/avatar\/e4c8fcbcd4cb54196f6756c157a4aba7f9698d5a2261e73a15b5bf66f4495366?s=96&r=g","url":"https:\/\/secure.gravatar.com\/avatar\/e4c8fcbcd4cb54196f6756c157a4aba7f9698d5a2261e73a15b5bf66f4495366?s=96&r=g","contentUrl":"https:\/\/secure.gravatar.com\/avatar\/e4c8fcbcd4cb54196f6756c157a4aba7f9698d5a2261e73a15b5bf66f4495366?s=96&r=g","caption":"Manuel Boh\u00f3rquez"},"description":"Arahal, Sevilla, 1958. Cr\u00edtico de flamenco, periodista y escritor. 40 a\u00f1os de investigaci\u00f3n flamenca en El Correo de Andaluc\u00eda. Autor de biograf\u00edas de la Ni\u00f1a de los Peines, Carbonerillo, Manuel Escacena, Tom\u00e1s Pav\u00f3n, Fernando el de Triana, Manuel Gerena, Canario de \u00c1lora...","sameAs":["http:\/\/www.manuelbohorquez.com"],"url":"https:\/\/expoflamenco.com\/archivo\/author\/manuelbohorquez\/"}]}},"_links":{"self":[{"href":"https:\/\/expoflamenco.com\/archivo\/wp-json\/wp\/v2\/posts\/22393","targetHints":{"allow":["GET"]}}],"collection":[{"href":"https:\/\/expoflamenco.com\/archivo\/wp-json\/wp\/v2\/posts"}],"about":[{"href":"https:\/\/expoflamenco.com\/archivo\/wp-json\/wp\/v2\/types\/post"}],"author":[{"embeddable":true,"href":"https:\/\/expoflamenco.com\/archivo\/wp-json\/wp\/v2\/users\/6"}],"replies":[{"embeddable":true,"href":"https:\/\/expoflamenco.com\/archivo\/wp-json\/wp\/v2\/comments?post=22393"}],"version-history":[{"count":3,"href":"https:\/\/expoflamenco.com\/archivo\/wp-json\/wp\/v2\/posts\/22393\/revisions"}],"predecessor-version":[{"id":22396,"href":"https:\/\/expoflamenco.com\/archivo\/wp-json\/wp\/v2\/posts\/22393\/revisions\/22396"}],"wp:featuredmedia":[{"embeddable":true,"href":"https:\/\/expoflamenco.com\/archivo\/wp-json\/wp\/v2\/media\/21675"}],"wp:attachment":[{"href":"https:\/\/expoflamenco.com\/archivo\/wp-json\/wp\/v2\/media?parent=22393"}],"wp:term":[{"taxonomy":"category","embeddable":true,"href":"https:\/\/expoflamenco.com\/archivo\/wp-json\/wp\/v2\/categories?post=22393"},{"taxonomy":"post_tag","embeddable":true,"href":"https:\/\/expoflamenco.com\/archivo\/wp-json\/wp\/v2\/tags?post=22393"}],"curies":[{"name":"wp","href":"https:\/\/api.w.org\/{rel}","templated":true}]}}