{"id":22353,"date":"2020-10-14T00:01:50","date_gmt":"2020-10-13T22:01:50","guid":{"rendered":"https:\/\/www.expoflamenco.com\/archivo\/?p=22353"},"modified":"2020-10-14T00:02:25","modified_gmt":"2020-10-13T22:02:25","slug":"muerte-manuel-herrera-rodas-en-un-balcon-celeste-del-cielo","status":"publish","type":"post","link":"https:\/\/expoflamenco.com\/archivo\/bordonazo\/muerte-manuel-herrera-rodas-en-un-balcon-celeste-del-cielo\/","title":{"rendered":"Manuel Herrera en un balc\u00f3n celeste del cielo"},"content":{"rendered":"<p>Hace unos d\u00edas fue <strong>Antonio Bonilla Mart\u00ednez<\/strong>, presidente de la <strong>Pe\u00f1a Flamenca Ni\u00f1o Ricardo<\/strong>, y hoy ha sido <strong>Manuel Herrera Rodas<\/strong>, de Casariche aunque afincado en Los Palacios y Villafranca desde hac\u00eda d\u00e9cadas. Me acabo de enterar y he pasado un mal rato porque quer\u00eda mucho a este gran hombre desde que era pr\u00e1cticamente un adolescente e iba por las pe\u00f1as flamencas y lo ve\u00eda siempre trabajando al lado del entra\u00f1able <strong>Paco Cabrera de la Aurora<\/strong>. Se ha ido hoy uno de los grandes del flamenco sin haber cantado nunca un fandango, que se sepa. Era grande porque pocos como \u00e9l han amado tanto a este arte y han luchado tanto por su divulgaci\u00f3n y dignificaci\u00f3n. Ten\u00eda un c\u00e1ncer y lo llevaba en silencio, aunque sus amigos de verdad lo sab\u00edan. Una infecci\u00f3n se lo ha llevado hoy a la edad de 83 a\u00f1os, si no me falla la memoria. Hace pocos d\u00edas me citaba en su muro de Facebook con motivo del art\u00edculo que escrib\u00ed sobre la muerte de Antonio Bonilla y juro que pens\u00e9 en que un d\u00eda tendr\u00eda que escribir tambi\u00e9n sobre \u00e9l y su adi\u00f3s a la vida. \u00bfQu\u00e9 se puede decir en estos casos?<\/p>\n<p>&nbsp;<\/p>\n<blockquote><p><em>\u00abLa muerte de Manolo Herrera ha conmocionado al mundo del flamenco en general, porque era muy grande\u00bb<\/em><\/p><\/blockquote>\n<p>&nbsp;<\/p>\n<p>Manuel Herrera lo ha sido todo en el flamenco, pero sobre todo ha sido un buen hombre, amable, agradable, culto, con un enorme talento y mucha capacidad de trabajo. Es incre\u00edble la de cosas que ha hecho por el flamenco desde su pe\u00f1a de Los Palacios, la <strong>Federaci\u00f3n de Pe\u00f1as Flamencas de Sevilla<\/strong>, la revista <em>Sevilla Flamenca<\/em>, la ITEAF (Instituci\u00f3n de la Tercera Edad de los Flamencos), la Bienal \u2013que lleg\u00f3 a dirigir en las ediciones de 1998, 2000 y 2002\u2013 y Cajasol. Adem\u00e1s ha escrito libros, dado conferencias, organizado semanas culturales, etc. Se signific\u00f3 siempre por su enorme generosidad con los dem\u00e1s y, sobre todo, con los flamencos mayores m\u00e1s necesitados. Y lo hizo siempre sin esperar nada a cambio. Recibi\u00f3 homenajes, aunque no los que se merec\u00eda. Seguramente ahora le dar\u00e1n unos cuantos, aunque el homenaje m\u00e1s grande se lo est\u00e1n dando ya los artistas y los aficionados en las redes sociales. La muerte de Manolo Herrera ha conmocionado al mundo del flamenco en general, porque era muy grande.<\/p>\n<p>El pr\u00f3ximo jueves se subir\u00e1 el tel\u00f3n de los <em>Jueves Flamencos<\/em> sin que \u00e9l est\u00e9 presente. <strong>Jos\u00e9 el de la Tomasa<\/strong> y su nieto <strong>Manuel<\/strong> cantar\u00e1n con un nudo en la garganta, sin duda. Si es que pueden cantar. Y lo peor es que no podremos ir ma\u00f1ana a darle el \u00faltimo adi\u00f3s, por el dichoso coronavirus. Descanse en paz.<\/p>\n<h6 style=\"text-align: right;\">Imagen superior de Manuel Herrera: foto de Jes\u00fas Sp\u00ednola, 2005<\/h6>\n<p>&nbsp;<\/p>\n<p>&nbsp;<\/p>\n","protected":false},"excerpt":{"rendered":"<p>Se ha ido hoy uno de los grandes del flamenco sin haber cantado nunca un fandango, que se sepa. Era grande porque pocos como \u00e9l han amado tanto a este arte y han luchado tanto por su divulgaci\u00f3n y dignificaci\u00f3n. Manuel Herrera Rodas dirigi\u00f3 tres ediciones de la Bienal de Sevilla y coordinaba los Jueves Flamencos de la Fundaci\u00f3n Cajasol.<\/p>\n","protected":false},"author":6,"featured_media":22354,"comment_status":"open","ping_status":"open","sticky":false,"template":"","format":"standard","meta":{"ngg_post_thumbnail":0,"footnotes":""},"categories":[122],"tags":[76,3014,135],"class_list":["post-22353","post","type-post","status-publish","format-standard","has-post-thumbnail","hentry","category-bordonazo","tag-flamenco","tag-manuel-herrera-rodas","tag-muerte"],"yoast_head":"<!-- This site is optimized with the Yoast SEO plugin v27.4 - https:\/\/yoast.com\/product\/yoast-seo-wordpress\/ -->\n<title>Manuel Herrera en un balc\u00f3n celeste del cielo - Archivo Expoflamenco<\/title>\n<meta name=\"description\" content=\"Manuel Herrera Rodas dirigi\u00f3 tres ediciones de la Bienal de Sevilla y coordinaba los Jueves Flamencos de la Fundaci\u00f3n Cajasol.\" \/>\n<meta name=\"robots\" content=\"index, follow, max-snippet:-1, max-image-preview:large, max-video-preview:-1\" \/>\n<link rel=\"canonical\" href=\"https:\/\/expoflamenco.com\/archivo\/bordonazo\/muerte-manuel-herrera-rodas-en-un-balcon-celeste-del-cielo\/\" \/>\n<meta property=\"og:locale\" content=\"es_ES\" \/>\n<meta property=\"og:type\" content=\"article\" \/>\n<meta property=\"og:title\" content=\"Manuel Herrera en un balc\u00f3n celeste del cielo - Archivo Expoflamenco\" \/>\n<meta property=\"og:description\" content=\"Manuel Herrera Rodas dirigi\u00f3 tres ediciones de la Bienal de Sevilla y coordinaba los Jueves Flamencos de la Fundaci\u00f3n Cajasol.\" \/>\n<meta property=\"og:url\" content=\"https:\/\/expoflamenco.com\/archivo\/bordonazo\/muerte-manuel-herrera-rodas-en-un-balcon-celeste-del-cielo\/\" \/>\n<meta property=\"og:site_name\" content=\"Archivo Expoflamenco\" \/>\n<meta property=\"article:publisher\" content=\"https:\/\/www.facebook.com\/ExpoFlamenco\" \/>\n<meta property=\"article:published_time\" content=\"2020-10-13T22:01:50+00:00\" \/>\n<meta property=\"article:modified_time\" content=\"2020-10-13T22:02:25+00:00\" \/>\n<meta property=\"og:image\" content=\"https:\/\/expoflamenco.com\/archivo\/wp-content\/uploads\/2020\/10\/expoflamenco-manuel-herrera-rodas-foto-jesus-spinola.jpeg\" \/>\n\t<meta property=\"og:image:width\" content=\"1300\" \/>\n\t<meta property=\"og:image:height\" content=\"800\" \/>\n\t<meta property=\"og:image:type\" content=\"image\/jpeg\" \/>\n<meta name=\"author\" content=\"Manuel Boh\u00f3rquez\" \/>\n<meta name=\"twitter:card\" content=\"summary_large_image\" \/>\n<meta name=\"twitter:creator\" content=\"@expoflamenco1\" \/>\n<meta name=\"twitter:site\" content=\"@expoflamenco1\" \/>\n<meta name=\"twitter:label1\" content=\"Escrito por\" \/>\n\t<meta name=\"twitter:data1\" content=\"Manuel Boh\u00f3rquez\" \/>\n\t<meta name=\"twitter:label2\" content=\"Tiempo de lectura\" \/>\n\t<meta name=\"twitter:data2\" content=\"2 minutos\" \/>\n<script type=\"application\/ld+json\" class=\"yoast-schema-graph\">{\"@context\":\"https:\\\/\\\/schema.org\",\"@graph\":[{\"@type\":\"Article\",\"@id\":\"https:\\\/\\\/expoflamenco.com\\\/archivo\\\/bordonazo\\\/muerte-manuel-herrera-rodas-en-un-balcon-celeste-del-cielo\\\/#article\",\"isPartOf\":{\"@id\":\"https:\\\/\\\/expoflamenco.com\\\/archivo\\\/bordonazo\\\/muerte-manuel-herrera-rodas-en-un-balcon-celeste-del-cielo\\\/\"},\"author\":{\"name\":\"Manuel Boh\u00f3rquez\",\"@id\":\"https:\\\/\\\/expoflamenco.com\\\/archivo\\\/#\\\/schema\\\/person\\\/608d65b2c159f7b5b632f1365c15030f\"},\"headline\":\"Manuel Herrera en un balc\u00f3n celeste del cielo\",\"datePublished\":\"2020-10-13T22:01:50+00:00\",\"dateModified\":\"2020-10-13T22:02:25+00:00\",\"mainEntityOfPage\":{\"@id\":\"https:\\\/\\\/expoflamenco.com\\\/archivo\\\/bordonazo\\\/muerte-manuel-herrera-rodas-en-un-balcon-celeste-del-cielo\\\/\"},\"wordCount\":508,\"commentCount\":0,\"publisher\":{\"@id\":\"https:\\\/\\\/expoflamenco.com\\\/archivo\\\/#organization\"},\"image\":{\"@id\":\"https:\\\/\\\/expoflamenco.com\\\/archivo\\\/bordonazo\\\/muerte-manuel-herrera-rodas-en-un-balcon-celeste-del-cielo\\\/#primaryimage\"},\"thumbnailUrl\":\"https:\\\/\\\/expoflamenco.com\\\/archivo\\\/wp-content\\\/uploads\\\/2020\\\/10\\\/expoflamenco-manuel-herrera-rodas-foto-jesus-spinola.jpeg\",\"keywords\":[\"flamenco\",\"Manuel Herrera Rodas\",\"muerte\"],\"articleSection\":[\"Bordonazo NEW\"],\"inLanguage\":\"es\",\"potentialAction\":[{\"@type\":\"CommentAction\",\"name\":\"Comment\",\"target\":[\"https:\\\/\\\/expoflamenco.com\\\/archivo\\\/bordonazo\\\/muerte-manuel-herrera-rodas-en-un-balcon-celeste-del-cielo\\\/#respond\"]}]},{\"@type\":\"WebPage\",\"@id\":\"https:\\\/\\\/expoflamenco.com\\\/archivo\\\/bordonazo\\\/muerte-manuel-herrera-rodas-en-un-balcon-celeste-del-cielo\\\/\",\"url\":\"https:\\\/\\\/expoflamenco.com\\\/archivo\\\/bordonazo\\\/muerte-manuel-herrera-rodas-en-un-balcon-celeste-del-cielo\\\/\",\"name\":\"Manuel Herrera en un balc\u00f3n celeste del cielo - Archivo Expoflamenco\",\"isPartOf\":{\"@id\":\"https:\\\/\\\/expoflamenco.com\\\/archivo\\\/#website\"},\"primaryImageOfPage\":{\"@id\":\"https:\\\/\\\/expoflamenco.com\\\/archivo\\\/bordonazo\\\/muerte-manuel-herrera-rodas-en-un-balcon-celeste-del-cielo\\\/#primaryimage\"},\"image\":{\"@id\":\"https:\\\/\\\/expoflamenco.com\\\/archivo\\\/bordonazo\\\/muerte-manuel-herrera-rodas-en-un-balcon-celeste-del-cielo\\\/#primaryimage\"},\"thumbnailUrl\":\"https:\\\/\\\/expoflamenco.com\\\/archivo\\\/wp-content\\\/uploads\\\/2020\\\/10\\\/expoflamenco-manuel-herrera-rodas-foto-jesus-spinola.jpeg\",\"datePublished\":\"2020-10-13T22:01:50+00:00\",\"dateModified\":\"2020-10-13T22:02:25+00:00\",\"description\":\"Manuel Herrera Rodas dirigi\u00f3 tres ediciones de la Bienal de Sevilla y coordinaba los Jueves Flamencos de la Fundaci\u00f3n Cajasol.\",\"breadcrumb\":{\"@id\":\"https:\\\/\\\/expoflamenco.com\\\/archivo\\\/bordonazo\\\/muerte-manuel-herrera-rodas-en-un-balcon-celeste-del-cielo\\\/#breadcrumb\"},\"inLanguage\":\"es\",\"potentialAction\":[{\"@type\":\"ReadAction\",\"target\":[\"https:\\\/\\\/expoflamenco.com\\\/archivo\\\/bordonazo\\\/muerte-manuel-herrera-rodas-en-un-balcon-celeste-del-cielo\\\/\"]}]},{\"@type\":\"ImageObject\",\"inLanguage\":\"es\",\"@id\":\"https:\\\/\\\/expoflamenco.com\\\/archivo\\\/bordonazo\\\/muerte-manuel-herrera-rodas-en-un-balcon-celeste-del-cielo\\\/#primaryimage\",\"url\":\"https:\\\/\\\/expoflamenco.com\\\/archivo\\\/wp-content\\\/uploads\\\/2020\\\/10\\\/expoflamenco-manuel-herrera-rodas-foto-jesus-spinola.jpeg\",\"contentUrl\":\"https:\\\/\\\/expoflamenco.com\\\/archivo\\\/wp-content\\\/uploads\\\/2020\\\/10\\\/expoflamenco-manuel-herrera-rodas-foto-jesus-spinola.jpeg\",\"width\":1300,\"height\":800},{\"@type\":\"BreadcrumbList\",\"@id\":\"https:\\\/\\\/expoflamenco.com\\\/archivo\\\/bordonazo\\\/muerte-manuel-herrera-rodas-en-un-balcon-celeste-del-cielo\\\/#breadcrumb\",\"itemListElement\":[{\"@type\":\"ListItem\",\"position\":1,\"name\":\"Inicio\",\"item\":\"https:\\\/\\\/expoflamenco.com\\\/archivo\\\/\"},{\"@type\":\"ListItem\",\"position\":2,\"name\":\"Manuel Herrera en un balc\u00f3n celeste del cielo\"}]},{\"@type\":\"WebSite\",\"@id\":\"https:\\\/\\\/expoflamenco.com\\\/archivo\\\/#website\",\"url\":\"https:\\\/\\\/expoflamenco.com\\\/archivo\\\/\",\"name\":\"Archivo Expoflamenco\",\"description\":\"Portal de arte flamenco: noticias, entrevistas, blogs, cr\u00edticas, investigaci\u00f3n\",\"publisher\":{\"@id\":\"https:\\\/\\\/expoflamenco.com\\\/archivo\\\/#organization\"},\"potentialAction\":[{\"@type\":\"SearchAction\",\"target\":{\"@type\":\"EntryPoint\",\"urlTemplate\":\"https:\\\/\\\/expoflamenco.com\\\/archivo\\\/?s={search_term_string}\"},\"query-input\":{\"@type\":\"PropertyValueSpecification\",\"valueRequired\":true,\"valueName\":\"search_term_string\"}}],\"inLanguage\":\"es\"},{\"@type\":\"Organization\",\"@id\":\"https:\\\/\\\/expoflamenco.com\\\/archivo\\\/#organization\",\"name\":\"Expoflamenco\",\"url\":\"https:\\\/\\\/expoflamenco.com\\\/archivo\\\/\",\"logo\":{\"@type\":\"ImageObject\",\"inLanguage\":\"es\",\"@id\":\"https:\\\/\\\/expoflamenco.com\\\/archivo\\\/#\\\/schema\\\/logo\\\/image\\\/\",\"url\":\"https:\\\/\\\/www.expoflamenco.com\\\/archivo\\\/wp-content\\\/uploads\\\/2022\\\/11\\\/banner-cabecera-mobile.jpg\",\"contentUrl\":\"https:\\\/\\\/www.expoflamenco.com\\\/archivo\\\/wp-content\\\/uploads\\\/2022\\\/11\\\/banner-cabecera-mobile.jpg\",\"width\":299,\"height\":75,\"caption\":\"Expoflamenco\"},\"image\":{\"@id\":\"https:\\\/\\\/expoflamenco.com\\\/archivo\\\/#\\\/schema\\\/logo\\\/image\\\/\"},\"sameAs\":[\"https:\\\/\\\/www.facebook.com\\\/ExpoFlamenco\",\"https:\\\/\\\/x.com\\\/expoflamenco1\",\"https:\\\/\\\/www.instagram.com\\\/expoflamenco\\\/\",\"https:\\\/\\\/www.youtube.com\\\/expoflamenco\"]},{\"@type\":\"Person\",\"@id\":\"https:\\\/\\\/expoflamenco.com\\\/archivo\\\/#\\\/schema\\\/person\\\/608d65b2c159f7b5b632f1365c15030f\",\"name\":\"Manuel Boh\u00f3rquez\",\"image\":{\"@type\":\"ImageObject\",\"inLanguage\":\"es\",\"@id\":\"https:\\\/\\\/secure.gravatar.com\\\/avatar\\\/e4c8fcbcd4cb54196f6756c157a4aba7f9698d5a2261e73a15b5bf66f4495366?s=96&r=g\",\"url\":\"https:\\\/\\\/secure.gravatar.com\\\/avatar\\\/e4c8fcbcd4cb54196f6756c157a4aba7f9698d5a2261e73a15b5bf66f4495366?s=96&r=g\",\"contentUrl\":\"https:\\\/\\\/secure.gravatar.com\\\/avatar\\\/e4c8fcbcd4cb54196f6756c157a4aba7f9698d5a2261e73a15b5bf66f4495366?s=96&r=g\",\"caption\":\"Manuel Boh\u00f3rquez\"},\"description\":\"Arahal, Sevilla, 1958. Cr\u00edtico de flamenco, periodista y escritor. 40 a\u00f1os de investigaci\u00f3n flamenca en El Correo de Andaluc\u00eda. Autor de biograf\u00edas de la Ni\u00f1a de los Peines, Carbonerillo, Manuel Escacena, Tom\u00e1s Pav\u00f3n, Fernando el de Triana, Manuel Gerena, Canario de \u00c1lora...\",\"sameAs\":[\"http:\\\/\\\/www.manuelbohorquez.com\"],\"url\":\"https:\\\/\\\/expoflamenco.com\\\/archivo\\\/author\\\/manuelbohorquez\\\/\"}]}<\/script>\n<!-- \/ Yoast SEO plugin. -->","yoast_head_json":{"title":"Manuel Herrera en un balc\u00f3n celeste del cielo - Archivo Expoflamenco","description":"Manuel Herrera Rodas dirigi\u00f3 tres ediciones de la Bienal de Sevilla y coordinaba los Jueves Flamencos de la Fundaci\u00f3n Cajasol.","robots":{"index":"index","follow":"follow","max-snippet":"max-snippet:-1","max-image-preview":"max-image-preview:large","max-video-preview":"max-video-preview:-1"},"canonical":"https:\/\/expoflamenco.com\/archivo\/bordonazo\/muerte-manuel-herrera-rodas-en-un-balcon-celeste-del-cielo\/","og_locale":"es_ES","og_type":"article","og_title":"Manuel Herrera en un balc\u00f3n celeste del cielo - Archivo Expoflamenco","og_description":"Manuel Herrera Rodas dirigi\u00f3 tres ediciones de la Bienal de Sevilla y coordinaba los Jueves Flamencos de la Fundaci\u00f3n Cajasol.","og_url":"https:\/\/expoflamenco.com\/archivo\/bordonazo\/muerte-manuel-herrera-rodas-en-un-balcon-celeste-del-cielo\/","og_site_name":"Archivo Expoflamenco","article_publisher":"https:\/\/www.facebook.com\/ExpoFlamenco","article_published_time":"2020-10-13T22:01:50+00:00","article_modified_time":"2020-10-13T22:02:25+00:00","og_image":[{"width":1300,"height":800,"url":"https:\/\/expoflamenco.com\/archivo\/wp-content\/uploads\/2020\/10\/expoflamenco-manuel-herrera-rodas-foto-jesus-spinola.jpeg","type":"image\/jpeg"}],"author":"Manuel Boh\u00f3rquez","twitter_card":"summary_large_image","twitter_creator":"@expoflamenco1","twitter_site":"@expoflamenco1","twitter_misc":{"Escrito por":"Manuel Boh\u00f3rquez","Tiempo de lectura":"2 minutos"},"schema":{"@context":"https:\/\/schema.org","@graph":[{"@type":"Article","@id":"https:\/\/expoflamenco.com\/archivo\/bordonazo\/muerte-manuel-herrera-rodas-en-un-balcon-celeste-del-cielo\/#article","isPartOf":{"@id":"https:\/\/expoflamenco.com\/archivo\/bordonazo\/muerte-manuel-herrera-rodas-en-un-balcon-celeste-del-cielo\/"},"author":{"name":"Manuel Boh\u00f3rquez","@id":"https:\/\/expoflamenco.com\/archivo\/#\/schema\/person\/608d65b2c159f7b5b632f1365c15030f"},"headline":"Manuel Herrera en un balc\u00f3n celeste del cielo","datePublished":"2020-10-13T22:01:50+00:00","dateModified":"2020-10-13T22:02:25+00:00","mainEntityOfPage":{"@id":"https:\/\/expoflamenco.com\/archivo\/bordonazo\/muerte-manuel-herrera-rodas-en-un-balcon-celeste-del-cielo\/"},"wordCount":508,"commentCount":0,"publisher":{"@id":"https:\/\/expoflamenco.com\/archivo\/#organization"},"image":{"@id":"https:\/\/expoflamenco.com\/archivo\/bordonazo\/muerte-manuel-herrera-rodas-en-un-balcon-celeste-del-cielo\/#primaryimage"},"thumbnailUrl":"https:\/\/expoflamenco.com\/archivo\/wp-content\/uploads\/2020\/10\/expoflamenco-manuel-herrera-rodas-foto-jesus-spinola.jpeg","keywords":["flamenco","Manuel Herrera Rodas","muerte"],"articleSection":["Bordonazo NEW"],"inLanguage":"es","potentialAction":[{"@type":"CommentAction","name":"Comment","target":["https:\/\/expoflamenco.com\/archivo\/bordonazo\/muerte-manuel-herrera-rodas-en-un-balcon-celeste-del-cielo\/#respond"]}]},{"@type":"WebPage","@id":"https:\/\/expoflamenco.com\/archivo\/bordonazo\/muerte-manuel-herrera-rodas-en-un-balcon-celeste-del-cielo\/","url":"https:\/\/expoflamenco.com\/archivo\/bordonazo\/muerte-manuel-herrera-rodas-en-un-balcon-celeste-del-cielo\/","name":"Manuel Herrera en un balc\u00f3n celeste del cielo - Archivo Expoflamenco","isPartOf":{"@id":"https:\/\/expoflamenco.com\/archivo\/#website"},"primaryImageOfPage":{"@id":"https:\/\/expoflamenco.com\/archivo\/bordonazo\/muerte-manuel-herrera-rodas-en-un-balcon-celeste-del-cielo\/#primaryimage"},"image":{"@id":"https:\/\/expoflamenco.com\/archivo\/bordonazo\/muerte-manuel-herrera-rodas-en-un-balcon-celeste-del-cielo\/#primaryimage"},"thumbnailUrl":"https:\/\/expoflamenco.com\/archivo\/wp-content\/uploads\/2020\/10\/expoflamenco-manuel-herrera-rodas-foto-jesus-spinola.jpeg","datePublished":"2020-10-13T22:01:50+00:00","dateModified":"2020-10-13T22:02:25+00:00","description":"Manuel Herrera Rodas dirigi\u00f3 tres ediciones de la Bienal de Sevilla y coordinaba los Jueves Flamencos de la Fundaci\u00f3n Cajasol.","breadcrumb":{"@id":"https:\/\/expoflamenco.com\/archivo\/bordonazo\/muerte-manuel-herrera-rodas-en-un-balcon-celeste-del-cielo\/#breadcrumb"},"inLanguage":"es","potentialAction":[{"@type":"ReadAction","target":["https:\/\/expoflamenco.com\/archivo\/bordonazo\/muerte-manuel-herrera-rodas-en-un-balcon-celeste-del-cielo\/"]}]},{"@type":"ImageObject","inLanguage":"es","@id":"https:\/\/expoflamenco.com\/archivo\/bordonazo\/muerte-manuel-herrera-rodas-en-un-balcon-celeste-del-cielo\/#primaryimage","url":"https:\/\/expoflamenco.com\/archivo\/wp-content\/uploads\/2020\/10\/expoflamenco-manuel-herrera-rodas-foto-jesus-spinola.jpeg","contentUrl":"https:\/\/expoflamenco.com\/archivo\/wp-content\/uploads\/2020\/10\/expoflamenco-manuel-herrera-rodas-foto-jesus-spinola.jpeg","width":1300,"height":800},{"@type":"BreadcrumbList","@id":"https:\/\/expoflamenco.com\/archivo\/bordonazo\/muerte-manuel-herrera-rodas-en-un-balcon-celeste-del-cielo\/#breadcrumb","itemListElement":[{"@type":"ListItem","position":1,"name":"Inicio","item":"https:\/\/expoflamenco.com\/archivo\/"},{"@type":"ListItem","position":2,"name":"Manuel Herrera en un balc\u00f3n celeste del cielo"}]},{"@type":"WebSite","@id":"https:\/\/expoflamenco.com\/archivo\/#website","url":"https:\/\/expoflamenco.com\/archivo\/","name":"Archivo Expoflamenco","description":"Portal de arte flamenco: noticias, entrevistas, blogs, cr\u00edticas, investigaci\u00f3n","publisher":{"@id":"https:\/\/expoflamenco.com\/archivo\/#organization"},"potentialAction":[{"@type":"SearchAction","target":{"@type":"EntryPoint","urlTemplate":"https:\/\/expoflamenco.com\/archivo\/?s={search_term_string}"},"query-input":{"@type":"PropertyValueSpecification","valueRequired":true,"valueName":"search_term_string"}}],"inLanguage":"es"},{"@type":"Organization","@id":"https:\/\/expoflamenco.com\/archivo\/#organization","name":"Expoflamenco","url":"https:\/\/expoflamenco.com\/archivo\/","logo":{"@type":"ImageObject","inLanguage":"es","@id":"https:\/\/expoflamenco.com\/archivo\/#\/schema\/logo\/image\/","url":"https:\/\/www.expoflamenco.com\/archivo\/wp-content\/uploads\/2022\/11\/banner-cabecera-mobile.jpg","contentUrl":"https:\/\/www.expoflamenco.com\/archivo\/wp-content\/uploads\/2022\/11\/banner-cabecera-mobile.jpg","width":299,"height":75,"caption":"Expoflamenco"},"image":{"@id":"https:\/\/expoflamenco.com\/archivo\/#\/schema\/logo\/image\/"},"sameAs":["https:\/\/www.facebook.com\/ExpoFlamenco","https:\/\/x.com\/expoflamenco1","https:\/\/www.instagram.com\/expoflamenco\/","https:\/\/www.youtube.com\/expoflamenco"]},{"@type":"Person","@id":"https:\/\/expoflamenco.com\/archivo\/#\/schema\/person\/608d65b2c159f7b5b632f1365c15030f","name":"Manuel Boh\u00f3rquez","image":{"@type":"ImageObject","inLanguage":"es","@id":"https:\/\/secure.gravatar.com\/avatar\/e4c8fcbcd4cb54196f6756c157a4aba7f9698d5a2261e73a15b5bf66f4495366?s=96&r=g","url":"https:\/\/secure.gravatar.com\/avatar\/e4c8fcbcd4cb54196f6756c157a4aba7f9698d5a2261e73a15b5bf66f4495366?s=96&r=g","contentUrl":"https:\/\/secure.gravatar.com\/avatar\/e4c8fcbcd4cb54196f6756c157a4aba7f9698d5a2261e73a15b5bf66f4495366?s=96&r=g","caption":"Manuel Boh\u00f3rquez"},"description":"Arahal, Sevilla, 1958. Cr\u00edtico de flamenco, periodista y escritor. 40 a\u00f1os de investigaci\u00f3n flamenca en El Correo de Andaluc\u00eda. Autor de biograf\u00edas de la Ni\u00f1a de los Peines, Carbonerillo, Manuel Escacena, Tom\u00e1s Pav\u00f3n, Fernando el de Triana, Manuel Gerena, Canario de \u00c1lora...","sameAs":["http:\/\/www.manuelbohorquez.com"],"url":"https:\/\/expoflamenco.com\/archivo\/author\/manuelbohorquez\/"}]}},"_links":{"self":[{"href":"https:\/\/expoflamenco.com\/archivo\/wp-json\/wp\/v2\/posts\/22353","targetHints":{"allow":["GET"]}}],"collection":[{"href":"https:\/\/expoflamenco.com\/archivo\/wp-json\/wp\/v2\/posts"}],"about":[{"href":"https:\/\/expoflamenco.com\/archivo\/wp-json\/wp\/v2\/types\/post"}],"author":[{"embeddable":true,"href":"https:\/\/expoflamenco.com\/archivo\/wp-json\/wp\/v2\/users\/6"}],"replies":[{"embeddable":true,"href":"https:\/\/expoflamenco.com\/archivo\/wp-json\/wp\/v2\/comments?post=22353"}],"version-history":[{"count":1,"href":"https:\/\/expoflamenco.com\/archivo\/wp-json\/wp\/v2\/posts\/22353\/revisions"}],"predecessor-version":[{"id":22356,"href":"https:\/\/expoflamenco.com\/archivo\/wp-json\/wp\/v2\/posts\/22353\/revisions\/22356"}],"wp:featuredmedia":[{"embeddable":true,"href":"https:\/\/expoflamenco.com\/archivo\/wp-json\/wp\/v2\/media\/22354"}],"wp:attachment":[{"href":"https:\/\/expoflamenco.com\/archivo\/wp-json\/wp\/v2\/media?parent=22353"}],"wp:term":[{"taxonomy":"category","embeddable":true,"href":"https:\/\/expoflamenco.com\/archivo\/wp-json\/wp\/v2\/categories?post=22353"},{"taxonomy":"post_tag","embeddable":true,"href":"https:\/\/expoflamenco.com\/archivo\/wp-json\/wp\/v2\/tags?post=22353"}],"curies":[{"name":"wp","href":"https:\/\/api.w.org\/{rel}","templated":true}]}}