{"id":19559,"date":"2020-05-18T11:22:35","date_gmt":"2020-05-18T09:22:35","guid":{"rendered":"https:\/\/www.expoflamenco.com\/archivo\/?p=19559"},"modified":"2020-05-18T22:14:49","modified_gmt":"2020-05-18T20:14:49","slug":"frasco-el-colorao-la-pieza-clave-y-2","status":"publish","type":"post","link":"https:\/\/expoflamenco.com\/archivo\/clasicos-cante-jondo\/frasco-el-colorao-la-pieza-clave-y-2\/","title":{"rendered":"Frasco el Colorao, la pieza clave (y 2)"},"content":{"rendered":"<p><strong>Francisco Colorado P\u00e9rez<\/strong>, el que creemos que fue <strong><em>Frasco el Colorao<\/em><\/strong>, era hijo de Antonio y de Isabel y, aunque su partida de nacimiento no se ha encontrado por la quema de iglesias cuando la Guerra Civil de 1936, debi\u00f3 de nacer en Puerto Real (C\u00e1diz), en 1799, seg\u00fan la edad de los censos que hemos localizado, al menos quince. En otros muchos documentos consta que era de Marchena, por ejemplo en su defunci\u00f3n, de donde era su familia. Aportamos un padr\u00f3n de vecinos de Puerto Real de 1798, donde vemos que sus padres y hermanos a\u00fan viv\u00edan all\u00ed, en la calle de la Misericordia. Luego es casi seguro que \u00e9l naci\u00f3 un a\u00f1o o dos despu\u00e9s, como mucho, en ese lugar. Es dif\u00edcil comprobar los a\u00f1os que vivi\u00f3 en la ciudad gaditana, porque no hay muchos padrones de las primeras d\u00e9cadas del XIX. Lo que s\u00ed sabemos es que en 1831 se cas\u00f3 con <strong>Luisa Cort\u00e9s<\/strong> en Marchena, en la Parroquia de San Sebasti\u00e1n, y que empiezan a tener hijos: Pastora, Juan, Manuel, Antonia, El\u00edas\u2026<\/p>\n<p>En marzo de 1841 tienen a Antonia en la Plaza de los Hortelanos, y Frasco aparece como tabernero, seguramente con taberna propia. Y en julio de 1843, el que viene al mundo es <strong>El\u00edas<\/strong>, en la calle La Mona, constando \u00e9l ya como zapatero, que era su verdadero oficio. No les ir\u00eda muy bien el trabajo cuando emigran a Triana en 1846, donde nacen Mariana, Manuel, Jos\u00e9\u2026 Manuel no era el nacido en Marchena, que muri\u00f3 en C\u00e1diz en 1848, con 21 a\u00f1os de edad. Este nuevo Manuel naci\u00f3 ya en Triana. No sabemos c\u00f3mo cantar\u00eda Frasco, pero hacer ni\u00f1os y ni\u00f1as se les dio bastante bien a \u00e9l y a su esposa. Que un hijo de Frasco muriera en C\u00e1diz en 1848 hace pensar que el cantaor estuviera muy vinculado a la Tacita.<\/p>\n<p>&nbsp;<\/p>\n<div id=\"attachment_19568\" style=\"width: 486px\" class=\"wp-caption alignnone\"><a href=\"https:\/\/www.expoflamenco.com\/archivo\/wp-content\/uploads\/2020\/05\/expoflamenco-calle-misericordia-puerto-real.jpg\"><img loading=\"lazy\" decoding=\"async\" aria-describedby=\"caption-attachment-19568\" class=\"size-full wp-image-19568\" src=\"https:\/\/www.expoflamenco.com\/archivo\/wp-content\/uploads\/2020\/05\/expoflamenco-calle-misericordia-puerto-real.jpg\" alt=\"Imagen antigua de la calle Misericordia de Puerto Real, C\u00e1diz. En el n\u00ba 50 de esta calle viv\u00edan sus padres en 1798, un a\u00f1o antes de nacer \u00e9l.\" width=\"476\" height=\"451\" srcset=\"https:\/\/expoflamenco.com\/archivo\/wp-content\/uploads\/2020\/05\/expoflamenco-calle-misericordia-puerto-real.jpg 476w, https:\/\/expoflamenco.com\/archivo\/wp-content\/uploads\/2020\/05\/expoflamenco-calle-misericordia-puerto-real-300x284.jpg 300w\" sizes=\"auto, (max-width: 476px) 100vw, 476px\" \/><\/a><p id=\"caption-attachment-19568\" class=\"wp-caption-text\">Imagen antigua de la calle Misericordia de Puerto Real, C\u00e1diz. En el n\u00ba 50 de esta calle viv\u00edan sus padres en 1798, un a\u00f1o antes de nacer \u00e9l.<\/p><\/div>\n<p>&nbsp;<\/p>\n<p>Hay un dato familiar de este Francisco Colorado P\u00e9rez que nos parece muy importante destacar. Su abuelo paterno, <strong>Antonio Colorado<\/strong>, era guitarrero, constructor de guitarras, y todos los guitarreros sab\u00edan tocar la <em>sonanta<\/em>. No es extra\u00f1o, pues, que tuviera contacto con la guitarra y con el cante en el taller de su abuelo, que ser\u00eda lugar de reuni\u00f3n de m\u00fasicos y, sobre todo, de guitarristas y cantaores del pueblo. Puerto Real ha sido siempre una tierra de artistas flamencos, por lo que fue la mejor escuela para el Colorao. Hay que tener en cuenta, adem\u00e1s, su cercan\u00eda con importantes enclaves cantaores como son San Fernando, el Puerto de Santa Mar\u00eda, Jerez de la Frontera, Sanl\u00facar de Barrameda y C\u00e1diz capital, lo que puede explicar su relaci\u00f3n con <strong>Manuel Molina<\/strong> y <strong>Curro Dulce<\/strong>, de la que tanto se ha escrito.<\/p>\n<p>&nbsp;<\/p>\n<blockquote><p><em>\u00abNo sabemos c\u00f3mo cantar\u00eda Frasco, pero hacer ni\u00f1os y ni\u00f1as se les dio bastante bien a \u00e9l y a su esposa\u00bb<\/em><\/p><\/blockquote>\n<p>&nbsp;<\/p>\n<p>Cuando <strong>Rafael Pareja<\/strong> se refiere a que fue maestro de todos esos cantaores tan importantes, como el <strong>Nitri, Silverio, Antonio Cagancho<\/strong> o el <strong>Lebrijano viejo<\/strong> podr\u00eda referirse a que fue quien los ense\u00f1\u00f3 a cantar con guitarra, el que les pon\u00eda los cantes. En el caso de <strong>Diego el Lebrijano<\/strong> s\u00ed parece que encaja lo asegurado por Pareja, puesto que el de Lebrija consta empadronado en 1875 como vecino de Francisco Colorado en la popular calle Verbena de Triana. En el de Silverio no encaja tanto porque este pas\u00f3 su adolescencia en Mor\u00f3n de la Frontera, lo cual no quiere decir que no llegara a tratarlo. Seguramente lo hizo cuando regres\u00f3 de Mor\u00f3n a Sevilla, en el inicio de los cincuenta, \u00e9poca en la que suponemos que frecuentar\u00eda Triana para vivir el ambiente flamenco del barrio, aunque no haya constancia documentada de este hecho.<\/p>\n<p>Tambi\u00e9n pudo tener contacto con \u00e9l en Marchena, porque el se\u00f1or Colorado fue vecino en esta localidad de <strong>Jos\u00e9 Franconeti Aguilar<\/strong>, uno de los hermanos de Silverio, casado en este pueblo. No ser\u00eda descartable que Silverio pasara temporadas en casa de su hermano y que tuviera all\u00ed sus primeros contactos con Frasco, que adem\u00e1s tuvo una taberna en este pueblo. En cualquier caso, si no lo trat\u00f3 en Triana s\u00ed tuvo que hacerlo m\u00e1s adelante, cuando Silverio ya andaba metido de lleno en su aventura empresarial y tuvo una buena relaci\u00f3n con el Moreno de Rota, quien seg\u00fan Rafael Pareja fue un gran amigo de Frasco el Colorao. El bailaor rote\u00f1o era encargado del <strong>Caf\u00e9 Silverio<\/strong> y cuentan que el Colorao iba con frecuencia por el local.<\/p>\n<p>&nbsp;<\/p>\n<div id=\"attachment_19573\" style=\"width: 874px\" class=\"wp-caption alignnone\"><a href=\"https:\/\/www.expoflamenco.com\/archivo\/wp-content\/uploads\/2020\/05\/expoflamenco-padron-vecinal-1798-puerto-real-antonio-colorado-isabel-perez-tres-hijos-frasco-el-colorao-archivo-manuel-bohorquez.jpg\"><img loading=\"lazy\" decoding=\"async\" aria-describedby=\"caption-attachment-19573\" class=\"size-full wp-image-19573\" src=\"https:\/\/www.expoflamenco.com\/archivo\/wp-content\/uploads\/2020\/05\/expoflamenco-padron-vecinal-1798-puerto-real-antonio-colorado-isabel-perez-tres-hijos-frasco-el-colorao-archivo-manuel-bohorquez.jpg\" alt=\"Padr\u00f3n vecinal de Puerto Real, 1798. Aparecen censados Antonio Colorado e Isabel P\u00e9rez, posibles padres de Frasco, un a\u00f1o antes de su nacimiento. Archivo Manuel Boh\u00f3rquez.\" width=\"864\" height=\"236\" srcset=\"https:\/\/expoflamenco.com\/archivo\/wp-content\/uploads\/2020\/05\/expoflamenco-padron-vecinal-1798-puerto-real-antonio-colorado-isabel-perez-tres-hijos-frasco-el-colorao-archivo-manuel-bohorquez.jpg 864w, https:\/\/expoflamenco.com\/archivo\/wp-content\/uploads\/2020\/05\/expoflamenco-padron-vecinal-1798-puerto-real-antonio-colorado-isabel-perez-tres-hijos-frasco-el-colorao-archivo-manuel-bohorquez-300x82.jpg 300w, https:\/\/expoflamenco.com\/archivo\/wp-content\/uploads\/2020\/05\/expoflamenco-padron-vecinal-1798-puerto-real-antonio-colorado-isabel-perez-tres-hijos-frasco-el-colorao-archivo-manuel-bohorquez-768x210.jpg 768w, https:\/\/expoflamenco.com\/archivo\/wp-content\/uploads\/2020\/05\/expoflamenco-padron-vecinal-1798-puerto-real-antonio-colorado-isabel-perez-tres-hijos-frasco-el-colorao-archivo-manuel-bohorquez-600x164.jpg 600w\" sizes=\"auto, (max-width: 864px) 100vw, 864px\" \/><\/a><p id=\"caption-attachment-19573\" class=\"wp-caption-text\">Padr\u00f3n vecinal de Puerto Real, 1798. Aparecen censados Antonio Colorado e Isabel P\u00e9rez, posibles padres de Frasco, un a\u00f1o antes de su nacimiento. Archivo Manuel Boh\u00f3rquez.<\/p><\/div>\n<h3><\/h3>\n<h3>Frasco y el cante de Triana<\/h3>\n<p>Cuando Frasco lleg\u00f3 a Triana, en la fecha indicada, <strong>Antonio Ortega Heredia <em>El Fillo<\/em><\/strong> era ya vecino del lugar, desde 1828. De hecho, los dos llegaron a vivir en la misma calle, la Cava Nueva, durante alg\u00fan tiempo. Su hija <strong>Mariana Colorado Cort\u00e9s<\/strong> naci\u00f3 en la Cava en 1846. No hab\u00edan nacido a\u00fan ninguno de los hermanos Pelaos, aunque alguien haya asegurado que s\u00ed en un reciente libro, errando claramente. <strong>Antonio Cagancho<\/strong>, el padre de Manuel, era a\u00fan un joven de poco m\u00e1s de veinte a\u00f1os. Tampoco hab\u00eda nacido todav\u00eda <strong>Ram\u00f3n el Ollero<\/strong>. Esto no quiere decir que no hubiera cantaores en Triana, que los hab\u00eda, pero no eran profesionales. Por tanto, si pudi\u00e9ramos confirmar alg\u00fan d\u00eda que este Colorado es el c\u00e9lebre Frasco, su influencia en el cante de Triana ser\u00eda fundamental porque seguramente contribuy\u00f3 de manera determinante en la formaci\u00f3n de al menos dos generaciones de cantaores y cantaoras.<\/p>\n<p>Hasta el momento no ha aparecido ning\u00fan dato sobre \u00e9l en la prensa de su tiempo, al menos como Frasco el Colorao, que lo relacione con sus apellidos. Por tanto, las \u00fanicas referencias v\u00e1lidas son los testimonios de <strong>Dem\u00f3filo<\/strong> y Rafael Pareja. Y la tradici\u00f3n oral, que no siempre es infalible, como sabemos de sobra.<\/p>\n<p>&nbsp;<\/p>\n<blockquote><p><em>\u00abSer\u00e1 dif\u00edcil poder asegurar, al menos por el momento, si el Francisco Colorado P\u00e9rez que vivi\u00f3 tantos a\u00f1os en Triana era o no el m\u00edtico Frasco el Colorao, aunque todo parece indicar que s\u00ed\u00bb<\/em><\/p><\/blockquote>\n<p>&nbsp;<\/p>\n<p>En <strong><em>El Progreso<\/em><\/strong>, peri\u00f3dico sevillano, apareci\u00f3 el d\u00eda 13 de septiembre de 1885 un extenso art\u00edculo, <em>Desde San Jer\u00f3nimo<\/em>, con la firma de <strong>Juan S\u00e1nchez Lozano<\/strong>, en el que cita a un individuo apodado <em>El Colorao<\/em>, que acompa\u00f1aba a la cantaora jerezana <strong>Mercedes la Serneta<\/strong>, quien por esa fecha era precisamente vecina de Triana, o al menos frecuentaba bastante el arrabal:<\/p>\n<p><em>A las oraciones se organiz\u00f3 una fiesta de la tierra, bail\u00e1ndose las seguidillas con mucho salero por cuatro j\u00f3venes. Despu\u00e9s la cantaora flamenca, conocida por la Serneta, nos obsequi\u00f3 con unas malague\u00f1as imponderables, y un acompa\u00f1ante, a quien llaman <\/em>el Colorao<em>, parodi\u00f3 al c\u00e9lebre Perico Delgado <\/em>(se refer\u00eda a Pedro Delgado, director de escena)<em> recitando un pasillo titulado <\/em>El y Ella<em>, que tiene mucha gracia.<\/em><\/p>\n<p>\u00bfPodr\u00eda tratarse de nuestro Colorao? Es dif\u00edcil asegurarlo, pero en esa fecha a\u00fan viv\u00eda y el hecho de que fuera acompa\u00f1ando a la Serneta, que entonces andaba por Triana, es un dato muy a tener en cuenta. Es la \u00fanica noticia que hemos podido encontrar de alguien apodado <em>el Colorao<\/em> y que estuviera relacionado con el flamenco de aquella \u00e9poca, al margen de <strong>Vicente Vives <em>El Colorao<\/em><\/strong>, de M\u00e1laga, bailaor jocoso del que dieron cuenta tanto <strong>Fernando el de Triana<\/strong> como Pareja.<\/p>\n<p>Por consiguiente, ser\u00e1 dif\u00edcil poder asegurar, al menos por el momento, si el Francisco Colorado P\u00e9rez que vivi\u00f3 tantos a\u00f1os en Triana era o no el m\u00edtico <em>Frasco el Colorao<\/em>, aunque todo parece indicar que s\u00ed. Era m\u00e1s o menos de la \u00e9poca en la que siempre hab\u00eda sido situado, esto es, algo m\u00e1s joven que <strong>El Planeta<\/strong> y pocos a\u00f1os m\u00e1s mayor que el Fillo. Fue vecino de \u00e9ste en la Cava Nueva y vivi\u00f3 casi siempre en la popular calle Verbena, donde tambi\u00e9n residi\u00f3 Diego el Lebrijano, uno de sus disc\u00edpulos. Por otra parte, siempre se dijo que muri\u00f3 muy anciano y Francisco Colorado falleci\u00f3 en la calle Verbena de Triana con cerca de noventa a\u00f1os, en febrero de 1888.<\/p>\n<p>Todo apunta a que se trata de \u00e9l. Sin embargo, es extra\u00f1o que Fernando el de Triana, que fue vecino suyo y que ten\u00eda ya 21 a\u00f1os cuando muri\u00f3 el cantaor, apenas se refiriera a \u00e9l. Y en cuanto a Rafael Pareja, lo cierto es que, aunque es verdad que le dio mucha importancia, se refiri\u00f3 siempre a su magisterio e influencia aunque sin aportar datos biogr\u00e1ficos algunos. Tampoco Dem\u00f3filo, quien se rindi\u00f3 al dictado de <strong>Juanelo de Jerez<\/strong>, su asesor flamenco.<\/p>\n<p>&nbsp;<\/p>\n<div id=\"attachment_19575\" style=\"width: 1605px\" class=\"wp-caption alignnone\"><a href=\"https:\/\/www.expoflamenco.com\/archivo\/wp-content\/uploads\/2020\/05\/expoflamenco-defuncion-manuel-hijo-frasco-el-colorao-cadiz-1848-archivo-manuel-bohorquez.jpg\"><img loading=\"lazy\" decoding=\"async\" aria-describedby=\"caption-attachment-19575\" class=\"size-full wp-image-19575\" src=\"https:\/\/www.expoflamenco.com\/archivo\/wp-content\/uploads\/2020\/05\/expoflamenco-defuncion-manuel-hijo-frasco-el-colorao-cadiz-1848-archivo-manuel-bohorquez.jpg\" alt=\"Partida de defunci\u00f3n de Manuel, hijo de Frasco el Colorao. C\u00e1diz, 1848. Archivo Manuel Bohorquez.\" width=\"1595\" height=\"1222\" srcset=\"https:\/\/expoflamenco.com\/archivo\/wp-content\/uploads\/2020\/05\/expoflamenco-defuncion-manuel-hijo-frasco-el-colorao-cadiz-1848-archivo-manuel-bohorquez.jpg 1595w, https:\/\/expoflamenco.com\/archivo\/wp-content\/uploads\/2020\/05\/expoflamenco-defuncion-manuel-hijo-frasco-el-colorao-cadiz-1848-archivo-manuel-bohorquez-300x230.jpg 300w, https:\/\/expoflamenco.com\/archivo\/wp-content\/uploads\/2020\/05\/expoflamenco-defuncion-manuel-hijo-frasco-el-colorao-cadiz-1848-archivo-manuel-bohorquez-1024x785.jpg 1024w, https:\/\/expoflamenco.com\/archivo\/wp-content\/uploads\/2020\/05\/expoflamenco-defuncion-manuel-hijo-frasco-el-colorao-cadiz-1848-archivo-manuel-bohorquez-768x588.jpg 768w, https:\/\/expoflamenco.com\/archivo\/wp-content\/uploads\/2020\/05\/expoflamenco-defuncion-manuel-hijo-frasco-el-colorao-cadiz-1848-archivo-manuel-bohorquez-1536x1177.jpg 1536w, https:\/\/expoflamenco.com\/archivo\/wp-content\/uploads\/2020\/05\/expoflamenco-defuncion-manuel-hijo-frasco-el-colorao-cadiz-1848-archivo-manuel-bohorquez-1300x996.jpg 1300w, https:\/\/expoflamenco.com\/archivo\/wp-content\/uploads\/2020\/05\/expoflamenco-defuncion-manuel-hijo-frasco-el-colorao-cadiz-1848-archivo-manuel-bohorquez-600x460.jpg 600w\" sizes=\"auto, (max-width: 1595px) 100vw, 1595px\" \/><\/a><p id=\"caption-attachment-19575\" class=\"wp-caption-text\">Partida de defunci\u00f3n de Manuel, hijo de Frasco el Colorao. C\u00e1diz, 1848. Archivo Manuel Bohorquez.<\/p><\/div>\n<p>&nbsp;<\/p>\n<h3>Olvido de los documentalistas<\/h3>\n<p><strong>Antonio Machado y \u00c1lvarez<\/strong>, <em>Dem\u00f3filo<\/em>, escribi\u00f3 un libro fundamental (<em>Cantos flamencos<\/em>, 1881), al que sin embargo hay que ponerle algunos puntos sobre las \u00edes. No solo por su escaso rigor en los datos, sino por ignorar en su obra a artistas fundamentales del XIX, d\u00e1ndoles demasiado protagonismo a otros solo por dejarse asesorar por Juanelo de Jerez, que es como si hoy hici\u00e9ramos un libro de flamenco y nos inform\u00e1ramos solo a trav\u00e9s del veterano guitarrista <strong>Manuel Morao<\/strong>. Dem\u00f3filo aport\u00f3 en su libro una lista de cantaores y cantaoras de Sevilla con omisiones escandalosas. Sin embargo, cita a un tal <strong>Vergara<\/strong>, que no era sino un int\u00e9rprete de canciones agitanadas, sevillano, del que nunca m\u00e1s se supo. En esa lista faltan cantaores trianeros como <strong>Francisco la Perla<\/strong>, los hermanos<strong> Juan y Jos\u00e9 el Pelao<\/strong> o <strong>T\u00edo Antonio Cagancho<\/strong> y su hijo Manuel. No eran profesionales, artistas de escenarios, pero tampoco lo eran la mayor\u00eda de los que compon\u00edan la lista de int\u00e9rpretes jerezanos, portuenses o gaditanos. Sorprende que si Frasco el Colorao fue tan importante como se asegura no se hubiera preocupado en averiguar algo m\u00e1s sobre su vida, sobre todo si tenemos en cuenta que frecuent\u00f3 mucho el barrio al estar casado con una trianera, <strong>Ana Ruiz<\/strong>, la madre de los poetas <strong>Manuel<\/strong> y <strong>Antonio Machado<\/strong>. Y resulta m\u00e1s extra\u00f1o a\u00fan si tenemos en cuenta que Dem\u00f3filo era muy gitanista y, si consideraba gitano a Frasco, debi\u00f3 investigar algo m\u00e1s sobre una figura tan clave.<\/p>\n<p>&nbsp;<\/p>\n<blockquote><p><em>\u00abDefensores ambos, Ricardo Molina y Antonio Mairena, de la divisi\u00f3n entre el cante andaluz y el cante gitano, se preocuparon poco de la figura fundamental de Frasco el Colorao\u00bb<\/em><\/p><\/blockquote>\n<p>&nbsp;<\/p>\n<p>Tampoco <strong>Ricardo Molina<\/strong> y <strong>Antonio Mairena<\/strong> se ocuparon mucho de \u00e9l. El poeta pontan\u00e9s public\u00f3 una serie de biograf\u00edas sobre cantaores y cantaoras del XIX, en el <em>Diario de C\u00f3rdoba<\/em>, en los a\u00f1os sesenta del pasado siglo, sin ning\u00fan rigor a la hora de tratar a int\u00e9rpretes tan fundamentales como el Planeta, el Fillo, <strong>el Nitri, Enrique el Mellizo, Juan Breva<\/strong>, Silverio, Manuel Molina, <strong>Frijones, la Serneta, la Trini de M\u00e1laga<\/strong> o <strong>Joaqu\u00edn el de la Paula<\/strong>. Sobre todos estos artistas han escrito muchos indocumentados, pero hay que recordar que todo lo escrito por Molina y Mairena tuvo una gran repercusi\u00f3n. Sobre todo <em>Mundo y formas del cante flamenco<\/em>, obra tenida durante a\u00f1os por <em>la Biblia del flamenco<\/em>, cuando no es sino un ensayo sin ning\u00fan rigor y totalmente tendencioso.<\/p>\n<p>Ricardo Molina no fue jam\u00e1s un investigador del flamenco, y Antonio Mairena se apoy\u00f3 demasiado en la tradici\u00f3n oral y se trag\u00f3 todas las trolas que le contaron los viejos gitanos, entre ellos <strong>Juan Talega<\/strong>, que de alg\u00fan modo fue para \u00e9l como Juanelo para Dem\u00f3filo. Defensores ambos, Molina y Mairena, de la divisi\u00f3n entre el cante andaluz y el cante gitano, se preocuparon poco de la figura fundamental de Frasco el Colorao, del que seguramente pudo tener informaci\u00f3n a trav\u00e9s de Juan Talega, puesto que su padre, <strong>Agust\u00edn Talega<\/strong>, era un gran amigo del Nitri y el sobrino del Fillo s\u00ed tuvo que tratar bastante al m\u00edtico cantaor que nos ocupa.<\/p>\n<p>Ojal\u00e1 hayamos acertado. Y si no es as\u00ed, seguramente aparecer\u00e1 alguien para desmentirlo. Si es un familiar mucho mejor, porque nos llevar\u00e1 a \u00e9l sin ning\u00fan problema. A un maestro decimon\u00f3nico que cantaba como nadie, dicen, esta seguiriya gitana, aunque \u00e9l no fuera gitano:<\/p>\n<p><em>\u00a0<\/em><\/p>\n<p><em>Por aquella ventana <\/em><br \/>\n<em>que al campo sal\u00eda <\/em><br \/>\n<em>le daba yo voces <\/em><br \/>\n<em>a la mare de mi alma <\/em><br \/>\n<em>y no me respond\u00eda<\/em>.<\/p>\n<p>&nbsp;<\/p>\n<p>Hemos tenido un primer acercamiento a este m\u00edtico cantaor. Habr\u00e1 que seguir investigando para comprobar si tuvo tanta relaci\u00f3n con C\u00e1diz como pensamos y qu\u00e9 hizo en ochenta y ocho a\u00f1os de vida.<\/p>\n<p>&nbsp;<\/p>\n<p>Ver aqu\u00ed <a href=\"https:\/\/www.expoflamenco.com\/archivo\/clasicos-cante-jondo\/frasco-el-colorao-la-pieza-clave-1\" target=\"_blank\" rel=\"noopener noreferrer\">la primera entrega<\/a> de este estudio sobre <strong>Frasco el Colorao<\/strong>.<\/p>\n<p>&nbsp;<\/p>\n<div id=\"attachment_19563\" style=\"width: 1778px\" class=\"wp-caption alignnone\"><a href=\"https:\/\/www.expoflamenco.com\/archivo\/wp-content\/uploads\/2020\/05\/expoflamenco-partida-defuncion-frasco-el-colorao-1888-archivo-manuel-bohorquez.jpg\"><img loading=\"lazy\" decoding=\"async\" aria-describedby=\"caption-attachment-19563\" class=\"size-full wp-image-19563\" src=\"https:\/\/www.expoflamenco.com\/archivo\/wp-content\/uploads\/2020\/05\/expoflamenco-partida-defuncion-frasco-el-colorao-1888-archivo-manuel-bohorquez.jpg\" alt=\"Partida de defunci\u00f3n de Frasco el Colorao (1888). Archivo Manuel Boh\u00f3rquez.\" width=\"1768\" height=\"1534\" srcset=\"https:\/\/expoflamenco.com\/archivo\/wp-content\/uploads\/2020\/05\/expoflamenco-partida-defuncion-frasco-el-colorao-1888-archivo-manuel-bohorquez.jpg 1768w, https:\/\/expoflamenco.com\/archivo\/wp-content\/uploads\/2020\/05\/expoflamenco-partida-defuncion-frasco-el-colorao-1888-archivo-manuel-bohorquez-300x260.jpg 300w, https:\/\/expoflamenco.com\/archivo\/wp-content\/uploads\/2020\/05\/expoflamenco-partida-defuncion-frasco-el-colorao-1888-archivo-manuel-bohorquez-1024x888.jpg 1024w, https:\/\/expoflamenco.com\/archivo\/wp-content\/uploads\/2020\/05\/expoflamenco-partida-defuncion-frasco-el-colorao-1888-archivo-manuel-bohorquez-768x666.jpg 768w, https:\/\/expoflamenco.com\/archivo\/wp-content\/uploads\/2020\/05\/expoflamenco-partida-defuncion-frasco-el-colorao-1888-archivo-manuel-bohorquez-1536x1333.jpg 1536w, https:\/\/expoflamenco.com\/archivo\/wp-content\/uploads\/2020\/05\/expoflamenco-partida-defuncion-frasco-el-colorao-1888-archivo-manuel-bohorquez-1300x1128.jpg 1300w, https:\/\/expoflamenco.com\/archivo\/wp-content\/uploads\/2020\/05\/expoflamenco-partida-defuncion-frasco-el-colorao-1888-archivo-manuel-bohorquez-600x521.jpg 600w\" sizes=\"auto, (max-width: 1768px) 100vw, 1768px\" \/><\/a><p id=\"caption-attachment-19563\" class=\"wp-caption-text\">Partida de defunci\u00f3n de Frasco el Colorao (1888). Archivo Manuel Boh\u00f3rquez.<\/p><\/div>\n<p>&nbsp;<\/p>\n<div id=\"attachment_19577\" style=\"width: 1550px\" class=\"wp-caption alignnone\"><a href=\"https:\/\/www.expoflamenco.com\/archivo\/wp-content\/uploads\/2020\/05\/expoflamenco-elias-colorado-hijo-frasco-colorao-archivo-manuel-bohorquez.jpg\"><img loading=\"lazy\" decoding=\"async\" aria-describedby=\"caption-attachment-19577\" class=\"size-full wp-image-19577\" src=\"https:\/\/www.expoflamenco.com\/archivo\/wp-content\/uploads\/2020\/05\/expoflamenco-elias-colorado-hijo-frasco-colorao-archivo-manuel-bohorquez.jpg\" alt=\"Partida de nacimiento de El\u00edas, hijo de Frasco el Colorao. C\/ Lamona, Marchena, 1843. Archivo Manuel Boh\u00f3rquez.\" width=\"1540\" height=\"1132\" srcset=\"https:\/\/expoflamenco.com\/archivo\/wp-content\/uploads\/2020\/05\/expoflamenco-elias-colorado-hijo-frasco-colorao-archivo-manuel-bohorquez.jpg 1540w, https:\/\/expoflamenco.com\/archivo\/wp-content\/uploads\/2020\/05\/expoflamenco-elias-colorado-hijo-frasco-colorao-archivo-manuel-bohorquez-300x221.jpg 300w, https:\/\/expoflamenco.com\/archivo\/wp-content\/uploads\/2020\/05\/expoflamenco-elias-colorado-hijo-frasco-colorao-archivo-manuel-bohorquez-1024x753.jpg 1024w, https:\/\/expoflamenco.com\/archivo\/wp-content\/uploads\/2020\/05\/expoflamenco-elias-colorado-hijo-frasco-colorao-archivo-manuel-bohorquez-768x565.jpg 768w, https:\/\/expoflamenco.com\/archivo\/wp-content\/uploads\/2020\/05\/expoflamenco-elias-colorado-hijo-frasco-colorao-archivo-manuel-bohorquez-1536x1129.jpg 1536w, https:\/\/expoflamenco.com\/archivo\/wp-content\/uploads\/2020\/05\/expoflamenco-elias-colorado-hijo-frasco-colorao-archivo-manuel-bohorquez-1300x956.jpg 1300w, https:\/\/expoflamenco.com\/archivo\/wp-content\/uploads\/2020\/05\/expoflamenco-elias-colorado-hijo-frasco-colorao-archivo-manuel-bohorquez-600x441.jpg 600w\" sizes=\"auto, (max-width: 1540px) 100vw, 1540px\" \/><\/a><p id=\"caption-attachment-19577\" class=\"wp-caption-text\">Partida de nacimiento de El\u00edas, hijo de Frasco el Colorao. C\/ Lamona, Marchena, 1843. Archivo Manuel Boh\u00f3rquez.<\/p><\/div>\n<p>&nbsp;<\/p>\n<div id=\"attachment_19579\" style=\"width: 1024px\" class=\"wp-caption alignnone\"><a href=\"https:\/\/www.expoflamenco.com\/archivo\/wp-content\/uploads\/2020\/05\/expoflamenco-quinta-juan-colorado-1858-archivo-bohorquez.jpg\"><img loading=\"lazy\" decoding=\"async\" aria-describedby=\"caption-attachment-19579\" class=\"size-full wp-image-19579\" src=\"https:\/\/www.expoflamenco.com\/archivo\/wp-content\/uploads\/2020\/05\/expoflamenco-quinta-juan-colorado-1858-archivo-bohorquez.jpg\" alt=\"\" width=\"1014\" height=\"1500\" srcset=\"https:\/\/expoflamenco.com\/archivo\/wp-content\/uploads\/2020\/05\/expoflamenco-quinta-juan-colorado-1858-archivo-bohorquez.jpg 1014w, https:\/\/expoflamenco.com\/archivo\/wp-content\/uploads\/2020\/05\/expoflamenco-quinta-juan-colorado-1858-archivo-bohorquez-203x300.jpg 203w, https:\/\/expoflamenco.com\/archivo\/wp-content\/uploads\/2020\/05\/expoflamenco-quinta-juan-colorado-1858-archivo-bohorquez-692x1024.jpg 692w, https:\/\/expoflamenco.com\/archivo\/wp-content\/uploads\/2020\/05\/expoflamenco-quinta-juan-colorado-1858-archivo-bohorquez-768x1136.jpg 768w, https:\/\/expoflamenco.com\/archivo\/wp-content\/uploads\/2020\/05\/expoflamenco-quinta-juan-colorado-1858-archivo-bohorquez-600x888.jpg 600w\" sizes=\"auto, (max-width: 1014px) 100vw, 1014px\" \/><\/a><p id=\"caption-attachment-19579\" class=\"wp-caption-text\">Quinta de Manuel Colorado, hijo de Frasco el Colorao. Alega que su padre est\u00e1 impedido para no incorporarse a filas. Archivo Manuel Boh\u00f3rquez.<\/p><\/div>\n<p>&nbsp;<\/p>\n<div id=\"attachment_19581\" style=\"width: 1591px\" class=\"wp-caption alignnone\"><a href=\"https:\/\/www.expoflamenco.com\/archivo\/wp-content\/uploads\/2020\/05\/expoflamenco-antonia-hija-frasco-colorao-archivo-manuel-bohorquez.jpg\"><img loading=\"lazy\" decoding=\"async\" aria-describedby=\"caption-attachment-19581\" class=\"size-full wp-image-19581\" src=\"https:\/\/www.expoflamenco.com\/archivo\/wp-content\/uploads\/2020\/05\/expoflamenco-antonia-hija-frasco-colorao-archivo-manuel-bohorquez.jpg\" alt=\"Partida de nacimiento de Antonia, hija de Frasco el Colorao. Plaza de Hortelanos, Marchena, 1841. Archivo Manuel Boh\u00f3rquez.\" width=\"1581\" height=\"1099\" srcset=\"https:\/\/expoflamenco.com\/archivo\/wp-content\/uploads\/2020\/05\/expoflamenco-antonia-hija-frasco-colorao-archivo-manuel-bohorquez.jpg 1581w, https:\/\/expoflamenco.com\/archivo\/wp-content\/uploads\/2020\/05\/expoflamenco-antonia-hija-frasco-colorao-archivo-manuel-bohorquez-300x209.jpg 300w, https:\/\/expoflamenco.com\/archivo\/wp-content\/uploads\/2020\/05\/expoflamenco-antonia-hija-frasco-colorao-archivo-manuel-bohorquez-1024x712.jpg 1024w, https:\/\/expoflamenco.com\/archivo\/wp-content\/uploads\/2020\/05\/expoflamenco-antonia-hija-frasco-colorao-archivo-manuel-bohorquez-768x534.jpg 768w, https:\/\/expoflamenco.com\/archivo\/wp-content\/uploads\/2020\/05\/expoflamenco-antonia-hija-frasco-colorao-archivo-manuel-bohorquez-1536x1068.jpg 1536w, https:\/\/expoflamenco.com\/archivo\/wp-content\/uploads\/2020\/05\/expoflamenco-antonia-hija-frasco-colorao-archivo-manuel-bohorquez-1300x904.jpg 1300w, https:\/\/expoflamenco.com\/archivo\/wp-content\/uploads\/2020\/05\/expoflamenco-antonia-hija-frasco-colorao-archivo-manuel-bohorquez-600x417.jpg 600w\" sizes=\"auto, (max-width: 1581px) 100vw, 1581px\" \/><\/a><p id=\"caption-attachment-19581\" class=\"wp-caption-text\">Partida de nacimiento de Antonia, hija de Frasco el Colorao. Plaza de Hortelanos, Marchena, 1841. Archivo Manuel Boh\u00f3rquez.<\/p><\/div>\n<p>&nbsp;<\/p>\n","protected":false},"excerpt":{"rendered":"<p>Es dif\u00edcil asegurar si el Francisco Colorado P\u00e9rez que vivi\u00f3 tantos a\u00f1os en Triana era o no el m\u00edtico Frasco el Colorao. Era de la \u00e9poca en la que siempre hab\u00eda sido situado. Se dijo que muri\u00f3 muy anciano y Francisco Colorado falleci\u00f3 con cerca de 90 a\u00f1os. Ojal\u00e1 hayamos acertado. Y si no es as\u00ed, aparecer\u00e1 alguien para desmentirlo.<\/p>\n","protected":false},"author":6,"featured_media":19571,"comment_status":"open","ping_status":"open","sticky":false,"template":"","format":"standard","meta":{"ngg_post_thumbnail":0,"footnotes":""},"categories":[2499],"tags":[192,76,2585,2605],"class_list":["post-19559","post","type-post","status-publish","format-standard","has-post-thumbnail","hentry","category-clasicos-cante-jondo","tag-cantaor","tag-flamenco","tag-frasco-el-colorao","tag-pioneros-cante-flamenco"],"yoast_head":"<!-- This site is optimized with the Yoast SEO plugin v27.4 - https:\/\/yoast.com\/product\/yoast-seo-wordpress\/ -->\n<title>Frasco el Colorao, la pieza clave (y 2) - Archivo Expoflamenco<\/title>\n<meta name=\"robots\" content=\"index, follow, max-snippet:-1, max-image-preview:large, max-video-preview:-1\" \/>\n<link rel=\"canonical\" href=\"https:\/\/expoflamenco.com\/archivo\/clasicos-cante-jondo\/frasco-el-colorao-la-pieza-clave-y-2\/\" \/>\n<meta property=\"og:locale\" content=\"es_ES\" \/>\n<meta property=\"og:type\" content=\"article\" \/>\n<meta property=\"og:title\" content=\"Frasco el Colorao, la pieza clave (y 2) - Archivo Expoflamenco\" \/>\n<meta property=\"og:description\" content=\"Es dif\u00edcil asegurar si el Francisco Colorado P\u00e9rez que vivi\u00f3 tantos a\u00f1os en Triana era o no el m\u00edtico Frasco el Colorao. Era de la \u00e9poca en la que siempre hab\u00eda sido situado. Se dijo que muri\u00f3 muy anciano y Francisco Colorado falleci\u00f3 con cerca de 90 a\u00f1os. Ojal\u00e1 hayamos acertado. Y si no es as\u00ed, aparecer\u00e1 alguien para desmentirlo.\" \/>\n<meta property=\"og:url\" content=\"https:\/\/expoflamenco.com\/archivo\/clasicos-cante-jondo\/frasco-el-colorao-la-pieza-clave-y-2\/\" \/>\n<meta property=\"og:site_name\" content=\"Archivo Expoflamenco\" \/>\n<meta property=\"article:publisher\" content=\"https:\/\/www.facebook.com\/ExpoFlamenco\" \/>\n<meta property=\"article:published_time\" content=\"2020-05-18T09:22:35+00:00\" \/>\n<meta property=\"article:modified_time\" content=\"2020-05-18T20:14:49+00:00\" \/>\n<meta property=\"og:image\" content=\"https:\/\/expoflamenco.com\/archivo\/wp-content\/uploads\/2020\/05\/expoflamenco-serie-oro-frasco-el-colorao-1.jpg\" \/>\n\t<meta property=\"og:image:width\" content=\"1300\" \/>\n\t<meta property=\"og:image:height\" content=\"800\" \/>\n\t<meta property=\"og:image:type\" content=\"image\/jpeg\" \/>\n<meta name=\"author\" content=\"Manuel Boh\u00f3rquez\" \/>\n<meta name=\"twitter:card\" content=\"summary_large_image\" \/>\n<meta name=\"twitter:creator\" content=\"@expoflamenco1\" \/>\n<meta name=\"twitter:site\" content=\"@expoflamenco1\" \/>\n<meta name=\"twitter:label1\" content=\"Escrito por\" \/>\n\t<meta name=\"twitter:data1\" content=\"Manuel Boh\u00f3rquez\" \/>\n\t<meta name=\"twitter:label2\" content=\"Tiempo de lectura\" \/>\n\t<meta name=\"twitter:data2\" content=\"12 minutos\" \/>\n<script type=\"application\/ld+json\" class=\"yoast-schema-graph\">{\"@context\":\"https:\\\/\\\/schema.org\",\"@graph\":[{\"@type\":\"Article\",\"@id\":\"https:\\\/\\\/expoflamenco.com\\\/archivo\\\/clasicos-cante-jondo\\\/frasco-el-colorao-la-pieza-clave-y-2\\\/#article\",\"isPartOf\":{\"@id\":\"https:\\\/\\\/expoflamenco.com\\\/archivo\\\/clasicos-cante-jondo\\\/frasco-el-colorao-la-pieza-clave-y-2\\\/\"},\"author\":{\"name\":\"Manuel Boh\u00f3rquez\",\"@id\":\"https:\\\/\\\/expoflamenco.com\\\/archivo\\\/#\\\/schema\\\/person\\\/608d65b2c159f7b5b632f1365c15030f\"},\"headline\":\"Frasco el Colorao, la pieza clave (y 2)\",\"datePublished\":\"2020-05-18T09:22:35+00:00\",\"dateModified\":\"2020-05-18T20:14:49+00:00\",\"mainEntityOfPage\":{\"@id\":\"https:\\\/\\\/expoflamenco.com\\\/archivo\\\/clasicos-cante-jondo\\\/frasco-el-colorao-la-pieza-clave-y-2\\\/\"},\"wordCount\":2393,\"commentCount\":0,\"publisher\":{\"@id\":\"https:\\\/\\\/expoflamenco.com\\\/archivo\\\/#organization\"},\"image\":{\"@id\":\"https:\\\/\\\/expoflamenco.com\\\/archivo\\\/clasicos-cante-jondo\\\/frasco-el-colorao-la-pieza-clave-y-2\\\/#primaryimage\"},\"thumbnailUrl\":\"https:\\\/\\\/expoflamenco.com\\\/archivo\\\/wp-content\\\/uploads\\\/2020\\\/05\\\/expoflamenco-serie-oro-frasco-el-colorao-1.jpg\",\"keywords\":[\"Cantaor\",\"flamenco\",\"Frasco el Colorao\",\"pioneros cante flamenco\"],\"articleSection\":[\"Serie Oro\"],\"inLanguage\":\"es\",\"potentialAction\":[{\"@type\":\"CommentAction\",\"name\":\"Comment\",\"target\":[\"https:\\\/\\\/expoflamenco.com\\\/archivo\\\/clasicos-cante-jondo\\\/frasco-el-colorao-la-pieza-clave-y-2\\\/#respond\"]}]},{\"@type\":\"WebPage\",\"@id\":\"https:\\\/\\\/expoflamenco.com\\\/archivo\\\/clasicos-cante-jondo\\\/frasco-el-colorao-la-pieza-clave-y-2\\\/\",\"url\":\"https:\\\/\\\/expoflamenco.com\\\/archivo\\\/clasicos-cante-jondo\\\/frasco-el-colorao-la-pieza-clave-y-2\\\/\",\"name\":\"Frasco el Colorao, la pieza clave (y 2) - Archivo Expoflamenco\",\"isPartOf\":{\"@id\":\"https:\\\/\\\/expoflamenco.com\\\/archivo\\\/#website\"},\"primaryImageOfPage\":{\"@id\":\"https:\\\/\\\/expoflamenco.com\\\/archivo\\\/clasicos-cante-jondo\\\/frasco-el-colorao-la-pieza-clave-y-2\\\/#primaryimage\"},\"image\":{\"@id\":\"https:\\\/\\\/expoflamenco.com\\\/archivo\\\/clasicos-cante-jondo\\\/frasco-el-colorao-la-pieza-clave-y-2\\\/#primaryimage\"},\"thumbnailUrl\":\"https:\\\/\\\/expoflamenco.com\\\/archivo\\\/wp-content\\\/uploads\\\/2020\\\/05\\\/expoflamenco-serie-oro-frasco-el-colorao-1.jpg\",\"datePublished\":\"2020-05-18T09:22:35+00:00\",\"dateModified\":\"2020-05-18T20:14:49+00:00\",\"breadcrumb\":{\"@id\":\"https:\\\/\\\/expoflamenco.com\\\/archivo\\\/clasicos-cante-jondo\\\/frasco-el-colorao-la-pieza-clave-y-2\\\/#breadcrumb\"},\"inLanguage\":\"es\",\"potentialAction\":[{\"@type\":\"ReadAction\",\"target\":[\"https:\\\/\\\/expoflamenco.com\\\/archivo\\\/clasicos-cante-jondo\\\/frasco-el-colorao-la-pieza-clave-y-2\\\/\"]}]},{\"@type\":\"ImageObject\",\"inLanguage\":\"es\",\"@id\":\"https:\\\/\\\/expoflamenco.com\\\/archivo\\\/clasicos-cante-jondo\\\/frasco-el-colorao-la-pieza-clave-y-2\\\/#primaryimage\",\"url\":\"https:\\\/\\\/expoflamenco.com\\\/archivo\\\/wp-content\\\/uploads\\\/2020\\\/05\\\/expoflamenco-serie-oro-frasco-el-colorao-1.jpg\",\"contentUrl\":\"https:\\\/\\\/expoflamenco.com\\\/archivo\\\/wp-content\\\/uploads\\\/2020\\\/05\\\/expoflamenco-serie-oro-frasco-el-colorao-1.jpg\",\"width\":1300,\"height\":800},{\"@type\":\"BreadcrumbList\",\"@id\":\"https:\\\/\\\/expoflamenco.com\\\/archivo\\\/clasicos-cante-jondo\\\/frasco-el-colorao-la-pieza-clave-y-2\\\/#breadcrumb\",\"itemListElement\":[{\"@type\":\"ListItem\",\"position\":1,\"name\":\"Inicio\",\"item\":\"https:\\\/\\\/expoflamenco.com\\\/archivo\\\/\"},{\"@type\":\"ListItem\",\"position\":2,\"name\":\"Frasco el Colorao, la pieza clave (y 2)\"}]},{\"@type\":\"WebSite\",\"@id\":\"https:\\\/\\\/expoflamenco.com\\\/archivo\\\/#website\",\"url\":\"https:\\\/\\\/expoflamenco.com\\\/archivo\\\/\",\"name\":\"Archivo Expoflamenco\",\"description\":\"Portal de arte flamenco: noticias, entrevistas, blogs, cr\u00edticas, investigaci\u00f3n\",\"publisher\":{\"@id\":\"https:\\\/\\\/expoflamenco.com\\\/archivo\\\/#organization\"},\"potentialAction\":[{\"@type\":\"SearchAction\",\"target\":{\"@type\":\"EntryPoint\",\"urlTemplate\":\"https:\\\/\\\/expoflamenco.com\\\/archivo\\\/?s={search_term_string}\"},\"query-input\":{\"@type\":\"PropertyValueSpecification\",\"valueRequired\":true,\"valueName\":\"search_term_string\"}}],\"inLanguage\":\"es\"},{\"@type\":\"Organization\",\"@id\":\"https:\\\/\\\/expoflamenco.com\\\/archivo\\\/#organization\",\"name\":\"Expoflamenco\",\"url\":\"https:\\\/\\\/expoflamenco.com\\\/archivo\\\/\",\"logo\":{\"@type\":\"ImageObject\",\"inLanguage\":\"es\",\"@id\":\"https:\\\/\\\/expoflamenco.com\\\/archivo\\\/#\\\/schema\\\/logo\\\/image\\\/\",\"url\":\"https:\\\/\\\/www.expoflamenco.com\\\/archivo\\\/wp-content\\\/uploads\\\/2022\\\/11\\\/banner-cabecera-mobile.jpg\",\"contentUrl\":\"https:\\\/\\\/www.expoflamenco.com\\\/archivo\\\/wp-content\\\/uploads\\\/2022\\\/11\\\/banner-cabecera-mobile.jpg\",\"width\":299,\"height\":75,\"caption\":\"Expoflamenco\"},\"image\":{\"@id\":\"https:\\\/\\\/expoflamenco.com\\\/archivo\\\/#\\\/schema\\\/logo\\\/image\\\/\"},\"sameAs\":[\"https:\\\/\\\/www.facebook.com\\\/ExpoFlamenco\",\"https:\\\/\\\/x.com\\\/expoflamenco1\",\"https:\\\/\\\/www.instagram.com\\\/expoflamenco\\\/\",\"https:\\\/\\\/www.youtube.com\\\/expoflamenco\"]},{\"@type\":\"Person\",\"@id\":\"https:\\\/\\\/expoflamenco.com\\\/archivo\\\/#\\\/schema\\\/person\\\/608d65b2c159f7b5b632f1365c15030f\",\"name\":\"Manuel Boh\u00f3rquez\",\"image\":{\"@type\":\"ImageObject\",\"inLanguage\":\"es\",\"@id\":\"https:\\\/\\\/secure.gravatar.com\\\/avatar\\\/e4c8fcbcd4cb54196f6756c157a4aba7f9698d5a2261e73a15b5bf66f4495366?s=96&r=g\",\"url\":\"https:\\\/\\\/secure.gravatar.com\\\/avatar\\\/e4c8fcbcd4cb54196f6756c157a4aba7f9698d5a2261e73a15b5bf66f4495366?s=96&r=g\",\"contentUrl\":\"https:\\\/\\\/secure.gravatar.com\\\/avatar\\\/e4c8fcbcd4cb54196f6756c157a4aba7f9698d5a2261e73a15b5bf66f4495366?s=96&r=g\",\"caption\":\"Manuel Boh\u00f3rquez\"},\"description\":\"Arahal, Sevilla, 1958. Cr\u00edtico de flamenco, periodista y escritor. 40 a\u00f1os de investigaci\u00f3n flamenca en El Correo de Andaluc\u00eda. Autor de biograf\u00edas de la Ni\u00f1a de los Peines, Carbonerillo, Manuel Escacena, Tom\u00e1s Pav\u00f3n, Fernando el de Triana, Manuel Gerena, Canario de \u00c1lora...\",\"sameAs\":[\"http:\\\/\\\/www.manuelbohorquez.com\"],\"url\":\"https:\\\/\\\/expoflamenco.com\\\/archivo\\\/author\\\/manuelbohorquez\\\/\"}]}<\/script>\n<!-- \/ Yoast SEO plugin. -->","yoast_head_json":{"title":"Frasco el Colorao, la pieza clave (y 2) - Archivo Expoflamenco","robots":{"index":"index","follow":"follow","max-snippet":"max-snippet:-1","max-image-preview":"max-image-preview:large","max-video-preview":"max-video-preview:-1"},"canonical":"https:\/\/expoflamenco.com\/archivo\/clasicos-cante-jondo\/frasco-el-colorao-la-pieza-clave-y-2\/","og_locale":"es_ES","og_type":"article","og_title":"Frasco el Colorao, la pieza clave (y 2) - Archivo Expoflamenco","og_description":"Es dif\u00edcil asegurar si el Francisco Colorado P\u00e9rez que vivi\u00f3 tantos a\u00f1os en Triana era o no el m\u00edtico Frasco el Colorao. Era de la \u00e9poca en la que siempre hab\u00eda sido situado. Se dijo que muri\u00f3 muy anciano y Francisco Colorado falleci\u00f3 con cerca de 90 a\u00f1os. Ojal\u00e1 hayamos acertado. Y si no es as\u00ed, aparecer\u00e1 alguien para desmentirlo.","og_url":"https:\/\/expoflamenco.com\/archivo\/clasicos-cante-jondo\/frasco-el-colorao-la-pieza-clave-y-2\/","og_site_name":"Archivo Expoflamenco","article_publisher":"https:\/\/www.facebook.com\/ExpoFlamenco","article_published_time":"2020-05-18T09:22:35+00:00","article_modified_time":"2020-05-18T20:14:49+00:00","og_image":[{"width":1300,"height":800,"url":"https:\/\/expoflamenco.com\/archivo\/wp-content\/uploads\/2020\/05\/expoflamenco-serie-oro-frasco-el-colorao-1.jpg","type":"image\/jpeg"}],"author":"Manuel Boh\u00f3rquez","twitter_card":"summary_large_image","twitter_creator":"@expoflamenco1","twitter_site":"@expoflamenco1","twitter_misc":{"Escrito por":"Manuel Boh\u00f3rquez","Tiempo de lectura":"12 minutos"},"schema":{"@context":"https:\/\/schema.org","@graph":[{"@type":"Article","@id":"https:\/\/expoflamenco.com\/archivo\/clasicos-cante-jondo\/frasco-el-colorao-la-pieza-clave-y-2\/#article","isPartOf":{"@id":"https:\/\/expoflamenco.com\/archivo\/clasicos-cante-jondo\/frasco-el-colorao-la-pieza-clave-y-2\/"},"author":{"name":"Manuel Boh\u00f3rquez","@id":"https:\/\/expoflamenco.com\/archivo\/#\/schema\/person\/608d65b2c159f7b5b632f1365c15030f"},"headline":"Frasco el Colorao, la pieza clave (y 2)","datePublished":"2020-05-18T09:22:35+00:00","dateModified":"2020-05-18T20:14:49+00:00","mainEntityOfPage":{"@id":"https:\/\/expoflamenco.com\/archivo\/clasicos-cante-jondo\/frasco-el-colorao-la-pieza-clave-y-2\/"},"wordCount":2393,"commentCount":0,"publisher":{"@id":"https:\/\/expoflamenco.com\/archivo\/#organization"},"image":{"@id":"https:\/\/expoflamenco.com\/archivo\/clasicos-cante-jondo\/frasco-el-colorao-la-pieza-clave-y-2\/#primaryimage"},"thumbnailUrl":"https:\/\/expoflamenco.com\/archivo\/wp-content\/uploads\/2020\/05\/expoflamenco-serie-oro-frasco-el-colorao-1.jpg","keywords":["Cantaor","flamenco","Frasco el Colorao","pioneros cante flamenco"],"articleSection":["Serie Oro"],"inLanguage":"es","potentialAction":[{"@type":"CommentAction","name":"Comment","target":["https:\/\/expoflamenco.com\/archivo\/clasicos-cante-jondo\/frasco-el-colorao-la-pieza-clave-y-2\/#respond"]}]},{"@type":"WebPage","@id":"https:\/\/expoflamenco.com\/archivo\/clasicos-cante-jondo\/frasco-el-colorao-la-pieza-clave-y-2\/","url":"https:\/\/expoflamenco.com\/archivo\/clasicos-cante-jondo\/frasco-el-colorao-la-pieza-clave-y-2\/","name":"Frasco el Colorao, la pieza clave (y 2) - Archivo Expoflamenco","isPartOf":{"@id":"https:\/\/expoflamenco.com\/archivo\/#website"},"primaryImageOfPage":{"@id":"https:\/\/expoflamenco.com\/archivo\/clasicos-cante-jondo\/frasco-el-colorao-la-pieza-clave-y-2\/#primaryimage"},"image":{"@id":"https:\/\/expoflamenco.com\/archivo\/clasicos-cante-jondo\/frasco-el-colorao-la-pieza-clave-y-2\/#primaryimage"},"thumbnailUrl":"https:\/\/expoflamenco.com\/archivo\/wp-content\/uploads\/2020\/05\/expoflamenco-serie-oro-frasco-el-colorao-1.jpg","datePublished":"2020-05-18T09:22:35+00:00","dateModified":"2020-05-18T20:14:49+00:00","breadcrumb":{"@id":"https:\/\/expoflamenco.com\/archivo\/clasicos-cante-jondo\/frasco-el-colorao-la-pieza-clave-y-2\/#breadcrumb"},"inLanguage":"es","potentialAction":[{"@type":"ReadAction","target":["https:\/\/expoflamenco.com\/archivo\/clasicos-cante-jondo\/frasco-el-colorao-la-pieza-clave-y-2\/"]}]},{"@type":"ImageObject","inLanguage":"es","@id":"https:\/\/expoflamenco.com\/archivo\/clasicos-cante-jondo\/frasco-el-colorao-la-pieza-clave-y-2\/#primaryimage","url":"https:\/\/expoflamenco.com\/archivo\/wp-content\/uploads\/2020\/05\/expoflamenco-serie-oro-frasco-el-colorao-1.jpg","contentUrl":"https:\/\/expoflamenco.com\/archivo\/wp-content\/uploads\/2020\/05\/expoflamenco-serie-oro-frasco-el-colorao-1.jpg","width":1300,"height":800},{"@type":"BreadcrumbList","@id":"https:\/\/expoflamenco.com\/archivo\/clasicos-cante-jondo\/frasco-el-colorao-la-pieza-clave-y-2\/#breadcrumb","itemListElement":[{"@type":"ListItem","position":1,"name":"Inicio","item":"https:\/\/expoflamenco.com\/archivo\/"},{"@type":"ListItem","position":2,"name":"Frasco el Colorao, la pieza clave (y 2)"}]},{"@type":"WebSite","@id":"https:\/\/expoflamenco.com\/archivo\/#website","url":"https:\/\/expoflamenco.com\/archivo\/","name":"Archivo Expoflamenco","description":"Portal de arte flamenco: noticias, entrevistas, blogs, cr\u00edticas, investigaci\u00f3n","publisher":{"@id":"https:\/\/expoflamenco.com\/archivo\/#organization"},"potentialAction":[{"@type":"SearchAction","target":{"@type":"EntryPoint","urlTemplate":"https:\/\/expoflamenco.com\/archivo\/?s={search_term_string}"},"query-input":{"@type":"PropertyValueSpecification","valueRequired":true,"valueName":"search_term_string"}}],"inLanguage":"es"},{"@type":"Organization","@id":"https:\/\/expoflamenco.com\/archivo\/#organization","name":"Expoflamenco","url":"https:\/\/expoflamenco.com\/archivo\/","logo":{"@type":"ImageObject","inLanguage":"es","@id":"https:\/\/expoflamenco.com\/archivo\/#\/schema\/logo\/image\/","url":"https:\/\/www.expoflamenco.com\/archivo\/wp-content\/uploads\/2022\/11\/banner-cabecera-mobile.jpg","contentUrl":"https:\/\/www.expoflamenco.com\/archivo\/wp-content\/uploads\/2022\/11\/banner-cabecera-mobile.jpg","width":299,"height":75,"caption":"Expoflamenco"},"image":{"@id":"https:\/\/expoflamenco.com\/archivo\/#\/schema\/logo\/image\/"},"sameAs":["https:\/\/www.facebook.com\/ExpoFlamenco","https:\/\/x.com\/expoflamenco1","https:\/\/www.instagram.com\/expoflamenco\/","https:\/\/www.youtube.com\/expoflamenco"]},{"@type":"Person","@id":"https:\/\/expoflamenco.com\/archivo\/#\/schema\/person\/608d65b2c159f7b5b632f1365c15030f","name":"Manuel Boh\u00f3rquez","image":{"@type":"ImageObject","inLanguage":"es","@id":"https:\/\/secure.gravatar.com\/avatar\/e4c8fcbcd4cb54196f6756c157a4aba7f9698d5a2261e73a15b5bf66f4495366?s=96&r=g","url":"https:\/\/secure.gravatar.com\/avatar\/e4c8fcbcd4cb54196f6756c157a4aba7f9698d5a2261e73a15b5bf66f4495366?s=96&r=g","contentUrl":"https:\/\/secure.gravatar.com\/avatar\/e4c8fcbcd4cb54196f6756c157a4aba7f9698d5a2261e73a15b5bf66f4495366?s=96&r=g","caption":"Manuel Boh\u00f3rquez"},"description":"Arahal, Sevilla, 1958. Cr\u00edtico de flamenco, periodista y escritor. 40 a\u00f1os de investigaci\u00f3n flamenca en El Correo de Andaluc\u00eda. Autor de biograf\u00edas de la Ni\u00f1a de los Peines, Carbonerillo, Manuel Escacena, Tom\u00e1s Pav\u00f3n, Fernando el de Triana, Manuel Gerena, Canario de \u00c1lora...","sameAs":["http:\/\/www.manuelbohorquez.com"],"url":"https:\/\/expoflamenco.com\/archivo\/author\/manuelbohorquez\/"}]}},"_links":{"self":[{"href":"https:\/\/expoflamenco.com\/archivo\/wp-json\/wp\/v2\/posts\/19559","targetHints":{"allow":["GET"]}}],"collection":[{"href":"https:\/\/expoflamenco.com\/archivo\/wp-json\/wp\/v2\/posts"}],"about":[{"href":"https:\/\/expoflamenco.com\/archivo\/wp-json\/wp\/v2\/types\/post"}],"author":[{"embeddable":true,"href":"https:\/\/expoflamenco.com\/archivo\/wp-json\/wp\/v2\/users\/6"}],"replies":[{"embeddable":true,"href":"https:\/\/expoflamenco.com\/archivo\/wp-json\/wp\/v2\/comments?post=19559"}],"version-history":[{"count":11,"href":"https:\/\/expoflamenco.com\/archivo\/wp-json\/wp\/v2\/posts\/19559\/revisions"}],"predecessor-version":[{"id":19588,"href":"https:\/\/expoflamenco.com\/archivo\/wp-json\/wp\/v2\/posts\/19559\/revisions\/19588"}],"wp:featuredmedia":[{"embeddable":true,"href":"https:\/\/expoflamenco.com\/archivo\/wp-json\/wp\/v2\/media\/19571"}],"wp:attachment":[{"href":"https:\/\/expoflamenco.com\/archivo\/wp-json\/wp\/v2\/media?parent=19559"}],"wp:term":[{"taxonomy":"category","embeddable":true,"href":"https:\/\/expoflamenco.com\/archivo\/wp-json\/wp\/v2\/categories?post=19559"},{"taxonomy":"post_tag","embeddable":true,"href":"https:\/\/expoflamenco.com\/archivo\/wp-json\/wp\/v2\/tags?post=19559"}],"curies":[{"name":"wp","href":"https:\/\/api.w.org\/{rel}","templated":true}]}}