{"id":19457,"date":"2020-05-11T10:20:42","date_gmt":"2020-05-11T08:20:42","guid":{"rendered":"https:\/\/www.expoflamenco.com\/archivo\/?p=19457"},"modified":"2020-05-11T10:20:42","modified_gmt":"2020-05-11T08:20:42","slug":"frasco-el-colorao-la-pieza-clave-1","status":"publish","type":"post","link":"https:\/\/expoflamenco.com\/archivo\/clasicos-cante-jondo\/frasco-el-colorao-la-pieza-clave-1\/","title":{"rendered":"Frasco el Colorao, la pieza clave (1)"},"content":{"rendered":"<p>Coinciden muchos afanosos flamenc\u00f3logos y artistas del cante en destacar la importancia del vetusto cantaor <strong>Frasco el Colorao<\/strong> en la historia del g\u00e9nero del jondo. Sin embargo, sigue siendo el gran desconocido de la amplia n\u00f3mina de int\u00e9rpretes del XIX. Ni siquiera se sabe con certeza absoluta de d\u00f3nde era natural este cantaor tan arcano y misterioso del que no se ocup\u00f3 <strong>Fernando el de Triana<\/strong> en su c\u00e9lebre tratado <em>Arte y artistas flamencos<\/em> (Madrid, 1935), libro al que hay que recurrir siempre para tratar sobre estos asuntos, pero con cierta cautela porque el venerable <em>Fernandillo el Nuestro<\/em> no era muy riguroso en los datos y su obra tiene importantes lagunas, con omisiones inaceptables de artistas que fueron fundamentales en nuestro arte.<\/p>\n<p>\u00bfNo resulta extra\u00f1o, si el Colorao era como dicen natural de Triana y fue tan importante como asegur\u00f3 <strong>Rafael Pareja<\/strong> en sus memorias, que Fernando no lo incluyera en su libro?<\/p>\n<p><strong>Fernando Rodr\u00edguez G\u00f3mez<\/strong> no naci\u00f3 en Triana, sino en la calle Pozo del barrio de San Luis (1867), cerca de la Macarena, pero siendo un ni\u00f1o se fue a vivir al arrabal sevillano y all\u00ed alcanz\u00f3 a conocer a <strong>Antonio Cagancho<\/strong> y a su hijo Manuel, al c\u00e9lebre <strong>Juan Pelao<\/strong>, a su a hermano Jos\u00e9, y a otros muchos fen\u00f3menos del cante trianero como fueron <strong>Ramoncillo el Ollero, Noriega el Viejo<\/strong> y <strong>Francisco la Perla<\/strong>. Era nieto del tambi\u00e9n cantaor <strong>Fernando G\u00f3mez <em>El Cachinero<\/em><\/strong>, quien lo introducir\u00eda en el cante flamenco, y del que se sabe muy poco. En Triana lo hacen trianero, pero no lo era; era un sevillano del casco antiguo.<\/p>\n<p>\u00bfHab\u00eda muerto ya Frasco el Colorao cuando Fernando se afinc\u00f3 en la calle Verbena, en la actualidad llamada Rodrigo de Triana? Y si hab\u00eda muerto poco antes de instalarse en Triana, \u00bfno hab\u00eda ya memoria de sus cantes entre los int\u00e9rpretes del barrio, si era tan buen maestro? Son preguntas inevitables a la hora de ocuparnos del famoso <em>pelirrojo<\/em>, sobre todo por la importancia que le dieron <strong>Antonio Machado,\u00a0Dem\u00f3filo<\/strong> y Rafael Pareja. \u00bfNo ser\u00e1 que no fue de Triana, sino de la provincia de C\u00e1diz, como el <strong>Planeta<\/strong> y el <strong>Fillo<\/strong>?<\/p>\n<p>&nbsp;<\/p>\n<h3>Un puertorreale\u00f1o en Triana<\/h3>\n<p>En Triana vivi\u00f3 durante cuarenta a\u00f1os un puertorreale\u00f1o llamado <strong>Francisco Colorado P\u00e9rez<\/strong>, casado con una viuda marchenera, Luisa Cort\u00e9s Romero, con la que tuvo varios hijos en el arrabal. Se hab\u00eda casado este Colorado en Marchena, en 1831, en la antiqu\u00edsima y hermosa Parroquia de San Sebasti\u00e1n. All\u00ed tuvieron dos hijos y los dem\u00e1s nacieron ya en Triana. Era de oficio zapatero y vivi\u00f3 casi siempre en la calle Verbena,\u00a0cerca de donde residieron los Cagancho, y en la misma calle donde vivi\u00f3 tambi\u00e9n <strong>Diego Fern\u00e1ndez Flores <em>El Lebrijano<\/em><\/strong>, otro de sus disc\u00edpulos, seg\u00fan Pareja. Curiosamente, Fernando tambi\u00e9n vivi\u00f3 en esta calle y coincidi\u00f3 con este Colorado.<\/p>\n<p>Si se llam\u00f3 Francisco y su primer apellido era Colorado, es m\u00e1s que probable que le llamaran <em>Frasco el Colorao<\/em>, como al tambi\u00e9n cantaor <strong>Jos\u00e9 Rodr\u00edguez <em>El Colorao<\/em><\/strong>, de la Macarena, le llamaban Colorao no porque fuera pelirrojo, sino porque en realidad ten\u00eda el de Colorado como segundo apellido. Llegamos a esta conclusi\u00f3n porque en Triana no vivi\u00f3 nunca nadie, al menos en XIX, que se llamara <strong>Francisco Ortega<\/strong> y que fuera natural de la localidad sevillana de Gelves, como hasta ahora se hab\u00eda asegurado.<\/p>\n<p>&nbsp;<\/p>\n<blockquote><p><em>\u00ab\u00bfHab\u00eda muerto ya Frasco el Colorao cuando Fernando el de Triana se afinc\u00f3 en la calle Verbena? Y si hab\u00eda muerto poco antes de instalarse en Triana, \u00bfno hab\u00eda ya memoria de sus cantes entre los int\u00e9rpretes del barrio, si era tan buen maestro? Son preguntas inevitables a la hora de ocuparnos del famoso pelirrojo\u00bb<\/em><\/p><\/blockquote>\n<p>&nbsp;<\/p>\n<p><strong>Daniel Pineda Novo<\/strong> se ocup\u00f3 de \u00e9l en su libro <em>Gelves entre la Historia y la Poes\u00eda<\/em> (Ayuntamiento de Gelves, 2005), pero, como de costumbre, sin resolver nada, solo reproduciendo opiniones ya muy conocidas y especulando bastante:<\/p>\n<p><em>Francisco, seguramente gitano y jornalero del campo, debi\u00f3 emigrar muy joven a\u00fan a Triana, buscando mejores horizontes laborales, y en el famoso arrabal cuaj\u00f3 como cantaor, convirti\u00e9ndose en uno de los m\u00e1s destacados seguiriyeros de su \u00e9poca, creador de un estilo personal, que ha llegado hasta nuestros d\u00edas. <\/em><\/p>\n<p>Acaba su breve e indocta biograf\u00eda refiri\u00e9ndose a su muerte:<\/p>\n<p><em>Frasco El Colorao muri\u00f3, pobre, en Sevilla, en una cama del Hospital Central, o de Las Cinco Llagas, hacia 1874.<\/em><\/p>\n<p>Y en una nota a pie de p\u00e1gina, concluye:<\/p>\n<p><em>Hemos visto los Libros de Defunciones de hombres, del Hospital Central o de Las Cinco Llagas, de Sevilla, desde el n\u00famero 117, y nos aparece un Francisco Ortega, que vivi\u00f3 en un corral de La Cava.<\/em><\/p>\n<p>&nbsp;<\/p>\n<p>\u00bfQui\u00e9n era ese Francisco Ortega? Si crey\u00f3 haberlo encontrado, \u00bfpor qu\u00e9 no investig\u00f3 algo m\u00e1s sobre \u00e9l, si era de Gelves y su esposa estaba emparentada con la mujer de Manuel Cagancho, como se ha asegurado siempre?<\/p>\n<p>Los \u00fanicos con ese nombre y apellidos fueron <strong>Curro Pabla<\/strong>, su sobrino <strong>Francisco Ortega Vargas<\/strong> \u2013el hijo de Antonio el Fillo\u2013 y un <strong>Francisco Ortega L\u00f3pez<\/strong> del Puerto de Santa Mar\u00eda, que era tambi\u00e9n de la familia del Fillo, concretamente un hijo de su hermano Andr\u00e9s. Por tanto, hermano de <strong>Tom\u00e1s el Nitri<\/strong>. Hubo otros Francisco Ortega en Triana, en el siglo XIX, pero una vez investigados los descartamos por una u otra raz\u00f3n. Esto nos hace pensar seriamente en que el tal <strong>Francisco Colorado P\u00e9rez<\/strong> fuese el c\u00e9lebre <em>Frasco el Colorao<\/em>.<\/p>\n<p>&nbsp;<\/p>\n<div id=\"attachment_19467\" style=\"width: 2010px\" class=\"wp-caption alignnone\"><a href=\"https:\/\/www.expoflamenco.com\/archivo\/wp-content\/uploads\/2020\/05\/expoflamenco-certificado-censal-francisco-colorado-perez-1875-frasco-el-colorao.jpg\"><img loading=\"lazy\" decoding=\"async\" aria-describedby=\"caption-attachment-19467\" class=\"wp-image-19467 size-full\" src=\"https:\/\/www.expoflamenco.com\/archivo\/wp-content\/uploads\/2020\/05\/expoflamenco-certificado-censal-francisco-colorado-perez-1875-frasco-el-colorao.jpg\" alt=\"\" width=\"2000\" height=\"805\" srcset=\"https:\/\/expoflamenco.com\/archivo\/wp-content\/uploads\/2020\/05\/expoflamenco-certificado-censal-francisco-colorado-perez-1875-frasco-el-colorao.jpg 2000w, https:\/\/expoflamenco.com\/archivo\/wp-content\/uploads\/2020\/05\/expoflamenco-certificado-censal-francisco-colorado-perez-1875-frasco-el-colorao-300x121.jpg 300w, https:\/\/expoflamenco.com\/archivo\/wp-content\/uploads\/2020\/05\/expoflamenco-certificado-censal-francisco-colorado-perez-1875-frasco-el-colorao-1024x412.jpg 1024w, https:\/\/expoflamenco.com\/archivo\/wp-content\/uploads\/2020\/05\/expoflamenco-certificado-censal-francisco-colorado-perez-1875-frasco-el-colorao-768x309.jpg 768w, https:\/\/expoflamenco.com\/archivo\/wp-content\/uploads\/2020\/05\/expoflamenco-certificado-censal-francisco-colorado-perez-1875-frasco-el-colorao-1536x618.jpg 1536w, https:\/\/expoflamenco.com\/archivo\/wp-content\/uploads\/2020\/05\/expoflamenco-certificado-censal-francisco-colorado-perez-1875-frasco-el-colorao-1300x523.jpg 1300w, https:\/\/expoflamenco.com\/archivo\/wp-content\/uploads\/2020\/05\/expoflamenco-certificado-censal-francisco-colorado-perez-1875-frasco-el-colorao-600x242.jpg 600w\" sizes=\"auto, (max-width: 2000px) 100vw, 2000px\" \/><\/a><p id=\"caption-attachment-19467\" class=\"wp-caption-text\">Certificado censal de Francisco Colorado P\u00e9rez. Parroquia de Santa Ana, Triana, 1875. Imagen: Archivo Boh\u00f3rquez<\/p><\/div>\n<h3><\/h3>\n<h3>Y Dios mand\u00f3 el remedio<\/h3>\n<p>Hemos tenido en cuenta tambi\u00e9n sus seguiriyas, sobre todo una de las que m\u00e1s han trascendido, <em>Y Dios mand\u00f3 el remedio<\/em>, de la que <strong>Tom\u00e1s Pav\u00f3n<\/strong> hizo una obra musical insuperable. Tom\u00e1s tampoco era trianero, sino de la Puerta Osario, pero tuvo familia en el barrio y vivi\u00f3 toda su vida con una mujer que pertenec\u00eda a una casta de flamencos, los <strong>Berm\u00fadez Camacho<\/strong>, emparentados con <strong>Curro Puya<\/strong>, Juan el Pelao, Francisco la Perla y los <strong>Culata<\/strong>. Este cante por seguiriyas del Colorao no es de la escuela trianera y tiene poco que ver con las que cantaban los Cagancho. Es m\u00e1s un cante con elementos musicales de C\u00e1diz, quiz\u00e1 la base de la seguiriya de cambio del cantaor gaditano <strong>Curro Dulce<\/strong>, de la que <strong>Manuel Torre<\/strong> hizo una versi\u00f3n que pas\u00f3 a la historia, <em>Eran los d\u00edas se\u00f1ala\u00edtos<\/em>. Tambi\u00e9n <strong>Antonio Chac\u00f3n<\/strong>, <em>Est\u00e1n tocando a misa<\/em>, aunque hay quien se lo atribuye al jerezano <strong>Manuel Molina<\/strong>. Si pudi\u00e9ramos confirmar que el Colorao naci\u00f3 en Puerto Real y que vivi\u00f3 en la localidad gaditana hasta los veinte o veinticinco a\u00f1os, como parece que as\u00ed fue, estar\u00eda justificada la analog\u00eda entre una seguiriya y otra.<\/p>\n<p>Francisco Colorado lleg\u00f3 a Triana en la cuarta d\u00e9cada del siglo XIX y vivi\u00f3 en el barrio hasta su muerte, ocurrida en 1888. Convivi\u00f3 en el arrabal con el Fillo, al que pudo conocer ya en Puerto Real, de donde era su familia. En 1846, seg\u00fan un dato aportado por <strong>Luis V\u00e1zquez Morilla<\/strong>, el Colorao y el Fillo son vecinos en la Cava de los Gitanos. Sin embargo, es extra\u00f1o que apenas haya memoria de \u00e9l en Triana, de su cante. \u00bfPorque no era gitano, acaso? M\u00e1s bien creemos que porque no era trianero, sino de Puerto Real y oriundo de la sevillana localidad de Marchena. Tampoco hay apenas memoria del Fillo, quiz\u00e1s porque no era natural de Triana. Si hay alguna es porque <strong>Seraf\u00edn Est\u00e9banez Calder\u00f3n<\/strong> lo dio a conocer en sus relatos. En cambio, la hay de los Cagancho y de los Pelao porque eran nativos del barrio y pertenecientes a familias gitanas muy importantes del profuso gremio de la herrer\u00eda.<\/p>\n<p>&nbsp;<\/p>\n<blockquote><p><em>\u00abFrasco El Colorao ense\u00f1\u00f3 a cantar al Fillo (ocho o diez a\u00f1os m\u00e1s peque\u00f1o que \u00e9l), a Tom\u00e1s el Nitri, al Lebrijano, a los Caganchos (t\u00edo Antonio y t\u00edo Manuel), al gran Silverio y a Manuel Molina, el de Jerez\u00bb (Rafael Pareja)<\/em><\/p><\/blockquote>\n<p>&nbsp;<\/p>\n<h3>Sombr\u00edo personaje de la historia del cante<\/h3>\n<p>El se\u00f1or Colorado lleg\u00f3 ya al arrabal casado en Marchena, con v\u00e1stagos marcheneros, se asent\u00f3 en el lugar y tuvo varios hijos m\u00e1s, que se casaron en Santa Ana y siguieron viviendo en el barrio. Seguramente llegar\u00eda ya cuajado como cantaor y tendr\u00eda cierta influencia en sus cantaores y cantaoras, aunque parezca todo lo contrario, porque nadie sabe nada de este sombr\u00edo personaje de la historia del cante. <strong>Antonio Rodr\u00edguez Vargas<\/strong>, uno de los hijos del <strong>Se\u00f1or Manuel Cagancho<\/strong>, en ning\u00fan momento se refiri\u00f3 al Colorao cuando fue entrevistado para el diario <em>Abc<\/em> de Sevilla, en 1946. Solo habl\u00f3 de su abuelo y de su padre, como es l\u00f3gico. Y de Juan el Pelao, claro, que era nativo de Triana, adem\u00e1s de pariente. Pero no dijo nada de un cantaor que, seg\u00fan el ya citado <strong>Rafael Pareja<\/strong>, era el maestro de todos, y esto es algo que no entendemos muy bien:<\/p>\n<p><em>Frasco El Colorao ense\u00f1\u00f3 a cantar al Fillo (ocho o diez a\u00f1os m\u00e1s peque\u00f1o que \u00e9l), a Tom\u00e1s el Nitri, al Lebrijano, a los Caganchos (t\u00edo Antonio y t\u00edo Manuel), al gran Silverio y a Manuel Molina, el de Jerez. El Colorao, que hab\u00eda nacido en Triana, no actuaba en p\u00fablico, pero Silverio y Molina lo colocaban de manijero en el Cortijo del Viejo Duque de San Lorenzo y en los de otros hacendados ricos y con afici\u00f3n y le echaban a otros a otros manijeros que se llevaban al Colorao de jarana. Entonces cantaba. Vali\u00e9ndose de ese truco le o\u00edan y aprend\u00edan. Esto se lo o\u00ed yo al mismo Silverio, cuando me llevaban mi padre y mi padrino, siendo yo peque\u00f1o, al Caf\u00e9 cantante que ten\u00eda y se me quedaron presentes todos estos detalles por la afici\u00f3n enorme que yo sent\u00eda ante todo lo relacionado con el cante flamenco. Hago estas aclaraciones saliendo al paso de la creencia tan divulgada de que Silverio aprendi\u00f3 de El Fillo, cuando la verdad, como queda dicho, es que los dos aprendieron de Frasco El Colorao.<\/em><\/p>\n<p>\u00bfEn qu\u00e9 se bas\u00f3 Rafael Pareja para darle tanta importancia a este cantaor? Asegura en sus memorias que cuando su padre lo llevaba de ni\u00f1o al c\u00e9lebre caf\u00e9 cantante de <strong>Silverio Franconetti<\/strong> le escuch\u00f3 decir al genio de la Alfalfa que el Colorao hab\u00eda sido su maestro y el de cantaores de la importancia del Fillo, Tom\u00e1s el Nitri, Antonio Cagancho y Diego el Lebrijano, entre otros. Damos escaso cr\u00e9dito al testimonio del maestro trianero, por distintos motivos. Primero, porque el caf\u00e9 de Franconetti cerr\u00f3 en 1888, meses antes de su muerte, y el cantaor de Triana hab\u00eda nacido en 1877. El ambiente de aquellos caf\u00e9s no era el m\u00e1s apropiado para llevar a un ni\u00f1o de 10 a\u00f1os, por lo que es muy posible que Pareja no estuviera nunca en aquel caf\u00e9. Y mucho menos que le escuchara decir a Silverio que el Colorao hab\u00eda sido quien ense\u00f1\u00f3 a cantar a aquellos pioneros del cante. Esa informaci\u00f3n pudo llegarle de cantaores viejos a los que s\u00ed alcanz\u00f3 a tratar, como fueron Ram\u00f3n el Ollero y Manuel Cagancho.<\/p>\n<p>&nbsp;<\/p>\n<p><em>* Continuar\u00e1<\/em><\/p>\n<h6 style=\"text-align: right;\">Imagen superior: antigua ilustraci\u00f3n flamenca de Vicente Flores<\/h6>\n<p>&nbsp;<\/p>\n<div id=\"attachment_19469\" style=\"width: 1191px\" class=\"wp-caption alignnone\"><a href=\"https:\/\/www.expoflamenco.com\/archivo\/wp-content\/uploads\/2020\/05\/expoflamenco-la-reyerta-manuel-cabral-aguado-bejarano-1850.jpg\"><img loading=\"lazy\" decoding=\"async\" aria-describedby=\"caption-attachment-19469\" class=\"size-full wp-image-19469\" src=\"https:\/\/www.expoflamenco.com\/archivo\/wp-content\/uploads\/2020\/05\/expoflamenco-la-reyerta-manuel-cabral-aguado-bejarano-1850.jpg\" alt=\"\u00abLa reyerta\u00bb, del pintor hispalense Manuel Cabral Aguado Bejarano, 1850. Colecci\u00f3n Carmen Thyssen-Bornemisza.\" width=\"1181\" height=\"949\" srcset=\"https:\/\/expoflamenco.com\/archivo\/wp-content\/uploads\/2020\/05\/expoflamenco-la-reyerta-manuel-cabral-aguado-bejarano-1850.jpg 1181w, https:\/\/expoflamenco.com\/archivo\/wp-content\/uploads\/2020\/05\/expoflamenco-la-reyerta-manuel-cabral-aguado-bejarano-1850-300x241.jpg 300w, https:\/\/expoflamenco.com\/archivo\/wp-content\/uploads\/2020\/05\/expoflamenco-la-reyerta-manuel-cabral-aguado-bejarano-1850-1024x823.jpg 1024w, https:\/\/expoflamenco.com\/archivo\/wp-content\/uploads\/2020\/05\/expoflamenco-la-reyerta-manuel-cabral-aguado-bejarano-1850-768x617.jpg 768w, https:\/\/expoflamenco.com\/archivo\/wp-content\/uploads\/2020\/05\/expoflamenco-la-reyerta-manuel-cabral-aguado-bejarano-1850-600x482.jpg 600w\" sizes=\"auto, (max-width: 1181px) 100vw, 1181px\" \/><\/a><p id=\"caption-attachment-19469\" class=\"wp-caption-text\">\u00abLa reyerta\u00bb, del pintor hispalense Manuel Cabral Aguado Bejarano, 1850. Colecci\u00f3n Carmen Thyssen-Bornemisza.<\/p><\/div>\n<p>&nbsp;<\/p>\n","protected":false},"excerpt":{"rendered":"<p>El cantaor Frasco el Colorao fue esencial en la historia del g\u00e9nero del jondo, pero sigue siendo el gran desconocido de la amplia n\u00f3mina de int\u00e9rpretes del XIX. Ni siquiera se sabe con certeza absoluta de d\u00f3nde era natural este cantaor tan arcano y misterioso que, seg\u00fan cuentan, ense\u00f1\u00f3 a cantar a Silverio y El Fillo.<\/p>\n","protected":false},"author":6,"featured_media":19465,"comment_status":"open","ping_status":"open","sticky":false,"template":"","format":"standard","meta":{"ngg_post_thumbnail":0,"footnotes":""},"categories":[2499],"tags":[192,76,2587,2585],"class_list":["post-19457","post","type-post","status-publish","format-standard","has-post-thumbnail","hentry","category-clasicos-cante-jondo","tag-cantaor","tag-flamenco","tag-francisco-colorado-perez","tag-frasco-el-colorao"],"yoast_head":"<!-- This site is optimized with the Yoast SEO plugin v27.4 - https:\/\/yoast.com\/product\/yoast-seo-wordpress\/ -->\n<title>Frasco el Colorao, la pieza clave (1) - Archivo Expoflamenco<\/title>\n<meta name=\"robots\" content=\"index, follow, max-snippet:-1, max-image-preview:large, max-video-preview:-1\" \/>\n<link rel=\"canonical\" href=\"https:\/\/expoflamenco.com\/archivo\/clasicos-cante-jondo\/frasco-el-colorao-la-pieza-clave-1\/\" \/>\n<meta property=\"og:locale\" content=\"es_ES\" \/>\n<meta property=\"og:type\" content=\"article\" \/>\n<meta property=\"og:title\" content=\"Frasco el Colorao, la pieza clave (1) - Archivo Expoflamenco\" \/>\n<meta property=\"og:description\" content=\"El cantaor Frasco el Colorao fue esencial en la historia del g\u00e9nero del jondo, pero sigue siendo el gran desconocido de la amplia n\u00f3mina de int\u00e9rpretes del XIX. Ni siquiera se sabe con certeza absoluta de d\u00f3nde era natural este cantaor tan arcano y misterioso que, seg\u00fan cuentan, ense\u00f1\u00f3 a cantar a Silverio y El Fillo.\" \/>\n<meta property=\"og:url\" content=\"https:\/\/expoflamenco.com\/archivo\/clasicos-cante-jondo\/frasco-el-colorao-la-pieza-clave-1\/\" \/>\n<meta property=\"og:site_name\" content=\"Archivo Expoflamenco\" \/>\n<meta property=\"article:publisher\" content=\"https:\/\/www.facebook.com\/ExpoFlamenco\" \/>\n<meta property=\"article:published_time\" content=\"2020-05-11T08:20:42+00:00\" \/>\n<meta property=\"og:image\" content=\"https:\/\/expoflamenco.com\/archivo\/wp-content\/uploads\/2020\/05\/expoflamenco-dibujo-cantaor-scaled.jpg\" \/>\n\t<meta property=\"og:image:width\" content=\"2560\" \/>\n\t<meta property=\"og:image:height\" content=\"1575\" \/>\n\t<meta property=\"og:image:type\" content=\"image\/jpeg\" \/>\n<meta name=\"author\" content=\"Manuel Boh\u00f3rquez\" \/>\n<meta name=\"twitter:card\" content=\"summary_large_image\" \/>\n<meta name=\"twitter:creator\" content=\"@expoflamenco1\" \/>\n<meta name=\"twitter:site\" content=\"@expoflamenco1\" \/>\n<meta name=\"twitter:label1\" content=\"Escrito por\" \/>\n\t<meta name=\"twitter:data1\" content=\"Manuel Boh\u00f3rquez\" \/>\n\t<meta name=\"twitter:label2\" content=\"Tiempo de lectura\" \/>\n\t<meta name=\"twitter:data2\" content=\"10 minutos\" \/>\n<script type=\"application\/ld+json\" class=\"yoast-schema-graph\">{\"@context\":\"https:\\\/\\\/schema.org\",\"@graph\":[{\"@type\":\"Article\",\"@id\":\"https:\\\/\\\/expoflamenco.com\\\/archivo\\\/clasicos-cante-jondo\\\/frasco-el-colorao-la-pieza-clave-1\\\/#article\",\"isPartOf\":{\"@id\":\"https:\\\/\\\/expoflamenco.com\\\/archivo\\\/clasicos-cante-jondo\\\/frasco-el-colorao-la-pieza-clave-1\\\/\"},\"author\":{\"name\":\"Manuel Boh\u00f3rquez\",\"@id\":\"https:\\\/\\\/expoflamenco.com\\\/archivo\\\/#\\\/schema\\\/person\\\/608d65b2c159f7b5b632f1365c15030f\"},\"headline\":\"Frasco el Colorao, la pieza clave (1)\",\"datePublished\":\"2020-05-11T08:20:42+00:00\",\"mainEntityOfPage\":{\"@id\":\"https:\\\/\\\/expoflamenco.com\\\/archivo\\\/clasicos-cante-jondo\\\/frasco-el-colorao-la-pieza-clave-1\\\/\"},\"wordCount\":2019,\"commentCount\":1,\"publisher\":{\"@id\":\"https:\\\/\\\/expoflamenco.com\\\/archivo\\\/#organization\"},\"image\":{\"@id\":\"https:\\\/\\\/expoflamenco.com\\\/archivo\\\/clasicos-cante-jondo\\\/frasco-el-colorao-la-pieza-clave-1\\\/#primaryimage\"},\"thumbnailUrl\":\"https:\\\/\\\/expoflamenco.com\\\/archivo\\\/wp-content\\\/uploads\\\/2020\\\/05\\\/expoflamenco-dibujo-cantaor-scaled.jpg\",\"keywords\":[\"Cantaor\",\"flamenco\",\"Francisco Colorado P\u00e9rez\",\"Frasco el Colorao\"],\"articleSection\":[\"Serie Oro\"],\"inLanguage\":\"es\",\"potentialAction\":[{\"@type\":\"CommentAction\",\"name\":\"Comment\",\"target\":[\"https:\\\/\\\/expoflamenco.com\\\/archivo\\\/clasicos-cante-jondo\\\/frasco-el-colorao-la-pieza-clave-1\\\/#respond\"]}]},{\"@type\":\"WebPage\",\"@id\":\"https:\\\/\\\/expoflamenco.com\\\/archivo\\\/clasicos-cante-jondo\\\/frasco-el-colorao-la-pieza-clave-1\\\/\",\"url\":\"https:\\\/\\\/expoflamenco.com\\\/archivo\\\/clasicos-cante-jondo\\\/frasco-el-colorao-la-pieza-clave-1\\\/\",\"name\":\"Frasco el Colorao, la pieza clave (1) - Archivo Expoflamenco\",\"isPartOf\":{\"@id\":\"https:\\\/\\\/expoflamenco.com\\\/archivo\\\/#website\"},\"primaryImageOfPage\":{\"@id\":\"https:\\\/\\\/expoflamenco.com\\\/archivo\\\/clasicos-cante-jondo\\\/frasco-el-colorao-la-pieza-clave-1\\\/#primaryimage\"},\"image\":{\"@id\":\"https:\\\/\\\/expoflamenco.com\\\/archivo\\\/clasicos-cante-jondo\\\/frasco-el-colorao-la-pieza-clave-1\\\/#primaryimage\"},\"thumbnailUrl\":\"https:\\\/\\\/expoflamenco.com\\\/archivo\\\/wp-content\\\/uploads\\\/2020\\\/05\\\/expoflamenco-dibujo-cantaor-scaled.jpg\",\"datePublished\":\"2020-05-11T08:20:42+00:00\",\"breadcrumb\":{\"@id\":\"https:\\\/\\\/expoflamenco.com\\\/archivo\\\/clasicos-cante-jondo\\\/frasco-el-colorao-la-pieza-clave-1\\\/#breadcrumb\"},\"inLanguage\":\"es\",\"potentialAction\":[{\"@type\":\"ReadAction\",\"target\":[\"https:\\\/\\\/expoflamenco.com\\\/archivo\\\/clasicos-cante-jondo\\\/frasco-el-colorao-la-pieza-clave-1\\\/\"]}]},{\"@type\":\"ImageObject\",\"inLanguage\":\"es\",\"@id\":\"https:\\\/\\\/expoflamenco.com\\\/archivo\\\/clasicos-cante-jondo\\\/frasco-el-colorao-la-pieza-clave-1\\\/#primaryimage\",\"url\":\"https:\\\/\\\/expoflamenco.com\\\/archivo\\\/wp-content\\\/uploads\\\/2020\\\/05\\\/expoflamenco-dibujo-cantaor-scaled.jpg\",\"contentUrl\":\"https:\\\/\\\/expoflamenco.com\\\/archivo\\\/wp-content\\\/uploads\\\/2020\\\/05\\\/expoflamenco-dibujo-cantaor-scaled.jpg\",\"width\":2560,\"height\":1575},{\"@type\":\"BreadcrumbList\",\"@id\":\"https:\\\/\\\/expoflamenco.com\\\/archivo\\\/clasicos-cante-jondo\\\/frasco-el-colorao-la-pieza-clave-1\\\/#breadcrumb\",\"itemListElement\":[{\"@type\":\"ListItem\",\"position\":1,\"name\":\"Inicio\",\"item\":\"https:\\\/\\\/expoflamenco.com\\\/archivo\\\/\"},{\"@type\":\"ListItem\",\"position\":2,\"name\":\"Frasco el Colorao, la pieza clave (1)\"}]},{\"@type\":\"WebSite\",\"@id\":\"https:\\\/\\\/expoflamenco.com\\\/archivo\\\/#website\",\"url\":\"https:\\\/\\\/expoflamenco.com\\\/archivo\\\/\",\"name\":\"Archivo Expoflamenco\",\"description\":\"Portal de arte flamenco: noticias, entrevistas, blogs, cr\u00edticas, investigaci\u00f3n\",\"publisher\":{\"@id\":\"https:\\\/\\\/expoflamenco.com\\\/archivo\\\/#organization\"},\"potentialAction\":[{\"@type\":\"SearchAction\",\"target\":{\"@type\":\"EntryPoint\",\"urlTemplate\":\"https:\\\/\\\/expoflamenco.com\\\/archivo\\\/?s={search_term_string}\"},\"query-input\":{\"@type\":\"PropertyValueSpecification\",\"valueRequired\":true,\"valueName\":\"search_term_string\"}}],\"inLanguage\":\"es\"},{\"@type\":\"Organization\",\"@id\":\"https:\\\/\\\/expoflamenco.com\\\/archivo\\\/#organization\",\"name\":\"Expoflamenco\",\"url\":\"https:\\\/\\\/expoflamenco.com\\\/archivo\\\/\",\"logo\":{\"@type\":\"ImageObject\",\"inLanguage\":\"es\",\"@id\":\"https:\\\/\\\/expoflamenco.com\\\/archivo\\\/#\\\/schema\\\/logo\\\/image\\\/\",\"url\":\"https:\\\/\\\/www.expoflamenco.com\\\/archivo\\\/wp-content\\\/uploads\\\/2022\\\/11\\\/banner-cabecera-mobile.jpg\",\"contentUrl\":\"https:\\\/\\\/www.expoflamenco.com\\\/archivo\\\/wp-content\\\/uploads\\\/2022\\\/11\\\/banner-cabecera-mobile.jpg\",\"width\":299,\"height\":75,\"caption\":\"Expoflamenco\"},\"image\":{\"@id\":\"https:\\\/\\\/expoflamenco.com\\\/archivo\\\/#\\\/schema\\\/logo\\\/image\\\/\"},\"sameAs\":[\"https:\\\/\\\/www.facebook.com\\\/ExpoFlamenco\",\"https:\\\/\\\/x.com\\\/expoflamenco1\",\"https:\\\/\\\/www.instagram.com\\\/expoflamenco\\\/\",\"https:\\\/\\\/www.youtube.com\\\/expoflamenco\"]},{\"@type\":\"Person\",\"@id\":\"https:\\\/\\\/expoflamenco.com\\\/archivo\\\/#\\\/schema\\\/person\\\/608d65b2c159f7b5b632f1365c15030f\",\"name\":\"Manuel Boh\u00f3rquez\",\"image\":{\"@type\":\"ImageObject\",\"inLanguage\":\"es\",\"@id\":\"https:\\\/\\\/secure.gravatar.com\\\/avatar\\\/e4c8fcbcd4cb54196f6756c157a4aba7f9698d5a2261e73a15b5bf66f4495366?s=96&r=g\",\"url\":\"https:\\\/\\\/secure.gravatar.com\\\/avatar\\\/e4c8fcbcd4cb54196f6756c157a4aba7f9698d5a2261e73a15b5bf66f4495366?s=96&r=g\",\"contentUrl\":\"https:\\\/\\\/secure.gravatar.com\\\/avatar\\\/e4c8fcbcd4cb54196f6756c157a4aba7f9698d5a2261e73a15b5bf66f4495366?s=96&r=g\",\"caption\":\"Manuel Boh\u00f3rquez\"},\"description\":\"Arahal, Sevilla, 1958. Cr\u00edtico de flamenco, periodista y escritor. 40 a\u00f1os de investigaci\u00f3n flamenca en El Correo de Andaluc\u00eda. Autor de biograf\u00edas de la Ni\u00f1a de los Peines, Carbonerillo, Manuel Escacena, Tom\u00e1s Pav\u00f3n, Fernando el de Triana, Manuel Gerena, Canario de \u00c1lora...\",\"sameAs\":[\"http:\\\/\\\/www.manuelbohorquez.com\"],\"url\":\"https:\\\/\\\/expoflamenco.com\\\/archivo\\\/author\\\/manuelbohorquez\\\/\"}]}<\/script>\n<!-- \/ Yoast SEO plugin. -->","yoast_head_json":{"title":"Frasco el Colorao, la pieza clave (1) - Archivo Expoflamenco","robots":{"index":"index","follow":"follow","max-snippet":"max-snippet:-1","max-image-preview":"max-image-preview:large","max-video-preview":"max-video-preview:-1"},"canonical":"https:\/\/expoflamenco.com\/archivo\/clasicos-cante-jondo\/frasco-el-colorao-la-pieza-clave-1\/","og_locale":"es_ES","og_type":"article","og_title":"Frasco el Colorao, la pieza clave (1) - Archivo Expoflamenco","og_description":"El cantaor Frasco el Colorao fue esencial en la historia del g\u00e9nero del jondo, pero sigue siendo el gran desconocido de la amplia n\u00f3mina de int\u00e9rpretes del XIX. Ni siquiera se sabe con certeza absoluta de d\u00f3nde era natural este cantaor tan arcano y misterioso que, seg\u00fan cuentan, ense\u00f1\u00f3 a cantar a Silverio y El Fillo.","og_url":"https:\/\/expoflamenco.com\/archivo\/clasicos-cante-jondo\/frasco-el-colorao-la-pieza-clave-1\/","og_site_name":"Archivo Expoflamenco","article_publisher":"https:\/\/www.facebook.com\/ExpoFlamenco","article_published_time":"2020-05-11T08:20:42+00:00","og_image":[{"width":2560,"height":1575,"url":"https:\/\/expoflamenco.com\/archivo\/wp-content\/uploads\/2020\/05\/expoflamenco-dibujo-cantaor-scaled.jpg","type":"image\/jpeg"}],"author":"Manuel Boh\u00f3rquez","twitter_card":"summary_large_image","twitter_creator":"@expoflamenco1","twitter_site":"@expoflamenco1","twitter_misc":{"Escrito por":"Manuel Boh\u00f3rquez","Tiempo de lectura":"10 minutos"},"schema":{"@context":"https:\/\/schema.org","@graph":[{"@type":"Article","@id":"https:\/\/expoflamenco.com\/archivo\/clasicos-cante-jondo\/frasco-el-colorao-la-pieza-clave-1\/#article","isPartOf":{"@id":"https:\/\/expoflamenco.com\/archivo\/clasicos-cante-jondo\/frasco-el-colorao-la-pieza-clave-1\/"},"author":{"name":"Manuel Boh\u00f3rquez","@id":"https:\/\/expoflamenco.com\/archivo\/#\/schema\/person\/608d65b2c159f7b5b632f1365c15030f"},"headline":"Frasco el Colorao, la pieza clave (1)","datePublished":"2020-05-11T08:20:42+00:00","mainEntityOfPage":{"@id":"https:\/\/expoflamenco.com\/archivo\/clasicos-cante-jondo\/frasco-el-colorao-la-pieza-clave-1\/"},"wordCount":2019,"commentCount":1,"publisher":{"@id":"https:\/\/expoflamenco.com\/archivo\/#organization"},"image":{"@id":"https:\/\/expoflamenco.com\/archivo\/clasicos-cante-jondo\/frasco-el-colorao-la-pieza-clave-1\/#primaryimage"},"thumbnailUrl":"https:\/\/expoflamenco.com\/archivo\/wp-content\/uploads\/2020\/05\/expoflamenco-dibujo-cantaor-scaled.jpg","keywords":["Cantaor","flamenco","Francisco Colorado P\u00e9rez","Frasco el Colorao"],"articleSection":["Serie Oro"],"inLanguage":"es","potentialAction":[{"@type":"CommentAction","name":"Comment","target":["https:\/\/expoflamenco.com\/archivo\/clasicos-cante-jondo\/frasco-el-colorao-la-pieza-clave-1\/#respond"]}]},{"@type":"WebPage","@id":"https:\/\/expoflamenco.com\/archivo\/clasicos-cante-jondo\/frasco-el-colorao-la-pieza-clave-1\/","url":"https:\/\/expoflamenco.com\/archivo\/clasicos-cante-jondo\/frasco-el-colorao-la-pieza-clave-1\/","name":"Frasco el Colorao, la pieza clave (1) - Archivo Expoflamenco","isPartOf":{"@id":"https:\/\/expoflamenco.com\/archivo\/#website"},"primaryImageOfPage":{"@id":"https:\/\/expoflamenco.com\/archivo\/clasicos-cante-jondo\/frasco-el-colorao-la-pieza-clave-1\/#primaryimage"},"image":{"@id":"https:\/\/expoflamenco.com\/archivo\/clasicos-cante-jondo\/frasco-el-colorao-la-pieza-clave-1\/#primaryimage"},"thumbnailUrl":"https:\/\/expoflamenco.com\/archivo\/wp-content\/uploads\/2020\/05\/expoflamenco-dibujo-cantaor-scaled.jpg","datePublished":"2020-05-11T08:20:42+00:00","breadcrumb":{"@id":"https:\/\/expoflamenco.com\/archivo\/clasicos-cante-jondo\/frasco-el-colorao-la-pieza-clave-1\/#breadcrumb"},"inLanguage":"es","potentialAction":[{"@type":"ReadAction","target":["https:\/\/expoflamenco.com\/archivo\/clasicos-cante-jondo\/frasco-el-colorao-la-pieza-clave-1\/"]}]},{"@type":"ImageObject","inLanguage":"es","@id":"https:\/\/expoflamenco.com\/archivo\/clasicos-cante-jondo\/frasco-el-colorao-la-pieza-clave-1\/#primaryimage","url":"https:\/\/expoflamenco.com\/archivo\/wp-content\/uploads\/2020\/05\/expoflamenco-dibujo-cantaor-scaled.jpg","contentUrl":"https:\/\/expoflamenco.com\/archivo\/wp-content\/uploads\/2020\/05\/expoflamenco-dibujo-cantaor-scaled.jpg","width":2560,"height":1575},{"@type":"BreadcrumbList","@id":"https:\/\/expoflamenco.com\/archivo\/clasicos-cante-jondo\/frasco-el-colorao-la-pieza-clave-1\/#breadcrumb","itemListElement":[{"@type":"ListItem","position":1,"name":"Inicio","item":"https:\/\/expoflamenco.com\/archivo\/"},{"@type":"ListItem","position":2,"name":"Frasco el Colorao, la pieza clave (1)"}]},{"@type":"WebSite","@id":"https:\/\/expoflamenco.com\/archivo\/#website","url":"https:\/\/expoflamenco.com\/archivo\/","name":"Archivo Expoflamenco","description":"Portal de arte flamenco: noticias, entrevistas, blogs, cr\u00edticas, investigaci\u00f3n","publisher":{"@id":"https:\/\/expoflamenco.com\/archivo\/#organization"},"potentialAction":[{"@type":"SearchAction","target":{"@type":"EntryPoint","urlTemplate":"https:\/\/expoflamenco.com\/archivo\/?s={search_term_string}"},"query-input":{"@type":"PropertyValueSpecification","valueRequired":true,"valueName":"search_term_string"}}],"inLanguage":"es"},{"@type":"Organization","@id":"https:\/\/expoflamenco.com\/archivo\/#organization","name":"Expoflamenco","url":"https:\/\/expoflamenco.com\/archivo\/","logo":{"@type":"ImageObject","inLanguage":"es","@id":"https:\/\/expoflamenco.com\/archivo\/#\/schema\/logo\/image\/","url":"https:\/\/www.expoflamenco.com\/archivo\/wp-content\/uploads\/2022\/11\/banner-cabecera-mobile.jpg","contentUrl":"https:\/\/www.expoflamenco.com\/archivo\/wp-content\/uploads\/2022\/11\/banner-cabecera-mobile.jpg","width":299,"height":75,"caption":"Expoflamenco"},"image":{"@id":"https:\/\/expoflamenco.com\/archivo\/#\/schema\/logo\/image\/"},"sameAs":["https:\/\/www.facebook.com\/ExpoFlamenco","https:\/\/x.com\/expoflamenco1","https:\/\/www.instagram.com\/expoflamenco\/","https:\/\/www.youtube.com\/expoflamenco"]},{"@type":"Person","@id":"https:\/\/expoflamenco.com\/archivo\/#\/schema\/person\/608d65b2c159f7b5b632f1365c15030f","name":"Manuel Boh\u00f3rquez","image":{"@type":"ImageObject","inLanguage":"es","@id":"https:\/\/secure.gravatar.com\/avatar\/e4c8fcbcd4cb54196f6756c157a4aba7f9698d5a2261e73a15b5bf66f4495366?s=96&r=g","url":"https:\/\/secure.gravatar.com\/avatar\/e4c8fcbcd4cb54196f6756c157a4aba7f9698d5a2261e73a15b5bf66f4495366?s=96&r=g","contentUrl":"https:\/\/secure.gravatar.com\/avatar\/e4c8fcbcd4cb54196f6756c157a4aba7f9698d5a2261e73a15b5bf66f4495366?s=96&r=g","caption":"Manuel Boh\u00f3rquez"},"description":"Arahal, Sevilla, 1958. Cr\u00edtico de flamenco, periodista y escritor. 40 a\u00f1os de investigaci\u00f3n flamenca en El Correo de Andaluc\u00eda. Autor de biograf\u00edas de la Ni\u00f1a de los Peines, Carbonerillo, Manuel Escacena, Tom\u00e1s Pav\u00f3n, Fernando el de Triana, Manuel Gerena, Canario de \u00c1lora...","sameAs":["http:\/\/www.manuelbohorquez.com"],"url":"https:\/\/expoflamenco.com\/archivo\/author\/manuelbohorquez\/"}]}},"_links":{"self":[{"href":"https:\/\/expoflamenco.com\/archivo\/wp-json\/wp\/v2\/posts\/19457","targetHints":{"allow":["GET"]}}],"collection":[{"href":"https:\/\/expoflamenco.com\/archivo\/wp-json\/wp\/v2\/posts"}],"about":[{"href":"https:\/\/expoflamenco.com\/archivo\/wp-json\/wp\/v2\/types\/post"}],"author":[{"embeddable":true,"href":"https:\/\/expoflamenco.com\/archivo\/wp-json\/wp\/v2\/users\/6"}],"replies":[{"embeddable":true,"href":"https:\/\/expoflamenco.com\/archivo\/wp-json\/wp\/v2\/comments?post=19457"}],"version-history":[{"count":6,"href":"https:\/\/expoflamenco.com\/archivo\/wp-json\/wp\/v2\/posts\/19457\/revisions"}],"predecessor-version":[{"id":19471,"href":"https:\/\/expoflamenco.com\/archivo\/wp-json\/wp\/v2\/posts\/19457\/revisions\/19471"}],"wp:featuredmedia":[{"embeddable":true,"href":"https:\/\/expoflamenco.com\/archivo\/wp-json\/wp\/v2\/media\/19465"}],"wp:attachment":[{"href":"https:\/\/expoflamenco.com\/archivo\/wp-json\/wp\/v2\/media?parent=19457"}],"wp:term":[{"taxonomy":"category","embeddable":true,"href":"https:\/\/expoflamenco.com\/archivo\/wp-json\/wp\/v2\/categories?post=19457"},{"taxonomy":"post_tag","embeddable":true,"href":"https:\/\/expoflamenco.com\/archivo\/wp-json\/wp\/v2\/tags?post=19457"}],"curies":[{"name":"wp","href":"https:\/\/api.w.org\/{rel}","templated":true}]}}