{"id":19433,"date":"2020-05-07T19:33:45","date_gmt":"2020-05-07T17:33:45","guid":{"rendered":"https:\/\/www.expoflamenco.com\/archivo\/?p=19433"},"modified":"2020-05-07T19:34:32","modified_gmt":"2020-05-07T17:34:32","slug":"cantaor-chipiona-samuel-serrano-sacar-disco-que-cante-mis-propias-composiciones","status":"publish","type":"post","link":"https:\/\/expoflamenco.com\/archivo\/entrevistas\/cantaor-chipiona-samuel-serrano-sacar-disco-que-cante-mis-propias-composiciones\/","title":{"rendered":"Samuel Serrano: \u00abMi idea es sacar un disco en el que cante mis propias composiciones\u00bb"},"content":{"rendered":"<p>Samuel Serrano (Chipiona, C\u00e1diz, 1994) sigue su curso a pesar del confinamiento y de la delicada situaci\u00f3n que marca la actualidad. Ante la ca\u00edda de contratos en las pasadas y pr\u00f3ximas fechas, el joven cantaor gaditano ha aprovechado el tiempo para agudizar su incipiente perfil de compositor con una canci\u00f3n \u201cesperanzadora\u201d dedicada al virus, as\u00ed como para publicar unas sevillanas rocieras que define como \u201cuna obra maestra de Paco Cepero\u201d.<\/p>\n<p>&nbsp;<\/p>\n<p><strong>\u2013\u00bfC\u00f3mo lleva usted el confinamiento?<\/strong><br \/>\n\u2013 Estamos aguantando el tir\u00f3n como podemos. Pero bueno, estoy aprovechando para estudiar y eso me anima a la hora de estar en casa. Estoy retomando cosas que ten\u00eda aparcadas como componer, estudiar literatura y poes\u00eda, y en definitiva, ocupar el tiempo. No quiero malgastarlo sino aprovecharlo.<\/p>\n<p><strong>\u2013 Un tiempo en el que podr\u00eda haber estado usted disfrutando desde el escenario\u2026<\/strong><br \/>\n\u2013 S\u00ed, claro, much\u00edsimas actuaciones se han perdido. Entre pe\u00f1as flamencas, salas y festivales\u2026, cerca de catorce o quince contratos se han visto perjudicados. Ya no solo en el tiempo que hemos pasado, sino que esto afecta a las pr\u00f3ximas semanas y meses, porque muchos promotores no se f\u00edan. Al principio me qued\u00e9 perplejo, pero pasados los d\u00edas uno valora que tiene salud y esto es lo importante. Tambi\u00e9n afect\u00f3 a un proyecto que comenzaba junto al cantante de rap Haze, con el que pretend\u00edamos acercar el flamenco a otro tipo de p\u00fablico.<\/p>\n<p>&nbsp;<\/p>\n<blockquote><p><em>\u00abPara llegar a componer mis propias letras he querido leer bastante literatura. Ahora estoy leyendo a Garcilaso de la Vega, Garc\u00eda Lorca, Alberti&#8230;\u00bb<\/em><\/p><\/blockquote>\n<p>&nbsp;<\/p>\n<p><strong>\u2013 Ha hablado usted antes de literatura. \u00bfUna afici\u00f3n de siempre?<\/strong><br \/>\n\u2013 A m\u00ed siempre me ha interesado, desde que tengo uso de raz\u00f3n, la composici\u00f3n de temas y canciones. Para llegar a componer mis propias letras he querido, y quiero, leer bastante literatura, como en estos momentos, que estoy leyendo a Garcilaso de la Vega, Garc\u00eda Lorca, Alberti\u2026 No soy un entendido en poes\u00eda, pero s\u00ed me ha causado siempre inter\u00e9s el perfil de compositores como Manuel Alejandro, Paco Cepero, Perales, Alejandro Sanz o Parrita. A ra\u00edz de esto, Cepero siempre me ha guiado y me aconsej\u00f3 en su momento que estudiara, porque me abrir\u00eda un campo inmenso para componer con facilidad. Del mismo modo, Haze, que estudia literatura para oposiciones, me aconsej\u00f3 que leyera a Garcilaso.<\/p>\n<p><strong>\u2013 O sea, que aspira usted a cantar sus propias letras.<\/strong><br \/>\n\u2013 Mi intenci\u00f3n es precisamente la de crear un disco en el que pueda cantar mis propias composiciones. Como un cantautor flamenco, por decirlo de alguna manera. Una vez que acabe algunos compromisos con el maestro Cepero, quiero meterme en esa l\u00ednea de cantautor.<\/p>\n<p><strong>\u2013 Reconozco que desconoc\u00eda esta faceta suya. \u00bfTiene usted alguna tem\u00e1tica predilecta a la hora de escribir?<\/strong><br \/>\n\u2013 Hablar de esto para m\u00ed es algo especial. Siempre lo he tenido algo escondido, por pudor o algo de verg\u00fcenza. Pero so\u00f1aba con poder hablar en un medio sobre este asunto. A tu pregunta, me inspiro m\u00e1s en el amor y el desamor, y en la libertad. No me interesa, por ahora, la pol\u00edtica.<\/p>\n<p><strong>\u2013 \u00bfCu\u00e1ndo escucharemos, entonces, algo de su pu\u00f1o y letra?<\/strong><br \/>\n\u2013 Pues en mis redes sociales sub\u00ed un v\u00eddeo casero que grab\u00e9 en un momento muy complicado de este confinamiento, quiz\u00e1s cuando estaba la cosa peor. Yo me considero muy dram\u00e1tico, pero siempre intento transmitir un mensaje de esperanza. Entonces me inspir\u00e9 y compuse <em>Seguro que llegar\u00e1, <\/em>una canci\u00f3n aflamencada dedicada al virus. Ha tenido mucho \u00e9xito y no me lo esperaba.<\/p>\n<p>&nbsp;<\/p>\n<blockquote><p><em>\u00abMe veo como un cantautor flamenco. Cuando termine algunos compromisos con el maestro Cepero, quiero meterme en esa l\u00ednea de cantautor\u00bb<\/em><\/p><\/blockquote>\n<p>&nbsp;<\/p>\n<p><strong>\u2013 Le habr\u00e1 estimulado para seguir.<\/strong><br \/>\n\u2013 Por supuesto. De ah\u00ed vienen las sevillanas <em>Sue\u00f1o rociero,<\/em> que pretenden rendir homenaje a todos los rocieros, romeros, jinetes, creyentes\u2026 que este a\u00f1o no van a poder hacer el camino al Roc\u00edo. Las anteriores, tituladas <em>En las marismas del cielo<\/em>, que sacamos el a\u00f1o pasado y que me compuso Cepero, fueron un \u00e9xito y ha sido el tema que m\u00e1s ha sonado en mi corta trayectoria. Se han cantado en todas las romer\u00edas, ferias, en los grupos de amigos\u2026 As\u00ed que quiero agradecerlo de esta manera, sacando al mercado otras para que disfruten tambi\u00e9n este a\u00f1o. Es otra obra maestra de Cepero.<\/p>\n<p><strong>\u2013 \u00bfSolo voz y guitarra?<\/strong><br \/>\n\u2013 No. Aunque es una producci\u00f3n muy sencilla, ha participado m\u00e1s gente como Poti Trujillo, a la percusi\u00f3n, Ricardo Pi\u00f1ero, al bajo el\u00e9ctrico, y Paco Le\u00f3n, que nos ha acogido en su estudio de grabaci\u00f3n. Jos\u00e9 Amosa ha sido quien ha pilotado esta nave, y Mario Alberni se ha encargado de la masterizaci\u00f3n.<\/p>\n<p><strong>\u2013 \u00bfPueden escucharse ya?<\/strong><br \/>\n\u2013 Est\u00e1n subidas (las sevillanas) a las plataformas digitales, aunque tengo muchas ganas de que, dentro de muy pocos d\u00edas, las estrenemos desde mi canal de Youtube. El videoclip est\u00e1 grabado en Chipiona, en una zona muy natural con paisajes como los del Coto de Do\u00f1ana\u2026 Es interesante que los lectores de <em>ExpoFlamenco<\/em> sepan que tengo mi propio canal para que se suscriban.<\/p>\n<p>&nbsp;<\/p>\n<blockquote><p><em>\u00abMe emociona saber que mi cante es escuchado por la gente de mi edad o por los que toman una copa en un bar. Grandes maestros como Camar\u00f3n, Jos\u00e9 Merc\u00e9 o Lebrijano ya consiguieron eso\u00bb<\/em><\/p><\/blockquote>\n<p>&nbsp;<\/p>\n<p><strong>\u2013 La tecnolog\u00eda parece que juega un papel m\u00e1s importante que nunca. \u00bfSe maneja usted bien en este \u00e1mbito?<\/strong><br \/>\n\u2013 Ahora mismo no hay otra cosa. Internet tiene su lado bueno y su lado malo. Habr\u00e1 hecho da\u00f1o a la industria de la m\u00fasica, como se dijo en su d\u00eda, pero es cierto que es incre\u00edble su lado positivo para que el flamenco tenga millones de seguidores en el mundo. Los j\u00f3venes que no tenemos demasiados medios econ\u00f3micos y no podemos llegar a las programas de radio, pues aprovechamos los medios que tenemos. Los seguidores pueden consumir nuestra m\u00fasica de forma r\u00e1pida y directa, y eso es muy importante.<\/p>\n<p><strong>\u2013 Adem\u00e1s, teniendo en cuenta que el p\u00fablico joven es indispensable para que el flamenco siga creciendo.<\/strong><br \/>\n\u2013 En esta filosof\u00eda estoy desde mi primer disco, que titulamos <em>Dos caminos\u00a0<\/em>pensando en la tradici\u00f3n pero teniendo en cuenta a las nuevas generaciones. Hay gente que no se identifica con el flamenco por temas sociales o culturales, porque se sienten poco identificados, y eso hay que seguir rompi\u00e9ndolo. Yo siempre pienso en el sentido de cada hecho y no en el dinero. Me emociona saber que mi cante es escuchado por la gente de mi edad o por los que est\u00e1n tomando una copa en un bar, por ejemplo. Grandes maestros como Camar\u00f3n, Jos\u00e9 Merc\u00e9 o Lebrijano ya consiguieron eso, y yo no voy a descubrir nada. Hay quienes van a un teatro a escucharme cantar <em>Pares y nones, <\/em>pero tambi\u00e9n escuchan la seguiriya.<\/p>\n<p><strong>\u2013 Para terminar. \u00bfSigue usted los movimientos asociativos creados en pro del flamenco en esta pandemia?<\/strong><br \/>\n\u2013 Hace una semana me llam\u00f3 Marina Heredia para que me hiciera socio de Uni\u00f3n Flamenca. Lo veo muy positivo, porque los artistas nos vemos muchas veces indefensos. Esto te aporta asesoramiento jur\u00eddico y la uni\u00f3n ayuda a que todos luchemos por nuestros derechos.<\/p>\n<p>&nbsp;<\/p>\n<h6 style=\"text-align: right;\">Foto de Samuel Serrano: Irene V\u00e9lez<\/h6>\n<p>&nbsp;<\/p>\n","protected":false},"excerpt":{"rendered":"<p>El joven cantaor gaditano aprovecha el confinamiento para pulir su condici\u00f3n de compositor con una canci\u00f3n \u201cesperanzadora\u201d dedicada al virus. \u00abHe sacado unas sevillanas, &#8216;Sue\u00f1o rociero&#8217;, en homenaje a los que este a\u00f1o no podr\u00e1n hacer el camino\u00bb, dice.<\/p>\n","protected":false},"author":8,"featured_media":19434,"comment_status":"open","ping_status":"open","sticky":false,"template":"","format":"standard","meta":{"ngg_post_thumbnail":0,"footnotes":""},"categories":[16,840],"tags":[357,192,76],"class_list":["post-19433","post","type-post","status-publish","format-standard","has-post-thumbnail","hentry","category-entrevistas-archivo","category-entrevistas","tag-samuel-serrano-2","tag-cantaor","tag-flamenco"],"yoast_head":"<!-- This site is optimized with the Yoast SEO plugin v27.4 - https:\/\/yoast.com\/product\/yoast-seo-wordpress\/ -->\n<title>Samuel Serrano: \u00abMi idea es sacar un disco en el que cante mis propias composiciones\u00bb - Archivo Expoflamenco<\/title>\n<meta name=\"robots\" content=\"index, follow, max-snippet:-1, max-image-preview:large, max-video-preview:-1\" \/>\n<link rel=\"canonical\" href=\"https:\/\/expoflamenco.com\/archivo\/entrevistas\/cantaor-chipiona-samuel-serrano-sacar-disco-que-cante-mis-propias-composiciones\/\" \/>\n<meta property=\"og:locale\" content=\"es_ES\" \/>\n<meta property=\"og:type\" content=\"article\" \/>\n<meta property=\"og:title\" content=\"Samuel Serrano: \u00abMi idea es sacar un disco en el que cante mis propias composiciones\u00bb - Archivo Expoflamenco\" \/>\n<meta property=\"og:description\" content=\"El joven cantaor gaditano aprovecha el confinamiento para pulir su condici\u00f3n de compositor con una canci\u00f3n \u201cesperanzadora\u201d dedicada al virus. \u00abHe sacado unas sevillanas, &#039;Sue\u00f1o rociero&#039;, en homenaje a los que este a\u00f1o no podr\u00e1n hacer el camino\u00bb, dice.\" \/>\n<meta property=\"og:url\" content=\"https:\/\/expoflamenco.com\/archivo\/entrevistas\/cantaor-chipiona-samuel-serrano-sacar-disco-que-cante-mis-propias-composiciones\/\" \/>\n<meta property=\"og:site_name\" content=\"Archivo Expoflamenco\" \/>\n<meta property=\"article:publisher\" content=\"https:\/\/www.facebook.com\/ExpoFlamenco\" \/>\n<meta property=\"article:published_time\" content=\"2020-05-07T17:33:45+00:00\" \/>\n<meta property=\"article:modified_time\" content=\"2020-05-07T17:34:32+00:00\" \/>\n<meta property=\"og:image\" content=\"https:\/\/expoflamenco.com\/archivo\/wp-content\/uploads\/2020\/05\/expoflamenco-cantaor-samuel-serrano-foto-irene-velez.jpg\" \/>\n\t<meta property=\"og:image:width\" content=\"1300\" \/>\n\t<meta property=\"og:image:height\" content=\"800\" \/>\n\t<meta property=\"og:image:type\" content=\"image\/jpeg\" \/>\n<meta name=\"author\" content=\"Juan Garrido\" \/>\n<meta name=\"twitter:card\" content=\"summary_large_image\" \/>\n<meta name=\"twitter:creator\" content=\"@expoflamenco1\" \/>\n<meta name=\"twitter:site\" content=\"@expoflamenco1\" \/>\n<meta name=\"twitter:label1\" content=\"Escrito por\" \/>\n\t<meta name=\"twitter:data1\" content=\"Juan Garrido\" \/>\n\t<meta name=\"twitter:label2\" content=\"Tiempo de lectura\" \/>\n\t<meta name=\"twitter:data2\" content=\"6 minutos\" \/>\n<script type=\"application\/ld+json\" class=\"yoast-schema-graph\">{\"@context\":\"https:\\\/\\\/schema.org\",\"@graph\":[{\"@type\":\"Article\",\"@id\":\"https:\\\/\\\/expoflamenco.com\\\/archivo\\\/entrevistas\\\/cantaor-chipiona-samuel-serrano-sacar-disco-que-cante-mis-propias-composiciones\\\/#article\",\"isPartOf\":{\"@id\":\"https:\\\/\\\/expoflamenco.com\\\/archivo\\\/entrevistas\\\/cantaor-chipiona-samuel-serrano-sacar-disco-que-cante-mis-propias-composiciones\\\/\"},\"author\":{\"name\":\"Juan Garrido\",\"@id\":\"https:\\\/\\\/expoflamenco.com\\\/archivo\\\/#\\\/schema\\\/person\\\/c3e0e8ed559aa7131f2ba84c2746db96\"},\"headline\":\"Samuel Serrano: \u00abMi idea es sacar un disco en el que cante mis propias composiciones\u00bb\",\"datePublished\":\"2020-05-07T17:33:45+00:00\",\"dateModified\":\"2020-05-07T17:34:32+00:00\",\"mainEntityOfPage\":{\"@id\":\"https:\\\/\\\/expoflamenco.com\\\/archivo\\\/entrevistas\\\/cantaor-chipiona-samuel-serrano-sacar-disco-que-cante-mis-propias-composiciones\\\/\"},\"wordCount\":1271,\"commentCount\":0,\"publisher\":{\"@id\":\"https:\\\/\\\/expoflamenco.com\\\/archivo\\\/#organization\"},\"image\":{\"@id\":\"https:\\\/\\\/expoflamenco.com\\\/archivo\\\/entrevistas\\\/cantaor-chipiona-samuel-serrano-sacar-disco-que-cante-mis-propias-composiciones\\\/#primaryimage\"},\"thumbnailUrl\":\"https:\\\/\\\/expoflamenco.com\\\/archivo\\\/wp-content\\\/uploads\\\/2020\\\/05\\\/expoflamenco-cantaor-samuel-serrano-foto-irene-velez.jpg\",\"keywords\":[\"\\\"Samuel Serrano\\\"\",\"Cantaor\",\"flamenco\"],\"articleSection\":[\"Entrevistas\",\"Entrevistas NEW\"],\"inLanguage\":\"es\",\"potentialAction\":[{\"@type\":\"CommentAction\",\"name\":\"Comment\",\"target\":[\"https:\\\/\\\/expoflamenco.com\\\/archivo\\\/entrevistas\\\/cantaor-chipiona-samuel-serrano-sacar-disco-que-cante-mis-propias-composiciones\\\/#respond\"]}]},{\"@type\":\"WebPage\",\"@id\":\"https:\\\/\\\/expoflamenco.com\\\/archivo\\\/entrevistas\\\/cantaor-chipiona-samuel-serrano-sacar-disco-que-cante-mis-propias-composiciones\\\/\",\"url\":\"https:\\\/\\\/expoflamenco.com\\\/archivo\\\/entrevistas\\\/cantaor-chipiona-samuel-serrano-sacar-disco-que-cante-mis-propias-composiciones\\\/\",\"name\":\"Samuel Serrano: \u00abMi idea es sacar un disco en el que cante mis propias composiciones\u00bb - Archivo Expoflamenco\",\"isPartOf\":{\"@id\":\"https:\\\/\\\/expoflamenco.com\\\/archivo\\\/#website\"},\"primaryImageOfPage\":{\"@id\":\"https:\\\/\\\/expoflamenco.com\\\/archivo\\\/entrevistas\\\/cantaor-chipiona-samuel-serrano-sacar-disco-que-cante-mis-propias-composiciones\\\/#primaryimage\"},\"image\":{\"@id\":\"https:\\\/\\\/expoflamenco.com\\\/archivo\\\/entrevistas\\\/cantaor-chipiona-samuel-serrano-sacar-disco-que-cante-mis-propias-composiciones\\\/#primaryimage\"},\"thumbnailUrl\":\"https:\\\/\\\/expoflamenco.com\\\/archivo\\\/wp-content\\\/uploads\\\/2020\\\/05\\\/expoflamenco-cantaor-samuel-serrano-foto-irene-velez.jpg\",\"datePublished\":\"2020-05-07T17:33:45+00:00\",\"dateModified\":\"2020-05-07T17:34:32+00:00\",\"breadcrumb\":{\"@id\":\"https:\\\/\\\/expoflamenco.com\\\/archivo\\\/entrevistas\\\/cantaor-chipiona-samuel-serrano-sacar-disco-que-cante-mis-propias-composiciones\\\/#breadcrumb\"},\"inLanguage\":\"es\",\"potentialAction\":[{\"@type\":\"ReadAction\",\"target\":[\"https:\\\/\\\/expoflamenco.com\\\/archivo\\\/entrevistas\\\/cantaor-chipiona-samuel-serrano-sacar-disco-que-cante-mis-propias-composiciones\\\/\"]}]},{\"@type\":\"ImageObject\",\"inLanguage\":\"es\",\"@id\":\"https:\\\/\\\/expoflamenco.com\\\/archivo\\\/entrevistas\\\/cantaor-chipiona-samuel-serrano-sacar-disco-que-cante-mis-propias-composiciones\\\/#primaryimage\",\"url\":\"https:\\\/\\\/expoflamenco.com\\\/archivo\\\/wp-content\\\/uploads\\\/2020\\\/05\\\/expoflamenco-cantaor-samuel-serrano-foto-irene-velez.jpg\",\"contentUrl\":\"https:\\\/\\\/expoflamenco.com\\\/archivo\\\/wp-content\\\/uploads\\\/2020\\\/05\\\/expoflamenco-cantaor-samuel-serrano-foto-irene-velez.jpg\",\"width\":1300,\"height\":800,\"caption\":\"El cantaor Samuel Serrano. Foto: Irene V\u00e9lez\"},{\"@type\":\"BreadcrumbList\",\"@id\":\"https:\\\/\\\/expoflamenco.com\\\/archivo\\\/entrevistas\\\/cantaor-chipiona-samuel-serrano-sacar-disco-que-cante-mis-propias-composiciones\\\/#breadcrumb\",\"itemListElement\":[{\"@type\":\"ListItem\",\"position\":1,\"name\":\"Inicio\",\"item\":\"https:\\\/\\\/expoflamenco.com\\\/archivo\\\/\"},{\"@type\":\"ListItem\",\"position\":2,\"name\":\"Samuel Serrano: \u00abMi idea es sacar un disco en el que cante mis propias composiciones\u00bb\"}]},{\"@type\":\"WebSite\",\"@id\":\"https:\\\/\\\/expoflamenco.com\\\/archivo\\\/#website\",\"url\":\"https:\\\/\\\/expoflamenco.com\\\/archivo\\\/\",\"name\":\"Archivo Expoflamenco\",\"description\":\"Portal de arte flamenco: noticias, entrevistas, blogs, cr\u00edticas, investigaci\u00f3n\",\"publisher\":{\"@id\":\"https:\\\/\\\/expoflamenco.com\\\/archivo\\\/#organization\"},\"potentialAction\":[{\"@type\":\"SearchAction\",\"target\":{\"@type\":\"EntryPoint\",\"urlTemplate\":\"https:\\\/\\\/expoflamenco.com\\\/archivo\\\/?s={search_term_string}\"},\"query-input\":{\"@type\":\"PropertyValueSpecification\",\"valueRequired\":true,\"valueName\":\"search_term_string\"}}],\"inLanguage\":\"es\"},{\"@type\":\"Organization\",\"@id\":\"https:\\\/\\\/expoflamenco.com\\\/archivo\\\/#organization\",\"name\":\"Expoflamenco\",\"url\":\"https:\\\/\\\/expoflamenco.com\\\/archivo\\\/\",\"logo\":{\"@type\":\"ImageObject\",\"inLanguage\":\"es\",\"@id\":\"https:\\\/\\\/expoflamenco.com\\\/archivo\\\/#\\\/schema\\\/logo\\\/image\\\/\",\"url\":\"https:\\\/\\\/www.expoflamenco.com\\\/archivo\\\/wp-content\\\/uploads\\\/2022\\\/11\\\/banner-cabecera-mobile.jpg\",\"contentUrl\":\"https:\\\/\\\/www.expoflamenco.com\\\/archivo\\\/wp-content\\\/uploads\\\/2022\\\/11\\\/banner-cabecera-mobile.jpg\",\"width\":299,\"height\":75,\"caption\":\"Expoflamenco\"},\"image\":{\"@id\":\"https:\\\/\\\/expoflamenco.com\\\/archivo\\\/#\\\/schema\\\/logo\\\/image\\\/\"},\"sameAs\":[\"https:\\\/\\\/www.facebook.com\\\/ExpoFlamenco\",\"https:\\\/\\\/x.com\\\/expoflamenco1\",\"https:\\\/\\\/www.instagram.com\\\/expoflamenco\\\/\",\"https:\\\/\\\/www.youtube.com\\\/expoflamenco\"]},{\"@type\":\"Person\",\"@id\":\"https:\\\/\\\/expoflamenco.com\\\/archivo\\\/#\\\/schema\\\/person\\\/c3e0e8ed559aa7131f2ba84c2746db96\",\"name\":\"Juan Garrido\",\"image\":{\"@type\":\"ImageObject\",\"inLanguage\":\"es\",\"@id\":\"https:\\\/\\\/secure.gravatar.com\\\/avatar\\\/cde61f855b1f0269469506af0531a09a34800e86c2e9dd1ee4638f37a09ae930?s=96&r=g\",\"url\":\"https:\\\/\\\/secure.gravatar.com\\\/avatar\\\/cde61f855b1f0269469506af0531a09a34800e86c2e9dd1ee4638f37a09ae930?s=96&r=g\",\"contentUrl\":\"https:\\\/\\\/secure.gravatar.com\\\/avatar\\\/cde61f855b1f0269469506af0531a09a34800e86c2e9dd1ee4638f37a09ae930?s=96&r=g\",\"caption\":\"Juan Garrido\"},\"description\":\"Jerez, 1991. Flamenco y comunicaci\u00f3n las 24 horas del d\u00eda. Desde 2012 en prensa escrita, tertulias radiof\u00f3nicas, programas de tv, presentaci\u00f3n de festivales, revistas especializadas... En mi familia todos bailamos por buler\u00edas, aunque yo soy el \u00fanico periodista.\",\"sameAs\":[\"http:\\\/\\\/www.jerezjondo.com\"],\"url\":\"https:\\\/\\\/expoflamenco.com\\\/archivo\\\/author\\\/juangarrido\\\/\"}]}<\/script>\n<!-- \/ Yoast SEO plugin. -->","yoast_head_json":{"title":"Samuel Serrano: \u00abMi idea es sacar un disco en el que cante mis propias composiciones\u00bb - Archivo Expoflamenco","robots":{"index":"index","follow":"follow","max-snippet":"max-snippet:-1","max-image-preview":"max-image-preview:large","max-video-preview":"max-video-preview:-1"},"canonical":"https:\/\/expoflamenco.com\/archivo\/entrevistas\/cantaor-chipiona-samuel-serrano-sacar-disco-que-cante-mis-propias-composiciones\/","og_locale":"es_ES","og_type":"article","og_title":"Samuel Serrano: \u00abMi idea es sacar un disco en el que cante mis propias composiciones\u00bb - Archivo Expoflamenco","og_description":"El joven cantaor gaditano aprovecha el confinamiento para pulir su condici\u00f3n de compositor con una canci\u00f3n \u201cesperanzadora\u201d dedicada al virus. \u00abHe sacado unas sevillanas, 'Sue\u00f1o rociero', en homenaje a los que este a\u00f1o no podr\u00e1n hacer el camino\u00bb, dice.","og_url":"https:\/\/expoflamenco.com\/archivo\/entrevistas\/cantaor-chipiona-samuel-serrano-sacar-disco-que-cante-mis-propias-composiciones\/","og_site_name":"Archivo Expoflamenco","article_publisher":"https:\/\/www.facebook.com\/ExpoFlamenco","article_published_time":"2020-05-07T17:33:45+00:00","article_modified_time":"2020-05-07T17:34:32+00:00","og_image":[{"width":1300,"height":800,"url":"https:\/\/expoflamenco.com\/archivo\/wp-content\/uploads\/2020\/05\/expoflamenco-cantaor-samuel-serrano-foto-irene-velez.jpg","type":"image\/jpeg"}],"author":"Juan Garrido","twitter_card":"summary_large_image","twitter_creator":"@expoflamenco1","twitter_site":"@expoflamenco1","twitter_misc":{"Escrito por":"Juan Garrido","Tiempo de lectura":"6 minutos"},"schema":{"@context":"https:\/\/schema.org","@graph":[{"@type":"Article","@id":"https:\/\/expoflamenco.com\/archivo\/entrevistas\/cantaor-chipiona-samuel-serrano-sacar-disco-que-cante-mis-propias-composiciones\/#article","isPartOf":{"@id":"https:\/\/expoflamenco.com\/archivo\/entrevistas\/cantaor-chipiona-samuel-serrano-sacar-disco-que-cante-mis-propias-composiciones\/"},"author":{"name":"Juan Garrido","@id":"https:\/\/expoflamenco.com\/archivo\/#\/schema\/person\/c3e0e8ed559aa7131f2ba84c2746db96"},"headline":"Samuel Serrano: \u00abMi idea es sacar un disco en el que cante mis propias composiciones\u00bb","datePublished":"2020-05-07T17:33:45+00:00","dateModified":"2020-05-07T17:34:32+00:00","mainEntityOfPage":{"@id":"https:\/\/expoflamenco.com\/archivo\/entrevistas\/cantaor-chipiona-samuel-serrano-sacar-disco-que-cante-mis-propias-composiciones\/"},"wordCount":1271,"commentCount":0,"publisher":{"@id":"https:\/\/expoflamenco.com\/archivo\/#organization"},"image":{"@id":"https:\/\/expoflamenco.com\/archivo\/entrevistas\/cantaor-chipiona-samuel-serrano-sacar-disco-que-cante-mis-propias-composiciones\/#primaryimage"},"thumbnailUrl":"https:\/\/expoflamenco.com\/archivo\/wp-content\/uploads\/2020\/05\/expoflamenco-cantaor-samuel-serrano-foto-irene-velez.jpg","keywords":["\"Samuel Serrano\"","Cantaor","flamenco"],"articleSection":["Entrevistas","Entrevistas NEW"],"inLanguage":"es","potentialAction":[{"@type":"CommentAction","name":"Comment","target":["https:\/\/expoflamenco.com\/archivo\/entrevistas\/cantaor-chipiona-samuel-serrano-sacar-disco-que-cante-mis-propias-composiciones\/#respond"]}]},{"@type":"WebPage","@id":"https:\/\/expoflamenco.com\/archivo\/entrevistas\/cantaor-chipiona-samuel-serrano-sacar-disco-que-cante-mis-propias-composiciones\/","url":"https:\/\/expoflamenco.com\/archivo\/entrevistas\/cantaor-chipiona-samuel-serrano-sacar-disco-que-cante-mis-propias-composiciones\/","name":"Samuel Serrano: \u00abMi idea es sacar un disco en el que cante mis propias composiciones\u00bb - Archivo Expoflamenco","isPartOf":{"@id":"https:\/\/expoflamenco.com\/archivo\/#website"},"primaryImageOfPage":{"@id":"https:\/\/expoflamenco.com\/archivo\/entrevistas\/cantaor-chipiona-samuel-serrano-sacar-disco-que-cante-mis-propias-composiciones\/#primaryimage"},"image":{"@id":"https:\/\/expoflamenco.com\/archivo\/entrevistas\/cantaor-chipiona-samuel-serrano-sacar-disco-que-cante-mis-propias-composiciones\/#primaryimage"},"thumbnailUrl":"https:\/\/expoflamenco.com\/archivo\/wp-content\/uploads\/2020\/05\/expoflamenco-cantaor-samuel-serrano-foto-irene-velez.jpg","datePublished":"2020-05-07T17:33:45+00:00","dateModified":"2020-05-07T17:34:32+00:00","breadcrumb":{"@id":"https:\/\/expoflamenco.com\/archivo\/entrevistas\/cantaor-chipiona-samuel-serrano-sacar-disco-que-cante-mis-propias-composiciones\/#breadcrumb"},"inLanguage":"es","potentialAction":[{"@type":"ReadAction","target":["https:\/\/expoflamenco.com\/archivo\/entrevistas\/cantaor-chipiona-samuel-serrano-sacar-disco-que-cante-mis-propias-composiciones\/"]}]},{"@type":"ImageObject","inLanguage":"es","@id":"https:\/\/expoflamenco.com\/archivo\/entrevistas\/cantaor-chipiona-samuel-serrano-sacar-disco-que-cante-mis-propias-composiciones\/#primaryimage","url":"https:\/\/expoflamenco.com\/archivo\/wp-content\/uploads\/2020\/05\/expoflamenco-cantaor-samuel-serrano-foto-irene-velez.jpg","contentUrl":"https:\/\/expoflamenco.com\/archivo\/wp-content\/uploads\/2020\/05\/expoflamenco-cantaor-samuel-serrano-foto-irene-velez.jpg","width":1300,"height":800,"caption":"El cantaor Samuel Serrano. Foto: Irene V\u00e9lez"},{"@type":"BreadcrumbList","@id":"https:\/\/expoflamenco.com\/archivo\/entrevistas\/cantaor-chipiona-samuel-serrano-sacar-disco-que-cante-mis-propias-composiciones\/#breadcrumb","itemListElement":[{"@type":"ListItem","position":1,"name":"Inicio","item":"https:\/\/expoflamenco.com\/archivo\/"},{"@type":"ListItem","position":2,"name":"Samuel Serrano: \u00abMi idea es sacar un disco en el que cante mis propias composiciones\u00bb"}]},{"@type":"WebSite","@id":"https:\/\/expoflamenco.com\/archivo\/#website","url":"https:\/\/expoflamenco.com\/archivo\/","name":"Archivo Expoflamenco","description":"Portal de arte flamenco: noticias, entrevistas, blogs, cr\u00edticas, investigaci\u00f3n","publisher":{"@id":"https:\/\/expoflamenco.com\/archivo\/#organization"},"potentialAction":[{"@type":"SearchAction","target":{"@type":"EntryPoint","urlTemplate":"https:\/\/expoflamenco.com\/archivo\/?s={search_term_string}"},"query-input":{"@type":"PropertyValueSpecification","valueRequired":true,"valueName":"search_term_string"}}],"inLanguage":"es"},{"@type":"Organization","@id":"https:\/\/expoflamenco.com\/archivo\/#organization","name":"Expoflamenco","url":"https:\/\/expoflamenco.com\/archivo\/","logo":{"@type":"ImageObject","inLanguage":"es","@id":"https:\/\/expoflamenco.com\/archivo\/#\/schema\/logo\/image\/","url":"https:\/\/www.expoflamenco.com\/archivo\/wp-content\/uploads\/2022\/11\/banner-cabecera-mobile.jpg","contentUrl":"https:\/\/www.expoflamenco.com\/archivo\/wp-content\/uploads\/2022\/11\/banner-cabecera-mobile.jpg","width":299,"height":75,"caption":"Expoflamenco"},"image":{"@id":"https:\/\/expoflamenco.com\/archivo\/#\/schema\/logo\/image\/"},"sameAs":["https:\/\/www.facebook.com\/ExpoFlamenco","https:\/\/x.com\/expoflamenco1","https:\/\/www.instagram.com\/expoflamenco\/","https:\/\/www.youtube.com\/expoflamenco"]},{"@type":"Person","@id":"https:\/\/expoflamenco.com\/archivo\/#\/schema\/person\/c3e0e8ed559aa7131f2ba84c2746db96","name":"Juan Garrido","image":{"@type":"ImageObject","inLanguage":"es","@id":"https:\/\/secure.gravatar.com\/avatar\/cde61f855b1f0269469506af0531a09a34800e86c2e9dd1ee4638f37a09ae930?s=96&r=g","url":"https:\/\/secure.gravatar.com\/avatar\/cde61f855b1f0269469506af0531a09a34800e86c2e9dd1ee4638f37a09ae930?s=96&r=g","contentUrl":"https:\/\/secure.gravatar.com\/avatar\/cde61f855b1f0269469506af0531a09a34800e86c2e9dd1ee4638f37a09ae930?s=96&r=g","caption":"Juan Garrido"},"description":"Jerez, 1991. Flamenco y comunicaci\u00f3n las 24 horas del d\u00eda. Desde 2012 en prensa escrita, tertulias radiof\u00f3nicas, programas de tv, presentaci\u00f3n de festivales, revistas especializadas... En mi familia todos bailamos por buler\u00edas, aunque yo soy el \u00fanico periodista.","sameAs":["http:\/\/www.jerezjondo.com"],"url":"https:\/\/expoflamenco.com\/archivo\/author\/juangarrido\/"}]}},"_links":{"self":[{"href":"https:\/\/expoflamenco.com\/archivo\/wp-json\/wp\/v2\/posts\/19433","targetHints":{"allow":["GET"]}}],"collection":[{"href":"https:\/\/expoflamenco.com\/archivo\/wp-json\/wp\/v2\/posts"}],"about":[{"href":"https:\/\/expoflamenco.com\/archivo\/wp-json\/wp\/v2\/types\/post"}],"author":[{"embeddable":true,"href":"https:\/\/expoflamenco.com\/archivo\/wp-json\/wp\/v2\/users\/8"}],"replies":[{"embeddable":true,"href":"https:\/\/expoflamenco.com\/archivo\/wp-json\/wp\/v2\/comments?post=19433"}],"version-history":[{"count":4,"href":"https:\/\/expoflamenco.com\/archivo\/wp-json\/wp\/v2\/posts\/19433\/revisions"}],"predecessor-version":[{"id":19439,"href":"https:\/\/expoflamenco.com\/archivo\/wp-json\/wp\/v2\/posts\/19433\/revisions\/19439"}],"wp:featuredmedia":[{"embeddable":true,"href":"https:\/\/expoflamenco.com\/archivo\/wp-json\/wp\/v2\/media\/19434"}],"wp:attachment":[{"href":"https:\/\/expoflamenco.com\/archivo\/wp-json\/wp\/v2\/media?parent=19433"}],"wp:term":[{"taxonomy":"category","embeddable":true,"href":"https:\/\/expoflamenco.com\/archivo\/wp-json\/wp\/v2\/categories?post=19433"},{"taxonomy":"post_tag","embeddable":true,"href":"https:\/\/expoflamenco.com\/archivo\/wp-json\/wp\/v2\/tags?post=19433"}],"curies":[{"name":"wp","href":"https:\/\/api.w.org\/{rel}","templated":true}]}}